{"id":1041,"date":"2012-10-26T00:45:01","date_gmt":"2012-10-25T22:45:01","guid":{"rendered":"http:\/\/manipogo.de\/?p=1041"},"modified":"2016-03-20T23:00:59","modified_gmt":"2016-03-20T22:00:59","slug":"ein-radler-in-rom","status":"publish","type":"post","link":"https:\/\/manipogo.de\/?p=1041","title":{"rendered":"Ein Radler in Rom"},"content":{"rendered":"<p><span style=\"font-size: small;\">Und wie kam es, dass ich in Rom Fahrrad fuhr? Ich war neu in der Stadt, Herbst 1999, und \u2014 so hasenf\u00fc\u00dfig war ich \u2014 erst einmal war ich bereit, das Rad an den Nagel zu h\u00e4ngen. Fuhr manchmal zaghaft ein paar Stra\u00dfen entlang. Erst ein Jahr danach, im Heiligen Jahr 2000, lernte ich die Radler vom Verein <em>Ruotalibera<\/em> kennen. Ja, erst in Rom bin ich zum leidenschaftlichen Radfahrer geworden. <!--more--><\/span><\/p>\n<p><span style=\"font-size: small;\">Erst war ich nur Beobachter. Im Fernsehen lief Ende Oktober 1999 die Stra\u00dfen-Weltmeisterschaft, die Oscar Maria Freire \u00fcberraschend f\u00fcr sich entschied. Giovannas Onkel und Tante kamen vorbei, daran erinnere ich mich noch gut. \u2014 Ich hatte nur mein gelbes <em>Specialized<\/em> bei mir, kein Rennrad, und so rollte ich sp\u00e4ter zuweilen durch die Parks, tankte mich m\u00fchsam durch ins Goethe-Institut, um B\u00fccher zu holen; meine Nachbarn kannten mich nur mit dem Rad (ein Auto hatte ich nicht). Aber ich war ein Solist.<\/span><\/p>\n<p><span style=\"font-size: small;\">Einmal hatten wir die W\u00e4sche auf der Terrasse aufgeh\u00e4ngt und die Wolken nicht genau beobachtet. Ich war gerade mit dem Rad in der Villa Doria Pamphili unterwegs, inmitten eines Wegs durch Dickicht, als es dunkel wurde, Regen fiel mit Hagelk\u00f6rnern, die \u2014 pling, pling! \u2014 den Rahmen trafen und \u2014 plang, plang! \u2014 meinen Helm. Die W\u00e4sche konnte man dann gleich wieder waschen.<\/span><span style=\"font-size: small;\">\u00a0\u00a0 <\/span><\/p>\n<p><span style=\"font-size: small;\">Das mit <em>Ruotalibera<\/em> begann mit einem Ungl\u00fcck. Ich hatte mir im M\u00e4rz 2000 ein <em>Massetani<\/em>-Rennrad gekauft, wei\u00df-blau. Dann hatte ich den merkw\u00fcrdigen Einfall, an Ferragosto, den ich alleine in Rom verbrachte, eine richtige gro\u00dfe Tour in den Abruzzen zu planen. Ich sa\u00df im Zug, und da war auch ein anderer Radler: Romano Puglisi. Erst sp\u00e4ter begriff ich, dass ich den legend\u00e4ren Veteranen der Zweirad-Mobilit\u00e4t in Rom vor mir hatte, der schon 1984 im ersten Verein <em>Pedaleverde<\/em> darum gek\u00e4mpft hatte, das Rad in Z\u00fcgen mitnehmen zu k\u00f6nnen.\u00a0<\/span><\/p>\n<p><a href=\"https:\/\/manipogo.de\/wp-content\/uploads\/DSC03470.jpg\"><img loading=\"lazy\" decoding=\"async\" class=\"size-full wp-image-1042\" title=\"DSC03470\" src=\"https:\/\/manipogo.de\/wp-content\/uploads\/DSC03470.jpg\" alt=\"\" width=\"540\" height=\"263\" srcset=\"https:\/\/manipogo.de\/wp-content\/uploads\/DSC03470.jpg 540w, https:\/\/manipogo.de\/wp-content\/uploads\/DSC03470-300x146.jpg 300w\" sizes=\"auto, (max-width: 540px) 100vw, 540px\" \/><\/a><\/p>\n<address class=\"wp-caption-dd\">Zehn Jahre nach dem ersten Treffen: Der Autor und Romano. Zwei Radfahrer genie\u00dfen die Sonne<\/address>\n<\/div>\n<p><span style=\"font-size: small;\">Wir tauschten die Telefonnummern aus, ich brachte meine\u00a0Tour hinter mich, war kurz vor Subiaco, und nur wenige Kilometer trennten mich vom Bahnhof. Da nahm ich dummerweise meinen Helm ab, weil es so hei\u00df war. Ein Hupsignal von hinten irritierte mich, ich drehte mich um (sollte man nie tun!), verzog das Rad, rutschte in eine Rinne neben der Stra\u00dfe, bremste und \u00fcberschlug mich und traf mit dem Kopf auf. Es war ein Bus, der gehupt hatte. Er nahm mich mit, ein anwesender Arzt untersuchte mich, aber es war nichts passiert.\u00a0<\/span><span style=\"font-size: small;\">\u00a0<\/span><\/p>\n<p><span style=\"font-size: small;\">Ein paar Wochen hatte ich Beschwerden. Einmal musste ich zum Arzt und nahm den Bus. Es regnete. Der Bus kam nur im Schritttempo voran. Ich musste absagen. Ich begriff: So hatte das keinen Sinn. Man <em>musste<\/em> einfach Fahrrad fahren, sonst kam man nicht voran. Irgendwie w\u00fcrde man \u00fcberleben. Was ist das Leben ohne Radfahren!<\/span><span style=\"font-size: small;\">\u00a0<\/span><\/p>\n<p><span style=\"font-size: small;\">Romano rief an, ich vertr\u00f6stete ihn, und irgendwann, im Oktober 2000, traf ich dann mit den <em>Ruotalibera<\/em>-Leuten zusammen. Es waren sympathische, warmherzige Menschen, mit denen ich mich auf Anhieb gut verstand. Von da an war ich nicht mehr allein, wir fuhren fast jeden Sonntag hinaus, veranstalteten Aktionen am <em>\u00f6kologischen Sonntag<\/em>, an dem Autos in der Innenstadt nicht fahren durften, wir trafen uns zu <em>Critical Mass<\/em> und trieben dabei Autofahrer zur Wei\u00dfglut. Der Geist des Vereins ist gut in dem Roman <em>M\u00f6rderisches Rom <\/em>(2007) wiedergegeben.\u00a0\u00a0<\/span><span style=\"font-family: Times New Roman; font-size: small;\">\u00a0<\/span><\/p>\n<p><a href=\"https:\/\/manipogo.de\/wp-content\/uploads\/ruotalibera.jpg\"><img loading=\"lazy\" decoding=\"async\" class=\" wp-image-1045\" title=\"ruotalibera\" src=\"https:\/\/manipogo.de\/wp-content\/uploads\/ruotalibera.jpg\" alt=\"\" width=\"540\" height=\"348\" srcset=\"https:\/\/manipogo.de\/wp-content\/uploads\/ruotalibera.jpg 540w, https:\/\/manipogo.de\/wp-content\/uploads\/ruotalibera-300x193.jpg 300w\" sizes=\"auto, (max-width: 540px) 100vw, 540px\" \/><\/a><\/p>\n<address class=\"wp-caption-dd\">Ruotalibera bei einer Ausfahrt (2002)<\/address>\n<\/div>\n<p><span style=\"font-size: small;\">Man w\u00e4chst am Gegner. Wir waren eine verschworene Truppe, einig im Kampf gegen die stinkenden Abgashorden. Alles drehte sich ums Fahrrad. Es war eine heroische Epoche. Sie war und wird immer sein, auch wenn sp\u00e4ter der Verein ein anderes Gesicht bekam. Pr\u00e4sident Marco Pierfranceschi zog sich zur\u00fcck, der gute Gianni und seine Elena leben nun in Z\u00fcrich, und nur Romano h\u00e4lt noch die Stellung, als Solist. Er hat f\u00fcr <a href=\"http:\/\/www.edicliclo.it\" target=\"_blank\">edicicloeditore <\/a>in Venetien B\u00fccher \u00fcber Anstiege im Latium geschrieben und F\u00fchrer f\u00fcrs Radfahren im Rom, darunter einen zweib\u00e4ndigen\u00a0speziell f\u00fcr Kinder, der sch\u00f6n\u00a0illustriert ist.\u00a0\u00a0<\/span><span style=\"font-size: small;\">\u00a0<\/span><\/p>\n<p><span style=\"font-size: small;\">Hier und da hat sich in den Jahren etwas verbessert. Der Radweg am Tiber verl\u00e4uft nun durchg\u00e4ngig, in manchen Bezirken sind neue <em>Piste ciclabili<\/em> entstanden, die aber immer noch nicht gut genug vernetzt sind. In allen m\u00f6glichen St\u00e4dten gibt es Stationen mit Leihr\u00e4dern, aber in Rom hat das nicht geklappt. Vermutlich wird es auch in 50 Jahren noch m\u00fchevoll sein, sich mit dem Rad durch Rom zu bewegen.\u00a0<\/span><span style=\"font-size: small;\">\u00a0<\/span><\/p>\n<p><a href=\"https:\/\/manipogo.de\/wp-content\/uploads\/Kopie-von-DSCF0132.jpg\"><img loading=\"lazy\" decoding=\"async\" class=\"size-full wp-image-1044\" title=\"Kopie von DSCF0132\" src=\"https:\/\/manipogo.de\/wp-content\/uploads\/Kopie-von-DSCF0132.jpg\" alt=\"\" width=\"540\" height=\"361\" srcset=\"https:\/\/manipogo.de\/wp-content\/uploads\/Kopie-von-DSCF0132.jpg 540w, https:\/\/manipogo.de\/wp-content\/uploads\/Kopie-von-DSCF0132-300x200.jpg 300w\" sizes=\"auto, (max-width: 540px) 100vw, 540px\" \/><\/a><\/p>\n<address class=\"wp-caption-dd\">Nur noch Fahrr\u00e4der: Wir starten gleich zu Critical Mass (2004)<\/address>\n<\/div>\n<p><span style=\"font-size: small;\">Vielleicht hei\u00dft es aber dann, im Jahr 2060: freie Sicht zum Kolosseum, nur noch R\u00e4der in der Stadt. Weil es keinen Sprit mehr gibt. Werde ich nicht mehr erleben, aber ich sch\u00e4tze, ich werde mich ziemlich schnell wieder inkarnieren, wenn ich wei\u00df, dass man in Rom so toll\u00a0radfahren kann wie niue zuvor. Der Irrsinn mit den Automobilen fing ja auch erst vor 50 Jahren an. Was sind schon 100 Jahre in einer Stadt, die\u00a02765 Jahre alt ist! \u00a0\u00a0\u00a0\u00a0<\/span><\/p>\n<p><span style=\"font-family: Times New Roman; font-size: small;\">\u00a0<\/span><\/p>\n","protected":false},"excerpt":{"rendered":"<p>Und wie kam es, dass ich in Rom Fahrrad fuhr? Ich war neu in der Stadt, Herbst 1999, und \u2014 so hasenf\u00fc\u00dfig war ich \u2014 erst einmal war ich bereit, das Rad an den Nagel zu h\u00e4ngen. Fuhr manchmal zaghaft ein paar Stra\u00dfen entlang. Erst ein Jahr danach, im Heiligen Jahr 2000, lernte ich die [&hellip;]<\/p>\n","protected":false},"author":1,"featured_media":0,"comment_status":"open","ping_status":"open","sticky":false,"template":"","format":"standard","meta":{"footnotes":""},"categories":[1222],"tags":[81,16],"class_list":["post-1041","post","type-post","status-publish","format-standard","hentry","category-fahrrad","tag-fahrrad","tag-rom"],"yoast_head":"<!-- This site is optimized with the Yoast SEO plugin v27.3 - https:\/\/yoast.com\/product\/yoast-seo-wordpress\/ -->\n<title>Ein Radler in Rom - manipogo<\/title>\n<meta name=\"robots\" content=\"index, follow, max-snippet:-1, max-image-preview:large, max-video-preview:-1\" \/>\n<link rel=\"canonical\" href=\"https:\/\/manipogo.de\/?p=1041\" \/>\n<meta property=\"og:locale\" content=\"de_DE\" \/>\n<meta property=\"og:type\" content=\"article\" \/>\n<meta property=\"og:title\" content=\"Ein Radler in Rom - manipogo\" \/>\n<meta property=\"og:description\" content=\"Und wie kam es, dass ich in Rom Fahrrad fuhr? Ich war neu in der Stadt, Herbst 1999, und \u2014 so hasenf\u00fc\u00dfig war ich \u2014 erst einmal war ich bereit, das Rad an den Nagel zu h\u00e4ngen. Fuhr manchmal zaghaft ein paar Stra\u00dfen entlang. Erst ein Jahr danach, im Heiligen Jahr 2000, lernte ich die [&hellip;]\" \/>\n<meta property=\"og:url\" content=\"https:\/\/manipogo.de\/?p=1041\" \/>\n<meta property=\"og:site_name\" content=\"manipogo\" \/>\n<meta property=\"article:published_time\" content=\"2012-10-25T22:45:01+00:00\" \/>\n<meta property=\"article:modified_time\" content=\"2016-03-20T22:00:59+00:00\" \/>\n<meta property=\"og:image\" content=\"http:\/\/manipogo.de\/wp-content\/uploads\/DSC03470.jpg\" \/>\n<meta name=\"author\" content=\"web108\" \/>\n<meta name=\"twitter:card\" content=\"summary_large_image\" \/>\n<meta name=\"twitter:label1\" content=\"Verfasst von\" \/>\n\t<meta name=\"twitter:data1\" content=\"web108\" \/>\n\t<meta name=\"twitter:label2\" content=\"Gesch\u00e4tzte Lesezeit\" \/>\n\t<meta name=\"twitter:data2\" content=\"4\u00a0Minuten\" \/>\n<script type=\"application\/ld+json\" class=\"yoast-schema-graph\">{\"@context\":\"https:\\\/\\\/schema.org\",\"@graph\":[{\"@type\":\"Article\",\"@id\":\"https:\\\/\\\/manipogo.de\\\/?p=1041#article\",\"isPartOf\":{\"@id\":\"https:\\\/\\\/manipogo.de\\\/?p=1041\"},\"author\":{\"name\":\"web108\",\"@id\":\"https:\\\/\\\/manipogo.de\\\/#\\\/schema\\\/person\\\/991913de0e39267877f234553fd7f58d\"},\"headline\":\"Ein Radler in Rom\",\"datePublished\":\"2012-10-25T22:45:01+00:00\",\"dateModified\":\"2016-03-20T22:00:59+00:00\",\"mainEntityOfPage\":{\"@id\":\"https:\\\/\\\/manipogo.de\\\/?p=1041\"},\"wordCount\":834,\"commentCount\":0,\"image\":{\"@id\":\"https:\\\/\\\/manipogo.de\\\/?p=1041#primaryimage\"},\"thumbnailUrl\":\"http:\\\/\\\/manipogo.de\\\/wp-content\\\/uploads\\\/DSC03470.jpg\",\"keywords\":[\"Fahrrad\",\"Rom\"],\"articleSection\":[\"Fahrrad\"],\"inLanguage\":\"de\",\"potentialAction\":[{\"@type\":\"CommentAction\",\"name\":\"Comment\",\"target\":[\"https:\\\/\\\/manipogo.de\\\/?p=1041#respond\"]}]},{\"@type\":\"WebPage\",\"@id\":\"https:\\\/\\\/manipogo.de\\\/?p=1041\",\"url\":\"https:\\\/\\\/manipogo.de\\\/?p=1041\",\"name\":\"Ein Radler in Rom - manipogo\",\"isPartOf\":{\"@id\":\"https:\\\/\\\/manipogo.de\\\/#website\"},\"primaryImageOfPage\":{\"@id\":\"https:\\\/\\\/manipogo.de\\\/?p=1041#primaryimage\"},\"image\":{\"@id\":\"https:\\\/\\\/manipogo.de\\\/?p=1041#primaryimage\"},\"thumbnailUrl\":\"http:\\\/\\\/manipogo.de\\\/wp-content\\\/uploads\\\/DSC03470.jpg\",\"datePublished\":\"2012-10-25T22:45:01+00:00\",\"dateModified\":\"2016-03-20T22:00:59+00:00\",\"author\":{\"@id\":\"https:\\\/\\\/manipogo.de\\\/#\\\/schema\\\/person\\\/991913de0e39267877f234553fd7f58d\"},\"breadcrumb\":{\"@id\":\"https:\\\/\\\/manipogo.de\\\/?p=1041#breadcrumb\"},\"inLanguage\":\"de\",\"potentialAction\":[{\"@type\":\"ReadAction\",\"target\":[\"https:\\\/\\\/manipogo.de\\\/?p=1041\"]}]},{\"@type\":\"ImageObject\",\"inLanguage\":\"de\",\"@id\":\"https:\\\/\\\/manipogo.de\\\/?p=1041#primaryimage\",\"url\":\"http:\\\/\\\/manipogo.de\\\/wp-content\\\/uploads\\\/DSC03470.jpg\",\"contentUrl\":\"http:\\\/\\\/manipogo.de\\\/wp-content\\\/uploads\\\/DSC03470.jpg\"},{\"@type\":\"BreadcrumbList\",\"@id\":\"https:\\\/\\\/manipogo.de\\\/?p=1041#breadcrumb\",\"itemListElement\":[{\"@type\":\"ListItem\",\"position\":1,\"name\":\"Startseite\",\"item\":\"https:\\\/\\\/manipogo.de\\\/\"},{\"@type\":\"ListItem\",\"position\":2,\"name\":\"Ein Radler in Rom\"}]},{\"@type\":\"WebSite\",\"@id\":\"https:\\\/\\\/manipogo.de\\\/#website\",\"url\":\"https:\\\/\\\/manipogo.de\\\/\",\"name\":\"manipogo\",\"description\":\"Gott und die Welt\",\"potentialAction\":[{\"@type\":\"SearchAction\",\"target\":{\"@type\":\"EntryPoint\",\"urlTemplate\":\"https:\\\/\\\/manipogo.de\\\/?s={search_term_string}\"},\"query-input\":{\"@type\":\"PropertyValueSpecification\",\"valueRequired\":true,\"valueName\":\"search_term_string\"}}],\"inLanguage\":\"de\"},{\"@type\":\"Person\",\"@id\":\"https:\\\/\\\/manipogo.de\\\/#\\\/schema\\\/person\\\/991913de0e39267877f234553fd7f58d\",\"name\":\"web108\",\"url\":\"https:\\\/\\\/manipogo.de\\\/?author=1\"}]}<\/script>\n<!-- \/ Yoast SEO plugin. -->","yoast_head_json":{"title":"Ein Radler in Rom - manipogo","robots":{"index":"index","follow":"follow","max-snippet":"max-snippet:-1","max-image-preview":"max-image-preview:large","max-video-preview":"max-video-preview:-1"},"canonical":"https:\/\/manipogo.de\/?p=1041","og_locale":"de_DE","og_type":"article","og_title":"Ein Radler in Rom - manipogo","og_description":"Und wie kam es, dass ich in Rom Fahrrad fuhr? Ich war neu in der Stadt, Herbst 1999, und \u2014 so hasenf\u00fc\u00dfig war ich \u2014 erst einmal war ich bereit, das Rad an den Nagel zu h\u00e4ngen. Fuhr manchmal zaghaft ein paar Stra\u00dfen entlang. Erst ein Jahr danach, im Heiligen Jahr 2000, lernte ich die [&hellip;]","og_url":"https:\/\/manipogo.de\/?p=1041","og_site_name":"manipogo","article_published_time":"2012-10-25T22:45:01+00:00","article_modified_time":"2016-03-20T22:00:59+00:00","og_image":[{"url":"http:\/\/manipogo.de\/wp-content\/uploads\/DSC03470.jpg","type":"","width":"","height":""}],"author":"web108","twitter_card":"summary_large_image","twitter_misc":{"Verfasst von":"web108","Gesch\u00e4tzte Lesezeit":"4\u00a0Minuten"},"schema":{"@context":"https:\/\/schema.org","@graph":[{"@type":"Article","@id":"https:\/\/manipogo.de\/?p=1041#article","isPartOf":{"@id":"https:\/\/manipogo.de\/?p=1041"},"author":{"name":"web108","@id":"https:\/\/manipogo.de\/#\/schema\/person\/991913de0e39267877f234553fd7f58d"},"headline":"Ein Radler in Rom","datePublished":"2012-10-25T22:45:01+00:00","dateModified":"2016-03-20T22:00:59+00:00","mainEntityOfPage":{"@id":"https:\/\/manipogo.de\/?p=1041"},"wordCount":834,"commentCount":0,"image":{"@id":"https:\/\/manipogo.de\/?p=1041#primaryimage"},"thumbnailUrl":"http:\/\/manipogo.de\/wp-content\/uploads\/DSC03470.jpg","keywords":["Fahrrad","Rom"],"articleSection":["Fahrrad"],"inLanguage":"de","potentialAction":[{"@type":"CommentAction","name":"Comment","target":["https:\/\/manipogo.de\/?p=1041#respond"]}]},{"@type":"WebPage","@id":"https:\/\/manipogo.de\/?p=1041","url":"https:\/\/manipogo.de\/?p=1041","name":"Ein Radler in Rom - manipogo","isPartOf":{"@id":"https:\/\/manipogo.de\/#website"},"primaryImageOfPage":{"@id":"https:\/\/manipogo.de\/?p=1041#primaryimage"},"image":{"@id":"https:\/\/manipogo.de\/?p=1041#primaryimage"},"thumbnailUrl":"http:\/\/manipogo.de\/wp-content\/uploads\/DSC03470.jpg","datePublished":"2012-10-25T22:45:01+00:00","dateModified":"2016-03-20T22:00:59+00:00","author":{"@id":"https:\/\/manipogo.de\/#\/schema\/person\/991913de0e39267877f234553fd7f58d"},"breadcrumb":{"@id":"https:\/\/manipogo.de\/?p=1041#breadcrumb"},"inLanguage":"de","potentialAction":[{"@type":"ReadAction","target":["https:\/\/manipogo.de\/?p=1041"]}]},{"@type":"ImageObject","inLanguage":"de","@id":"https:\/\/manipogo.de\/?p=1041#primaryimage","url":"http:\/\/manipogo.de\/wp-content\/uploads\/DSC03470.jpg","contentUrl":"http:\/\/manipogo.de\/wp-content\/uploads\/DSC03470.jpg"},{"@type":"BreadcrumbList","@id":"https:\/\/manipogo.de\/?p=1041#breadcrumb","itemListElement":[{"@type":"ListItem","position":1,"name":"Startseite","item":"https:\/\/manipogo.de\/"},{"@type":"ListItem","position":2,"name":"Ein Radler in Rom"}]},{"@type":"WebSite","@id":"https:\/\/manipogo.de\/#website","url":"https:\/\/manipogo.de\/","name":"manipogo","description":"Gott und die Welt","potentialAction":[{"@type":"SearchAction","target":{"@type":"EntryPoint","urlTemplate":"https:\/\/manipogo.de\/?s={search_term_string}"},"query-input":{"@type":"PropertyValueSpecification","valueRequired":true,"valueName":"search_term_string"}}],"inLanguage":"de"},{"@type":"Person","@id":"https:\/\/manipogo.de\/#\/schema\/person\/991913de0e39267877f234553fd7f58d","name":"web108","url":"https:\/\/manipogo.de\/?author=1"}]}},"_links":{"self":[{"href":"https:\/\/manipogo.de\/index.php?rest_route=\/wp\/v2\/posts\/1041","targetHints":{"allow":["GET"]}}],"collection":[{"href":"https:\/\/manipogo.de\/index.php?rest_route=\/wp\/v2\/posts"}],"about":[{"href":"https:\/\/manipogo.de\/index.php?rest_route=\/wp\/v2\/types\/post"}],"author":[{"embeddable":true,"href":"https:\/\/manipogo.de\/index.php?rest_route=\/wp\/v2\/users\/1"}],"replies":[{"embeddable":true,"href":"https:\/\/manipogo.de\/index.php?rest_route=%2Fwp%2Fv2%2Fcomments&post=1041"}],"version-history":[{"count":10,"href":"https:\/\/manipogo.de\/index.php?rest_route=\/wp\/v2\/posts\/1041\/revisions"}],"predecessor-version":[{"id":10736,"href":"https:\/\/manipogo.de\/index.php?rest_route=\/wp\/v2\/posts\/1041\/revisions\/10736"}],"wp:attachment":[{"href":"https:\/\/manipogo.de\/index.php?rest_route=%2Fwp%2Fv2%2Fmedia&parent=1041"}],"wp:term":[{"taxonomy":"category","embeddable":true,"href":"https:\/\/manipogo.de\/index.php?rest_route=%2Fwp%2Fv2%2Fcategories&post=1041"},{"taxonomy":"post_tag","embeddable":true,"href":"https:\/\/manipogo.de\/index.php?rest_route=%2Fwp%2Fv2%2Ftags&post=1041"}],"curies":[{"name":"wp","href":"https:\/\/api.w.org\/{rel}","templated":true}]}}