{"id":10647,"date":"2016-06-08T01:12:22","date_gmt":"2016-06-08T00:12:22","guid":{"rendered":"http:\/\/manipogo.de\/?p=10647"},"modified":"2016-06-07T23:29:01","modified_gmt":"2016-06-07T21:29:01","slug":"alex-imich-spaete-erinnerung","status":"publish","type":"post","link":"https:\/\/manipogo.de\/?p=10647","title":{"rendered":"Alex Imich, sp\u00e4te Erinnerung"},"content":{"rendered":"<p>Am 4. Februar 2014 hatte ich Alexander Imich auf <em>manipogo<\/em> zu seinem 111. Geburtstag gratuliert. Er war der \u00e4lteste Parapsychologe der Welt und auch im hohen Alter immer noch aktiv. Nun stie\u00df ich wieder auf seinen Namen und stellte zu meiner Betr\u00fcbnis fest, dass er heute vor zwei Jahren gestorben ist. Bei seinem Tod war er der \u00e4lteste Mensch der Welt, aber seinen 111. hat er nicht lange \u00fcberlebt. <!--more--><\/p>\n<p>Bei solch einem Alter sollte man jeden Monat nachsehen, ob jemand noch unter den Lebenden weilt. Nun bleibt nat\u00fcrlich nicht viel mehr nachzutragen zu dem, was ich <a href=\"https:\/\/manipogo.de\/?p=5438\" target=\"_blank\">am 4. Februar vor zwei Jahren<\/a> schrieb. Mit 106 Jahren gr\u00fcndete er noch eine parapsychologische Vereinigung und gab sp\u00e4ter, wie <a href=\"https:\/\/en.wikipedia.org\/wiki\/Alexander_Imich\" target=\"_blank\">die englischsprachige Wikipedia<\/a> erw\u00e4hnt, seinen Nachlass der Universit\u00e4t von Manitoba (am Lake Manitoba, in dem der sagenhafte <em>Manipogo<\/em> gesichtet worden sein soll). Er schwor darauf, m\u00f6glichst wenig zu essen und f\u00fchrte sein hohes Alter darauf zur\u00fcck. Nat\u00fcrlich rauchte er nicht und trank nur ab und an ein Glas Wein. Wikipedia schreibt, er sei am 8. Januar 2014 um 9.03 Uhr morgens \u00bbaus nat\u00fcrlichen Gr\u00fcnden\u00ab gestorben. Altersschw\u00e4che, wo gibt es das noch?<\/p>\n<p>Nach Imich war Sakari Momoi aus Japan der \u00e4lteste Mensch der Erde, der einen Tag nach Alex geboren wurde. Ein Jahr lang, bis zu seinem Tod am 5. Juli 2015 mit 112 Jahren war er der \u00c4lteste. Ihm folgte bis zum 19. Januar dieses Jahres Yasutaro Koide (geboren am 13. M\u00e4rz 1903). Wikipedia nennt nun als den \u00e4ltesten m\u00e4nnlichen Erdenb\u00fcrger <a href=\"https:\/\/en.wikipedia.org\/wiki\/Yisrael_Kristal\" target=\"_blank\">Yisrael Kristal<\/a>, geboren am 15. September 1903. Er k\u00f6nnte es bis zum 113. schaffen. Er sah 1914 h\u00f6chstpers\u00f6nlich Kaiser Franz Joseph im Auto vorbeifahren. Wie Imich wurde er in Polen geboren, zog 1950 nach Israel und war in der S\u00fc\u00dfwarenproduktion t\u00e4tig. Und da wir bei der Statistik sind: Der <a href=\"https:\/\/en.wikipedia.org\/wiki\/List_of_the_verified_oldest_men\" target=\"_blank\">\u00e4lteste Mann \u00fcberhaupt<\/a> durfte seinen 116. Geburtstag feiern, Jiroemon Kimura (1897-2013).<\/p>\n<p>Die <a href=\"https:\/\/en.wikipedia.org\/wiki\/List_of_the_verified_oldest_women\" target=\"_blank\">Liste der \u00e4ltesten Frauen<\/a> jemals nennt an der Spitze Jeanne Calment (1875-1997), die 122 Jahre alt wurde. Sarah Knauss wurde 119, drei andere 117. Auf Platz 8 finden wir Susanna Mushatt Jones, deren Name gr\u00fcn unterlegt und mit dem Adjektiv \u00bbliving\u00ab gekennzeichnet ist. Geboren am 6. Juli 1899, sieht die US-Amerikanerin ihrem 117. Geburtstag entgegen. Die meisten erm\u00fcden weitaus fr\u00fcher.<\/p>\n<p><a href=\"https:\/\/manipogo.de\/wp-content\/uploads\/028-1.jpg\" rel=\"attachment wp-att-10661\"><img loading=\"lazy\" decoding=\"async\" class=\"alignright size-thumbnail wp-image-10661\" src=\"https:\/\/manipogo.de\/wp-content\/uploads\/028-1-150x150.jpg\" alt=\"028\" width=\"150\" height=\"150\" \/><\/a>Duilio Ferrucci, der <em>padrone<\/em> des Hotels Miramare in Santa Marinella, der mir zum v\u00e4terlichen Freund geworden war, gestand mir, als er 88 geworden war, dass er gern noch 15 Jahre drauflegen w\u00fcrde. Dann verging ein Jahr, ich rief wieder an, niemand nahm ab, bei den carabinieri gegen\u00fcber hie\u00df es, Duilio sei krank, das Hotel schon l\u00e4nger geschlossen. Irgendwann gab ich dann seinen Namen ein und stie\u00df auf seinen Nachruf. Duilio, der humorvolle, standhafte Toskaner, war im Juli 2015 gestorben und damit auch meine Liebesaff\u00e4re mit Santa Marinella. Es wird ihn nicht st\u00f6ren, wenn ich hier sein Bild ver\u00f6ffentliche. Zwei Friedhofsmitarbeiter schrien ja von unten herauf, nein, fotografieren d\u00fcrfe man hier nicht, aber mir war es egal. Ich hoffe sehr, Duilio meldet sich einmal in einem Traum bei mir und sagt, dass es ihm gut geht. In einem Roman, den ich gerade schreibe, hat er seinen Platz.<\/p>\n<p><a href=\"https:\/\/manipogo.de\/wp-content\/uploads\/025-2.jpg\" rel=\"attachment wp-att-10664\"><img loading=\"lazy\" decoding=\"async\" class=\"alignleft size-thumbnail wp-image-10664\" src=\"https:\/\/manipogo.de\/wp-content\/uploads\/025-2-150x150.jpg\" alt=\"025\" width=\"150\" height=\"150\" \/><\/a><a href=\"https:\/\/manipogo.de\/wp-content\/uploads\/DSCN4495-1.jpg\" rel=\"attachment wp-att-10665\"><img loading=\"lazy\" decoding=\"async\" class=\"alignright size-thumbnail wp-image-10665\" src=\"https:\/\/manipogo.de\/wp-content\/uploads\/DSCN4495-1-150x150.jpg\" alt=\"DSCN4495\" width=\"150\" height=\"150\" \/><\/a>Etwas neben seiner Grabst\u00e4tte auf dem Friedhof von Santa Marinella finden wir das Bild von Armando Padelletti, von dem mir Duilio viel erz\u00e4hlte. Die beiden waren befreundet, und nach diesem fr\u00fchen italienischen Umweltsch\u00fctzer ist mein Lieblingsplatz in der kleinen Stadt benannt, der zauberhafte <em>Largo<\/em> <em>Padelletti<\/em>.<\/p>\n<p>Vergessen wir nicht: Es gibt eine Menge zu tun. Viele Pl\u00e4ne helfen (Zu viele Pl\u00e4ne machen nerv\u00f6s, allzu viele wahnsinnig.).Das richtige Ma\u00df ist wichtig, das wussten schon die Griechen. So schreibt Robert Musil im <em>Mann ohne Eigenschaften<\/em> \u00fcber ein Land, in dem man vor dem Ersten Weltkrieg, als unsere alten Protagonisten geboren wurden, gut leben konnte: \u00fcber die \u00f6sterreichisch-ungarische Monarchie, die er \u00bbKakanien\u00ab nennt: \u00bbNat\u00fcrlich rollten auf diesen Stra\u00dfen auch Automobile; aber nicht zuviel Automobile! Man bereitete die Eroberung der Luft vor, auch hier; aber nicht zu intensiv. Man lie\u00df hie und da ein Schiff nach S\u00fcdamerika oder Ostasien fahren; aber nicht zu oft. &#8230; Man entfaltete Luxus; aber beileibe nicht so \u00fcberfeinert wie die Franzosen. Man trieb Sport; aber nicht so n\u00e4rrisch wie die Angelsachsen.\u00ab<\/p>\n<p>Und wenn man trotzdem ungl\u00fccklich ist (wie ich bisweilen), dann muss man eben mit der Vergangenheit abschlie\u00dfen und jeden Tag ein neues Kapitel \u00f6ffnen. Konfuzius spricht: \u00bbWenn du dein Leben \u00e4ndern kannst, tu es jeden Tag!\u00ab Eine andere Meinung besagt, wenn man mit sich uneins sei, f\u00fchle man sich auch verkehrt in der Welt. In sich Ordnung schaffen, dann heilt der Rest von alleine. Oder andersherum: Sich ein Ambiente schaffen, in dem wieder mehr m\u00f6glich wird, dann kommt man seinem inneren Menschen auch wieder n\u00e4her.<\/p>\n<p>&nbsp;<\/p>\n","protected":false},"excerpt":{"rendered":"<p>Am 4. Februar 2014 hatte ich Alexander Imich auf manipogo zu seinem 111. Geburtstag gratuliert. Er war der \u00e4lteste Parapsychologe der Welt und auch im hohen Alter immer noch aktiv. Nun stie\u00df ich wieder auf seinen Namen und stellte zu meiner Betr\u00fcbnis fest, dass er heute vor zwei Jahren gestorben ist. Bei seinem Tod war [&hellip;]<\/p>\n","protected":false},"author":1,"featured_media":0,"comment_status":"open","ping_status":"open","sticky":false,"template":"","format":"standard","meta":{"footnotes":""},"categories":[1225],"tags":[442,207],"class_list":["post-10647","post","type-post","status-publish","format-standard","hentry","category-jenseitspsi","tag-alter","tag-frauen"],"yoast_head":"<!-- This site is optimized with the Yoast SEO plugin v27.3 - https:\/\/yoast.com\/product\/yoast-seo-wordpress\/ -->\n<title>Alex Imich, sp\u00e4te Erinnerung - manipogo<\/title>\n<meta name=\"robots\" content=\"index, follow, max-snippet:-1, max-image-preview:large, max-video-preview:-1\" \/>\n<link rel=\"canonical\" href=\"https:\/\/manipogo.de\/?p=10647\" \/>\n<meta property=\"og:locale\" content=\"de_DE\" \/>\n<meta property=\"og:type\" content=\"article\" \/>\n<meta property=\"og:title\" content=\"Alex Imich, sp\u00e4te Erinnerung - manipogo\" \/>\n<meta property=\"og:description\" content=\"Am 4. Februar 2014 hatte ich Alexander Imich auf manipogo zu seinem 111. Geburtstag gratuliert. Er war der \u00e4lteste Parapsychologe der Welt und auch im hohen Alter immer noch aktiv. Nun stie\u00df ich wieder auf seinen Namen und stellte zu meiner Betr\u00fcbnis fest, dass er heute vor zwei Jahren gestorben ist. Bei seinem Tod war [&hellip;]\" \/>\n<meta property=\"og:url\" content=\"https:\/\/manipogo.de\/?p=10647\" \/>\n<meta property=\"og:site_name\" content=\"manipogo\" \/>\n<meta property=\"article:published_time\" content=\"2016-06-08T00:12:22+00:00\" \/>\n<meta property=\"og:image\" content=\"http:\/\/manipogo.de\/wp-content\/uploads\/028-1-150x150.jpg\" \/>\n<meta name=\"author\" content=\"web108\" \/>\n<meta name=\"twitter:card\" content=\"summary_large_image\" \/>\n<meta name=\"twitter:label1\" content=\"Verfasst von\" \/>\n\t<meta name=\"twitter:data1\" content=\"web108\" \/>\n\t<meta name=\"twitter:label2\" content=\"Gesch\u00e4tzte Lesezeit\" \/>\n\t<meta name=\"twitter:data2\" content=\"4\u00a0Minuten\" \/>\n<script type=\"application\/ld+json\" class=\"yoast-schema-graph\">{\"@context\":\"https:\\\/\\\/schema.org\",\"@graph\":[{\"@type\":\"Article\",\"@id\":\"https:\\\/\\\/manipogo.de\\\/?p=10647#article\",\"isPartOf\":{\"@id\":\"https:\\\/\\\/manipogo.de\\\/?p=10647\"},\"author\":{\"name\":\"web108\",\"@id\":\"https:\\\/\\\/manipogo.de\\\/#\\\/schema\\\/person\\\/991913de0e39267877f234553fd7f58d\"},\"headline\":\"Alex Imich, sp\u00e4te Erinnerung\",\"datePublished\":\"2016-06-08T00:12:22+00:00\",\"mainEntityOfPage\":{\"@id\":\"https:\\\/\\\/manipogo.de\\\/?p=10647\"},\"wordCount\":793,\"commentCount\":0,\"image\":{\"@id\":\"https:\\\/\\\/manipogo.de\\\/?p=10647#primaryimage\"},\"thumbnailUrl\":\"http:\\\/\\\/manipogo.de\\\/wp-content\\\/uploads\\\/028-1-150x150.jpg\",\"keywords\":[\"Alter\",\"Frauen\"],\"articleSection\":[\"Jenseits\\\/Psi\"],\"inLanguage\":\"de\",\"potentialAction\":[{\"@type\":\"CommentAction\",\"name\":\"Comment\",\"target\":[\"https:\\\/\\\/manipogo.de\\\/?p=10647#respond\"]}]},{\"@type\":\"WebPage\",\"@id\":\"https:\\\/\\\/manipogo.de\\\/?p=10647\",\"url\":\"https:\\\/\\\/manipogo.de\\\/?p=10647\",\"name\":\"Alex Imich, sp\u00e4te Erinnerung - manipogo\",\"isPartOf\":{\"@id\":\"https:\\\/\\\/manipogo.de\\\/#website\"},\"primaryImageOfPage\":{\"@id\":\"https:\\\/\\\/manipogo.de\\\/?p=10647#primaryimage\"},\"image\":{\"@id\":\"https:\\\/\\\/manipogo.de\\\/?p=10647#primaryimage\"},\"thumbnailUrl\":\"http:\\\/\\\/manipogo.de\\\/wp-content\\\/uploads\\\/028-1-150x150.jpg\",\"datePublished\":\"2016-06-08T00:12:22+00:00\",\"author\":{\"@id\":\"https:\\\/\\\/manipogo.de\\\/#\\\/schema\\\/person\\\/991913de0e39267877f234553fd7f58d\"},\"breadcrumb\":{\"@id\":\"https:\\\/\\\/manipogo.de\\\/?p=10647#breadcrumb\"},\"inLanguage\":\"de\",\"potentialAction\":[{\"@type\":\"ReadAction\",\"target\":[\"https:\\\/\\\/manipogo.de\\\/?p=10647\"]}]},{\"@type\":\"ImageObject\",\"inLanguage\":\"de\",\"@id\":\"https:\\\/\\\/manipogo.de\\\/?p=10647#primaryimage\",\"url\":\"https:\\\/\\\/manipogo.de\\\/wp-content\\\/uploads\\\/028-1.jpg\",\"contentUrl\":\"https:\\\/\\\/manipogo.de\\\/wp-content\\\/uploads\\\/028-1.jpg\",\"width\":540,\"height\":424},{\"@type\":\"BreadcrumbList\",\"@id\":\"https:\\\/\\\/manipogo.de\\\/?p=10647#breadcrumb\",\"itemListElement\":[{\"@type\":\"ListItem\",\"position\":1,\"name\":\"Startseite\",\"item\":\"https:\\\/\\\/manipogo.de\\\/\"},{\"@type\":\"ListItem\",\"position\":2,\"name\":\"Alex Imich, sp\u00e4te Erinnerung\"}]},{\"@type\":\"WebSite\",\"@id\":\"https:\\\/\\\/manipogo.de\\\/#website\",\"url\":\"https:\\\/\\\/manipogo.de\\\/\",\"name\":\"manipogo\",\"description\":\"Gott und die Welt\",\"potentialAction\":[{\"@type\":\"SearchAction\",\"target\":{\"@type\":\"EntryPoint\",\"urlTemplate\":\"https:\\\/\\\/manipogo.de\\\/?s={search_term_string}\"},\"query-input\":{\"@type\":\"PropertyValueSpecification\",\"valueRequired\":true,\"valueName\":\"search_term_string\"}}],\"inLanguage\":\"de\"},{\"@type\":\"Person\",\"@id\":\"https:\\\/\\\/manipogo.de\\\/#\\\/schema\\\/person\\\/991913de0e39267877f234553fd7f58d\",\"name\":\"web108\",\"url\":\"https:\\\/\\\/manipogo.de\\\/?author=1\"}]}<\/script>\n<!-- \/ Yoast SEO plugin. -->","yoast_head_json":{"title":"Alex Imich, sp\u00e4te Erinnerung - manipogo","robots":{"index":"index","follow":"follow","max-snippet":"max-snippet:-1","max-image-preview":"max-image-preview:large","max-video-preview":"max-video-preview:-1"},"canonical":"https:\/\/manipogo.de\/?p=10647","og_locale":"de_DE","og_type":"article","og_title":"Alex Imich, sp\u00e4te Erinnerung - manipogo","og_description":"Am 4. Februar 2014 hatte ich Alexander Imich auf manipogo zu seinem 111. Geburtstag gratuliert. Er war der \u00e4lteste Parapsychologe der Welt und auch im hohen Alter immer noch aktiv. Nun stie\u00df ich wieder auf seinen Namen und stellte zu meiner Betr\u00fcbnis fest, dass er heute vor zwei Jahren gestorben ist. Bei seinem Tod war [&hellip;]","og_url":"https:\/\/manipogo.de\/?p=10647","og_site_name":"manipogo","article_published_time":"2016-06-08T00:12:22+00:00","og_image":[{"url":"http:\/\/manipogo.de\/wp-content\/uploads\/028-1-150x150.jpg","type":"","width":"","height":""}],"author":"web108","twitter_card":"summary_large_image","twitter_misc":{"Verfasst von":"web108","Gesch\u00e4tzte Lesezeit":"4\u00a0Minuten"},"schema":{"@context":"https:\/\/schema.org","@graph":[{"@type":"Article","@id":"https:\/\/manipogo.de\/?p=10647#article","isPartOf":{"@id":"https:\/\/manipogo.de\/?p=10647"},"author":{"name":"web108","@id":"https:\/\/manipogo.de\/#\/schema\/person\/991913de0e39267877f234553fd7f58d"},"headline":"Alex Imich, sp\u00e4te Erinnerung","datePublished":"2016-06-08T00:12:22+00:00","mainEntityOfPage":{"@id":"https:\/\/manipogo.de\/?p=10647"},"wordCount":793,"commentCount":0,"image":{"@id":"https:\/\/manipogo.de\/?p=10647#primaryimage"},"thumbnailUrl":"http:\/\/manipogo.de\/wp-content\/uploads\/028-1-150x150.jpg","keywords":["Alter","Frauen"],"articleSection":["Jenseits\/Psi"],"inLanguage":"de","potentialAction":[{"@type":"CommentAction","name":"Comment","target":["https:\/\/manipogo.de\/?p=10647#respond"]}]},{"@type":"WebPage","@id":"https:\/\/manipogo.de\/?p=10647","url":"https:\/\/manipogo.de\/?p=10647","name":"Alex Imich, sp\u00e4te Erinnerung - manipogo","isPartOf":{"@id":"https:\/\/manipogo.de\/#website"},"primaryImageOfPage":{"@id":"https:\/\/manipogo.de\/?p=10647#primaryimage"},"image":{"@id":"https:\/\/manipogo.de\/?p=10647#primaryimage"},"thumbnailUrl":"http:\/\/manipogo.de\/wp-content\/uploads\/028-1-150x150.jpg","datePublished":"2016-06-08T00:12:22+00:00","author":{"@id":"https:\/\/manipogo.de\/#\/schema\/person\/991913de0e39267877f234553fd7f58d"},"breadcrumb":{"@id":"https:\/\/manipogo.de\/?p=10647#breadcrumb"},"inLanguage":"de","potentialAction":[{"@type":"ReadAction","target":["https:\/\/manipogo.de\/?p=10647"]}]},{"@type":"ImageObject","inLanguage":"de","@id":"https:\/\/manipogo.de\/?p=10647#primaryimage","url":"https:\/\/manipogo.de\/wp-content\/uploads\/028-1.jpg","contentUrl":"https:\/\/manipogo.de\/wp-content\/uploads\/028-1.jpg","width":540,"height":424},{"@type":"BreadcrumbList","@id":"https:\/\/manipogo.de\/?p=10647#breadcrumb","itemListElement":[{"@type":"ListItem","position":1,"name":"Startseite","item":"https:\/\/manipogo.de\/"},{"@type":"ListItem","position":2,"name":"Alex Imich, sp\u00e4te Erinnerung"}]},{"@type":"WebSite","@id":"https:\/\/manipogo.de\/#website","url":"https:\/\/manipogo.de\/","name":"manipogo","description":"Gott und die Welt","potentialAction":[{"@type":"SearchAction","target":{"@type":"EntryPoint","urlTemplate":"https:\/\/manipogo.de\/?s={search_term_string}"},"query-input":{"@type":"PropertyValueSpecification","valueRequired":true,"valueName":"search_term_string"}}],"inLanguage":"de"},{"@type":"Person","@id":"https:\/\/manipogo.de\/#\/schema\/person\/991913de0e39267877f234553fd7f58d","name":"web108","url":"https:\/\/manipogo.de\/?author=1"}]}},"_links":{"self":[{"href":"https:\/\/manipogo.de\/index.php?rest_route=\/wp\/v2\/posts\/10647","targetHints":{"allow":["GET"]}}],"collection":[{"href":"https:\/\/manipogo.de\/index.php?rest_route=\/wp\/v2\/posts"}],"about":[{"href":"https:\/\/manipogo.de\/index.php?rest_route=\/wp\/v2\/types\/post"}],"author":[{"embeddable":true,"href":"https:\/\/manipogo.de\/index.php?rest_route=\/wp\/v2\/users\/1"}],"replies":[{"embeddable":true,"href":"https:\/\/manipogo.de\/index.php?rest_route=%2Fwp%2Fv2%2Fcomments&post=10647"}],"version-history":[{"count":9,"href":"https:\/\/manipogo.de\/index.php?rest_route=\/wp\/v2\/posts\/10647\/revisions"}],"predecessor-version":[{"id":11602,"href":"https:\/\/manipogo.de\/index.php?rest_route=\/wp\/v2\/posts\/10647\/revisions\/11602"}],"wp:attachment":[{"href":"https:\/\/manipogo.de\/index.php?rest_route=%2Fwp%2Fv2%2Fmedia&parent=10647"}],"wp:term":[{"taxonomy":"category","embeddable":true,"href":"https:\/\/manipogo.de\/index.php?rest_route=%2Fwp%2Fv2%2Fcategories&post=10647"},{"taxonomy":"post_tag","embeddable":true,"href":"https:\/\/manipogo.de\/index.php?rest_route=%2Fwp%2Fv2%2Ftags&post=10647"}],"curies":[{"name":"wp","href":"https:\/\/api.w.org\/{rel}","templated":true}]}}