{"id":11802,"date":"2016-08-02T00:40:24","date_gmt":"2016-08-01T22:40:24","guid":{"rendered":"http:\/\/manipogo.de\/?p=11802"},"modified":"2020-11-30T23:28:22","modified_gmt":"2020-11-30T22:28:22","slug":"regenboegen-wieder","status":"publish","type":"post","link":"https:\/\/manipogo.de\/?p=11802","title":{"rendered":"Regenb\u00f6gen (wieder)"},"content":{"rendered":"<p>Im M\u00e4rz 2013 schrieb ich \u00fcber <a href=\"https:\/\/manipogo.de\/?p=2758\" target=\"_blank\">Regenb\u00f6gen<\/a>. Zwei parallele hatte ich ein paar Jahre zuvor von meinem Balkon aus fotografiert. Nun, am 13. Juli, einem Mittwoch, standen wieder zwei \u00fcber uns. Gigantisch! Ich nahm es f\u00fcr ein gutes Omen der Radreise, ich ich am folgenden Tag antreten wollte. Zwar hatte mir Tarot den <em>Tod<\/em> angek\u00fcndigt, aber ich nahm das (wie immer) nicht ernst. Doch es \u00fcberkam mich eine tiefe Melancholie, und ich brach meine Reise ab. Die Regenb\u00f6gen sind dennoch \u00fcberirdisch sch\u00f6n.\u00a0<!--more--><\/p>\n<p>Denn der blassere Bogen, der den Hauptregenbogen \u00fcberw\u00f6lbt, ist farblich genau entgegengesetzt, als w\u00e4re er an einer Achse gespiegelt. (Wikipedia: \u00bbUnter guten Bedingungen ist \u00fcber dem kr\u00e4ftigen <i>Hauptregenbogen<\/i> ein weiterer, schw\u00e4cherer mit umgekehrter Farbfolge sichtbar, als <i>Nebenregenbogen.\u00ab)<\/i><\/p>\n<p>Ein Zitat dazu: \u00bbDenn <em>dass der Mensch erl\u00f6st werde von der Rache<\/em>: das ist mir eine Br\u00fccke zur\u00a0 h\u00f6chten Hoffnung und ein Regenbogen nach langen Unwettern.\u00ab (<em>Nietzsche, Also sprach Zarathustra<\/em>) Da schreibt er auch: \u00bbIch empfehle allen M\u00e4rtyrern zu \u00fcberlegen, ob nicht die Rachsucht sie zum \u00c4u\u00dfersten trieb.\u00ab Martin Heidegger kommentiert in seinem Aufsatz <em>Wer ist NIetzsches Zarathustra?<\/em> (1954):\u00a0\u00bbDie tiefste Rache besteht f\u00fcr Nietzsche in jenem Nachdenken, das \u00fcberzeitliche Ideale als die absoluten ansetzt, an denen gemessen das Zeitliche sich selber zum eigentlichen Nicht-Seienden herabsetzen muss. (&#8230;) Gilt es, die Erde als Erde zu retten, dann muss zuvor der Geist der Rache verschwinden.\u00ab<\/p>\n<p><a href=\"https:\/\/manipogo.de\/wp-content\/uploads\/002-1.jpg\" rel=\"attachment wp-att-11803\"><img loading=\"lazy\" decoding=\"async\" class=\"alignleft size-full wp-image-11803\" src=\"https:\/\/manipogo.de\/wp-content\/uploads\/002-1.jpg\" alt=\"002\" width=\"540\" height=\"560\" srcset=\"https:\/\/manipogo.de\/wp-content\/uploads\/002-1.jpg 540w, https:\/\/manipogo.de\/wp-content\/uploads\/002-1-289x300.jpg 289w\" sizes=\"auto, (max-width: 540px) 100vw, 540px\" \/><\/a><\/p>\n<p>Der Regenbogen flie\u00dft in die Reben hinein mit seinen leuchtenden Farben.<\/p>\n<p><a href=\"https:\/\/manipogo.de\/wp-content\/uploads\/003-4.jpg\" rel=\"attachment wp-att-11804\"><img loading=\"lazy\" decoding=\"async\" class=\"alignleft size-full wp-image-11804\" src=\"https:\/\/manipogo.de\/wp-content\/uploads\/003-4.jpg\" alt=\"003\" width=\"540\" height=\"720\" srcset=\"https:\/\/manipogo.de\/wp-content\/uploads\/003-4.jpg 540w, https:\/\/manipogo.de\/wp-content\/uploads\/003-4-225x300.jpg 225w\" sizes=\"auto, (max-width: 540px) 100vw, 540px\" \/><\/a><\/p>\n<p>Er war perfekt in seiner Rundung.<\/p>\n<p><a href=\"https:\/\/manipogo.de\/wp-content\/uploads\/004-5.jpg\" rel=\"attachment wp-att-11805\"><img loading=\"lazy\" decoding=\"async\" class=\"alignleft size-full wp-image-11805\" src=\"https:\/\/manipogo.de\/wp-content\/uploads\/004-5.jpg\" alt=\"004\" width=\"540\" height=\"377\" srcset=\"https:\/\/manipogo.de\/wp-content\/uploads\/004-5.jpg 540w, https:\/\/manipogo.de\/wp-content\/uploads\/004-5-300x209.jpg 300w\" sizes=\"auto, (max-width: 540px) 100vw, 540px\" \/><\/a><\/p>\n<div id=\"attachment_11868\" style=\"width: 550px\" class=\"wp-caption alignright\"><a href=\"https:\/\/manipogo.de\/wp-content\/uploads\/DSCN1767-2.jpg\" rel=\"attachment wp-att-11868\"><img loading=\"lazy\" decoding=\"async\" aria-describedby=\"caption-attachment-11868\" class=\"size-full wp-image-11868\" src=\"https:\/\/manipogo.de\/wp-content\/uploads\/DSCN1767-2.jpg\" alt=\"Das waren die fr\u00fcheren B\u00f6gen, fotografiert am 4. November 2009\" width=\"540\" height=\"405\" srcset=\"https:\/\/manipogo.de\/wp-content\/uploads\/DSCN1767-2.jpg 540w, https:\/\/manipogo.de\/wp-content\/uploads\/DSCN1767-2-300x225.jpg 300w\" sizes=\"auto, (max-width: 540px) 100vw, 540px\" \/><\/a><p id=\"caption-attachment-11868\" class=\"wp-caption-text\">Das waren die fr\u00fcheren B\u00f6gen, fotografiert am 4. November 2009<\/p><\/div>\n<p>Und nun noch einmal der aktuelle Regenbogen mit seinem Bruder (oder Schwester?)<\/p>\n<p>&nbsp;<\/p>\n<p><a href=\"https:\/\/manipogo.de\/wp-content\/uploads\/001-4.jpg\" rel=\"attachment wp-att-11806\"><img loading=\"lazy\" decoding=\"async\" class=\"alignleft size-full wp-image-11806\" src=\"https:\/\/manipogo.de\/wp-content\/uploads\/001-4.jpg\" alt=\"001\" width=\"540\" height=\"405\" srcset=\"https:\/\/manipogo.de\/wp-content\/uploads\/001-4.jpg 540w, https:\/\/manipogo.de\/wp-content\/uploads\/001-4-300x225.jpg 300w\" sizes=\"auto, (max-width: 540px) 100vw, 540px\" \/><\/a><\/p>\n","protected":false},"excerpt":{"rendered":"<p>Im M\u00e4rz 2013 schrieb ich \u00fcber Regenb\u00f6gen. Zwei parallele hatte ich ein paar Jahre zuvor von meinem Balkon aus fotografiert. Nun, am 13. Juli, einem Mittwoch, standen wieder zwei \u00fcber uns. Gigantisch! Ich nahm es f\u00fcr ein gutes Omen der Radreise, ich ich am folgenden Tag antreten wollte. Zwar hatte mir Tarot den Tod angek\u00fcndigt, [&hellip;]<\/p>\n","protected":false},"author":1,"featured_media":0,"comment_status":"open","ping_status":"open","sticky":false,"template":"","format":"standard","meta":{"footnotes":""},"categories":[1907],"tags":[156,372],"class_list":["post-11802","post","type-post","status-publish","format-standard","hentry","category-fotobild","tag-licht","tag-regenbogen"],"yoast_head":"<!-- This site is optimized with the Yoast SEO plugin v27.3 - https:\/\/yoast.com\/product\/yoast-seo-wordpress\/ -->\n<title>Regenb\u00f6gen (wieder) - manipogo<\/title>\n<meta name=\"robots\" content=\"index, follow, max-snippet:-1, max-image-preview:large, max-video-preview:-1\" \/>\n<link rel=\"canonical\" href=\"https:\/\/manipogo.de\/?p=11802\" \/>\n<meta property=\"og:locale\" content=\"de_DE\" \/>\n<meta property=\"og:type\" content=\"article\" \/>\n<meta property=\"og:title\" content=\"Regenb\u00f6gen (wieder) - manipogo\" \/>\n<meta property=\"og:description\" content=\"Im M\u00e4rz 2013 schrieb ich \u00fcber Regenb\u00f6gen. Zwei parallele hatte ich ein paar Jahre zuvor von meinem Balkon aus fotografiert. Nun, am 13. Juli, einem Mittwoch, standen wieder zwei \u00fcber uns. Gigantisch! Ich nahm es f\u00fcr ein gutes Omen der Radreise, ich ich am folgenden Tag antreten wollte. Zwar hatte mir Tarot den Tod angek\u00fcndigt, [&hellip;]\" \/>\n<meta property=\"og:url\" content=\"https:\/\/manipogo.de\/?p=11802\" \/>\n<meta property=\"og:site_name\" content=\"manipogo\" \/>\n<meta property=\"article:published_time\" content=\"2016-08-01T22:40:24+00:00\" \/>\n<meta property=\"article:modified_time\" content=\"2020-11-30T22:28:22+00:00\" \/>\n<meta property=\"og:image\" content=\"http:\/\/manipogo.de\/wp-content\/uploads\/002-1.jpg\" \/>\n<meta name=\"author\" content=\"web108\" \/>\n<meta name=\"twitter:card\" content=\"summary_large_image\" \/>\n<meta name=\"twitter:label1\" content=\"Verfasst von\" \/>\n\t<meta name=\"twitter:data1\" content=\"web108\" \/>\n\t<meta name=\"twitter:label2\" content=\"Gesch\u00e4tzte Lesezeit\" \/>\n\t<meta name=\"twitter:data2\" content=\"1\u00a0Minute\" \/>\n<script type=\"application\/ld+json\" class=\"yoast-schema-graph\">{\"@context\":\"https:\\\/\\\/schema.org\",\"@graph\":[{\"@type\":\"Article\",\"@id\":\"https:\\\/\\\/manipogo.de\\\/?p=11802#article\",\"isPartOf\":{\"@id\":\"https:\\\/\\\/manipogo.de\\\/?p=11802\"},\"author\":{\"name\":\"web108\",\"@id\":\"https:\\\/\\\/manipogo.de\\\/#\\\/schema\\\/person\\\/991913de0e39267877f234553fd7f58d\"},\"headline\":\"Regenb\u00f6gen (wieder)\",\"datePublished\":\"2016-08-01T22:40:24+00:00\",\"dateModified\":\"2020-11-30T22:28:22+00:00\",\"mainEntityOfPage\":{\"@id\":\"https:\\\/\\\/manipogo.de\\\/?p=11802\"},\"wordCount\":286,\"commentCount\":0,\"image\":{\"@id\":\"https:\\\/\\\/manipogo.de\\\/?p=11802#primaryimage\"},\"thumbnailUrl\":\"http:\\\/\\\/manipogo.de\\\/wp-content\\\/uploads\\\/002-1.jpg\",\"keywords\":[\"Licht\",\"Regenbogen\"],\"articleSection\":[\"Foto\\\/Bild\"],\"inLanguage\":\"de\",\"potentialAction\":[{\"@type\":\"CommentAction\",\"name\":\"Comment\",\"target\":[\"https:\\\/\\\/manipogo.de\\\/?p=11802#respond\"]}]},{\"@type\":\"WebPage\",\"@id\":\"https:\\\/\\\/manipogo.de\\\/?p=11802\",\"url\":\"https:\\\/\\\/manipogo.de\\\/?p=11802\",\"name\":\"Regenb\u00f6gen (wieder) - manipogo\",\"isPartOf\":{\"@id\":\"https:\\\/\\\/manipogo.de\\\/#website\"},\"primaryImageOfPage\":{\"@id\":\"https:\\\/\\\/manipogo.de\\\/?p=11802#primaryimage\"},\"image\":{\"@id\":\"https:\\\/\\\/manipogo.de\\\/?p=11802#primaryimage\"},\"thumbnailUrl\":\"http:\\\/\\\/manipogo.de\\\/wp-content\\\/uploads\\\/002-1.jpg\",\"datePublished\":\"2016-08-01T22:40:24+00:00\",\"dateModified\":\"2020-11-30T22:28:22+00:00\",\"author\":{\"@id\":\"https:\\\/\\\/manipogo.de\\\/#\\\/schema\\\/person\\\/991913de0e39267877f234553fd7f58d\"},\"breadcrumb\":{\"@id\":\"https:\\\/\\\/manipogo.de\\\/?p=11802#breadcrumb\"},\"inLanguage\":\"de\",\"potentialAction\":[{\"@type\":\"ReadAction\",\"target\":[\"https:\\\/\\\/manipogo.de\\\/?p=11802\"]}]},{\"@type\":\"ImageObject\",\"inLanguage\":\"de\",\"@id\":\"https:\\\/\\\/manipogo.de\\\/?p=11802#primaryimage\",\"url\":\"http:\\\/\\\/manipogo.de\\\/wp-content\\\/uploads\\\/002-1.jpg\",\"contentUrl\":\"http:\\\/\\\/manipogo.de\\\/wp-content\\\/uploads\\\/002-1.jpg\"},{\"@type\":\"BreadcrumbList\",\"@id\":\"https:\\\/\\\/manipogo.de\\\/?p=11802#breadcrumb\",\"itemListElement\":[{\"@type\":\"ListItem\",\"position\":1,\"name\":\"Startseite\",\"item\":\"https:\\\/\\\/manipogo.de\\\/\"},{\"@type\":\"ListItem\",\"position\":2,\"name\":\"Regenb\u00f6gen (wieder)\"}]},{\"@type\":\"WebSite\",\"@id\":\"https:\\\/\\\/manipogo.de\\\/#website\",\"url\":\"https:\\\/\\\/manipogo.de\\\/\",\"name\":\"manipogo\",\"description\":\"Gott und die Welt\",\"potentialAction\":[{\"@type\":\"SearchAction\",\"target\":{\"@type\":\"EntryPoint\",\"urlTemplate\":\"https:\\\/\\\/manipogo.de\\\/?s={search_term_string}\"},\"query-input\":{\"@type\":\"PropertyValueSpecification\",\"valueRequired\":true,\"valueName\":\"search_term_string\"}}],\"inLanguage\":\"de\"},{\"@type\":\"Person\",\"@id\":\"https:\\\/\\\/manipogo.de\\\/#\\\/schema\\\/person\\\/991913de0e39267877f234553fd7f58d\",\"name\":\"web108\",\"url\":\"https:\\\/\\\/manipogo.de\\\/?author=1\"}]}<\/script>\n<!-- \/ Yoast SEO plugin. -->","yoast_head_json":{"title":"Regenb\u00f6gen (wieder) - manipogo","robots":{"index":"index","follow":"follow","max-snippet":"max-snippet:-1","max-image-preview":"max-image-preview:large","max-video-preview":"max-video-preview:-1"},"canonical":"https:\/\/manipogo.de\/?p=11802","og_locale":"de_DE","og_type":"article","og_title":"Regenb\u00f6gen (wieder) - manipogo","og_description":"Im M\u00e4rz 2013 schrieb ich \u00fcber Regenb\u00f6gen. Zwei parallele hatte ich ein paar Jahre zuvor von meinem Balkon aus fotografiert. Nun, am 13. Juli, einem Mittwoch, standen wieder zwei \u00fcber uns. Gigantisch! Ich nahm es f\u00fcr ein gutes Omen der Radreise, ich ich am folgenden Tag antreten wollte. Zwar hatte mir Tarot den Tod angek\u00fcndigt, [&hellip;]","og_url":"https:\/\/manipogo.de\/?p=11802","og_site_name":"manipogo","article_published_time":"2016-08-01T22:40:24+00:00","article_modified_time":"2020-11-30T22:28:22+00:00","og_image":[{"url":"http:\/\/manipogo.de\/wp-content\/uploads\/002-1.jpg","type":"","width":"","height":""}],"author":"web108","twitter_card":"summary_large_image","twitter_misc":{"Verfasst von":"web108","Gesch\u00e4tzte Lesezeit":"1\u00a0Minute"},"schema":{"@context":"https:\/\/schema.org","@graph":[{"@type":"Article","@id":"https:\/\/manipogo.de\/?p=11802#article","isPartOf":{"@id":"https:\/\/manipogo.de\/?p=11802"},"author":{"name":"web108","@id":"https:\/\/manipogo.de\/#\/schema\/person\/991913de0e39267877f234553fd7f58d"},"headline":"Regenb\u00f6gen (wieder)","datePublished":"2016-08-01T22:40:24+00:00","dateModified":"2020-11-30T22:28:22+00:00","mainEntityOfPage":{"@id":"https:\/\/manipogo.de\/?p=11802"},"wordCount":286,"commentCount":0,"image":{"@id":"https:\/\/manipogo.de\/?p=11802#primaryimage"},"thumbnailUrl":"http:\/\/manipogo.de\/wp-content\/uploads\/002-1.jpg","keywords":["Licht","Regenbogen"],"articleSection":["Foto\/Bild"],"inLanguage":"de","potentialAction":[{"@type":"CommentAction","name":"Comment","target":["https:\/\/manipogo.de\/?p=11802#respond"]}]},{"@type":"WebPage","@id":"https:\/\/manipogo.de\/?p=11802","url":"https:\/\/manipogo.de\/?p=11802","name":"Regenb\u00f6gen (wieder) - manipogo","isPartOf":{"@id":"https:\/\/manipogo.de\/#website"},"primaryImageOfPage":{"@id":"https:\/\/manipogo.de\/?p=11802#primaryimage"},"image":{"@id":"https:\/\/manipogo.de\/?p=11802#primaryimage"},"thumbnailUrl":"http:\/\/manipogo.de\/wp-content\/uploads\/002-1.jpg","datePublished":"2016-08-01T22:40:24+00:00","dateModified":"2020-11-30T22:28:22+00:00","author":{"@id":"https:\/\/manipogo.de\/#\/schema\/person\/991913de0e39267877f234553fd7f58d"},"breadcrumb":{"@id":"https:\/\/manipogo.de\/?p=11802#breadcrumb"},"inLanguage":"de","potentialAction":[{"@type":"ReadAction","target":["https:\/\/manipogo.de\/?p=11802"]}]},{"@type":"ImageObject","inLanguage":"de","@id":"https:\/\/manipogo.de\/?p=11802#primaryimage","url":"http:\/\/manipogo.de\/wp-content\/uploads\/002-1.jpg","contentUrl":"http:\/\/manipogo.de\/wp-content\/uploads\/002-1.jpg"},{"@type":"BreadcrumbList","@id":"https:\/\/manipogo.de\/?p=11802#breadcrumb","itemListElement":[{"@type":"ListItem","position":1,"name":"Startseite","item":"https:\/\/manipogo.de\/"},{"@type":"ListItem","position":2,"name":"Regenb\u00f6gen (wieder)"}]},{"@type":"WebSite","@id":"https:\/\/manipogo.de\/#website","url":"https:\/\/manipogo.de\/","name":"manipogo","description":"Gott und die Welt","potentialAction":[{"@type":"SearchAction","target":{"@type":"EntryPoint","urlTemplate":"https:\/\/manipogo.de\/?s={search_term_string}"},"query-input":{"@type":"PropertyValueSpecification","valueRequired":true,"valueName":"search_term_string"}}],"inLanguage":"de"},{"@type":"Person","@id":"https:\/\/manipogo.de\/#\/schema\/person\/991913de0e39267877f234553fd7f58d","name":"web108","url":"https:\/\/manipogo.de\/?author=1"}]}},"_links":{"self":[{"href":"https:\/\/manipogo.de\/index.php?rest_route=\/wp\/v2\/posts\/11802","targetHints":{"allow":["GET"]}}],"collection":[{"href":"https:\/\/manipogo.de\/index.php?rest_route=\/wp\/v2\/posts"}],"about":[{"href":"https:\/\/manipogo.de\/index.php?rest_route=\/wp\/v2\/types\/post"}],"author":[{"embeddable":true,"href":"https:\/\/manipogo.de\/index.php?rest_route=\/wp\/v2\/users\/1"}],"replies":[{"embeddable":true,"href":"https:\/\/manipogo.de\/index.php?rest_route=%2Fwp%2Fv2%2Fcomments&post=11802"}],"version-history":[{"count":5,"href":"https:\/\/manipogo.de\/index.php?rest_route=\/wp\/v2\/posts\/11802\/revisions"}],"predecessor-version":[{"id":11882,"href":"https:\/\/manipogo.de\/index.php?rest_route=\/wp\/v2\/posts\/11802\/revisions\/11882"}],"wp:attachment":[{"href":"https:\/\/manipogo.de\/index.php?rest_route=%2Fwp%2Fv2%2Fmedia&parent=11802"}],"wp:term":[{"taxonomy":"category","embeddable":true,"href":"https:\/\/manipogo.de\/index.php?rest_route=%2Fwp%2Fv2%2Fcategories&post=11802"},{"taxonomy":"post_tag","embeddable":true,"href":"https:\/\/manipogo.de\/index.php?rest_route=%2Fwp%2Fv2%2Ftags&post=11802"}],"curies":[{"name":"wp","href":"https:\/\/api.w.org\/{rel}","templated":true}]}}