{"id":13213,"date":"2017-05-08T00:49:19","date_gmt":"2017-05-07T23:49:19","guid":{"rendered":"http:\/\/manipogo.de\/?p=13213"},"modified":"2017-04-30T20:15:56","modified_gmt":"2017-04-30T18:15:56","slug":"lob-des-fahrrads","status":"publish","type":"post","link":"https:\/\/manipogo.de\/?p=13213","title":{"rendered":"Lob des Fahrrads"},"content":{"rendered":"<p><em>Lob des Fahrrads<\/em> von Marcel Aug\u00e9, erschienen deutsch bei C. H. Beck, ist ein Juwel: Auf 100 Seiten gelingt es dem franz\u00f6sischen Anthropologen, den Geist des Fahrrads einzufangen und zu beschw\u00f6ren und dabei sogar Hoffnung zu wecken. \u00bbSchwingt euch auf die R\u00e4der, um das Leben zu ver\u00e4ndern!\u00ab r\u00e4t er zum Schluss. Wie ich es oft tue.<!--more--><\/p>\n<p>Und der letzte Satz: <em>Das Radfahren ist ein Humanismus<\/em>. Das Fahrrad sei <em>mythisch, episch und utopisch<\/em>, schreibt Aug\u00e9, nachdem er auf seine eigene Geschichte mit ihm zur\u00fcckgeblickt hat, und da er ein \u00e4lterer Autor ist, kennt er, was nach dem Zweiten Weltkrieg geschah. Die Anziehungskraft der Tour de France!<\/p>\n<p><a href=\"https:\/\/manipogo.de\/wp-content\/uploads\/Auge.jpg\" rel=\"attachment wp-att-13214\"><img loading=\"lazy\" decoding=\"async\" class=\"alignright size-medium wp-image-13214\" src=\"https:\/\/manipogo.de\/wp-content\/uploads\/Auge-182x300.jpg\" alt=\"Auge\" width=\"182\" height=\"300\" srcset=\"https:\/\/manipogo.de\/wp-content\/uploads\/Auge-182x300.jpg 182w, https:\/\/manipogo.de\/wp-content\/uploads\/Auge.jpg 540w\" sizes=\"auto, (max-width: 182px) 100vw, 182px\" \/><\/a><\/p>\n<p>\u00bbMeine Fahrten auf dem blauen Rad, das mein Gro\u00dfvater mir gegeben hatte, waren unregelm\u00e4\u00dfiger, aber im Juli fand ich mich jeden Nachmittag gegen vier oder f\u00fcnf Uhr avor dem Bistro auf dem Kirchplatz ein; an dessen T\u00fcr hing eine Schiefertafel, auf die der Wirt die Namen der ersten drei der jeweiligen Tagesetappe und der drei F\u00fchrenden des Gesamtklassements geschrieben hatte.\u00ab Da haben wir pl\u00f6tzlich wieder eine <a href=\"https:\/\/manipogo.de\/?p=12875\" target=\"_blank\">bicyclette bleue<\/a>! (Die Zeichnung rechts stammt wie andere in dem B\u00e4ndchen von Philip Waechter, dem 1968 geborenen Sohn des gro\u00dfen F. K. Waechter, unvergessen durch <em>Wahrscheinlich guckt wieder kein Schwein<\/em>, 1978, Diogenes.)<\/p>\n<p>Die Tour de France sei ein <em>Erinnerungsort par excellence<\/em>, h\u00e4lt Marcel Aug\u00e9 fest, und dann \u2026 kamen nach den Nationalmannschaften die Markenteams, und das <em>besiegtelte letztlich den Triumph der Konsumgesellschaft<\/em>. Man sei nicht auf den Gedanken gekommen, europ\u00e4ische Teams gegen asiatische, afrikanische und amerikanische antreten zu lassen.<\/p>\n<p>Marcel Aug\u00e9 bringt uns bei, dass man mit dem Fahrrad sich selber erkennt und auch den anderen wieder neu ins Auge fasst. Das Fahrrad k\u00f6nne <em>unvorhergesehene<\/em> <em>Begegnungen f\u00f6rdern<\/em> und dem Zufall wieder seinem Recht verhelfen \u2013 und es k\u00f6nnte uns die Stadt neu erleben lassen. Der Erfolg der Verleihstationen in Paris und Lyon sei erfreulich; vielleicht m\u00fcsse man eines Tages sein Auto in einem Silo abstellen und mit dem Rad ins Zentrum fahren, und sch\u00f6n, dass der Autor an Modena, Bologna und Parma (Ferrara hat er vergessen) erinnert, wo das Rad zu einer entspannten b\u00fcrgerlichen Kultur geh\u00f6rt.<\/p>\n<p>Marcel Aug\u00e9 macht uns Mut und findet auch nette Worte f\u00fcr das E-Bike. Sein Blick ins Jahr 2037 l\u00e4sst unsere Augen gl\u00e4nzen. \u00bbDie R\u00fcckkehr zur Utopie w\u00e4re gleichbedeutend mit einer R\u00fcckkehr zur Realit\u00e4t\u00ab, meint Aug\u00e9. Uns geh\u00f6rt die Zukunft, wir m\u00fcssen nur ein wenig Geduld haben und an ihr mitbasteln.<\/p>\n","protected":false},"excerpt":{"rendered":"<p>Lob des Fahrrads von Marcel Aug\u00e9, erschienen deutsch bei C. H. Beck, ist ein Juwel: Auf 100 Seiten gelingt es dem franz\u00f6sischen Anthropologen, den Geist des Fahrrads einzufangen und zu beschw\u00f6ren und dabei sogar Hoffnung zu wecken. \u00bbSchwingt euch auf die R\u00e4der, um das Leben zu ver\u00e4ndern!\u00ab r\u00e4t er zum Schluss. Wie ich es oft [&hellip;]<\/p>\n","protected":false},"author":1,"featured_media":0,"comment_status":"open","ping_status":"open","sticky":false,"template":"","format":"standard","meta":{"footnotes":""},"categories":[1222],"tags":[172,135],"class_list":["post-13213","post","type-post","status-publish","format-standard","hentry","category-fahrrad","tag-erinnerung","tag-frankreich"],"yoast_head":"<!-- This site is optimized with the Yoast SEO plugin v27.3 - https:\/\/yoast.com\/product\/yoast-seo-wordpress\/ -->\n<title>Lob des Fahrrads - manipogo<\/title>\n<meta name=\"robots\" content=\"index, follow, max-snippet:-1, max-image-preview:large, max-video-preview:-1\" \/>\n<link rel=\"canonical\" href=\"https:\/\/manipogo.de\/?p=13213\" \/>\n<meta property=\"og:locale\" content=\"de_DE\" \/>\n<meta property=\"og:type\" content=\"article\" \/>\n<meta property=\"og:title\" content=\"Lob des Fahrrads - manipogo\" \/>\n<meta property=\"og:description\" content=\"Lob des Fahrrads von Marcel Aug\u00e9, erschienen deutsch bei C. H. Beck, ist ein Juwel: Auf 100 Seiten gelingt es dem franz\u00f6sischen Anthropologen, den Geist des Fahrrads einzufangen und zu beschw\u00f6ren und dabei sogar Hoffnung zu wecken. \u00bbSchwingt euch auf die R\u00e4der, um das Leben zu ver\u00e4ndern!\u00ab r\u00e4t er zum Schluss. Wie ich es oft [&hellip;]\" \/>\n<meta property=\"og:url\" content=\"https:\/\/manipogo.de\/?p=13213\" \/>\n<meta property=\"og:site_name\" content=\"manipogo\" \/>\n<meta property=\"article:published_time\" content=\"2017-05-07T23:49:19+00:00\" \/>\n<meta property=\"og:image\" content=\"http:\/\/manipogo.de\/wp-content\/uploads\/Auge-182x300.jpg\" \/>\n<meta name=\"author\" content=\"web108\" \/>\n<meta name=\"twitter:card\" content=\"summary_large_image\" \/>\n<meta name=\"twitter:label1\" content=\"Verfasst von\" \/>\n\t<meta name=\"twitter:data1\" content=\"web108\" \/>\n\t<meta name=\"twitter:label2\" content=\"Gesch\u00e4tzte Lesezeit\" \/>\n\t<meta name=\"twitter:data2\" content=\"2\u00a0Minuten\" \/>\n<script type=\"application\/ld+json\" class=\"yoast-schema-graph\">{\"@context\":\"https:\\\/\\\/schema.org\",\"@graph\":[{\"@type\":\"Article\",\"@id\":\"https:\\\/\\\/manipogo.de\\\/?p=13213#article\",\"isPartOf\":{\"@id\":\"https:\\\/\\\/manipogo.de\\\/?p=13213\"},\"author\":{\"name\":\"web108\",\"@id\":\"https:\\\/\\\/manipogo.de\\\/#\\\/schema\\\/person\\\/991913de0e39267877f234553fd7f58d\"},\"headline\":\"Lob des Fahrrads\",\"datePublished\":\"2017-05-07T23:49:19+00:00\",\"mainEntityOfPage\":{\"@id\":\"https:\\\/\\\/manipogo.de\\\/?p=13213\"},\"wordCount\":426,\"commentCount\":0,\"image\":{\"@id\":\"https:\\\/\\\/manipogo.de\\\/?p=13213#primaryimage\"},\"thumbnailUrl\":\"http:\\\/\\\/manipogo.de\\\/wp-content\\\/uploads\\\/Auge-182x300.jpg\",\"keywords\":[\"Erinnerung\",\"Frankreich\"],\"articleSection\":[\"Fahrrad\"],\"inLanguage\":\"de\",\"potentialAction\":[{\"@type\":\"CommentAction\",\"name\":\"Comment\",\"target\":[\"https:\\\/\\\/manipogo.de\\\/?p=13213#respond\"]}]},{\"@type\":\"WebPage\",\"@id\":\"https:\\\/\\\/manipogo.de\\\/?p=13213\",\"url\":\"https:\\\/\\\/manipogo.de\\\/?p=13213\",\"name\":\"Lob des Fahrrads - manipogo\",\"isPartOf\":{\"@id\":\"https:\\\/\\\/manipogo.de\\\/#website\"},\"primaryImageOfPage\":{\"@id\":\"https:\\\/\\\/manipogo.de\\\/?p=13213#primaryimage\"},\"image\":{\"@id\":\"https:\\\/\\\/manipogo.de\\\/?p=13213#primaryimage\"},\"thumbnailUrl\":\"http:\\\/\\\/manipogo.de\\\/wp-content\\\/uploads\\\/Auge-182x300.jpg\",\"datePublished\":\"2017-05-07T23:49:19+00:00\",\"author\":{\"@id\":\"https:\\\/\\\/manipogo.de\\\/#\\\/schema\\\/person\\\/991913de0e39267877f234553fd7f58d\"},\"breadcrumb\":{\"@id\":\"https:\\\/\\\/manipogo.de\\\/?p=13213#breadcrumb\"},\"inLanguage\":\"de\",\"potentialAction\":[{\"@type\":\"ReadAction\",\"target\":[\"https:\\\/\\\/manipogo.de\\\/?p=13213\"]}]},{\"@type\":\"ImageObject\",\"inLanguage\":\"de\",\"@id\":\"https:\\\/\\\/manipogo.de\\\/?p=13213#primaryimage\",\"url\":\"https:\\\/\\\/manipogo.de\\\/wp-content\\\/uploads\\\/Auge.jpg\",\"contentUrl\":\"https:\\\/\\\/manipogo.de\\\/wp-content\\\/uploads\\\/Auge.jpg\",\"width\":540,\"height\":891},{\"@type\":\"BreadcrumbList\",\"@id\":\"https:\\\/\\\/manipogo.de\\\/?p=13213#breadcrumb\",\"itemListElement\":[{\"@type\":\"ListItem\",\"position\":1,\"name\":\"Startseite\",\"item\":\"https:\\\/\\\/manipogo.de\\\/\"},{\"@type\":\"ListItem\",\"position\":2,\"name\":\"Lob des Fahrrads\"}]},{\"@type\":\"WebSite\",\"@id\":\"https:\\\/\\\/manipogo.de\\\/#website\",\"url\":\"https:\\\/\\\/manipogo.de\\\/\",\"name\":\"manipogo\",\"description\":\"Gott und die Welt\",\"potentialAction\":[{\"@type\":\"SearchAction\",\"target\":{\"@type\":\"EntryPoint\",\"urlTemplate\":\"https:\\\/\\\/manipogo.de\\\/?s={search_term_string}\"},\"query-input\":{\"@type\":\"PropertyValueSpecification\",\"valueRequired\":true,\"valueName\":\"search_term_string\"}}],\"inLanguage\":\"de\"},{\"@type\":\"Person\",\"@id\":\"https:\\\/\\\/manipogo.de\\\/#\\\/schema\\\/person\\\/991913de0e39267877f234553fd7f58d\",\"name\":\"web108\",\"url\":\"https:\\\/\\\/manipogo.de\\\/?author=1\"}]}<\/script>\n<!-- \/ Yoast SEO plugin. -->","yoast_head_json":{"title":"Lob des Fahrrads - manipogo","robots":{"index":"index","follow":"follow","max-snippet":"max-snippet:-1","max-image-preview":"max-image-preview:large","max-video-preview":"max-video-preview:-1"},"canonical":"https:\/\/manipogo.de\/?p=13213","og_locale":"de_DE","og_type":"article","og_title":"Lob des Fahrrads - manipogo","og_description":"Lob des Fahrrads von Marcel Aug\u00e9, erschienen deutsch bei C. H. Beck, ist ein Juwel: Auf 100 Seiten gelingt es dem franz\u00f6sischen Anthropologen, den Geist des Fahrrads einzufangen und zu beschw\u00f6ren und dabei sogar Hoffnung zu wecken. \u00bbSchwingt euch auf die R\u00e4der, um das Leben zu ver\u00e4ndern!\u00ab r\u00e4t er zum Schluss. Wie ich es oft [&hellip;]","og_url":"https:\/\/manipogo.de\/?p=13213","og_site_name":"manipogo","article_published_time":"2017-05-07T23:49:19+00:00","og_image":[{"url":"http:\/\/manipogo.de\/wp-content\/uploads\/Auge-182x300.jpg","type":"","width":"","height":""}],"author":"web108","twitter_card":"summary_large_image","twitter_misc":{"Verfasst von":"web108","Gesch\u00e4tzte Lesezeit":"2\u00a0Minuten"},"schema":{"@context":"https:\/\/schema.org","@graph":[{"@type":"Article","@id":"https:\/\/manipogo.de\/?p=13213#article","isPartOf":{"@id":"https:\/\/manipogo.de\/?p=13213"},"author":{"name":"web108","@id":"https:\/\/manipogo.de\/#\/schema\/person\/991913de0e39267877f234553fd7f58d"},"headline":"Lob des Fahrrads","datePublished":"2017-05-07T23:49:19+00:00","mainEntityOfPage":{"@id":"https:\/\/manipogo.de\/?p=13213"},"wordCount":426,"commentCount":0,"image":{"@id":"https:\/\/manipogo.de\/?p=13213#primaryimage"},"thumbnailUrl":"http:\/\/manipogo.de\/wp-content\/uploads\/Auge-182x300.jpg","keywords":["Erinnerung","Frankreich"],"articleSection":["Fahrrad"],"inLanguage":"de","potentialAction":[{"@type":"CommentAction","name":"Comment","target":["https:\/\/manipogo.de\/?p=13213#respond"]}]},{"@type":"WebPage","@id":"https:\/\/manipogo.de\/?p=13213","url":"https:\/\/manipogo.de\/?p=13213","name":"Lob des Fahrrads - manipogo","isPartOf":{"@id":"https:\/\/manipogo.de\/#website"},"primaryImageOfPage":{"@id":"https:\/\/manipogo.de\/?p=13213#primaryimage"},"image":{"@id":"https:\/\/manipogo.de\/?p=13213#primaryimage"},"thumbnailUrl":"http:\/\/manipogo.de\/wp-content\/uploads\/Auge-182x300.jpg","datePublished":"2017-05-07T23:49:19+00:00","author":{"@id":"https:\/\/manipogo.de\/#\/schema\/person\/991913de0e39267877f234553fd7f58d"},"breadcrumb":{"@id":"https:\/\/manipogo.de\/?p=13213#breadcrumb"},"inLanguage":"de","potentialAction":[{"@type":"ReadAction","target":["https:\/\/manipogo.de\/?p=13213"]}]},{"@type":"ImageObject","inLanguage":"de","@id":"https:\/\/manipogo.de\/?p=13213#primaryimage","url":"https:\/\/manipogo.de\/wp-content\/uploads\/Auge.jpg","contentUrl":"https:\/\/manipogo.de\/wp-content\/uploads\/Auge.jpg","width":540,"height":891},{"@type":"BreadcrumbList","@id":"https:\/\/manipogo.de\/?p=13213#breadcrumb","itemListElement":[{"@type":"ListItem","position":1,"name":"Startseite","item":"https:\/\/manipogo.de\/"},{"@type":"ListItem","position":2,"name":"Lob des Fahrrads"}]},{"@type":"WebSite","@id":"https:\/\/manipogo.de\/#website","url":"https:\/\/manipogo.de\/","name":"manipogo","description":"Gott und die Welt","potentialAction":[{"@type":"SearchAction","target":{"@type":"EntryPoint","urlTemplate":"https:\/\/manipogo.de\/?s={search_term_string}"},"query-input":{"@type":"PropertyValueSpecification","valueRequired":true,"valueName":"search_term_string"}}],"inLanguage":"de"},{"@type":"Person","@id":"https:\/\/manipogo.de\/#\/schema\/person\/991913de0e39267877f234553fd7f58d","name":"web108","url":"https:\/\/manipogo.de\/?author=1"}]}},"_links":{"self":[{"href":"https:\/\/manipogo.de\/index.php?rest_route=\/wp\/v2\/posts\/13213","targetHints":{"allow":["GET"]}}],"collection":[{"href":"https:\/\/manipogo.de\/index.php?rest_route=\/wp\/v2\/posts"}],"about":[{"href":"https:\/\/manipogo.de\/index.php?rest_route=\/wp\/v2\/types\/post"}],"author":[{"embeddable":true,"href":"https:\/\/manipogo.de\/index.php?rest_route=\/wp\/v2\/users\/1"}],"replies":[{"embeddable":true,"href":"https:\/\/manipogo.de\/index.php?rest_route=%2Fwp%2Fv2%2Fcomments&post=13213"}],"version-history":[{"count":4,"href":"https:\/\/manipogo.de\/index.php?rest_route=\/wp\/v2\/posts\/13213\/revisions"}],"predecessor-version":[{"id":13309,"href":"https:\/\/manipogo.de\/index.php?rest_route=\/wp\/v2\/posts\/13213\/revisions\/13309"}],"wp:attachment":[{"href":"https:\/\/manipogo.de\/index.php?rest_route=%2Fwp%2Fv2%2Fmedia&parent=13213"}],"wp:term":[{"taxonomy":"category","embeddable":true,"href":"https:\/\/manipogo.de\/index.php?rest_route=%2Fwp%2Fv2%2Fcategories&post=13213"},{"taxonomy":"post_tag","embeddable":true,"href":"https:\/\/manipogo.de\/index.php?rest_route=%2Fwp%2Fv2%2Ftags&post=13213"}],"curies":[{"name":"wp","href":"https:\/\/api.w.org\/{rel}","templated":true}]}}