{"id":13223,"date":"2017-05-10T00:46:47","date_gmt":"2017-05-09T23:46:47","guid":{"rendered":"http:\/\/manipogo.de\/?p=13223"},"modified":"2017-04-30T20:17:34","modified_gmt":"2017-04-30T18:17:34","slug":"don-camillo-der-radelnde-priester","status":"publish","type":"post","link":"https:\/\/manipogo.de\/?p=13223","title":{"rendered":"Don Camillo, der radelnde Priester"},"content":{"rendered":"<p><em>Don Camillo und Peppone<\/em> war in den 1950-er und 1960-er Jahren eine erfolgreiche Buchreihe von Giovanni Guareschi (1908-1968). F\u00fcnf Filme wurden gemacht mit Fernandel als Don Camillo und Gino Cervi als Peppone, dem kommunistischen B\u00fcrgermeister. Der Priester des Ortes in der <em>Bassa<\/em> f\u00e4hrt oft mit dem Fahrrad herum. \u00a0<!--more--><\/p>\n<p><a href=\"https:\/\/manipogo.de\/wp-content\/uploads\/doncamillo.jpg\" rel=\"attachment wp-att-13224\"><img loading=\"lazy\" decoding=\"async\" class=\"alignright size-medium wp-image-13224\" src=\"https:\/\/manipogo.de\/wp-content\/uploads\/doncamillo-177x300.jpg\" alt=\"doncamillo\" width=\"177\" height=\"300\" srcset=\"https:\/\/manipogo.de\/wp-content\/uploads\/doncamillo-177x300.jpg 177w, https:\/\/manipogo.de\/wp-content\/uploads\/doncamillo.jpg 540w\" sizes=\"auto, (max-width: 177px) 100vw, 177px\" \/><\/a>W\u00e4hrend der Dreharbeiten zum sechsten Film starb Fernandel, der ein Franzose aus Marseille war, am Lungenkrebs. Gleich danach beendete auch Cervi \u2015 als Peppone Don Camillos Lieblingsfeind und gleichzeitig seine geliebte <em>andere H\u00e4lfte<\/em> \u2015 seine Karriere. <em>Peppone<\/em> ist auf dem Einband des Buches, das ich heranzog, in Rot geschrieben, Don Camillo schwarz. Klar, Peppone ist Kommunist, der Priester tr\u00e4gt ja Schwarz. Wir denken an den ber\u00fchmten Roman <em>Le Rouge et le Noir<\/em> von Stendal, das Rot (rouge) steht dabei allerdings f\u00fcr die Armee (der rote Rock), das Schwarz (noir) f\u00fcr die Kirche.<\/p>\n<p>In einem <em>rororo<\/em>-B\u00fcchlein, 1970 erschienen, sind ein paar Guareschi-Geschichten \u00fcber die beiden Kontrahenten versammelt (eine wurde auf <em>manipogo<\/em> herausgegriffen), und solche mit einem Fahrrad habe ich mir eingemerkt. In <em>Die Verfolgung<\/em> hat jemand Knallerbsen an den Kirchenglocken befestigt, der Krach ist schrecklich. Don Camillo ist w\u00fctend und will sich r\u00e4chen. Da wendet sich die Frau von Peppone an ihn: Ihr Mann wolle sich in Castellino an einem r\u00e4chen, der auf ihn geschossen hatte. Er habe die Maschinenpistole mitgenommen. Nun dr\u00e4ngt die Zeit!<\/p>\n<p><em>Drei Minuten sp\u00e4ter sa\u00df Don Camillo mit der hochgebundenen Soutane auf dem Rennrad, Marke \u00bbWolsit\u00ab, das dem Sohn des Sakristans geh\u00f6rte, und fuhr mit allen Kr\u00e4ften nach Castellino. Es war herrlicher Mondschein, und so erblickte Don Camillo vier Kilometer vor Castellino einen Mann, der auf der Br\u00fcstung einer kleinen Br\u00fccke \u00fcber dem Fossone sa\u00df. \u00a0\u00a0\u00a0<\/em><\/p>\n<p>Peppone! Er hat sich\u2019s anders \u00fcberlegt. Zum Gl\u00fcck.<\/p>\n<p><em>\u00bbHm, das schaut gut aus, ein Priester auf dem Rad!\u00ab lachte ihn Peppone aus. Don Camillo lie\u00df sich neben ihm nieder. \u00bbMein Sohn, man muss darauf gefasst sein, allerlei in dieser Welt zu erleben.\u00ab<\/em><\/p>\n<p>Don Camillo spricht ja immer mit dem Heiland am Kreuz in seiner Kirche. Im Dialog mit diesem erfahren wir (indirekt), was dann geschehen ist, ein sch\u00f6ner Kunstgriff des Autors. Er h\u00e4tte Peppone nicht unbedingt an den Beinen packen und ins Wasser werfen m\u00fcssen, gibt Jesus zu bedenken. Don Camillo:<\/p>\n<p><em>\u00bbWirklich, ich kann mich nicht gut erinnern. Tatsache ist, dass es ihm nicht gefiel, einen Priester auf dem Rennrad zu sehen, und so habe ich ihm geholfen, nichts mehr zu sehen.\u00ab \u2026 \u00bbAls ich ihn in den Graben fallen sah, dachte ich mir, dass er so nass nicht gut radfahren k\u00f6nne, und so bin ich auf den Gedanken gekommen, mit den beiden Fahrr\u00e4dern zur\u00fcckzukehren.\u00ab<\/em><\/p>\n<p>Sp\u00e4ter holt Peppone sein Fahrrad. Aber er vermisst seine Maschinenpistole. Don Camillo wei\u00df nicht einmal, was das ist, eine Maschinenpistole \u2026 Peppone grummelt, er habe einen Fehler gemacht. Nicht Knallerbsen, sondern eine halbe Tonne Dynamik h\u00e4tte er an die Glockenstr\u00e4nge binden sollen. Der Priester antwortet cool: <em>Irren ist menschlich. \u00a0<\/em><\/p>\n<p>Als ich <em>Wolsit<\/em> las, die Rennrad-Marke, machte es in mir <em>klick<\/em>. Das Buch erschien erstmals im M\u00e4rz 1957 (ich war einen Monat alt), und im 1961 publizierten <em>Der Garten der Finzi-Contini<\/em> von Giorgio Bassano lenkt der Erz\u00e4hler auch ein(e) <em>Wolsit <\/em>und will sie verstecken, als er in der Eingangsszene Mic\u00f3l trifft. Dar\u00fcber habe ich bei der Kritischen Ausgabe <a href=\"http:\/\/www.kritische-ausgabe.de\/artikel\/im-garten-der-finzi-contini\" target=\"_blank\">einen Artikel geschrieben<\/a>, und eine italienische Seite <a href=\"https:\/\/biciclopedia.wordpress.com\/category\/il-giardino-dei-finzi-contini\/\" target=\"_blank\">widmet sich dem Thema auch<\/a>. Wikipedia sagt uns, dass die Gesellschaft <em>Wolseley Italiana<\/em> 1907 in Legnano gegr\u00fcndet wurde und bereits 1909 wieder einging. Die R\u00e4der hie\u00dfen Wolsit. <em>\u00a0<\/em><\/p>\n","protected":false},"excerpt":{"rendered":"<p>Don Camillo und Peppone war in den 1950-er und 1960-er Jahren eine erfolgreiche Buchreihe von Giovanni Guareschi (1908-1968). F\u00fcnf Filme wurden gemacht mit Fernandel als Don Camillo und Gino Cervi als Peppone, dem kommunistischen B\u00fcrgermeister. Der Priester des Ortes in der Bassa f\u00e4hrt oft mit dem Fahrrad herum. \u00a0<\/p>\n","protected":false},"author":1,"featured_media":0,"comment_status":"open","ping_status":"open","sticky":false,"template":"","format":"standard","meta":{"footnotes":""},"categories":[1222],"tags":[1352,1353],"class_list":["post-13223","post","type-post","status-publish","format-standard","hentry","category-fahrrad","tag-camillo","tag-peppone"],"yoast_head":"<!-- This site is optimized with the Yoast SEO plugin v27.3 - https:\/\/yoast.com\/product\/yoast-seo-wordpress\/ -->\n<title>Don Camillo, der radelnde Priester - manipogo<\/title>\n<meta name=\"robots\" content=\"index, follow, max-snippet:-1, max-image-preview:large, max-video-preview:-1\" \/>\n<link rel=\"canonical\" href=\"https:\/\/manipogo.de\/?p=13223\" \/>\n<meta property=\"og:locale\" content=\"de_DE\" \/>\n<meta property=\"og:type\" content=\"article\" \/>\n<meta property=\"og:title\" content=\"Don Camillo, der radelnde Priester - manipogo\" \/>\n<meta property=\"og:description\" content=\"Don Camillo und Peppone war in den 1950-er und 1960-er Jahren eine erfolgreiche Buchreihe von Giovanni Guareschi (1908-1968). F\u00fcnf Filme wurden gemacht mit Fernandel als Don Camillo und Gino Cervi als Peppone, dem kommunistischen B\u00fcrgermeister. Der Priester des Ortes in der Bassa f\u00e4hrt oft mit dem Fahrrad herum. \u00a0\" \/>\n<meta property=\"og:url\" content=\"https:\/\/manipogo.de\/?p=13223\" \/>\n<meta property=\"og:site_name\" content=\"manipogo\" \/>\n<meta property=\"article:published_time\" content=\"2017-05-09T23:46:47+00:00\" \/>\n<meta property=\"og:image\" content=\"http:\/\/manipogo.de\/wp-content\/uploads\/doncamillo-177x300.jpg\" \/>\n<meta name=\"author\" content=\"web108\" \/>\n<meta name=\"twitter:card\" content=\"summary_large_image\" \/>\n<meta name=\"twitter:label1\" content=\"Verfasst von\" \/>\n\t<meta name=\"twitter:data1\" content=\"web108\" \/>\n\t<meta name=\"twitter:label2\" content=\"Gesch\u00e4tzte Lesezeit\" \/>\n\t<meta name=\"twitter:data2\" content=\"3\u00a0Minuten\" \/>\n<script type=\"application\/ld+json\" class=\"yoast-schema-graph\">{\"@context\":\"https:\\\/\\\/schema.org\",\"@graph\":[{\"@type\":\"Article\",\"@id\":\"https:\\\/\\\/manipogo.de\\\/?p=13223#article\",\"isPartOf\":{\"@id\":\"https:\\\/\\\/manipogo.de\\\/?p=13223\"},\"author\":{\"name\":\"web108\",\"@id\":\"https:\\\/\\\/manipogo.de\\\/#\\\/schema\\\/person\\\/991913de0e39267877f234553fd7f58d\"},\"headline\":\"Don Camillo, der radelnde Priester\",\"datePublished\":\"2017-05-09T23:46:47+00:00\",\"mainEntityOfPage\":{\"@id\":\"https:\\\/\\\/manipogo.de\\\/?p=13223\"},\"wordCount\":606,\"commentCount\":0,\"image\":{\"@id\":\"https:\\\/\\\/manipogo.de\\\/?p=13223#primaryimage\"},\"thumbnailUrl\":\"http:\\\/\\\/manipogo.de\\\/wp-content\\\/uploads\\\/doncamillo-177x300.jpg\",\"keywords\":[\"Camillo\",\"Peppone\"],\"articleSection\":[\"Fahrrad\"],\"inLanguage\":\"de\",\"potentialAction\":[{\"@type\":\"CommentAction\",\"name\":\"Comment\",\"target\":[\"https:\\\/\\\/manipogo.de\\\/?p=13223#respond\"]}]},{\"@type\":\"WebPage\",\"@id\":\"https:\\\/\\\/manipogo.de\\\/?p=13223\",\"url\":\"https:\\\/\\\/manipogo.de\\\/?p=13223\",\"name\":\"Don Camillo, der radelnde Priester - manipogo\",\"isPartOf\":{\"@id\":\"https:\\\/\\\/manipogo.de\\\/#website\"},\"primaryImageOfPage\":{\"@id\":\"https:\\\/\\\/manipogo.de\\\/?p=13223#primaryimage\"},\"image\":{\"@id\":\"https:\\\/\\\/manipogo.de\\\/?p=13223#primaryimage\"},\"thumbnailUrl\":\"http:\\\/\\\/manipogo.de\\\/wp-content\\\/uploads\\\/doncamillo-177x300.jpg\",\"datePublished\":\"2017-05-09T23:46:47+00:00\",\"author\":{\"@id\":\"https:\\\/\\\/manipogo.de\\\/#\\\/schema\\\/person\\\/991913de0e39267877f234553fd7f58d\"},\"breadcrumb\":{\"@id\":\"https:\\\/\\\/manipogo.de\\\/?p=13223#breadcrumb\"},\"inLanguage\":\"de\",\"potentialAction\":[{\"@type\":\"ReadAction\",\"target\":[\"https:\\\/\\\/manipogo.de\\\/?p=13223\"]}]},{\"@type\":\"ImageObject\",\"inLanguage\":\"de\",\"@id\":\"https:\\\/\\\/manipogo.de\\\/?p=13223#primaryimage\",\"url\":\"https:\\\/\\\/manipogo.de\\\/wp-content\\\/uploads\\\/doncamillo.jpg\",\"contentUrl\":\"https:\\\/\\\/manipogo.de\\\/wp-content\\\/uploads\\\/doncamillo.jpg\",\"width\":540,\"height\":914},{\"@type\":\"BreadcrumbList\",\"@id\":\"https:\\\/\\\/manipogo.de\\\/?p=13223#breadcrumb\",\"itemListElement\":[{\"@type\":\"ListItem\",\"position\":1,\"name\":\"Startseite\",\"item\":\"https:\\\/\\\/manipogo.de\\\/\"},{\"@type\":\"ListItem\",\"position\":2,\"name\":\"Don Camillo, der radelnde Priester\"}]},{\"@type\":\"WebSite\",\"@id\":\"https:\\\/\\\/manipogo.de\\\/#website\",\"url\":\"https:\\\/\\\/manipogo.de\\\/\",\"name\":\"manipogo\",\"description\":\"Gott und die Welt\",\"potentialAction\":[{\"@type\":\"SearchAction\",\"target\":{\"@type\":\"EntryPoint\",\"urlTemplate\":\"https:\\\/\\\/manipogo.de\\\/?s={search_term_string}\"},\"query-input\":{\"@type\":\"PropertyValueSpecification\",\"valueRequired\":true,\"valueName\":\"search_term_string\"}}],\"inLanguage\":\"de\"},{\"@type\":\"Person\",\"@id\":\"https:\\\/\\\/manipogo.de\\\/#\\\/schema\\\/person\\\/991913de0e39267877f234553fd7f58d\",\"name\":\"web108\",\"url\":\"https:\\\/\\\/manipogo.de\\\/?author=1\"}]}<\/script>\n<!-- \/ Yoast SEO plugin. -->","yoast_head_json":{"title":"Don Camillo, der radelnde Priester - manipogo","robots":{"index":"index","follow":"follow","max-snippet":"max-snippet:-1","max-image-preview":"max-image-preview:large","max-video-preview":"max-video-preview:-1"},"canonical":"https:\/\/manipogo.de\/?p=13223","og_locale":"de_DE","og_type":"article","og_title":"Don Camillo, der radelnde Priester - manipogo","og_description":"Don Camillo und Peppone war in den 1950-er und 1960-er Jahren eine erfolgreiche Buchreihe von Giovanni Guareschi (1908-1968). F\u00fcnf Filme wurden gemacht mit Fernandel als Don Camillo und Gino Cervi als Peppone, dem kommunistischen B\u00fcrgermeister. Der Priester des Ortes in der Bassa f\u00e4hrt oft mit dem Fahrrad herum. \u00a0","og_url":"https:\/\/manipogo.de\/?p=13223","og_site_name":"manipogo","article_published_time":"2017-05-09T23:46:47+00:00","og_image":[{"url":"http:\/\/manipogo.de\/wp-content\/uploads\/doncamillo-177x300.jpg","type":"","width":"","height":""}],"author":"web108","twitter_card":"summary_large_image","twitter_misc":{"Verfasst von":"web108","Gesch\u00e4tzte Lesezeit":"3\u00a0Minuten"},"schema":{"@context":"https:\/\/schema.org","@graph":[{"@type":"Article","@id":"https:\/\/manipogo.de\/?p=13223#article","isPartOf":{"@id":"https:\/\/manipogo.de\/?p=13223"},"author":{"name":"web108","@id":"https:\/\/manipogo.de\/#\/schema\/person\/991913de0e39267877f234553fd7f58d"},"headline":"Don Camillo, der radelnde Priester","datePublished":"2017-05-09T23:46:47+00:00","mainEntityOfPage":{"@id":"https:\/\/manipogo.de\/?p=13223"},"wordCount":606,"commentCount":0,"image":{"@id":"https:\/\/manipogo.de\/?p=13223#primaryimage"},"thumbnailUrl":"http:\/\/manipogo.de\/wp-content\/uploads\/doncamillo-177x300.jpg","keywords":["Camillo","Peppone"],"articleSection":["Fahrrad"],"inLanguage":"de","potentialAction":[{"@type":"CommentAction","name":"Comment","target":["https:\/\/manipogo.de\/?p=13223#respond"]}]},{"@type":"WebPage","@id":"https:\/\/manipogo.de\/?p=13223","url":"https:\/\/manipogo.de\/?p=13223","name":"Don Camillo, der radelnde Priester - manipogo","isPartOf":{"@id":"https:\/\/manipogo.de\/#website"},"primaryImageOfPage":{"@id":"https:\/\/manipogo.de\/?p=13223#primaryimage"},"image":{"@id":"https:\/\/manipogo.de\/?p=13223#primaryimage"},"thumbnailUrl":"http:\/\/manipogo.de\/wp-content\/uploads\/doncamillo-177x300.jpg","datePublished":"2017-05-09T23:46:47+00:00","author":{"@id":"https:\/\/manipogo.de\/#\/schema\/person\/991913de0e39267877f234553fd7f58d"},"breadcrumb":{"@id":"https:\/\/manipogo.de\/?p=13223#breadcrumb"},"inLanguage":"de","potentialAction":[{"@type":"ReadAction","target":["https:\/\/manipogo.de\/?p=13223"]}]},{"@type":"ImageObject","inLanguage":"de","@id":"https:\/\/manipogo.de\/?p=13223#primaryimage","url":"https:\/\/manipogo.de\/wp-content\/uploads\/doncamillo.jpg","contentUrl":"https:\/\/manipogo.de\/wp-content\/uploads\/doncamillo.jpg","width":540,"height":914},{"@type":"BreadcrumbList","@id":"https:\/\/manipogo.de\/?p=13223#breadcrumb","itemListElement":[{"@type":"ListItem","position":1,"name":"Startseite","item":"https:\/\/manipogo.de\/"},{"@type":"ListItem","position":2,"name":"Don Camillo, der radelnde Priester"}]},{"@type":"WebSite","@id":"https:\/\/manipogo.de\/#website","url":"https:\/\/manipogo.de\/","name":"manipogo","description":"Gott und die Welt","potentialAction":[{"@type":"SearchAction","target":{"@type":"EntryPoint","urlTemplate":"https:\/\/manipogo.de\/?s={search_term_string}"},"query-input":{"@type":"PropertyValueSpecification","valueRequired":true,"valueName":"search_term_string"}}],"inLanguage":"de"},{"@type":"Person","@id":"https:\/\/manipogo.de\/#\/schema\/person\/991913de0e39267877f234553fd7f58d","name":"web108","url":"https:\/\/manipogo.de\/?author=1"}]}},"_links":{"self":[{"href":"https:\/\/manipogo.de\/index.php?rest_route=\/wp\/v2\/posts\/13223","targetHints":{"allow":["GET"]}}],"collection":[{"href":"https:\/\/manipogo.de\/index.php?rest_route=\/wp\/v2\/posts"}],"about":[{"href":"https:\/\/manipogo.de\/index.php?rest_route=\/wp\/v2\/types\/post"}],"author":[{"embeddable":true,"href":"https:\/\/manipogo.de\/index.php?rest_route=\/wp\/v2\/users\/1"}],"replies":[{"embeddable":true,"href":"https:\/\/manipogo.de\/index.php?rest_route=%2Fwp%2Fv2%2Fcomments&post=13223"}],"version-history":[{"count":3,"href":"https:\/\/manipogo.de\/index.php?rest_route=\/wp\/v2\/posts\/13223\/revisions"}],"predecessor-version":[{"id":13311,"href":"https:\/\/manipogo.de\/index.php?rest_route=\/wp\/v2\/posts\/13223\/revisions\/13311"}],"wp:attachment":[{"href":"https:\/\/manipogo.de\/index.php?rest_route=%2Fwp%2Fv2%2Fmedia&parent=13223"}],"wp:term":[{"taxonomy":"category","embeddable":true,"href":"https:\/\/manipogo.de\/index.php?rest_route=%2Fwp%2Fv2%2Fcategories&post=13223"},{"taxonomy":"post_tag","embeddable":true,"href":"https:\/\/manipogo.de\/index.php?rest_route=%2Fwp%2Fv2%2Ftags&post=13223"}],"curies":[{"name":"wp","href":"https:\/\/api.w.org\/{rel}","templated":true}]}}