{"id":13226,"date":"2017-05-12T01:20:52","date_gmt":"2017-05-12T00:20:52","guid":{"rendered":"http:\/\/manipogo.de\/?p=13226"},"modified":"2017-04-30T20:25:24","modified_gmt":"2017-04-30T18:25:24","slug":"don-camillo-2","status":"publish","type":"post","link":"https:\/\/manipogo.de\/?p=13226","title":{"rendered":"Don Camillo (2)"},"content":{"rendered":"<p>Die Don-Camillo-Geschichten wurden nach dem Zweiten Weltkrieg geschrieben. Sie spielen 30 Jahre zuvor, Anfang der 1920-er Jahre, und bei aller Grobheit wirken die <em>Roten<\/em> (die Kommunisten) wie leicht fanatisierte Bauernburschen. Doch schon ab 1925 rollten die Faschisten unter Mussolini das Land auf. Damit h\u00f6rte jeder Spa\u00df auf.<!--more--><\/p>\n<p>Guareschi portr\u00e4tiert die <em>Roten,<\/em> die rot gekleidet auf Lastwagen in das Dorf einfielen, 30 junge Mann und 5 M\u00e4dchen, soffen und Witze rissen. Opernarien sangen sie nicht schlecht. In der Episode <em>Die St\u00e4dtischen<\/em> kommt Don Camillo auf dem Rad vorbei, und sie kommentieren: \u00bbSchau dir das an, ein Rennpriester!\u00ab<\/p>\n<div id=\"attachment_13314\" style=\"width: 550px\" class=\"wp-caption alignright\"><a href=\"https:\/\/manipogo.de\/wp-content\/uploads\/8c21014r.jpg\" rel=\"attachment wp-att-13314\"><img loading=\"lazy\" decoding=\"async\" aria-describedby=\"caption-attachment-13314\" class=\"size-full wp-image-13314\" src=\"https:\/\/manipogo.de\/wp-content\/uploads\/8c21014r.jpg\" alt=\"Ipswich, South Dakota: Ein Landpriester radelt in die Stadt. Foto von John Vachon, 1914-1975. Dank an: Library of Congress, Wash. D. C. \" width=\"540\" height=\"406\" srcset=\"https:\/\/manipogo.de\/wp-content\/uploads\/8c21014r.jpg 540w, https:\/\/manipogo.de\/wp-content\/uploads\/8c21014r-300x226.jpg 300w\" sizes=\"auto, (max-width: 540px) 100vw, 540px\" \/><\/a><p id=\"caption-attachment-13314\" class=\"wp-caption-text\">Ipswich, South Dakota: Ein Landpriester radelt in die Stadt. Foto von John Vachon, 1914-1975. Dank an: Library of Congress, Wash. D. C.<\/p><\/div>\n<p><em>Don Camillo steckte dies ruhig ein und fuhr durch das Gel\u00e4chter wie ein Panzer durch einen Strohhaufen. Als er dann das Stra\u00dfenende erreichte, kehrte er zur\u00fcck, anstatt nach Hause abzubiegen. Sein zweiter Durchgang hatte einen noch gr\u00f6\u00dferen Erfolg als der erste, und die rote Menge aus der Stadt schrie ihm einstimmig nach: \u00bbNur fest, Dickdarm!\u00ab<\/em><\/p>\n<p>Beim dritten Durchgang musste Don Camillo \u00bbSack\u00ab h\u00f6ren. Er hatte aber \u00bbNerven wie aus Stahl und beherrschte sich phantastisch\u00ab. Er w\u00fcrde sich nicht herausfordern lassen, \u2015 doch dann, \u00dcberraschung, widerspricht er sich selbst (ein weiterer Kunstgriff des Autors).<\/p>\n<p><em>Daraufhin bremste er, warf das Fahrrad beiseite, trat an die Gruppe heran, ergriff den Tisch, zog ihn unter den Leuten heraus, erhob ihn und schmiss ihn mitten in den Schwarm.<\/em><\/p>\n<p>Der H\u00e4uptling aus der Stadt schreit: \u00bbSie sind kein Preister, Sie sind ein faschistischer Aktivist! \u2026 Sie sind ein kompletter faschistischer Sto\u00dftrupp!\u00ab Da wird der Gegner erw\u00e4hnt, der ab 1925 zwei Jahrzehnte lang Italien im eisernen Griff halten sollte.<\/p>\n<p>Das Nachspiel: Es entspinnt sich ein Dialog mit Jesus, der Don Camillo zu drei Tagen Fasten verurteilt, w\u00e4hrend der er versuchen solle, nicht zu rauchen. Der Bischof (alt, klein, wei\u00df) l\u00e4dt ihn vor; f\u00fcnfzehn Verletzte, das ist nicht spa\u00dfig. Er habe das doch nicht alleine geschafft. Doch, beharrt Don Camillo. Er m\u00f6ge es beweisen, meint sein Vorgesetzter. Nur zu! Er warte. Also hebt der b\u00e4renstarke Priester einen Tisch hoch und wirft ihn in die Ecke, wo er zerbricht. Der Bischof resigniert. Don Camillo werde nie Bischof werden. Als ein Angestellter eintrifft, sagt der Bischof zu dessen Verbl\u00fcffung, er habe sich leider ge\u00e4rgert und den Tisch zerst\u00f6rt.<\/p>\n<p>Zu unserem Don Camillo sagt er: \u00bbGehe in Frieden, du Musketier des himmlischen K\u00f6nigs. Und ich danke dir, dass du so geschuftet hast, um einen armen alten Bischof ein wenig zu unterhalten.\u00ab<\/p>\n","protected":false},"excerpt":{"rendered":"<p>Die Don-Camillo-Geschichten wurden nach dem Zweiten Weltkrieg geschrieben. Sie spielen 30 Jahre zuvor, Anfang der 1920-er Jahre, und bei aller Grobheit wirken die Roten (die Kommunisten) wie leicht fanatisierte Bauernburschen. Doch schon ab 1925 rollten die Faschisten unter Mussolini das Land auf. Damit h\u00f6rte jeder Spa\u00df auf.<\/p>\n","protected":false},"author":1,"featured_media":0,"comment_status":"open","ping_status":"open","sticky":false,"template":"","format":"standard","meta":{"footnotes":""},"categories":[1222],"tags":[1352,1354],"class_list":["post-13226","post","type-post","status-publish","format-standard","hentry","category-fahrrad","tag-camillo","tag-kommunisten"],"yoast_head":"<!-- This site is optimized with the Yoast SEO plugin v27.3 - https:\/\/yoast.com\/product\/yoast-seo-wordpress\/ -->\n<title>Don Camillo (2) - manipogo<\/title>\n<meta name=\"robots\" content=\"index, follow, max-snippet:-1, max-image-preview:large, max-video-preview:-1\" \/>\n<link rel=\"canonical\" href=\"https:\/\/manipogo.de\/?p=13226\" \/>\n<meta property=\"og:locale\" content=\"de_DE\" \/>\n<meta property=\"og:type\" content=\"article\" \/>\n<meta property=\"og:title\" content=\"Don Camillo (2) - manipogo\" \/>\n<meta property=\"og:description\" content=\"Die Don-Camillo-Geschichten wurden nach dem Zweiten Weltkrieg geschrieben. Sie spielen 30 Jahre zuvor, Anfang der 1920-er Jahre, und bei aller Grobheit wirken die Roten (die Kommunisten) wie leicht fanatisierte Bauernburschen. Doch schon ab 1925 rollten die Faschisten unter Mussolini das Land auf. Damit h\u00f6rte jeder Spa\u00df auf.\" \/>\n<meta property=\"og:url\" content=\"https:\/\/manipogo.de\/?p=13226\" \/>\n<meta property=\"og:site_name\" content=\"manipogo\" \/>\n<meta property=\"article:published_time\" content=\"2017-05-12T00:20:52+00:00\" \/>\n<meta property=\"og:image\" content=\"http:\/\/manipogo.de\/wp-content\/uploads\/8c21014r.jpg\" \/>\n<meta name=\"author\" content=\"web108\" \/>\n<meta name=\"twitter:card\" content=\"summary_large_image\" \/>\n<meta name=\"twitter:label1\" content=\"Verfasst von\" \/>\n\t<meta name=\"twitter:data1\" content=\"web108\" \/>\n\t<meta name=\"twitter:label2\" content=\"Gesch\u00e4tzte Lesezeit\" \/>\n\t<meta name=\"twitter:data2\" content=\"2\u00a0Minuten\" \/>\n<script type=\"application\/ld+json\" class=\"yoast-schema-graph\">{\"@context\":\"https:\\\/\\\/schema.org\",\"@graph\":[{\"@type\":\"Article\",\"@id\":\"https:\\\/\\\/manipogo.de\\\/?p=13226#article\",\"isPartOf\":{\"@id\":\"https:\\\/\\\/manipogo.de\\\/?p=13226\"},\"author\":{\"name\":\"web108\",\"@id\":\"https:\\\/\\\/manipogo.de\\\/#\\\/schema\\\/person\\\/991913de0e39267877f234553fd7f58d\"},\"headline\":\"Don Camillo (2)\",\"datePublished\":\"2017-05-12T00:20:52+00:00\",\"mainEntityOfPage\":{\"@id\":\"https:\\\/\\\/manipogo.de\\\/?p=13226\"},\"wordCount\":443,\"commentCount\":0,\"image\":{\"@id\":\"https:\\\/\\\/manipogo.de\\\/?p=13226#primaryimage\"},\"thumbnailUrl\":\"http:\\\/\\\/manipogo.de\\\/wp-content\\\/uploads\\\/8c21014r.jpg\",\"keywords\":[\"Camillo\",\"Kommunisten\"],\"articleSection\":[\"Fahrrad\"],\"inLanguage\":\"de\",\"potentialAction\":[{\"@type\":\"CommentAction\",\"name\":\"Comment\",\"target\":[\"https:\\\/\\\/manipogo.de\\\/?p=13226#respond\"]}]},{\"@type\":\"WebPage\",\"@id\":\"https:\\\/\\\/manipogo.de\\\/?p=13226\",\"url\":\"https:\\\/\\\/manipogo.de\\\/?p=13226\",\"name\":\"Don Camillo (2) - manipogo\",\"isPartOf\":{\"@id\":\"https:\\\/\\\/manipogo.de\\\/#website\"},\"primaryImageOfPage\":{\"@id\":\"https:\\\/\\\/manipogo.de\\\/?p=13226#primaryimage\"},\"image\":{\"@id\":\"https:\\\/\\\/manipogo.de\\\/?p=13226#primaryimage\"},\"thumbnailUrl\":\"http:\\\/\\\/manipogo.de\\\/wp-content\\\/uploads\\\/8c21014r.jpg\",\"datePublished\":\"2017-05-12T00:20:52+00:00\",\"author\":{\"@id\":\"https:\\\/\\\/manipogo.de\\\/#\\\/schema\\\/person\\\/991913de0e39267877f234553fd7f58d\"},\"breadcrumb\":{\"@id\":\"https:\\\/\\\/manipogo.de\\\/?p=13226#breadcrumb\"},\"inLanguage\":\"de\",\"potentialAction\":[{\"@type\":\"ReadAction\",\"target\":[\"https:\\\/\\\/manipogo.de\\\/?p=13226\"]}]},{\"@type\":\"ImageObject\",\"inLanguage\":\"de\",\"@id\":\"https:\\\/\\\/manipogo.de\\\/?p=13226#primaryimage\",\"url\":\"http:\\\/\\\/manipogo.de\\\/wp-content\\\/uploads\\\/8c21014r.jpg\",\"contentUrl\":\"http:\\\/\\\/manipogo.de\\\/wp-content\\\/uploads\\\/8c21014r.jpg\"},{\"@type\":\"BreadcrumbList\",\"@id\":\"https:\\\/\\\/manipogo.de\\\/?p=13226#breadcrumb\",\"itemListElement\":[{\"@type\":\"ListItem\",\"position\":1,\"name\":\"Startseite\",\"item\":\"https:\\\/\\\/manipogo.de\\\/\"},{\"@type\":\"ListItem\",\"position\":2,\"name\":\"Don Camillo (2)\"}]},{\"@type\":\"WebSite\",\"@id\":\"https:\\\/\\\/manipogo.de\\\/#website\",\"url\":\"https:\\\/\\\/manipogo.de\\\/\",\"name\":\"manipogo\",\"description\":\"Gott und die Welt\",\"potentialAction\":[{\"@type\":\"SearchAction\",\"target\":{\"@type\":\"EntryPoint\",\"urlTemplate\":\"https:\\\/\\\/manipogo.de\\\/?s={search_term_string}\"},\"query-input\":{\"@type\":\"PropertyValueSpecification\",\"valueRequired\":true,\"valueName\":\"search_term_string\"}}],\"inLanguage\":\"de\"},{\"@type\":\"Person\",\"@id\":\"https:\\\/\\\/manipogo.de\\\/#\\\/schema\\\/person\\\/991913de0e39267877f234553fd7f58d\",\"name\":\"web108\",\"url\":\"https:\\\/\\\/manipogo.de\\\/?author=1\"}]}<\/script>\n<!-- \/ Yoast SEO plugin. -->","yoast_head_json":{"title":"Don Camillo (2) - manipogo","robots":{"index":"index","follow":"follow","max-snippet":"max-snippet:-1","max-image-preview":"max-image-preview:large","max-video-preview":"max-video-preview:-1"},"canonical":"https:\/\/manipogo.de\/?p=13226","og_locale":"de_DE","og_type":"article","og_title":"Don Camillo (2) - manipogo","og_description":"Die Don-Camillo-Geschichten wurden nach dem Zweiten Weltkrieg geschrieben. Sie spielen 30 Jahre zuvor, Anfang der 1920-er Jahre, und bei aller Grobheit wirken die Roten (die Kommunisten) wie leicht fanatisierte Bauernburschen. Doch schon ab 1925 rollten die Faschisten unter Mussolini das Land auf. Damit h\u00f6rte jeder Spa\u00df auf.","og_url":"https:\/\/manipogo.de\/?p=13226","og_site_name":"manipogo","article_published_time":"2017-05-12T00:20:52+00:00","og_image":[{"url":"http:\/\/manipogo.de\/wp-content\/uploads\/8c21014r.jpg","type":"","width":"","height":""}],"author":"web108","twitter_card":"summary_large_image","twitter_misc":{"Verfasst von":"web108","Gesch\u00e4tzte Lesezeit":"2\u00a0Minuten"},"schema":{"@context":"https:\/\/schema.org","@graph":[{"@type":"Article","@id":"https:\/\/manipogo.de\/?p=13226#article","isPartOf":{"@id":"https:\/\/manipogo.de\/?p=13226"},"author":{"name":"web108","@id":"https:\/\/manipogo.de\/#\/schema\/person\/991913de0e39267877f234553fd7f58d"},"headline":"Don Camillo (2)","datePublished":"2017-05-12T00:20:52+00:00","mainEntityOfPage":{"@id":"https:\/\/manipogo.de\/?p=13226"},"wordCount":443,"commentCount":0,"image":{"@id":"https:\/\/manipogo.de\/?p=13226#primaryimage"},"thumbnailUrl":"http:\/\/manipogo.de\/wp-content\/uploads\/8c21014r.jpg","keywords":["Camillo","Kommunisten"],"articleSection":["Fahrrad"],"inLanguage":"de","potentialAction":[{"@type":"CommentAction","name":"Comment","target":["https:\/\/manipogo.de\/?p=13226#respond"]}]},{"@type":"WebPage","@id":"https:\/\/manipogo.de\/?p=13226","url":"https:\/\/manipogo.de\/?p=13226","name":"Don Camillo (2) - manipogo","isPartOf":{"@id":"https:\/\/manipogo.de\/#website"},"primaryImageOfPage":{"@id":"https:\/\/manipogo.de\/?p=13226#primaryimage"},"image":{"@id":"https:\/\/manipogo.de\/?p=13226#primaryimage"},"thumbnailUrl":"http:\/\/manipogo.de\/wp-content\/uploads\/8c21014r.jpg","datePublished":"2017-05-12T00:20:52+00:00","author":{"@id":"https:\/\/manipogo.de\/#\/schema\/person\/991913de0e39267877f234553fd7f58d"},"breadcrumb":{"@id":"https:\/\/manipogo.de\/?p=13226#breadcrumb"},"inLanguage":"de","potentialAction":[{"@type":"ReadAction","target":["https:\/\/manipogo.de\/?p=13226"]}]},{"@type":"ImageObject","inLanguage":"de","@id":"https:\/\/manipogo.de\/?p=13226#primaryimage","url":"http:\/\/manipogo.de\/wp-content\/uploads\/8c21014r.jpg","contentUrl":"http:\/\/manipogo.de\/wp-content\/uploads\/8c21014r.jpg"},{"@type":"BreadcrumbList","@id":"https:\/\/manipogo.de\/?p=13226#breadcrumb","itemListElement":[{"@type":"ListItem","position":1,"name":"Startseite","item":"https:\/\/manipogo.de\/"},{"@type":"ListItem","position":2,"name":"Don Camillo (2)"}]},{"@type":"WebSite","@id":"https:\/\/manipogo.de\/#website","url":"https:\/\/manipogo.de\/","name":"manipogo","description":"Gott und die Welt","potentialAction":[{"@type":"SearchAction","target":{"@type":"EntryPoint","urlTemplate":"https:\/\/manipogo.de\/?s={search_term_string}"},"query-input":{"@type":"PropertyValueSpecification","valueRequired":true,"valueName":"search_term_string"}}],"inLanguage":"de"},{"@type":"Person","@id":"https:\/\/manipogo.de\/#\/schema\/person\/991913de0e39267877f234553fd7f58d","name":"web108","url":"https:\/\/manipogo.de\/?author=1"}]}},"_links":{"self":[{"href":"https:\/\/manipogo.de\/index.php?rest_route=\/wp\/v2\/posts\/13226","targetHints":{"allow":["GET"]}}],"collection":[{"href":"https:\/\/manipogo.de\/index.php?rest_route=\/wp\/v2\/posts"}],"about":[{"href":"https:\/\/manipogo.de\/index.php?rest_route=\/wp\/v2\/types\/post"}],"author":[{"embeddable":true,"href":"https:\/\/manipogo.de\/index.php?rest_route=\/wp\/v2\/users\/1"}],"replies":[{"embeddable":true,"href":"https:\/\/manipogo.de\/index.php?rest_route=%2Fwp%2Fv2%2Fcomments&post=13226"}],"version-history":[{"count":4,"href":"https:\/\/manipogo.de\/index.php?rest_route=\/wp\/v2\/posts\/13226\/revisions"}],"predecessor-version":[{"id":13312,"href":"https:\/\/manipogo.de\/index.php?rest_route=\/wp\/v2\/posts\/13226\/revisions\/13312"}],"wp:attachment":[{"href":"https:\/\/manipogo.de\/index.php?rest_route=%2Fwp%2Fv2%2Fmedia&parent=13226"}],"wp:term":[{"taxonomy":"category","embeddable":true,"href":"https:\/\/manipogo.de\/index.php?rest_route=%2Fwp%2Fv2%2Fcategories&post=13226"},{"taxonomy":"post_tag","embeddable":true,"href":"https:\/\/manipogo.de\/index.php?rest_route=%2Fwp%2Fv2%2Ftags&post=13226"}],"curies":[{"name":"wp","href":"https:\/\/api.w.org\/{rel}","templated":true}]}}