{"id":14982,"date":"2018-08-30T01:04:22","date_gmt":"2018-08-29T23:04:22","guid":{"rendered":"http:\/\/manipogo.de\/?p=14982"},"modified":"2018-08-30T22:36:26","modified_gmt":"2018-08-30T20:36:26","slug":"4-tage-7-paesse","status":"publish","type":"post","link":"https:\/\/manipogo.de\/?p=14982","title":{"rendered":"4 Tage, 7 P\u00e4sse"},"content":{"rendered":"<p>Nach 22 Jahren bin ich wieder auf die P\u00e4sse Galibier, Croix du Fer und Madeleine gefahren. Oder ist es 23 Jahre her? Spielt keine Rolle. Dieses Jahr hatte ich es eingeplant, es durchgezogen, und es war nicht qualvoll, sondern sch\u00f6n.<!--more--><\/p>\n<p>Ich fuhr am 18. August mit meinem Volvo \u00fcber Genf und Annecy nach St. Jean-de-Maurienne, auf den Campingplatz. Und da das Wetter verhei\u00dfungsvoll aussah und ich den gr\u00f6\u00dften Brocken nicht vor mir herschieben wollte, nahm ich mir am Sonntag gleich Col du T\u00e9l\u00e9graphe und den folgenden Galibier vor, 2642 Meter hoch. Um 9.15 Uhr rollte ich vom Campingplatz los, alles war ruhig, und um 14.15 war ich oben. Auf den allerletzten Metern hab ich nicht aufgepasst, also haben mich John aus Yorkshire und sein 11-j\u00e4hriger Sohn Lucas noch \u00fcberspurtet. Hab ich ihnen geg\u00f6nnt.<\/p>\n<p><a href=\"https:\/\/manipogo.de\/wp-content\/uploads\/002-14.jpg\" rel=\"attachment wp-att-14983\"><img loading=\"lazy\" decoding=\"async\" class=\"alignright size-full wp-image-14983\" src=\"https:\/\/manipogo.de\/wp-content\/uploads\/002-14.jpg\" alt=\"002\" width=\"540\" height=\"405\" srcset=\"https:\/\/manipogo.de\/wp-content\/uploads\/002-14.jpg 540w, https:\/\/manipogo.de\/wp-content\/uploads\/002-14-300x225.jpg 300w\" sizes=\"auto, (max-width: 540px) 100vw, 540px\" \/><\/a><a href=\"https:\/\/manipogo.de\/wp-content\/uploads\/007-19.jpg\" rel=\"attachment wp-att-14984\"><img loading=\"lazy\" decoding=\"async\" class=\"alignright size-full wp-image-14984\" src=\"https:\/\/manipogo.de\/wp-content\/uploads\/007-19.jpg\" alt=\"007\" width=\"540\" height=\"405\" srcset=\"https:\/\/manipogo.de\/wp-content\/uploads\/007-19.jpg 540w, https:\/\/manipogo.de\/wp-content\/uploads\/007-19-300x225.jpg 300w\" sizes=\"auto, (max-width: 540px) 100vw, 540px\" \/><\/a><a href=\"https:\/\/manipogo.de\/wp-content\/uploads\/008-27.jpg\" rel=\"attachment wp-att-14985\"><img loading=\"lazy\" decoding=\"async\" class=\"alignright size-full wp-image-14985\" src=\"https:\/\/manipogo.de\/wp-content\/uploads\/008-27.jpg\" alt=\"008\" width=\"540\" height=\"676\" srcset=\"https:\/\/manipogo.de\/wp-content\/uploads\/008-27.jpg 540w, https:\/\/manipogo.de\/wp-content\/uploads\/008-27-240x300.jpg 240w\" sizes=\"auto, (max-width: 540px) 100vw, 540px\" \/><\/a><a href=\"https:\/\/manipogo.de\/wp-content\/uploads\/010-21.jpg\" rel=\"attachment wp-att-14986\"><img loading=\"lazy\" decoding=\"async\" class=\"alignright size-full wp-image-14986\" src=\"https:\/\/manipogo.de\/wp-content\/uploads\/010-21.jpg\" alt=\"010\" width=\"540\" height=\"463\" srcset=\"https:\/\/manipogo.de\/wp-content\/uploads\/010-21.jpg 540w, https:\/\/manipogo.de\/wp-content\/uploads\/010-21-300x257.jpg 300w\" sizes=\"auto, (max-width: 540px) 100vw, 540px\" \/><\/a><\/p>\n<p>Der sch\u00f6nste Anstieg war der zum Col du Croix de Fer. Vom letzten Ort sieht man schon die Begrenzungspfosten, die den Weg zum Gipfel s\u00e4umen. 4 Kilometer, 300 H\u00f6henmeter, kein Problem (denkt man). Die Sonne brennt vom Himmel, die Steigung betr\u00e4gt 9 Prozent, und \u00fcber den Lenker gekauert tritt man der Gipfelh\u00f6he entgegen, und das muss so sein, es ist nichts Schlimmes daran; du wirst zu deiner Anstrengung und bewertest sie nicht, und dann bist du oben, und es ist normal. Mein Gl\u00fccksgef\u00fchl war gering; mich beherrschte eher die Sorge, man m\u00fcsse wieder weit hinunter, um vor der Abfahrt noch den Glandon zu \u00fcberwinden, doch es ging nur 50 H\u00e4henmeter hinunter und hinauf und ich war dort. Die Abfahrt war ein Genuss, man konnte es laufenlassen, dem Ort <em>La Chambre<\/em> entgegen.<\/p>\n<p><a href=\"https:\/\/manipogo.de\/wp-content\/uploads\/045-3.jpg\" rel=\"attachment wp-att-14987\"><img loading=\"lazy\" decoding=\"async\" class=\"alignright size-full wp-image-14987\" src=\"https:\/\/manipogo.de\/wp-content\/uploads\/045-3.jpg\" alt=\"045\" width=\"540\" height=\"405\" srcset=\"https:\/\/manipogo.de\/wp-content\/uploads\/045-3.jpg 540w, https:\/\/manipogo.de\/wp-content\/uploads\/045-3-300x225.jpg 300w\" sizes=\"auto, (max-width: 540px) 100vw, 540px\" \/><\/a><a href=\"https:\/\/manipogo.de\/wp-content\/uploads\/046-3.jpg\" rel=\"attachment wp-att-14988\"><img loading=\"lazy\" decoding=\"async\" class=\"alignright size-full wp-image-14988\" src=\"https:\/\/manipogo.de\/wp-content\/uploads\/046-3.jpg\" alt=\"046\" width=\"540\" height=\"306\" srcset=\"https:\/\/manipogo.de\/wp-content\/uploads\/046-3.jpg 540w, https:\/\/manipogo.de\/wp-content\/uploads\/046-3-300x170.jpg 300w\" sizes=\"auto, (max-width: 540px) 100vw, 540px\" \/><\/a><\/p>\n<p>Den Madeleine holte ich mir \u00fcber eine kleine Bergstra\u00dfe abseits der Hauptroute, in die sie einm\u00fcndete, und dann fehlen nur noch 3 sanft ansteigende Kilometer zum Gipfel, die man fast im Spurt angehen kann. Der Col de la Madeleine!<\/p>\n<p><a href=\"https:\/\/manipogo.de\/wp-content\/uploads\/059-4.jpg\" rel=\"attachment wp-att-14989\"><img loading=\"lazy\" decoding=\"async\" class=\"alignright size-full wp-image-14989\" src=\"https:\/\/manipogo.de\/wp-content\/uploads\/059-4.jpg\" alt=\"059\" width=\"540\" height=\"405\" srcset=\"https:\/\/manipogo.de\/wp-content\/uploads\/059-4.jpg 540w, https:\/\/manipogo.de\/wp-content\/uploads\/059-4-300x225.jpg 300w\" sizes=\"auto, (max-width: 540px) 100vw, 540px\" \/><\/a><a href=\"https:\/\/manipogo.de\/wp-content\/uploads\/061-2.jpg\" rel=\"attachment wp-att-14990\"><img loading=\"lazy\" decoding=\"async\" class=\"alignright size-full wp-image-14990\" src=\"https:\/\/manipogo.de\/wp-content\/uploads\/061-2.jpg\" alt=\"061\" width=\"540\" height=\"466\" srcset=\"https:\/\/manipogo.de\/wp-content\/uploads\/061-2.jpg 540w, https:\/\/manipogo.de\/wp-content\/uploads\/061-2-300x259.jpg 300w\" sizes=\"auto, (max-width: 540px) 100vw, 540px\" \/><\/a><a href=\"https:\/\/manipogo.de\/wp-content\/uploads\/065-5.jpg\" rel=\"attachment wp-att-14991\"><img loading=\"lazy\" decoding=\"async\" class=\"alignright size-full wp-image-14991\" src=\"https:\/\/manipogo.de\/wp-content\/uploads\/065-5.jpg\" alt=\"065\" width=\"540\" height=\"405\" srcset=\"https:\/\/manipogo.de\/wp-content\/uploads\/065-5.jpg 540w, https:\/\/manipogo.de\/wp-content\/uploads\/065-5-300x225.jpg 300w\" sizes=\"auto, (max-width: 540px) 100vw, 540px\" \/><\/a><\/p>\n<p>Dann war mein Programm absolviert (die fehlenden P\u00e4sse war der Col du Moullard und der Col du Chaussy, die nebenher anfielen), ich lie\u00df es mir in St. Jean-de-Maurienne gutgehen, und das ist den n\u00e4chsten Beitrag wert. Und nun noch ein paar Fotos &#8230;<\/p>\n<div id=\"attachment_14993\" style=\"width: 550px\" class=\"wp-caption alignright\"><a href=\"https:\/\/manipogo.de\/wp-content\/uploads\/003-16.jpg\" rel=\"attachment wp-att-14993\"><img loading=\"lazy\" decoding=\"async\" aria-describedby=\"caption-attachment-14993\" class=\"size-full wp-image-14993\" src=\"https:\/\/manipogo.de\/wp-content\/uploads\/003-16.jpg\" alt=\"Stra\u00dfengem\u00e4lde vermutlich f\u00fcr Marco Pantani, auf der Stra\u00dfe zum Tel\u00e9graphe pANTANI\" width=\"540\" height=\"606\" srcset=\"https:\/\/manipogo.de\/wp-content\/uploads\/003-16.jpg 540w, https:\/\/manipogo.de\/wp-content\/uploads\/003-16-267x300.jpg 267w\" sizes=\"auto, (max-width: 540px) 100vw, 540px\" \/><\/a><p id=\"caption-attachment-14993\" class=\"wp-caption-text\">Stra\u00dfengem\u00e4lde vermutlich f\u00fcr Marco Pantani, auf der Stra\u00dfe zum Tel\u00e9graphe<\/p><\/div>\n<div id=\"attachment_14994\" style=\"width: 550px\" class=\"wp-caption alignright\"><a href=\"https:\/\/manipogo.de\/wp-content\/uploads\/016-11.jpg\" rel=\"attachment wp-att-14994\"><img loading=\"lazy\" decoding=\"async\" aria-describedby=\"caption-attachment-14994\" class=\"size-full wp-image-14994\" src=\"https:\/\/manipogo.de\/wp-content\/uploads\/016-11.jpg\" alt=\"Kleines Monument f\u00fcr Pantani, auf dem Weg zum Galibier\" width=\"540\" height=\"405\" srcset=\"https:\/\/manipogo.de\/wp-content\/uploads\/016-11.jpg 540w, https:\/\/manipogo.de\/wp-content\/uploads\/016-11-300x225.jpg 300w\" sizes=\"auto, (max-width: 540px) 100vw, 540px\" \/><\/a><p id=\"caption-attachment-14994\" class=\"wp-caption-text\">Kleines Monument f\u00fcr Pantani (1971-2004), auf dem Weg zum Galibier<\/p><\/div>\n<p><a href=\"https:\/\/manipogo.de\/wp-content\/uploads\/009-24.jpg\" rel=\"attachment wp-att-14995\"><img loading=\"lazy\" decoding=\"async\" class=\"alignright size-full wp-image-14995\" src=\"https:\/\/manipogo.de\/wp-content\/uploads\/009-24.jpg\" alt=\"009\" width=\"540\" height=\"337\" srcset=\"https:\/\/manipogo.de\/wp-content\/uploads\/009-24.jpg 540w, https:\/\/manipogo.de\/wp-content\/uploads\/009-24-300x187.jpg 300w\" sizes=\"auto, (max-width: 540px) 100vw, 540px\" \/><\/a><\/p>\n","protected":false},"excerpt":{"rendered":"<p>Nach 22 Jahren bin ich wieder auf die P\u00e4sse Galibier, Croix du Fer und Madeleine gefahren. Oder ist es 23 Jahre her? Spielt keine Rolle. Dieses Jahr hatte ich es eingeplant, es durchgezogen, und es war nicht qualvoll, sondern sch\u00f6n.<\/p>\n","protected":false},"author":1,"featured_media":0,"comment_status":"closed","ping_status":"closed","sticky":false,"template":"","format":"standard","meta":{"footnotes":""},"categories":[1222],"tags":[135,1518],"class_list":["post-14982","post","type-post","status-publish","format-standard","hentry","category-fahrrad","tag-frankreich","tag-paesse"],"yoast_head":"<!-- This site is optimized with the Yoast SEO plugin v27.3 - https:\/\/yoast.com\/product\/yoast-seo-wordpress\/ -->\n<title>4 Tage, 7 P\u00e4sse - manipogo<\/title>\n<meta name=\"robots\" content=\"index, follow, max-snippet:-1, max-image-preview:large, max-video-preview:-1\" \/>\n<link rel=\"canonical\" href=\"https:\/\/manipogo.de\/?p=14982\" \/>\n<meta property=\"og:locale\" content=\"de_DE\" \/>\n<meta property=\"og:type\" content=\"article\" \/>\n<meta property=\"og:title\" content=\"4 Tage, 7 P\u00e4sse - manipogo\" \/>\n<meta property=\"og:description\" content=\"Nach 22 Jahren bin ich wieder auf die P\u00e4sse Galibier, Croix du Fer und Madeleine gefahren. Oder ist es 23 Jahre her? Spielt keine Rolle. Dieses Jahr hatte ich es eingeplant, es durchgezogen, und es war nicht qualvoll, sondern sch\u00f6n.\" \/>\n<meta property=\"og:url\" content=\"https:\/\/manipogo.de\/?p=14982\" \/>\n<meta property=\"og:site_name\" content=\"manipogo\" \/>\n<meta property=\"article:published_time\" content=\"2018-08-29T23:04:22+00:00\" \/>\n<meta property=\"article:modified_time\" content=\"2018-08-30T20:36:26+00:00\" \/>\n<meta property=\"og:image\" content=\"http:\/\/manipogo.de\/wp-content\/uploads\/002-14.jpg\" \/>\n<meta name=\"author\" content=\"web108\" \/>\n<meta name=\"twitter:card\" content=\"summary_large_image\" \/>\n<meta name=\"twitter:label1\" content=\"Verfasst von\" \/>\n\t<meta name=\"twitter:data1\" content=\"web108\" \/>\n\t<meta name=\"twitter:label2\" content=\"Gesch\u00e4tzte Lesezeit\" \/>\n\t<meta name=\"twitter:data2\" content=\"2\u00a0Minuten\" \/>\n<script type=\"application\/ld+json\" class=\"yoast-schema-graph\">{\"@context\":\"https:\\\/\\\/schema.org\",\"@graph\":[{\"@type\":\"Article\",\"@id\":\"https:\\\/\\\/manipogo.de\\\/?p=14982#article\",\"isPartOf\":{\"@id\":\"https:\\\/\\\/manipogo.de\\\/?p=14982\"},\"author\":{\"name\":\"web108\",\"@id\":\"https:\\\/\\\/manipogo.de\\\/#\\\/schema\\\/person\\\/991913de0e39267877f234553fd7f58d\"},\"headline\":\"4 Tage, 7 P\u00e4sse\",\"datePublished\":\"2018-08-29T23:04:22+00:00\",\"dateModified\":\"2018-08-30T20:36:26+00:00\",\"mainEntityOfPage\":{\"@id\":\"https:\\\/\\\/manipogo.de\\\/?p=14982\"},\"wordCount\":398,\"image\":{\"@id\":\"https:\\\/\\\/manipogo.de\\\/?p=14982#primaryimage\"},\"thumbnailUrl\":\"http:\\\/\\\/manipogo.de\\\/wp-content\\\/uploads\\\/002-14.jpg\",\"keywords\":[\"Frankreich\",\"P\u00e4sse\"],\"articleSection\":[\"Fahrrad\"],\"inLanguage\":\"de\"},{\"@type\":\"WebPage\",\"@id\":\"https:\\\/\\\/manipogo.de\\\/?p=14982\",\"url\":\"https:\\\/\\\/manipogo.de\\\/?p=14982\",\"name\":\"4 Tage, 7 P\u00e4sse - manipogo\",\"isPartOf\":{\"@id\":\"https:\\\/\\\/manipogo.de\\\/#website\"},\"primaryImageOfPage\":{\"@id\":\"https:\\\/\\\/manipogo.de\\\/?p=14982#primaryimage\"},\"image\":{\"@id\":\"https:\\\/\\\/manipogo.de\\\/?p=14982#primaryimage\"},\"thumbnailUrl\":\"http:\\\/\\\/manipogo.de\\\/wp-content\\\/uploads\\\/002-14.jpg\",\"datePublished\":\"2018-08-29T23:04:22+00:00\",\"dateModified\":\"2018-08-30T20:36:26+00:00\",\"author\":{\"@id\":\"https:\\\/\\\/manipogo.de\\\/#\\\/schema\\\/person\\\/991913de0e39267877f234553fd7f58d\"},\"breadcrumb\":{\"@id\":\"https:\\\/\\\/manipogo.de\\\/?p=14982#breadcrumb\"},\"inLanguage\":\"de\",\"potentialAction\":[{\"@type\":\"ReadAction\",\"target\":[\"https:\\\/\\\/manipogo.de\\\/?p=14982\"]}]},{\"@type\":\"ImageObject\",\"inLanguage\":\"de\",\"@id\":\"https:\\\/\\\/manipogo.de\\\/?p=14982#primaryimage\",\"url\":\"http:\\\/\\\/manipogo.de\\\/wp-content\\\/uploads\\\/002-14.jpg\",\"contentUrl\":\"http:\\\/\\\/manipogo.de\\\/wp-content\\\/uploads\\\/002-14.jpg\"},{\"@type\":\"BreadcrumbList\",\"@id\":\"https:\\\/\\\/manipogo.de\\\/?p=14982#breadcrumb\",\"itemListElement\":[{\"@type\":\"ListItem\",\"position\":1,\"name\":\"Startseite\",\"item\":\"https:\\\/\\\/manipogo.de\\\/\"},{\"@type\":\"ListItem\",\"position\":2,\"name\":\"4 Tage, 7 P\u00e4sse\"}]},{\"@type\":\"WebSite\",\"@id\":\"https:\\\/\\\/manipogo.de\\\/#website\",\"url\":\"https:\\\/\\\/manipogo.de\\\/\",\"name\":\"manipogo\",\"description\":\"Gott und die Welt\",\"potentialAction\":[{\"@type\":\"SearchAction\",\"target\":{\"@type\":\"EntryPoint\",\"urlTemplate\":\"https:\\\/\\\/manipogo.de\\\/?s={search_term_string}\"},\"query-input\":{\"@type\":\"PropertyValueSpecification\",\"valueRequired\":true,\"valueName\":\"search_term_string\"}}],\"inLanguage\":\"de\"},{\"@type\":\"Person\",\"@id\":\"https:\\\/\\\/manipogo.de\\\/#\\\/schema\\\/person\\\/991913de0e39267877f234553fd7f58d\",\"name\":\"web108\",\"url\":\"https:\\\/\\\/manipogo.de\\\/?author=1\"}]}<\/script>\n<!-- \/ Yoast SEO plugin. -->","yoast_head_json":{"title":"4 Tage, 7 P\u00e4sse - manipogo","robots":{"index":"index","follow":"follow","max-snippet":"max-snippet:-1","max-image-preview":"max-image-preview:large","max-video-preview":"max-video-preview:-1"},"canonical":"https:\/\/manipogo.de\/?p=14982","og_locale":"de_DE","og_type":"article","og_title":"4 Tage, 7 P\u00e4sse - manipogo","og_description":"Nach 22 Jahren bin ich wieder auf die P\u00e4sse Galibier, Croix du Fer und Madeleine gefahren. Oder ist es 23 Jahre her? Spielt keine Rolle. Dieses Jahr hatte ich es eingeplant, es durchgezogen, und es war nicht qualvoll, sondern sch\u00f6n.","og_url":"https:\/\/manipogo.de\/?p=14982","og_site_name":"manipogo","article_published_time":"2018-08-29T23:04:22+00:00","article_modified_time":"2018-08-30T20:36:26+00:00","og_image":[{"url":"http:\/\/manipogo.de\/wp-content\/uploads\/002-14.jpg","type":"","width":"","height":""}],"author":"web108","twitter_card":"summary_large_image","twitter_misc":{"Verfasst von":"web108","Gesch\u00e4tzte Lesezeit":"2\u00a0Minuten"},"schema":{"@context":"https:\/\/schema.org","@graph":[{"@type":"Article","@id":"https:\/\/manipogo.de\/?p=14982#article","isPartOf":{"@id":"https:\/\/manipogo.de\/?p=14982"},"author":{"name":"web108","@id":"https:\/\/manipogo.de\/#\/schema\/person\/991913de0e39267877f234553fd7f58d"},"headline":"4 Tage, 7 P\u00e4sse","datePublished":"2018-08-29T23:04:22+00:00","dateModified":"2018-08-30T20:36:26+00:00","mainEntityOfPage":{"@id":"https:\/\/manipogo.de\/?p=14982"},"wordCount":398,"image":{"@id":"https:\/\/manipogo.de\/?p=14982#primaryimage"},"thumbnailUrl":"http:\/\/manipogo.de\/wp-content\/uploads\/002-14.jpg","keywords":["Frankreich","P\u00e4sse"],"articleSection":["Fahrrad"],"inLanguage":"de"},{"@type":"WebPage","@id":"https:\/\/manipogo.de\/?p=14982","url":"https:\/\/manipogo.de\/?p=14982","name":"4 Tage, 7 P\u00e4sse - manipogo","isPartOf":{"@id":"https:\/\/manipogo.de\/#website"},"primaryImageOfPage":{"@id":"https:\/\/manipogo.de\/?p=14982#primaryimage"},"image":{"@id":"https:\/\/manipogo.de\/?p=14982#primaryimage"},"thumbnailUrl":"http:\/\/manipogo.de\/wp-content\/uploads\/002-14.jpg","datePublished":"2018-08-29T23:04:22+00:00","dateModified":"2018-08-30T20:36:26+00:00","author":{"@id":"https:\/\/manipogo.de\/#\/schema\/person\/991913de0e39267877f234553fd7f58d"},"breadcrumb":{"@id":"https:\/\/manipogo.de\/?p=14982#breadcrumb"},"inLanguage":"de","potentialAction":[{"@type":"ReadAction","target":["https:\/\/manipogo.de\/?p=14982"]}]},{"@type":"ImageObject","inLanguage":"de","@id":"https:\/\/manipogo.de\/?p=14982#primaryimage","url":"http:\/\/manipogo.de\/wp-content\/uploads\/002-14.jpg","contentUrl":"http:\/\/manipogo.de\/wp-content\/uploads\/002-14.jpg"},{"@type":"BreadcrumbList","@id":"https:\/\/manipogo.de\/?p=14982#breadcrumb","itemListElement":[{"@type":"ListItem","position":1,"name":"Startseite","item":"https:\/\/manipogo.de\/"},{"@type":"ListItem","position":2,"name":"4 Tage, 7 P\u00e4sse"}]},{"@type":"WebSite","@id":"https:\/\/manipogo.de\/#website","url":"https:\/\/manipogo.de\/","name":"manipogo","description":"Gott und die Welt","potentialAction":[{"@type":"SearchAction","target":{"@type":"EntryPoint","urlTemplate":"https:\/\/manipogo.de\/?s={search_term_string}"},"query-input":{"@type":"PropertyValueSpecification","valueRequired":true,"valueName":"search_term_string"}}],"inLanguage":"de"},{"@type":"Person","@id":"https:\/\/manipogo.de\/#\/schema\/person\/991913de0e39267877f234553fd7f58d","name":"web108","url":"https:\/\/manipogo.de\/?author=1"}]}},"_links":{"self":[{"href":"https:\/\/manipogo.de\/index.php?rest_route=\/wp\/v2\/posts\/14982","targetHints":{"allow":["GET"]}}],"collection":[{"href":"https:\/\/manipogo.de\/index.php?rest_route=\/wp\/v2\/posts"}],"about":[{"href":"https:\/\/manipogo.de\/index.php?rest_route=\/wp\/v2\/types\/post"}],"author":[{"embeddable":true,"href":"https:\/\/manipogo.de\/index.php?rest_route=\/wp\/v2\/users\/1"}],"replies":[{"embeddable":true,"href":"https:\/\/manipogo.de\/index.php?rest_route=%2Fwp%2Fv2%2Fcomments&post=14982"}],"version-history":[{"count":5,"href":"https:\/\/manipogo.de\/index.php?rest_route=\/wp\/v2\/posts\/14982\/revisions"}],"predecessor-version":[{"id":15024,"href":"https:\/\/manipogo.de\/index.php?rest_route=\/wp\/v2\/posts\/14982\/revisions\/15024"}],"wp:attachment":[{"href":"https:\/\/manipogo.de\/index.php?rest_route=%2Fwp%2Fv2%2Fmedia&parent=14982"}],"wp:term":[{"taxonomy":"category","embeddable":true,"href":"https:\/\/manipogo.de\/index.php?rest_route=%2Fwp%2Fv2%2Fcategories&post=14982"},{"taxonomy":"post_tag","embeddable":true,"href":"https:\/\/manipogo.de\/index.php?rest_route=%2Fwp%2Fv2%2Ftags&post=14982"}],"curies":[{"name":"wp","href":"https:\/\/api.w.org\/{rel}","templated":true}]}}