{"id":15355,"date":"2018-12-23T01:10:50","date_gmt":"2018-12-23T00:10:50","guid":{"rendered":"http:\/\/manipogo.de\/?p=15355"},"modified":"2018-12-19T19:07:11","modified_gmt":"2018-12-19T18:07:11","slug":"die-schwarze-madonna-von-loreto","status":"publish","type":"post","link":"https:\/\/manipogo.de\/?p=15355","title":{"rendered":"Die schwarze Madonna von Loreto"},"content":{"rendered":"<p>Der Besuch bei der schwarzen Madonna von Loreto schlie\u00dft meine Trilogie ab. Ich hatte nach Recanati fahren wollen, und da fiel mein Blick auf den Namen Loreto, und mir wurde gesagt: ber\u00fchmter Wallfahrtsort. Die schwarze Madonna. Die Stra\u00dfe durch die Marken Richtung Meer, die Region durchschneidend, lief eben dahin, ich besuchte das Museum des Dichters Giacomo Leopardi und machte mich dann an den Anstieg hinauf nach Loreto. <!--more--><\/p>\n<p>Fuhr gleich \u00fcber den Hauptplatz, vorbei an dem barocken Brunnen von Carlo Maderno, hinunter und dann wieder zur\u00fcck, weil auf dem Wohnmobil-Serviceplatz kein Platz ist f\u00fcr ein Zelt. Ich quartierte mich im Hotel <em>Blauer Delfin<\/em> ein, zwei Sterne. Das Restaurant war voll eingedeckt, aber zum Essen kam kein Mensch, und ich war der einzige Hotelgast.<\/p>\n<p><a href=\"https:\/\/manipogo.de\/wp-content\/uploads\/loreto.jpg\" rel=\"attachment wp-att-15394\"><img loading=\"lazy\" decoding=\"async\" class=\"alignright size-medium wp-image-15394\" src=\"https:\/\/manipogo.de\/wp-content\/uploads\/loreto-197x300.jpg\" alt=\"loreto\" width=\"197\" height=\"300\" srcset=\"https:\/\/manipogo.de\/wp-content\/uploads\/loreto-197x300.jpg 197w, https:\/\/manipogo.de\/wp-content\/uploads\/loreto.jpg 540w\" sizes=\"auto, (max-width: 197px) 100vw, 197px\" \/><\/a>Sp\u00e4ter trank ich ein Bier und schaute auf die Meeresk\u00fcste weit entfernt, und sp\u00e4ter ging ich zur Madonna. Ich sah gerade noch den Bischof mit Mitra und Stab inmitten seines Gefolges davongehen; er hatte die 19-Uhr-Messe geleitet. Hinter dem Altar befindet sich ein viereckiges Geb\u00e4ude aus groben Steinen. Die Gl\u00e4ubigen gehen hinein und ber\u00fchren ehrf\u00fcrchtig diese Steine. Es soll sich um das Geburtshaus Jesu handeln, das Engel im Jahr 1294 auf den Berg von Loreto stellten, wonach \u00fcber dem H\u00e4uschen die Basilika errichtet wurde. Dort steht die Schwarze Madonna, gekleidet in fallende, wallende Kleider aus Gold. Vor ihr sinken die Gl\u00e4ubigen nieder.<\/p>\n<p>&nbsp;<\/p>\n<p><a href=\"https:\/\/manipogo.de\/wp-content\/uploads\/080-2.jpg\" rel=\"attachment wp-att-15357\"><img loading=\"lazy\" decoding=\"async\" class=\"alignleft size-medium wp-image-15357\" src=\"https:\/\/manipogo.de\/wp-content\/uploads\/080-2-165x300.jpg\" alt=\"080\" width=\"165\" height=\"300\" srcset=\"https:\/\/manipogo.de\/wp-content\/uploads\/080-2-165x300.jpg 165w, https:\/\/manipogo.de\/wp-content\/uploads\/080-2.jpg 540w\" sizes=\"auto, (max-width: 165px) 100vw, 165px\" \/><\/a>Noch sp\u00e4ter ging ich mit Pfeife und Bier nach drau\u00dfen, wieder Wind, und in der Ferne glitzerten die Lichter naher und ferner D\u00f6rfer. Hie das Binnenland, dort das Meer: ein segensreicher Platz. Ein wenig unwirtlich war es aber. Dann h\u00f6rte ich eine laute Stimme und ging ihr nach, betrat durch eine Pforte den Platz und stellte mich unter die Arkaden. Da sah ich es: Ein Mann mit Kreuz kam aus der Basilika, gefolgt von sieben Gestalten, die Rollst\u00fchle schoben, und danach kam noch ein H\u00e4uflein von 20 Personen mit Lichtern. Es war neun Uhr, schon dunkel, und als der Zug sich in Bewegung setzte, h\u00f6rte man wieder die Stimme eines Predigers \u00fcber den Platz schallen.(<em>Links eine Madonna in einer Kirche von Loreto<\/em>.)<\/p>\n<p>Eine junge Stimme rezitierte:<\/p>\n<p><em>Ave o Maria, piena di grazia, il Signore \u00e8 con te, sei benedetta fra tutte le donne e benedetto \u00e8 il frutto del tuo seno, Ges\u00f9 \u2026<\/em> und eine \u00e4ltere, m\u00fcdere Stimme vollendete das Gegr\u00fc\u00dfet seist du Maria: <em>Santa Maria, madre di Dio, prega per noi peccatori adesso e nell\u2019ora della nostra morte Amen<\/em>.<\/p>\n<p>Dann hielt der Zug inne, und eine weibliche Stimme pr\u00e4sentierte das n\u00e4chste Kapitel der Marienlitanei. Der Zug kam mir entgegen, ich verkroch mich hinter den Arkaden, da ich ja wie ein Obdachloser wirken musste mit meinem Bier. Ich betete mit. Sie zogen zur\u00fcck, endlich sangen sie vor dem Haupteingang der Basilika mehrmals bitt f\u00fcr uns (prega per noi) in unterschiedlichen Tonlagen, und eine Stimme w\u00fcnschte: Buona notte. Zehn Uhr.<\/p>\n<p>Mit Hunderten Pilgern w\u00e4re das sicher noch beeindruckender, aber es kommen nicht mehr so viele wie einst, und sie reisen meist mit dem Auto an, sagte der Hotelbesitzer. Mit dem Auto zur Schwarzen Madonna! Beten ist der Ersatz f\u00fcr eine Opferhandlung, aber wer etwas will, soll auch etwas geben. Soll sich m\u00fchen und ein wenig schwitzen. Was keine Anstrengung kostet, ist einem weniger wert als das, was errungen wurde. Das ist das Problem heute: Alle sind bequem und wollen alles geschenkt \u00fcberreicht bekommen, und kein Wunder, dass sich dann kein Gl\u00fccksgef\u00fchl einstellt.<\/p>\n<p>Die Schwarze Madonna wirkt traurig. Man will f\u00fcr sie nicht mehr leiden, also entzieht sie uns ihre Segnungen. Die Autopilger werden sich fragen, wo Gnade und die Pr\u00e4senz der Maria bleiben, aber da sollten sie sich selber befragen. Die fr\u00fchen Opferrituale waren grausam, aber wer von der Gottheit etwas will, muss in Vorleistung gehen und auch etwas hingeben.<\/p>\n<p>Der n\u00e4chste Tag war grau und sollte Regen bringen. Ich fuhr \u00fcber Castelfidardo ans Meer und erreichte unter Gestr\u00f6pfel Pesaro, baute mein Zelt auf und war wieder einmal in Sicherheit. Jetzt und heute &#8230; werden die Tage wieder um ein Geringes l\u00e4nger. Das Licht nimmt zu.<\/p>\n<p>&nbsp;<\/p>\n<p><em>Heute ist im Heiligenkalender der Tag von Angela Autsch. Sie wurde am 26. M\u00e4rz 1900 in Nordrhein-Westfalen geboren, trat 1933 ins Trinitarier-Kloster ein, sagte, dass Hitler eine Gei\u00dfel sei, wurde denunziert und nach Ravensbr\u00fcck gebracht und dann nach Auschwitz. Dort starb sie am Tag vor Heiligabend; ihr Herz versagte bei einem Bombenangriff alliierter Kampfflugzeuge. Angela war ein Engel des Lagers. Eine j\u00fcdische \u00c4rztin schrieb: \u00bbIn dieses Irrenhaus kam Angela wie ein L\u00e4cheln der Morgenr\u00f6te, wie ein Strahl des Sonnenlichts &#8230; Inmitten dieses f\u00fcrchterlichen Elends entstand hier eine Insel der Z\u00e4rtlichkeit.\u00ab<\/em><\/p>\n","protected":false},"excerpt":{"rendered":"<p>Der Besuch bei der schwarzen Madonna von Loreto schlie\u00dft meine Trilogie ab. Ich hatte nach Recanati fahren wollen, und da fiel mein Blick auf den Namen Loreto, und mir wurde gesagt: ber\u00fchmter Wallfahrtsort. Die schwarze Madonna. Die Stra\u00dfe durch die Marken Richtung Meer, die Region durchschneidend, lief eben dahin, ich besuchte das Museum des Dichters [&hellip;]<\/p>\n","protected":false},"author":1,"featured_media":0,"comment_status":"closed","ping_status":"closed","sticky":false,"template":"","format":"standard","meta":{"footnotes":""},"categories":[1227],"tags":[150,209],"class_list":["post-15355","post","type-post","status-publish","format-standard","hentry","category-reisen","tag-italien","tag-maria"],"yoast_head":"<!-- This site is optimized with the Yoast SEO plugin v27.3 - https:\/\/yoast.com\/product\/yoast-seo-wordpress\/ -->\n<title>Die schwarze Madonna von Loreto - manipogo<\/title>\n<meta name=\"robots\" content=\"index, follow, max-snippet:-1, max-image-preview:large, max-video-preview:-1\" \/>\n<link rel=\"canonical\" href=\"https:\/\/manipogo.de\/?p=15355\" \/>\n<meta property=\"og:locale\" content=\"de_DE\" \/>\n<meta property=\"og:type\" content=\"article\" \/>\n<meta property=\"og:title\" content=\"Die schwarze Madonna von Loreto - manipogo\" \/>\n<meta property=\"og:description\" content=\"Der Besuch bei der schwarzen Madonna von Loreto schlie\u00dft meine Trilogie ab. Ich hatte nach Recanati fahren wollen, und da fiel mein Blick auf den Namen Loreto, und mir wurde gesagt: ber\u00fchmter Wallfahrtsort. Die schwarze Madonna. Die Stra\u00dfe durch die Marken Richtung Meer, die Region durchschneidend, lief eben dahin, ich besuchte das Museum des Dichters [&hellip;]\" \/>\n<meta property=\"og:url\" content=\"https:\/\/manipogo.de\/?p=15355\" \/>\n<meta property=\"og:site_name\" content=\"manipogo\" \/>\n<meta property=\"article:published_time\" content=\"2018-12-23T00:10:50+00:00\" \/>\n<meta property=\"og:image\" content=\"http:\/\/manipogo.de\/wp-content\/uploads\/loreto-197x300.jpg\" \/>\n<meta name=\"author\" content=\"web108\" \/>\n<meta name=\"twitter:card\" content=\"summary_large_image\" \/>\n<meta name=\"twitter:label1\" content=\"Verfasst von\" \/>\n\t<meta name=\"twitter:data1\" content=\"web108\" \/>\n\t<meta name=\"twitter:label2\" content=\"Gesch\u00e4tzte Lesezeit\" \/>\n\t<meta name=\"twitter:data2\" content=\"4\u00a0Minuten\" \/>\n<script type=\"application\/ld+json\" class=\"yoast-schema-graph\">{\"@context\":\"https:\\\/\\\/schema.org\",\"@graph\":[{\"@type\":\"Article\",\"@id\":\"https:\\\/\\\/manipogo.de\\\/?p=15355#article\",\"isPartOf\":{\"@id\":\"https:\\\/\\\/manipogo.de\\\/?p=15355\"},\"author\":{\"name\":\"web108\",\"@id\":\"https:\\\/\\\/manipogo.de\\\/#\\\/schema\\\/person\\\/991913de0e39267877f234553fd7f58d\"},\"headline\":\"Die schwarze Madonna von Loreto\",\"datePublished\":\"2018-12-23T00:10:50+00:00\",\"mainEntityOfPage\":{\"@id\":\"https:\\\/\\\/manipogo.de\\\/?p=15355\"},\"wordCount\":805,\"image\":{\"@id\":\"https:\\\/\\\/manipogo.de\\\/?p=15355#primaryimage\"},\"thumbnailUrl\":\"http:\\\/\\\/manipogo.de\\\/wp-content\\\/uploads\\\/loreto-197x300.jpg\",\"keywords\":[\"Italien\",\"Maria\"],\"articleSection\":[\"Reisen\"],\"inLanguage\":\"de\"},{\"@type\":\"WebPage\",\"@id\":\"https:\\\/\\\/manipogo.de\\\/?p=15355\",\"url\":\"https:\\\/\\\/manipogo.de\\\/?p=15355\",\"name\":\"Die schwarze Madonna von Loreto - manipogo\",\"isPartOf\":{\"@id\":\"https:\\\/\\\/manipogo.de\\\/#website\"},\"primaryImageOfPage\":{\"@id\":\"https:\\\/\\\/manipogo.de\\\/?p=15355#primaryimage\"},\"image\":{\"@id\":\"https:\\\/\\\/manipogo.de\\\/?p=15355#primaryimage\"},\"thumbnailUrl\":\"http:\\\/\\\/manipogo.de\\\/wp-content\\\/uploads\\\/loreto-197x300.jpg\",\"datePublished\":\"2018-12-23T00:10:50+00:00\",\"author\":{\"@id\":\"https:\\\/\\\/manipogo.de\\\/#\\\/schema\\\/person\\\/991913de0e39267877f234553fd7f58d\"},\"breadcrumb\":{\"@id\":\"https:\\\/\\\/manipogo.de\\\/?p=15355#breadcrumb\"},\"inLanguage\":\"de\",\"potentialAction\":[{\"@type\":\"ReadAction\",\"target\":[\"https:\\\/\\\/manipogo.de\\\/?p=15355\"]}]},{\"@type\":\"ImageObject\",\"inLanguage\":\"de\",\"@id\":\"https:\\\/\\\/manipogo.de\\\/?p=15355#primaryimage\",\"url\":\"https:\\\/\\\/manipogo.de\\\/wp-content\\\/uploads\\\/loreto.jpg\",\"contentUrl\":\"https:\\\/\\\/manipogo.de\\\/wp-content\\\/uploads\\\/loreto.jpg\",\"width\":540,\"height\":822},{\"@type\":\"BreadcrumbList\",\"@id\":\"https:\\\/\\\/manipogo.de\\\/?p=15355#breadcrumb\",\"itemListElement\":[{\"@type\":\"ListItem\",\"position\":1,\"name\":\"Startseite\",\"item\":\"https:\\\/\\\/manipogo.de\\\/\"},{\"@type\":\"ListItem\",\"position\":2,\"name\":\"Die schwarze Madonna von Loreto\"}]},{\"@type\":\"WebSite\",\"@id\":\"https:\\\/\\\/manipogo.de\\\/#website\",\"url\":\"https:\\\/\\\/manipogo.de\\\/\",\"name\":\"manipogo\",\"description\":\"Gott und die Welt\",\"potentialAction\":[{\"@type\":\"SearchAction\",\"target\":{\"@type\":\"EntryPoint\",\"urlTemplate\":\"https:\\\/\\\/manipogo.de\\\/?s={search_term_string}\"},\"query-input\":{\"@type\":\"PropertyValueSpecification\",\"valueRequired\":true,\"valueName\":\"search_term_string\"}}],\"inLanguage\":\"de\"},{\"@type\":\"Person\",\"@id\":\"https:\\\/\\\/manipogo.de\\\/#\\\/schema\\\/person\\\/991913de0e39267877f234553fd7f58d\",\"name\":\"web108\",\"url\":\"https:\\\/\\\/manipogo.de\\\/?author=1\"}]}<\/script>\n<!-- \/ Yoast SEO plugin. -->","yoast_head_json":{"title":"Die schwarze Madonna von Loreto - manipogo","robots":{"index":"index","follow":"follow","max-snippet":"max-snippet:-1","max-image-preview":"max-image-preview:large","max-video-preview":"max-video-preview:-1"},"canonical":"https:\/\/manipogo.de\/?p=15355","og_locale":"de_DE","og_type":"article","og_title":"Die schwarze Madonna von Loreto - manipogo","og_description":"Der Besuch bei der schwarzen Madonna von Loreto schlie\u00dft meine Trilogie ab. Ich hatte nach Recanati fahren wollen, und da fiel mein Blick auf den Namen Loreto, und mir wurde gesagt: ber\u00fchmter Wallfahrtsort. Die schwarze Madonna. Die Stra\u00dfe durch die Marken Richtung Meer, die Region durchschneidend, lief eben dahin, ich besuchte das Museum des Dichters [&hellip;]","og_url":"https:\/\/manipogo.de\/?p=15355","og_site_name":"manipogo","article_published_time":"2018-12-23T00:10:50+00:00","og_image":[{"url":"http:\/\/manipogo.de\/wp-content\/uploads\/loreto-197x300.jpg","type":"","width":"","height":""}],"author":"web108","twitter_card":"summary_large_image","twitter_misc":{"Verfasst von":"web108","Gesch\u00e4tzte Lesezeit":"4\u00a0Minuten"},"schema":{"@context":"https:\/\/schema.org","@graph":[{"@type":"Article","@id":"https:\/\/manipogo.de\/?p=15355#article","isPartOf":{"@id":"https:\/\/manipogo.de\/?p=15355"},"author":{"name":"web108","@id":"https:\/\/manipogo.de\/#\/schema\/person\/991913de0e39267877f234553fd7f58d"},"headline":"Die schwarze Madonna von Loreto","datePublished":"2018-12-23T00:10:50+00:00","mainEntityOfPage":{"@id":"https:\/\/manipogo.de\/?p=15355"},"wordCount":805,"image":{"@id":"https:\/\/manipogo.de\/?p=15355#primaryimage"},"thumbnailUrl":"http:\/\/manipogo.de\/wp-content\/uploads\/loreto-197x300.jpg","keywords":["Italien","Maria"],"articleSection":["Reisen"],"inLanguage":"de"},{"@type":"WebPage","@id":"https:\/\/manipogo.de\/?p=15355","url":"https:\/\/manipogo.de\/?p=15355","name":"Die schwarze Madonna von Loreto - manipogo","isPartOf":{"@id":"https:\/\/manipogo.de\/#website"},"primaryImageOfPage":{"@id":"https:\/\/manipogo.de\/?p=15355#primaryimage"},"image":{"@id":"https:\/\/manipogo.de\/?p=15355#primaryimage"},"thumbnailUrl":"http:\/\/manipogo.de\/wp-content\/uploads\/loreto-197x300.jpg","datePublished":"2018-12-23T00:10:50+00:00","author":{"@id":"https:\/\/manipogo.de\/#\/schema\/person\/991913de0e39267877f234553fd7f58d"},"breadcrumb":{"@id":"https:\/\/manipogo.de\/?p=15355#breadcrumb"},"inLanguage":"de","potentialAction":[{"@type":"ReadAction","target":["https:\/\/manipogo.de\/?p=15355"]}]},{"@type":"ImageObject","inLanguage":"de","@id":"https:\/\/manipogo.de\/?p=15355#primaryimage","url":"https:\/\/manipogo.de\/wp-content\/uploads\/loreto.jpg","contentUrl":"https:\/\/manipogo.de\/wp-content\/uploads\/loreto.jpg","width":540,"height":822},{"@type":"BreadcrumbList","@id":"https:\/\/manipogo.de\/?p=15355#breadcrumb","itemListElement":[{"@type":"ListItem","position":1,"name":"Startseite","item":"https:\/\/manipogo.de\/"},{"@type":"ListItem","position":2,"name":"Die schwarze Madonna von Loreto"}]},{"@type":"WebSite","@id":"https:\/\/manipogo.de\/#website","url":"https:\/\/manipogo.de\/","name":"manipogo","description":"Gott und die Welt","potentialAction":[{"@type":"SearchAction","target":{"@type":"EntryPoint","urlTemplate":"https:\/\/manipogo.de\/?s={search_term_string}"},"query-input":{"@type":"PropertyValueSpecification","valueRequired":true,"valueName":"search_term_string"}}],"inLanguage":"de"},{"@type":"Person","@id":"https:\/\/manipogo.de\/#\/schema\/person\/991913de0e39267877f234553fd7f58d","name":"web108","url":"https:\/\/manipogo.de\/?author=1"}]}},"_links":{"self":[{"href":"https:\/\/manipogo.de\/index.php?rest_route=\/wp\/v2\/posts\/15355","targetHints":{"allow":["GET"]}}],"collection":[{"href":"https:\/\/manipogo.de\/index.php?rest_route=\/wp\/v2\/posts"}],"about":[{"href":"https:\/\/manipogo.de\/index.php?rest_route=\/wp\/v2\/types\/post"}],"author":[{"embeddable":true,"href":"https:\/\/manipogo.de\/index.php?rest_route=\/wp\/v2\/users\/1"}],"replies":[{"embeddable":true,"href":"https:\/\/manipogo.de\/index.php?rest_route=%2Fwp%2Fv2%2Fcomments&post=15355"}],"version-history":[{"count":8,"href":"https:\/\/manipogo.de\/index.php?rest_route=\/wp\/v2\/posts\/15355\/revisions"}],"predecessor-version":[{"id":15440,"href":"https:\/\/manipogo.de\/index.php?rest_route=\/wp\/v2\/posts\/15355\/revisions\/15440"}],"wp:attachment":[{"href":"https:\/\/manipogo.de\/index.php?rest_route=%2Fwp%2Fv2%2Fmedia&parent=15355"}],"wp:term":[{"taxonomy":"category","embeddable":true,"href":"https:\/\/manipogo.de\/index.php?rest_route=%2Fwp%2Fv2%2Fcategories&post=15355"},{"taxonomy":"post_tag","embeddable":true,"href":"https:\/\/manipogo.de\/index.php?rest_route=%2Fwp%2Fv2%2Ftags&post=15355"}],"curies":[{"name":"wp","href":"https:\/\/api.w.org\/{rel}","templated":true}]}}