{"id":15450,"date":"2018-12-20T00:52:45","date_gmt":"2018-12-19T23:52:45","guid":{"rendered":"http:\/\/manipogo.de\/?p=15450"},"modified":"2018-12-19T23:53:51","modified_gmt":"2018-12-19T22:53:51","slug":"gruesse-aus-norwegen","status":"publish","type":"post","link":"https:\/\/manipogo.de\/?p=15450","title":{"rendered":"Gr\u00fc\u00dfe aus Norwegen"},"content":{"rendered":"<p>Seit wir uns 2010 in D\u00e4nemark kennenlernten, schickt mir der tapfere Hochradartist Jan Paulsen jedes Jahr zu Weihnachten Fotos von ihm als Weihnachtsmann. Da die Tage bis Weihnachten bei <em>manipogo<\/em> bereits verplant sind, bleibt nur der 20. Dezember. Ich kann mir nicht vorstellen, dass Jan etwas dagegen hat, aus Norwegen meinen Leserinnen und Lesern sch\u00f6ne Weihnachten zu w\u00fcnschen. <!--more--><\/p>\n<p>Es geht ihm jedenfalls gut, dem alten Wikinger, und er w\u00fcnscht mir sch\u00f6ne Weihnachten und ein richtig gutes Neujahr:\u00a0\u00bb\u00d8nsker deg en god jul og et riktig godt nytt\u00e5r.\u00ab Da muss ich ihm bald antworten und mein Norwegisch-W\u00f6rterbuch hervorkramen. Mach&#8217;s auch gut, Jan!<\/p>\n<p><a href=\"https:\/\/manipogo.de\/wp-content\/uploads\/P1040528-2.jpg\" rel=\"attachment wp-att-15451\"><img loading=\"lazy\" decoding=\"async\" class=\"alignleft size-full wp-image-15451\" src=\"https:\/\/manipogo.de\/wp-content\/uploads\/P1040528-2.jpg\" alt=\"P1040528 (2)\" width=\"540\" height=\"720\" srcset=\"https:\/\/manipogo.de\/wp-content\/uploads\/P1040528-2.jpg 540w, https:\/\/manipogo.de\/wp-content\/uploads\/P1040528-2-225x300.jpg 225w\" sizes=\"auto, (max-width: 540px) 100vw, 540px\" \/><\/a><a href=\"https:\/\/manipogo.de\/wp-content\/uploads\/P1040532.jpg\" rel=\"attachment wp-att-15452\"><img loading=\"lazy\" decoding=\"async\" class=\"alignleft size-full wp-image-15452\" src=\"https:\/\/manipogo.de\/wp-content\/uploads\/P1040532.jpg\" alt=\"P1040532\" width=\"540\" height=\"405\" srcset=\"https:\/\/manipogo.de\/wp-content\/uploads\/P1040532.jpg 540w, https:\/\/manipogo.de\/wp-content\/uploads\/P1040532-300x225.jpg 300w\" sizes=\"auto, (max-width: 540px) 100vw, 540px\" \/><\/a><\/p>\n<p>&nbsp;<\/p>\n","protected":false},"excerpt":{"rendered":"<p>Seit wir uns 2010 in D\u00e4nemark kennenlernten, schickt mir der tapfere Hochradartist Jan Paulsen jedes Jahr zu Weihnachten Fotos von ihm als Weihnachtsmann. Da die Tage bis Weihnachten bei manipogo bereits verplant sind, bleibt nur der 20. Dezember. Ich kann mir nicht vorstellen, dass Jan etwas dagegen hat, aus Norwegen meinen Leserinnen und Lesern sch\u00f6ne [&hellip;]<\/p>\n","protected":false},"author":1,"featured_media":0,"comment_status":"closed","ping_status":"closed","sticky":false,"template":"","format":"standard","meta":{"footnotes":""},"categories":[1222],"tags":[1551,1139],"class_list":["post-15450","post","type-post","status-publish","format-standard","hentry","category-fahrrad","tag-jan","tag-norwegen"],"yoast_head":"<!-- This site is optimized with the Yoast SEO plugin v27.3 - https:\/\/yoast.com\/product\/yoast-seo-wordpress\/ -->\n<title>Gr\u00fc\u00dfe aus Norwegen - manipogo<\/title>\n<meta name=\"robots\" content=\"index, follow, max-snippet:-1, max-image-preview:large, max-video-preview:-1\" \/>\n<link rel=\"canonical\" href=\"https:\/\/manipogo.de\/?p=15450\" \/>\n<meta property=\"og:locale\" content=\"de_DE\" \/>\n<meta property=\"og:type\" content=\"article\" \/>\n<meta property=\"og:title\" content=\"Gr\u00fc\u00dfe aus Norwegen - manipogo\" \/>\n<meta property=\"og:description\" content=\"Seit wir uns 2010 in D\u00e4nemark kennenlernten, schickt mir der tapfere Hochradartist Jan Paulsen jedes Jahr zu Weihnachten Fotos von ihm als Weihnachtsmann. Da die Tage bis Weihnachten bei manipogo bereits verplant sind, bleibt nur der 20. Dezember. Ich kann mir nicht vorstellen, dass Jan etwas dagegen hat, aus Norwegen meinen Leserinnen und Lesern sch\u00f6ne [&hellip;]\" \/>\n<meta property=\"og:url\" content=\"https:\/\/manipogo.de\/?p=15450\" \/>\n<meta property=\"og:site_name\" content=\"manipogo\" \/>\n<meta property=\"article:published_time\" content=\"2018-12-19T23:52:45+00:00\" \/>\n<meta property=\"og:image\" content=\"http:\/\/manipogo.de\/wp-content\/uploads\/P1040528-2.jpg\" \/>\n<meta name=\"author\" content=\"web108\" \/>\n<meta name=\"twitter:card\" content=\"summary_large_image\" \/>\n<meta name=\"twitter:label1\" content=\"Verfasst von\" \/>\n\t<meta name=\"twitter:data1\" content=\"web108\" \/>\n\t<meta name=\"twitter:label2\" content=\"Gesch\u00e4tzte Lesezeit\" \/>\n\t<meta name=\"twitter:data2\" content=\"1\u00a0Minute\" \/>\n<script type=\"application\/ld+json\" class=\"yoast-schema-graph\">{\"@context\":\"https:\\\/\\\/schema.org\",\"@graph\":[{\"@type\":\"Article\",\"@id\":\"https:\\\/\\\/manipogo.de\\\/?p=15450#article\",\"isPartOf\":{\"@id\":\"https:\\\/\\\/manipogo.de\\\/?p=15450\"},\"author\":{\"name\":\"web108\",\"@id\":\"https:\\\/\\\/manipogo.de\\\/#\\\/schema\\\/person\\\/991913de0e39267877f234553fd7f58d\"},\"headline\":\"Gr\u00fc\u00dfe aus Norwegen\",\"datePublished\":\"2018-12-19T23:52:45+00:00\",\"mainEntityOfPage\":{\"@id\":\"https:\\\/\\\/manipogo.de\\\/?p=15450\"},\"wordCount\":112,\"image\":{\"@id\":\"https:\\\/\\\/manipogo.de\\\/?p=15450#primaryimage\"},\"thumbnailUrl\":\"http:\\\/\\\/manipogo.de\\\/wp-content\\\/uploads\\\/P1040528-2.jpg\",\"keywords\":[\"Jan\",\"Norwegen\"],\"articleSection\":[\"Fahrrad\"],\"inLanguage\":\"de\"},{\"@type\":\"WebPage\",\"@id\":\"https:\\\/\\\/manipogo.de\\\/?p=15450\",\"url\":\"https:\\\/\\\/manipogo.de\\\/?p=15450\",\"name\":\"Gr\u00fc\u00dfe aus Norwegen - manipogo\",\"isPartOf\":{\"@id\":\"https:\\\/\\\/manipogo.de\\\/#website\"},\"primaryImageOfPage\":{\"@id\":\"https:\\\/\\\/manipogo.de\\\/?p=15450#primaryimage\"},\"image\":{\"@id\":\"https:\\\/\\\/manipogo.de\\\/?p=15450#primaryimage\"},\"thumbnailUrl\":\"http:\\\/\\\/manipogo.de\\\/wp-content\\\/uploads\\\/P1040528-2.jpg\",\"datePublished\":\"2018-12-19T23:52:45+00:00\",\"author\":{\"@id\":\"https:\\\/\\\/manipogo.de\\\/#\\\/schema\\\/person\\\/991913de0e39267877f234553fd7f58d\"},\"breadcrumb\":{\"@id\":\"https:\\\/\\\/manipogo.de\\\/?p=15450#breadcrumb\"},\"inLanguage\":\"de\",\"potentialAction\":[{\"@type\":\"ReadAction\",\"target\":[\"https:\\\/\\\/manipogo.de\\\/?p=15450\"]}]},{\"@type\":\"ImageObject\",\"inLanguage\":\"de\",\"@id\":\"https:\\\/\\\/manipogo.de\\\/?p=15450#primaryimage\",\"url\":\"http:\\\/\\\/manipogo.de\\\/wp-content\\\/uploads\\\/P1040528-2.jpg\",\"contentUrl\":\"http:\\\/\\\/manipogo.de\\\/wp-content\\\/uploads\\\/P1040528-2.jpg\"},{\"@type\":\"BreadcrumbList\",\"@id\":\"https:\\\/\\\/manipogo.de\\\/?p=15450#breadcrumb\",\"itemListElement\":[{\"@type\":\"ListItem\",\"position\":1,\"name\":\"Startseite\",\"item\":\"https:\\\/\\\/manipogo.de\\\/\"},{\"@type\":\"ListItem\",\"position\":2,\"name\":\"Gr\u00fc\u00dfe aus Norwegen\"}]},{\"@type\":\"WebSite\",\"@id\":\"https:\\\/\\\/manipogo.de\\\/#website\",\"url\":\"https:\\\/\\\/manipogo.de\\\/\",\"name\":\"manipogo\",\"description\":\"Gott und die Welt\",\"potentialAction\":[{\"@type\":\"SearchAction\",\"target\":{\"@type\":\"EntryPoint\",\"urlTemplate\":\"https:\\\/\\\/manipogo.de\\\/?s={search_term_string}\"},\"query-input\":{\"@type\":\"PropertyValueSpecification\",\"valueRequired\":true,\"valueName\":\"search_term_string\"}}],\"inLanguage\":\"de\"},{\"@type\":\"Person\",\"@id\":\"https:\\\/\\\/manipogo.de\\\/#\\\/schema\\\/person\\\/991913de0e39267877f234553fd7f58d\",\"name\":\"web108\",\"url\":\"https:\\\/\\\/manipogo.de\\\/?author=1\"}]}<\/script>\n<!-- \/ Yoast SEO plugin. -->","yoast_head_json":{"title":"Gr\u00fc\u00dfe aus Norwegen - manipogo","robots":{"index":"index","follow":"follow","max-snippet":"max-snippet:-1","max-image-preview":"max-image-preview:large","max-video-preview":"max-video-preview:-1"},"canonical":"https:\/\/manipogo.de\/?p=15450","og_locale":"de_DE","og_type":"article","og_title":"Gr\u00fc\u00dfe aus Norwegen - manipogo","og_description":"Seit wir uns 2010 in D\u00e4nemark kennenlernten, schickt mir der tapfere Hochradartist Jan Paulsen jedes Jahr zu Weihnachten Fotos von ihm als Weihnachtsmann. Da die Tage bis Weihnachten bei manipogo bereits verplant sind, bleibt nur der 20. Dezember. Ich kann mir nicht vorstellen, dass Jan etwas dagegen hat, aus Norwegen meinen Leserinnen und Lesern sch\u00f6ne [&hellip;]","og_url":"https:\/\/manipogo.de\/?p=15450","og_site_name":"manipogo","article_published_time":"2018-12-19T23:52:45+00:00","og_image":[{"url":"http:\/\/manipogo.de\/wp-content\/uploads\/P1040528-2.jpg","type":"","width":"","height":""}],"author":"web108","twitter_card":"summary_large_image","twitter_misc":{"Verfasst von":"web108","Gesch\u00e4tzte Lesezeit":"1\u00a0Minute"},"schema":{"@context":"https:\/\/schema.org","@graph":[{"@type":"Article","@id":"https:\/\/manipogo.de\/?p=15450#article","isPartOf":{"@id":"https:\/\/manipogo.de\/?p=15450"},"author":{"name":"web108","@id":"https:\/\/manipogo.de\/#\/schema\/person\/991913de0e39267877f234553fd7f58d"},"headline":"Gr\u00fc\u00dfe aus Norwegen","datePublished":"2018-12-19T23:52:45+00:00","mainEntityOfPage":{"@id":"https:\/\/manipogo.de\/?p=15450"},"wordCount":112,"image":{"@id":"https:\/\/manipogo.de\/?p=15450#primaryimage"},"thumbnailUrl":"http:\/\/manipogo.de\/wp-content\/uploads\/P1040528-2.jpg","keywords":["Jan","Norwegen"],"articleSection":["Fahrrad"],"inLanguage":"de"},{"@type":"WebPage","@id":"https:\/\/manipogo.de\/?p=15450","url":"https:\/\/manipogo.de\/?p=15450","name":"Gr\u00fc\u00dfe aus Norwegen - manipogo","isPartOf":{"@id":"https:\/\/manipogo.de\/#website"},"primaryImageOfPage":{"@id":"https:\/\/manipogo.de\/?p=15450#primaryimage"},"image":{"@id":"https:\/\/manipogo.de\/?p=15450#primaryimage"},"thumbnailUrl":"http:\/\/manipogo.de\/wp-content\/uploads\/P1040528-2.jpg","datePublished":"2018-12-19T23:52:45+00:00","author":{"@id":"https:\/\/manipogo.de\/#\/schema\/person\/991913de0e39267877f234553fd7f58d"},"breadcrumb":{"@id":"https:\/\/manipogo.de\/?p=15450#breadcrumb"},"inLanguage":"de","potentialAction":[{"@type":"ReadAction","target":["https:\/\/manipogo.de\/?p=15450"]}]},{"@type":"ImageObject","inLanguage":"de","@id":"https:\/\/manipogo.de\/?p=15450#primaryimage","url":"http:\/\/manipogo.de\/wp-content\/uploads\/P1040528-2.jpg","contentUrl":"http:\/\/manipogo.de\/wp-content\/uploads\/P1040528-2.jpg"},{"@type":"BreadcrumbList","@id":"https:\/\/manipogo.de\/?p=15450#breadcrumb","itemListElement":[{"@type":"ListItem","position":1,"name":"Startseite","item":"https:\/\/manipogo.de\/"},{"@type":"ListItem","position":2,"name":"Gr\u00fc\u00dfe aus Norwegen"}]},{"@type":"WebSite","@id":"https:\/\/manipogo.de\/#website","url":"https:\/\/manipogo.de\/","name":"manipogo","description":"Gott und die Welt","potentialAction":[{"@type":"SearchAction","target":{"@type":"EntryPoint","urlTemplate":"https:\/\/manipogo.de\/?s={search_term_string}"},"query-input":{"@type":"PropertyValueSpecification","valueRequired":true,"valueName":"search_term_string"}}],"inLanguage":"de"},{"@type":"Person","@id":"https:\/\/manipogo.de\/#\/schema\/person\/991913de0e39267877f234553fd7f58d","name":"web108","url":"https:\/\/manipogo.de\/?author=1"}]}},"_links":{"self":[{"href":"https:\/\/manipogo.de\/index.php?rest_route=\/wp\/v2\/posts\/15450","targetHints":{"allow":["GET"]}}],"collection":[{"href":"https:\/\/manipogo.de\/index.php?rest_route=\/wp\/v2\/posts"}],"about":[{"href":"https:\/\/manipogo.de\/index.php?rest_route=\/wp\/v2\/types\/post"}],"author":[{"embeddable":true,"href":"https:\/\/manipogo.de\/index.php?rest_route=\/wp\/v2\/users\/1"}],"replies":[{"embeddable":true,"href":"https:\/\/manipogo.de\/index.php?rest_route=%2Fwp%2Fv2%2Fcomments&post=15450"}],"version-history":[{"count":3,"href":"https:\/\/manipogo.de\/index.php?rest_route=\/wp\/v2\/posts\/15450\/revisions"}],"predecessor-version":[{"id":15454,"href":"https:\/\/manipogo.de\/index.php?rest_route=\/wp\/v2\/posts\/15450\/revisions\/15454"}],"wp:attachment":[{"href":"https:\/\/manipogo.de\/index.php?rest_route=%2Fwp%2Fv2%2Fmedia&parent=15450"}],"wp:term":[{"taxonomy":"category","embeddable":true,"href":"https:\/\/manipogo.de\/index.php?rest_route=%2Fwp%2Fv2%2Fcategories&post=15450"},{"taxonomy":"post_tag","embeddable":true,"href":"https:\/\/manipogo.de\/index.php?rest_route=%2Fwp%2Fv2%2Ftags&post=15450"}],"curies":[{"name":"wp","href":"https:\/\/api.w.org\/{rel}","templated":true}]}}