{"id":15867,"date":"2019-03-17T01:31:28","date_gmt":"2019-03-17T00:31:28","guid":{"rendered":"http:\/\/manipogo.de\/?p=15867"},"modified":"2019-03-16T21:31:59","modified_gmt":"2019-03-16T20:31:59","slug":"st-patricks-day","status":"publish","type":"post","link":"https:\/\/manipogo.de\/?p=15867","title":{"rendered":"St. Patrick&#8217;s Day"},"content":{"rendered":"<p>Heute feiern die Iren den St. Patrick\u2019s Day. Der Missionar soll am 17. M\u00e4rz 461 gestorben sein und in Irland etliche Wunder vollbracht haben. Er brachte den Katholizismus nach Irland, und 150 Jahre sp\u00e4ter zogen seine Landsleute Columban und Gallus durch S\u00fcddeutschland und bek\u00e4mpften die Heiden.<!--more--><\/p>\n<p><a href=\"https:\/\/manipogo.de\/wp-content\/uploads\/DSCN0430-1.jpg\" rel=\"attachment wp-att-15868\"><img loading=\"lazy\" decoding=\"async\" class=\"alignright size-medium wp-image-15868\" src=\"https:\/\/manipogo.de\/wp-content\/uploads\/DSCN0430-1-300x195.jpg\" alt=\"DSCN0430\" width=\"300\" height=\"195\" srcset=\"https:\/\/manipogo.de\/wp-content\/uploads\/DSCN0430-1-300x195.jpg 300w, https:\/\/manipogo.de\/wp-content\/uploads\/DSCN0430-1.jpg 540w\" sizes=\"auto, (max-width: 300px) 100vw, 300px\" \/><\/a>Auch hier in der N\u00e4he sind sie durchgekommen auf dem Weg zum Bodensee; die Kirche in Pfaffenweiler ist Columban gewidmet. In Arbon am See wurde Gallus krank, und um 610 lie\u00df er sich im Tal der Steinach nieder und wurde zum Gr\u00fcnder der Stadt St. Gallen.(Rechts: am See bei Arbon)<\/p>\n<p>In jenem Jahr soll Mohammed der Erzengel Gabriel erschienen sein und ihm befohlen haben: Trag vor! Der Koran wurde Mohammed in den folgenden 22 Jahren (bis 632) geoffenbart. Mohammed k\u00e4mpfte gegen den Polytheismus, wie Gallus und Patrick gegen die \u00dcberzeugungen der Heiden k\u00e4mpften. Der Glaube an den Einen Gott wurde im Osten und Westen durchgesetzt. Die Moslems eroberten die Iberische Halbinsel und kamen zu einer kulturellen Bl\u00fcte. Doch man muss sagen, dass sie damals toleranter waren als die Christen sp\u00e4ter im Mittelalter.<\/p>\n<p><a href=\"https:\/\/manipogo.de\/wp-content\/uploads\/federl_konrad-1.jpg\" rel=\"attachment wp-att-15869\"><img loading=\"lazy\" decoding=\"async\" class=\"alignleft size-medium wp-image-15869\" src=\"https:\/\/manipogo.de\/wp-content\/uploads\/federl_konrad-1-300x184.jpg\" alt=\"federl_konrad\" width=\"300\" height=\"184\" srcset=\"https:\/\/manipogo.de\/wp-content\/uploads\/federl_konrad-1-300x184.jpg 300w, https:\/\/manipogo.de\/wp-content\/uploads\/federl_konrad-1.jpg 540w\" sizes=\"auto, (max-width: 300px) 100vw, 300px\" \/><\/a>Sp\u00e4ter: die Kreuzz\u00fcge. Die Christen wollten Jerusalem befreien, und dazu geh\u00f6rten Massaker und Greueltaten, begangen von total \u00fcberzeugten Soldaten. Sie waren im Recht, meinten sie. Dies gab ihnen auch das Recht, im Zuge der Durchf\u00fchrung ihrer Aufgabe zu t\u00f6ten, meinten sie. Der Fanatismus, die Verblendung, der Irrsinn geh\u00f6rten immer zum Hegemonie-Anspruch der gro\u00dfen Religionen.<\/p>\n<p>Auch die heutigen Einzelt\u00e4ter wie der Killer von Christchurch sind fanatisch, verblendet und wahnsinnig. Irgendwie spielt sich da ein nicht erkl\u00e4rter Krieg ab. Da gibt es Schl\u00e4fer, die sich als Soldaten sehen und Zeichen setzen wollen: die islamistischen Fundamentalisten wie die wei\u00dfen Suprematisten. Die einen antworten\u00a0 auf die anderen, und die T\u00e4ter sind bereit, in den Tod zu gehen. Was wollen sie denn? Es sind verzweifelte Taten von Leuten, die mit dem R\u00fccken zur Wand stehen. Niemand wird die Struktur dieser Gesellschaft aushebeln.<\/p>\n<p><a href=\"https:\/\/manipogo.de\/wp-content\/uploads\/015-24.jpg\" rel=\"attachment wp-att-15870\"><img loading=\"lazy\" decoding=\"async\" class=\"alignright size-medium wp-image-15870\" src=\"https:\/\/manipogo.de\/wp-content\/uploads\/015-24-225x300.jpg\" alt=\"015\" width=\"225\" height=\"300\" srcset=\"https:\/\/manipogo.de\/wp-content\/uploads\/015-24-225x300.jpg 225w, https:\/\/manipogo.de\/wp-content\/uploads\/015-24.jpg 540w\" sizes=\"auto, (max-width: 225px) 100vw, 225px\" \/><\/a>Doch sie reden sich die Gr\u00f6\u00dfe ihrer \u00bbAufgabe\u00ab ein. Beide Gruppen wollen die Ungl\u00e4ubigen, wollen die Fremden vom Erdboden vertilgen. Und beide treibt ein \u00fcbergeordnetes egoistisches Ziel an: Die Islamisten denken an S\u00e4tze im Koran, die den M\u00e4rtyrern in Glaubenskrieg das Paradies versprechen, die Suprematisten glauben an eine h\u00f6here Existenz im Internet, sie wollen aufr\u00fctteln und ihr Ego mit einer ultimativen Tat unsterblich machen. Beides ist vom Wahnsinn getragen.<\/p>\n<p>Beide sehen sich als Instrumente einer gr\u00f6\u00dferen Idee und putschen sich auf im Gedanken an eine unsterblich machende blindw\u00fctige Tat. Nun ernten wir die Fr\u00fcchte des grassierenden Kommunikationswahns. Wir haben nicht bedacht, dass einige nur das rezipieren, was zu ihren \u00dcberzeugungen passt. Mitschuldig sind all jene, die leichtfertig rassistische Parolen in die Welt geblasen haben, um sich wichtig zu machen.<\/p>\n<p>Die Spirale der Gewalt dreht sich weiter, die Zivilbev\u00f6lkerung ist Geisel derer, die im Verborgenen Waffen horten und aufs Losschlagen warten. H\u00e4tten wir nicht Heiden bleiben k\u00f6nnen mit vielen G\u00f6ttern, statt uns von den gro\u00dfen Ideen ersticken zu lassen \u2212 sei es Kommunismus, Nationalsozialismus, Chauvinismus, der Eine Gott \u2212, die anscheinend zum Totalen f\u00fchren, zum Totalit\u00e4ren, zum riesengro\u00dfen \u00dcberwahn.<\/p>\n","protected":false},"excerpt":{"rendered":"<p>Heute feiern die Iren den St. Patrick\u2019s Day. Der Missionar soll am 17. M\u00e4rz 461 gestorben sein und in Irland etliche Wunder vollbracht haben. Er brachte den Katholizismus nach Irland, und 150 Jahre sp\u00e4ter zogen seine Landsleute Columban und Gallus durch S\u00fcddeutschland und bek\u00e4mpften die Heiden.<\/p>\n","protected":false},"author":1,"featured_media":0,"comment_status":"closed","ping_status":"closed","sticky":false,"template":"","format":"standard","meta":{"footnotes":""},"categories":[1347],"tags":[1585,53],"class_list":["post-15867","post","type-post","status-publish","format-standard","hentry","category-mystik","tag-fanatismus","tag-religion"],"yoast_head":"<!-- This site is optimized with the Yoast SEO plugin v27.3 - https:\/\/yoast.com\/product\/yoast-seo-wordpress\/ -->\n<title>St. Patrick&#039;s Day - manipogo<\/title>\n<meta name=\"robots\" content=\"index, follow, max-snippet:-1, max-image-preview:large, max-video-preview:-1\" \/>\n<link rel=\"canonical\" href=\"https:\/\/manipogo.de\/?p=15867\" \/>\n<meta property=\"og:locale\" content=\"de_DE\" \/>\n<meta property=\"og:type\" content=\"article\" \/>\n<meta property=\"og:title\" content=\"St. Patrick&#039;s Day - manipogo\" \/>\n<meta property=\"og:description\" content=\"Heute feiern die Iren den St. Patrick\u2019s Day. Der Missionar soll am 17. M\u00e4rz 461 gestorben sein und in Irland etliche Wunder vollbracht haben. Er brachte den Katholizismus nach Irland, und 150 Jahre sp\u00e4ter zogen seine Landsleute Columban und Gallus durch S\u00fcddeutschland und bek\u00e4mpften die Heiden.\" \/>\n<meta property=\"og:url\" content=\"https:\/\/manipogo.de\/?p=15867\" \/>\n<meta property=\"og:site_name\" content=\"manipogo\" \/>\n<meta property=\"article:published_time\" content=\"2019-03-17T00:31:28+00:00\" \/>\n<meta property=\"og:image\" content=\"http:\/\/manipogo.de\/wp-content\/uploads\/DSCN0430-1-300x195.jpg\" \/>\n<meta name=\"author\" content=\"web108\" \/>\n<meta name=\"twitter:card\" content=\"summary_large_image\" \/>\n<meta name=\"twitter:label1\" content=\"Verfasst von\" \/>\n\t<meta name=\"twitter:data1\" content=\"web108\" \/>\n\t<meta name=\"twitter:label2\" content=\"Gesch\u00e4tzte Lesezeit\" \/>\n\t<meta name=\"twitter:data2\" content=\"3\u00a0Minuten\" \/>\n<script type=\"application\/ld+json\" class=\"yoast-schema-graph\">{\"@context\":\"https:\\\/\\\/schema.org\",\"@graph\":[{\"@type\":\"Article\",\"@id\":\"https:\\\/\\\/manipogo.de\\\/?p=15867#article\",\"isPartOf\":{\"@id\":\"https:\\\/\\\/manipogo.de\\\/?p=15867\"},\"author\":{\"name\":\"web108\",\"@id\":\"https:\\\/\\\/manipogo.de\\\/#\\\/schema\\\/person\\\/991913de0e39267877f234553fd7f58d\"},\"headline\":\"St. Patrick&#8217;s Day\",\"datePublished\":\"2019-03-17T00:31:28+00:00\",\"mainEntityOfPage\":{\"@id\":\"https:\\\/\\\/manipogo.de\\\/?p=15867\"},\"wordCount\":541,\"image\":{\"@id\":\"https:\\\/\\\/manipogo.de\\\/?p=15867#primaryimage\"},\"thumbnailUrl\":\"http:\\\/\\\/manipogo.de\\\/wp-content\\\/uploads\\\/DSCN0430-1-300x195.jpg\",\"keywords\":[\"Fanatismus\",\"Religion\"],\"articleSection\":[\"Mystik\"],\"inLanguage\":\"de\"},{\"@type\":\"WebPage\",\"@id\":\"https:\\\/\\\/manipogo.de\\\/?p=15867\",\"url\":\"https:\\\/\\\/manipogo.de\\\/?p=15867\",\"name\":\"St. Patrick's Day - manipogo\",\"isPartOf\":{\"@id\":\"https:\\\/\\\/manipogo.de\\\/#website\"},\"primaryImageOfPage\":{\"@id\":\"https:\\\/\\\/manipogo.de\\\/?p=15867#primaryimage\"},\"image\":{\"@id\":\"https:\\\/\\\/manipogo.de\\\/?p=15867#primaryimage\"},\"thumbnailUrl\":\"http:\\\/\\\/manipogo.de\\\/wp-content\\\/uploads\\\/DSCN0430-1-300x195.jpg\",\"datePublished\":\"2019-03-17T00:31:28+00:00\",\"author\":{\"@id\":\"https:\\\/\\\/manipogo.de\\\/#\\\/schema\\\/person\\\/991913de0e39267877f234553fd7f58d\"},\"breadcrumb\":{\"@id\":\"https:\\\/\\\/manipogo.de\\\/?p=15867#breadcrumb\"},\"inLanguage\":\"de\",\"potentialAction\":[{\"@type\":\"ReadAction\",\"target\":[\"https:\\\/\\\/manipogo.de\\\/?p=15867\"]}]},{\"@type\":\"ImageObject\",\"inLanguage\":\"de\",\"@id\":\"https:\\\/\\\/manipogo.de\\\/?p=15867#primaryimage\",\"url\":\"https:\\\/\\\/manipogo.de\\\/wp-content\\\/uploads\\\/DSCN0430-1.jpg\",\"contentUrl\":\"https:\\\/\\\/manipogo.de\\\/wp-content\\\/uploads\\\/DSCN0430-1.jpg\",\"width\":540,\"height\":351},{\"@type\":\"BreadcrumbList\",\"@id\":\"https:\\\/\\\/manipogo.de\\\/?p=15867#breadcrumb\",\"itemListElement\":[{\"@type\":\"ListItem\",\"position\":1,\"name\":\"Startseite\",\"item\":\"https:\\\/\\\/manipogo.de\\\/\"},{\"@type\":\"ListItem\",\"position\":2,\"name\":\"St. Patrick&#8217;s Day\"}]},{\"@type\":\"WebSite\",\"@id\":\"https:\\\/\\\/manipogo.de\\\/#website\",\"url\":\"https:\\\/\\\/manipogo.de\\\/\",\"name\":\"manipogo\",\"description\":\"Gott und die Welt\",\"potentialAction\":[{\"@type\":\"SearchAction\",\"target\":{\"@type\":\"EntryPoint\",\"urlTemplate\":\"https:\\\/\\\/manipogo.de\\\/?s={search_term_string}\"},\"query-input\":{\"@type\":\"PropertyValueSpecification\",\"valueRequired\":true,\"valueName\":\"search_term_string\"}}],\"inLanguage\":\"de\"},{\"@type\":\"Person\",\"@id\":\"https:\\\/\\\/manipogo.de\\\/#\\\/schema\\\/person\\\/991913de0e39267877f234553fd7f58d\",\"name\":\"web108\",\"url\":\"https:\\\/\\\/manipogo.de\\\/?author=1\"}]}<\/script>\n<!-- \/ Yoast SEO plugin. -->","yoast_head_json":{"title":"St. Patrick's Day - manipogo","robots":{"index":"index","follow":"follow","max-snippet":"max-snippet:-1","max-image-preview":"max-image-preview:large","max-video-preview":"max-video-preview:-1"},"canonical":"https:\/\/manipogo.de\/?p=15867","og_locale":"de_DE","og_type":"article","og_title":"St. Patrick's Day - manipogo","og_description":"Heute feiern die Iren den St. Patrick\u2019s Day. Der Missionar soll am 17. M\u00e4rz 461 gestorben sein und in Irland etliche Wunder vollbracht haben. Er brachte den Katholizismus nach Irland, und 150 Jahre sp\u00e4ter zogen seine Landsleute Columban und Gallus durch S\u00fcddeutschland und bek\u00e4mpften die Heiden.","og_url":"https:\/\/manipogo.de\/?p=15867","og_site_name":"manipogo","article_published_time":"2019-03-17T00:31:28+00:00","og_image":[{"url":"http:\/\/manipogo.de\/wp-content\/uploads\/DSCN0430-1-300x195.jpg","type":"","width":"","height":""}],"author":"web108","twitter_card":"summary_large_image","twitter_misc":{"Verfasst von":"web108","Gesch\u00e4tzte Lesezeit":"3\u00a0Minuten"},"schema":{"@context":"https:\/\/schema.org","@graph":[{"@type":"Article","@id":"https:\/\/manipogo.de\/?p=15867#article","isPartOf":{"@id":"https:\/\/manipogo.de\/?p=15867"},"author":{"name":"web108","@id":"https:\/\/manipogo.de\/#\/schema\/person\/991913de0e39267877f234553fd7f58d"},"headline":"St. Patrick&#8217;s Day","datePublished":"2019-03-17T00:31:28+00:00","mainEntityOfPage":{"@id":"https:\/\/manipogo.de\/?p=15867"},"wordCount":541,"image":{"@id":"https:\/\/manipogo.de\/?p=15867#primaryimage"},"thumbnailUrl":"http:\/\/manipogo.de\/wp-content\/uploads\/DSCN0430-1-300x195.jpg","keywords":["Fanatismus","Religion"],"articleSection":["Mystik"],"inLanguage":"de"},{"@type":"WebPage","@id":"https:\/\/manipogo.de\/?p=15867","url":"https:\/\/manipogo.de\/?p=15867","name":"St. Patrick's Day - manipogo","isPartOf":{"@id":"https:\/\/manipogo.de\/#website"},"primaryImageOfPage":{"@id":"https:\/\/manipogo.de\/?p=15867#primaryimage"},"image":{"@id":"https:\/\/manipogo.de\/?p=15867#primaryimage"},"thumbnailUrl":"http:\/\/manipogo.de\/wp-content\/uploads\/DSCN0430-1-300x195.jpg","datePublished":"2019-03-17T00:31:28+00:00","author":{"@id":"https:\/\/manipogo.de\/#\/schema\/person\/991913de0e39267877f234553fd7f58d"},"breadcrumb":{"@id":"https:\/\/manipogo.de\/?p=15867#breadcrumb"},"inLanguage":"de","potentialAction":[{"@type":"ReadAction","target":["https:\/\/manipogo.de\/?p=15867"]}]},{"@type":"ImageObject","inLanguage":"de","@id":"https:\/\/manipogo.de\/?p=15867#primaryimage","url":"https:\/\/manipogo.de\/wp-content\/uploads\/DSCN0430-1.jpg","contentUrl":"https:\/\/manipogo.de\/wp-content\/uploads\/DSCN0430-1.jpg","width":540,"height":351},{"@type":"BreadcrumbList","@id":"https:\/\/manipogo.de\/?p=15867#breadcrumb","itemListElement":[{"@type":"ListItem","position":1,"name":"Startseite","item":"https:\/\/manipogo.de\/"},{"@type":"ListItem","position":2,"name":"St. Patrick&#8217;s Day"}]},{"@type":"WebSite","@id":"https:\/\/manipogo.de\/#website","url":"https:\/\/manipogo.de\/","name":"manipogo","description":"Gott und die Welt","potentialAction":[{"@type":"SearchAction","target":{"@type":"EntryPoint","urlTemplate":"https:\/\/manipogo.de\/?s={search_term_string}"},"query-input":{"@type":"PropertyValueSpecification","valueRequired":true,"valueName":"search_term_string"}}],"inLanguage":"de"},{"@type":"Person","@id":"https:\/\/manipogo.de\/#\/schema\/person\/991913de0e39267877f234553fd7f58d","name":"web108","url":"https:\/\/manipogo.de\/?author=1"}]}},"_links":{"self":[{"href":"https:\/\/manipogo.de\/index.php?rest_route=\/wp\/v2\/posts\/15867","targetHints":{"allow":["GET"]}}],"collection":[{"href":"https:\/\/manipogo.de\/index.php?rest_route=\/wp\/v2\/posts"}],"about":[{"href":"https:\/\/manipogo.de\/index.php?rest_route=\/wp\/v2\/types\/post"}],"author":[{"embeddable":true,"href":"https:\/\/manipogo.de\/index.php?rest_route=\/wp\/v2\/users\/1"}],"replies":[{"embeddable":true,"href":"https:\/\/manipogo.de\/index.php?rest_route=%2Fwp%2Fv2%2Fcomments&post=15867"}],"version-history":[{"count":1,"href":"https:\/\/manipogo.de\/index.php?rest_route=\/wp\/v2\/posts\/15867\/revisions"}],"predecessor-version":[{"id":15871,"href":"https:\/\/manipogo.de\/index.php?rest_route=\/wp\/v2\/posts\/15867\/revisions\/15871"}],"wp:attachment":[{"href":"https:\/\/manipogo.de\/index.php?rest_route=%2Fwp%2Fv2%2Fmedia&parent=15867"}],"wp:term":[{"taxonomy":"category","embeddable":true,"href":"https:\/\/manipogo.de\/index.php?rest_route=%2Fwp%2Fv2%2Fcategories&post=15867"},{"taxonomy":"post_tag","embeddable":true,"href":"https:\/\/manipogo.de\/index.php?rest_route=%2Fwp%2Fv2%2Ftags&post=15867"}],"curies":[{"name":"wp","href":"https:\/\/api.w.org\/{rel}","templated":true}]}}