{"id":16291,"date":"2019-08-04T00:37:20","date_gmt":"2019-08-03T22:37:20","guid":{"rendered":"http:\/\/manipogo.de\/?p=16291"},"modified":"2019-07-24T23:28:46","modified_gmt":"2019-07-24T21:28:46","slug":"leben-und-die-cloud","status":"publish","type":"post","link":"https:\/\/manipogo.de\/?p=16291","title":{"rendered":"Leben und die Cloud"},"content":{"rendered":"<p>Alles speichern in der Cloud. Wollte bei gmx wie gewohnt etwas speichern, dann gab es die Kategorie nicht mehr, und sie hie\u00df: cloud. Unsere Krankenakten auf dem Chip. Der Verlauf meiner Internet-Sitzung: registriert. Digitale Archive, neue Museen. Diese Gesellschaft will alles bunkern und selbst das Vergangene einmachen wie Marmelade in Weck-Gl\u00e4ser. \u00a0Sie will haben haben haben. Krishnamurti fragte: Soll man speichern? Muss man speichern? <!--more--><\/p>\n<p>Ich habe einen Beitrag \u00fcber <a href=\"https:\/\/manipogo.de\/?p=1564\" target=\"_blank\">Die Wolken<\/a> zu bieten.Brecht schreibt in der <em>Erinnerung an die Marie A<\/em>.:<\/p>\n<p><em>Und \u00fcber uns im sch\u00f6nen Sommerhimmel<br \/>\nWar eine Wolke, die ich lange sah<br \/>\nSie war sehr wei\u00df und ungeheuer oben<br \/>\nUnd als ich aufsah, war sie nimmer da.<\/em><\/p>\n<p>Wolken sind ungeheuer beweglich. Sie l\u00f6sen sich auf und ballen sich zusammen, es grollt in ihnen und es regnet aus ihnen. Manchmal entschwinden sie, l\u00f6sen sich auf. Der Himmel wei\u00df, weshalb Computermenschen gerade <em>die Wolke<\/em> ausw\u00e4hlten, um ihren Klienten etwas ungeheuer Sicheres vorzuspiegeln. Die Wolke ist das Unsicherste, was man sich vorstellen kann. Doch der zerstreute Mensch von heute sieht nur etwas, das wei\u00df und ungeheuer oben ist. Etwas, das oben ist. Der religi\u00f6se Gedanke, der damit verbunden ist, darf sich gern einstellen. Gott sieht alles. Gott ist die Gro\u00dfe Datenbank, Gott ist die Googles aller Universen. Wir wollen auch ein klein wenig Gott spielen d\u00fcrfen.<\/p>\n<p>Krishnamurti fragt unter dem Punkt \u00bbAufmerksamkeit\u00ab:<\/p>\n<p><em>Ist es also m\u00f6glich, frei zu sein und \u00fcberhaupt nichts auf der seelischen Ebene aufzuzeichnen? Das ist nur m\u00f6glich, wenn es vollst\u00e4ndige Aufmerksamkeit gibt. Wenn umfassende wache Bewusstheit besteht, gibt es keine Aufzeichnungen. \u2026 K\u00f6nnen wir ohne den ganzen Prozess und ohne die Maschinerie des funktionierenden Ged\u00e4chtnisses beobachten, schauen?<\/em><\/p>\n<p>Das sind Fragen. Krishnamurti will, dass wir Allem neu gegen\u00fcbertreten, dass Menschen jeden Tag die Chance haben, in unseren Augen neu zu sein. Dass wir nicht neue Erfahrungen durch den Filter von Vorannahmen und Vorurteilen und Erwartungen laufen lassen. Das ist schwer. Vollst\u00e4ndige Aufmerksamkeit, alles an sich vorbeilaufen lassen, nur das Wichtigste registrieren, nicht stets begleitet sein vom Geplapper des eigenen Geistes, der keine Ruhe gibt; beobachten, ohne zu urteilen.<\/p>\n<p><a href=\"https:\/\/manipogo.de\/wp-content\/uploads\/DSCN2931-2.jpg\" rel=\"attachment wp-att-16292\"><img loading=\"lazy\" decoding=\"async\" class=\"alignleft size-full wp-image-16292\" src=\"https:\/\/manipogo.de\/wp-content\/uploads\/DSCN2931-2.jpg\" alt=\"DSCN2931\" width=\"540\" height=\"177\" srcset=\"https:\/\/manipogo.de\/wp-content\/uploads\/DSCN2931-2.jpg 540w, https:\/\/manipogo.de\/wp-content\/uploads\/DSCN2931-2-300x98.jpg 300w\" sizes=\"auto, (max-width: 540px) 100vw, 540px\" \/><\/a><\/p>\n<p><em>Ist es wirklich m\u00f6glich, \u00fcberhaupt nichts zu speichern? Wenn das Gehirn st\u00e4ndig alles aufzeichnet, was passiert, dann ist es nie frei und bereit, still zu sein \u2026 Dieses Sich-Erinnern und Aufzeichnen geht die ganze Zeit vonstatten. Wir fragen uns, ob es m\u00f6glich ist, nicht alle Dinge zu speichern, sondern nur das aufzuzeichnen, was absolut notwendig ist. <\/em><\/p>\n<p>Unsere Erinnerungen sind unser Wesen. Weil diese Gesellschaft alles haben will, ist f\u00fcr sie Demenz ein solcher Horror. De-mentia: ohne Geist. Menschen mit Demenz (wie meine Mutter) haben das meiste von fr\u00fcher vergessen. Geht auch ohne. Sie leben dennoch, und oft auch fr\u00f6hlich. \u00bbWo muss ich jetzt hin?\u00ab fragt meine Mutter vor dem Weg zum Abendessen, den sie schon 300 Mal gegangen ist. Alles neu. Das z\u00e4hlt, was sie vor der Nase haben. Die Emotionen.<\/p>\n<p><a href=\"https:\/\/manipogo.de\/wp-content\/uploads\/kirner2.jpg\" rel=\"attachment wp-att-16293\"><img loading=\"lazy\" decoding=\"async\" class=\"alignleft size-full wp-image-16293\" src=\"https:\/\/manipogo.de\/wp-content\/uploads\/kirner2.jpg\" alt=\"kirner2\" width=\"540\" height=\"360\" srcset=\"https:\/\/manipogo.de\/wp-content\/uploads\/kirner2.jpg 540w, https:\/\/manipogo.de\/wp-content\/uploads\/kirner2-300x200.jpg 300w\" sizes=\"auto, (max-width: 540px) 100vw, 540px\" \/><\/a><\/p>\n<p>Ein bi\u00dfchen k\u00f6nnten wir auch so leben. Was vorbei ist, ist vorbei. Wenn du wei\u00dft, wer du bist, wo du bist und welchen Tag wir schreiben, ist ja alles in Ordnung. Schau umher! Ist es nicht ein Wunder? Du bist hier, du darfst Erfahrungen machen, der Wind ber\u00fchrt deine Haut, die Sonne erw\u00e4rmt sie, dein Gehirn ist still. Du bist in der Mitte des Universums. Das gen\u00fcgt.<\/p>\n","protected":false},"excerpt":{"rendered":"<p>Alles speichern in der Cloud. Wollte bei gmx wie gewohnt etwas speichern, dann gab es die Kategorie nicht mehr, und sie hie\u00df: cloud. Unsere Krankenakten auf dem Chip. Der Verlauf meiner Internet-Sitzung: registriert. Digitale Archive, neue Museen. Diese Gesellschaft will alles bunkern und selbst das Vergangene einmachen wie Marmelade in Weck-Gl\u00e4ser. \u00a0Sie will haben haben [&hellip;]<\/p>\n","protected":false},"author":1,"featured_media":0,"comment_status":"closed","ping_status":"closed","sticky":false,"template":"","format":"standard","meta":{"footnotes":""},"categories":[1347],"tags":[235,1637],"class_list":["post-16291","post","type-post","status-publish","format-standard","hentry","category-mystik","tag-bewusstsein","tag-speichern"],"yoast_head":"<!-- This site is optimized with the Yoast SEO plugin v27.3 - https:\/\/yoast.com\/product\/yoast-seo-wordpress\/ -->\n<title>Leben und die Cloud - manipogo<\/title>\n<meta name=\"robots\" content=\"index, follow, max-snippet:-1, max-image-preview:large, max-video-preview:-1\" \/>\n<link rel=\"canonical\" href=\"https:\/\/manipogo.de\/?p=16291\" \/>\n<meta property=\"og:locale\" content=\"de_DE\" \/>\n<meta property=\"og:type\" content=\"article\" \/>\n<meta property=\"og:title\" content=\"Leben und die Cloud - manipogo\" \/>\n<meta property=\"og:description\" content=\"Alles speichern in der Cloud. Wollte bei gmx wie gewohnt etwas speichern, dann gab es die Kategorie nicht mehr, und sie hie\u00df: cloud. Unsere Krankenakten auf dem Chip. Der Verlauf meiner Internet-Sitzung: registriert. Digitale Archive, neue Museen. Diese Gesellschaft will alles bunkern und selbst das Vergangene einmachen wie Marmelade in Weck-Gl\u00e4ser. \u00a0Sie will haben haben [&hellip;]\" \/>\n<meta property=\"og:url\" content=\"https:\/\/manipogo.de\/?p=16291\" \/>\n<meta property=\"og:site_name\" content=\"manipogo\" \/>\n<meta property=\"article:published_time\" content=\"2019-08-03T22:37:20+00:00\" \/>\n<meta property=\"og:image\" content=\"http:\/\/manipogo.de\/wp-content\/uploads\/DSCN2931-2.jpg\" \/>\n<meta name=\"author\" content=\"web108\" \/>\n<meta name=\"twitter:card\" content=\"summary_large_image\" \/>\n<meta name=\"twitter:label1\" content=\"Verfasst von\" \/>\n\t<meta name=\"twitter:data1\" content=\"web108\" \/>\n\t<meta name=\"twitter:label2\" content=\"Gesch\u00e4tzte Lesezeit\" \/>\n\t<meta name=\"twitter:data2\" content=\"3\u00a0Minuten\" \/>\n<script type=\"application\/ld+json\" class=\"yoast-schema-graph\">{\"@context\":\"https:\\\/\\\/schema.org\",\"@graph\":[{\"@type\":\"Article\",\"@id\":\"https:\\\/\\\/manipogo.de\\\/?p=16291#article\",\"isPartOf\":{\"@id\":\"https:\\\/\\\/manipogo.de\\\/?p=16291\"},\"author\":{\"name\":\"web108\",\"@id\":\"https:\\\/\\\/manipogo.de\\\/#\\\/schema\\\/person\\\/991913de0e39267877f234553fd7f58d\"},\"headline\":\"Leben und die Cloud\",\"datePublished\":\"2019-08-03T22:37:20+00:00\",\"mainEntityOfPage\":{\"@id\":\"https:\\\/\\\/manipogo.de\\\/?p=16291\"},\"wordCount\":568,\"image\":{\"@id\":\"https:\\\/\\\/manipogo.de\\\/?p=16291#primaryimage\"},\"thumbnailUrl\":\"http:\\\/\\\/manipogo.de\\\/wp-content\\\/uploads\\\/DSCN2931-2.jpg\",\"keywords\":[\"Bewusstsein\",\"Speichern\"],\"articleSection\":[\"Mystik\"],\"inLanguage\":\"de\"},{\"@type\":\"WebPage\",\"@id\":\"https:\\\/\\\/manipogo.de\\\/?p=16291\",\"url\":\"https:\\\/\\\/manipogo.de\\\/?p=16291\",\"name\":\"Leben und die Cloud - manipogo\",\"isPartOf\":{\"@id\":\"https:\\\/\\\/manipogo.de\\\/#website\"},\"primaryImageOfPage\":{\"@id\":\"https:\\\/\\\/manipogo.de\\\/?p=16291#primaryimage\"},\"image\":{\"@id\":\"https:\\\/\\\/manipogo.de\\\/?p=16291#primaryimage\"},\"thumbnailUrl\":\"http:\\\/\\\/manipogo.de\\\/wp-content\\\/uploads\\\/DSCN2931-2.jpg\",\"datePublished\":\"2019-08-03T22:37:20+00:00\",\"author\":{\"@id\":\"https:\\\/\\\/manipogo.de\\\/#\\\/schema\\\/person\\\/991913de0e39267877f234553fd7f58d\"},\"breadcrumb\":{\"@id\":\"https:\\\/\\\/manipogo.de\\\/?p=16291#breadcrumb\"},\"inLanguage\":\"de\",\"potentialAction\":[{\"@type\":\"ReadAction\",\"target\":[\"https:\\\/\\\/manipogo.de\\\/?p=16291\"]}]},{\"@type\":\"ImageObject\",\"inLanguage\":\"de\",\"@id\":\"https:\\\/\\\/manipogo.de\\\/?p=16291#primaryimage\",\"url\":\"http:\\\/\\\/manipogo.de\\\/wp-content\\\/uploads\\\/DSCN2931-2.jpg\",\"contentUrl\":\"http:\\\/\\\/manipogo.de\\\/wp-content\\\/uploads\\\/DSCN2931-2.jpg\"},{\"@type\":\"BreadcrumbList\",\"@id\":\"https:\\\/\\\/manipogo.de\\\/?p=16291#breadcrumb\",\"itemListElement\":[{\"@type\":\"ListItem\",\"position\":1,\"name\":\"Startseite\",\"item\":\"https:\\\/\\\/manipogo.de\\\/\"},{\"@type\":\"ListItem\",\"position\":2,\"name\":\"Leben und die Cloud\"}]},{\"@type\":\"WebSite\",\"@id\":\"https:\\\/\\\/manipogo.de\\\/#website\",\"url\":\"https:\\\/\\\/manipogo.de\\\/\",\"name\":\"manipogo\",\"description\":\"Gott und die Welt\",\"potentialAction\":[{\"@type\":\"SearchAction\",\"target\":{\"@type\":\"EntryPoint\",\"urlTemplate\":\"https:\\\/\\\/manipogo.de\\\/?s={search_term_string}\"},\"query-input\":{\"@type\":\"PropertyValueSpecification\",\"valueRequired\":true,\"valueName\":\"search_term_string\"}}],\"inLanguage\":\"de\"},{\"@type\":\"Person\",\"@id\":\"https:\\\/\\\/manipogo.de\\\/#\\\/schema\\\/person\\\/991913de0e39267877f234553fd7f58d\",\"name\":\"web108\",\"url\":\"https:\\\/\\\/manipogo.de\\\/?author=1\"}]}<\/script>\n<!-- \/ Yoast SEO plugin. -->","yoast_head_json":{"title":"Leben und die Cloud - manipogo","robots":{"index":"index","follow":"follow","max-snippet":"max-snippet:-1","max-image-preview":"max-image-preview:large","max-video-preview":"max-video-preview:-1"},"canonical":"https:\/\/manipogo.de\/?p=16291","og_locale":"de_DE","og_type":"article","og_title":"Leben und die Cloud - manipogo","og_description":"Alles speichern in der Cloud. Wollte bei gmx wie gewohnt etwas speichern, dann gab es die Kategorie nicht mehr, und sie hie\u00df: cloud. Unsere Krankenakten auf dem Chip. Der Verlauf meiner Internet-Sitzung: registriert. Digitale Archive, neue Museen. Diese Gesellschaft will alles bunkern und selbst das Vergangene einmachen wie Marmelade in Weck-Gl\u00e4ser. \u00a0Sie will haben haben [&hellip;]","og_url":"https:\/\/manipogo.de\/?p=16291","og_site_name":"manipogo","article_published_time":"2019-08-03T22:37:20+00:00","og_image":[{"url":"http:\/\/manipogo.de\/wp-content\/uploads\/DSCN2931-2.jpg","type":"","width":"","height":""}],"author":"web108","twitter_card":"summary_large_image","twitter_misc":{"Verfasst von":"web108","Gesch\u00e4tzte Lesezeit":"3\u00a0Minuten"},"schema":{"@context":"https:\/\/schema.org","@graph":[{"@type":"Article","@id":"https:\/\/manipogo.de\/?p=16291#article","isPartOf":{"@id":"https:\/\/manipogo.de\/?p=16291"},"author":{"name":"web108","@id":"https:\/\/manipogo.de\/#\/schema\/person\/991913de0e39267877f234553fd7f58d"},"headline":"Leben und die Cloud","datePublished":"2019-08-03T22:37:20+00:00","mainEntityOfPage":{"@id":"https:\/\/manipogo.de\/?p=16291"},"wordCount":568,"image":{"@id":"https:\/\/manipogo.de\/?p=16291#primaryimage"},"thumbnailUrl":"http:\/\/manipogo.de\/wp-content\/uploads\/DSCN2931-2.jpg","keywords":["Bewusstsein","Speichern"],"articleSection":["Mystik"],"inLanguage":"de"},{"@type":"WebPage","@id":"https:\/\/manipogo.de\/?p=16291","url":"https:\/\/manipogo.de\/?p=16291","name":"Leben und die Cloud - manipogo","isPartOf":{"@id":"https:\/\/manipogo.de\/#website"},"primaryImageOfPage":{"@id":"https:\/\/manipogo.de\/?p=16291#primaryimage"},"image":{"@id":"https:\/\/manipogo.de\/?p=16291#primaryimage"},"thumbnailUrl":"http:\/\/manipogo.de\/wp-content\/uploads\/DSCN2931-2.jpg","datePublished":"2019-08-03T22:37:20+00:00","author":{"@id":"https:\/\/manipogo.de\/#\/schema\/person\/991913de0e39267877f234553fd7f58d"},"breadcrumb":{"@id":"https:\/\/manipogo.de\/?p=16291#breadcrumb"},"inLanguage":"de","potentialAction":[{"@type":"ReadAction","target":["https:\/\/manipogo.de\/?p=16291"]}]},{"@type":"ImageObject","inLanguage":"de","@id":"https:\/\/manipogo.de\/?p=16291#primaryimage","url":"http:\/\/manipogo.de\/wp-content\/uploads\/DSCN2931-2.jpg","contentUrl":"http:\/\/manipogo.de\/wp-content\/uploads\/DSCN2931-2.jpg"},{"@type":"BreadcrumbList","@id":"https:\/\/manipogo.de\/?p=16291#breadcrumb","itemListElement":[{"@type":"ListItem","position":1,"name":"Startseite","item":"https:\/\/manipogo.de\/"},{"@type":"ListItem","position":2,"name":"Leben und die Cloud"}]},{"@type":"WebSite","@id":"https:\/\/manipogo.de\/#website","url":"https:\/\/manipogo.de\/","name":"manipogo","description":"Gott und die Welt","potentialAction":[{"@type":"SearchAction","target":{"@type":"EntryPoint","urlTemplate":"https:\/\/manipogo.de\/?s={search_term_string}"},"query-input":{"@type":"PropertyValueSpecification","valueRequired":true,"valueName":"search_term_string"}}],"inLanguage":"de"},{"@type":"Person","@id":"https:\/\/manipogo.de\/#\/schema\/person\/991913de0e39267877f234553fd7f58d","name":"web108","url":"https:\/\/manipogo.de\/?author=1"}]}},"_links":{"self":[{"href":"https:\/\/manipogo.de\/index.php?rest_route=\/wp\/v2\/posts\/16291","targetHints":{"allow":["GET"]}}],"collection":[{"href":"https:\/\/manipogo.de\/index.php?rest_route=\/wp\/v2\/posts"}],"about":[{"href":"https:\/\/manipogo.de\/index.php?rest_route=\/wp\/v2\/types\/post"}],"author":[{"embeddable":true,"href":"https:\/\/manipogo.de\/index.php?rest_route=\/wp\/v2\/users\/1"}],"replies":[{"embeddable":true,"href":"https:\/\/manipogo.de\/index.php?rest_route=%2Fwp%2Fv2%2Fcomments&post=16291"}],"version-history":[{"count":4,"href":"https:\/\/manipogo.de\/index.php?rest_route=\/wp\/v2\/posts\/16291\/revisions"}],"predecessor-version":[{"id":16351,"href":"https:\/\/manipogo.de\/index.php?rest_route=\/wp\/v2\/posts\/16291\/revisions\/16351"}],"wp:attachment":[{"href":"https:\/\/manipogo.de\/index.php?rest_route=%2Fwp%2Fv2%2Fmedia&parent=16291"}],"wp:term":[{"taxonomy":"category","embeddable":true,"href":"https:\/\/manipogo.de\/index.php?rest_route=%2Fwp%2Fv2%2Fcategories&post=16291"},{"taxonomy":"post_tag","embeddable":true,"href":"https:\/\/manipogo.de\/index.php?rest_route=%2Fwp%2Fv2%2Ftags&post=16291"}],"curies":[{"name":"wp","href":"https:\/\/api.w.org\/{rel}","templated":true}]}}