{"id":16364,"date":"2019-11-13T01:05:21","date_gmt":"2019-11-12T23:05:21","guid":{"rendered":"http:\/\/manipogo.de\/?p=16364"},"modified":"2019-11-03T23:18:42","modified_gmt":"2019-11-03T22:18:42","slug":"petra-und-fermn","status":"publish","type":"post","link":"https:\/\/manipogo.de\/?p=16364","title":{"rendered":"Petra und Ferm\u00edn"},"content":{"rendered":"<p>Petra Delicado und Ferm\u00edn Garz\u00f3n, das Krimi-Ermittlerpaar von Alicia Gim\u00e9nez Bartlett, m\u00fcssen uns an Lena Odenthal und Mario Kopper erinnern. Ich las von der katalanischen Autorin <em>Tote aus Papier<\/em> (in meiner italienischen Ausgabe hei\u00dft das <em>Morti di carta<\/em>, im Original <em>Muertos de papel<\/em>), und ich konnte nicht ruhen, bis ich das Buch ausgelesen hatte. Spannend war es geschrieben, \u00fcberlegt und geistreich. <!--more--><\/p>\n<p><a href=\"https:\/\/manipogo.de\/wp-content\/uploads\/52777r.jpg\" rel=\"attachment wp-att-16367\"><img loading=\"lazy\" decoding=\"async\" class=\"alignleft size-medium wp-image-16367\" src=\"https:\/\/manipogo.de\/wp-content\/uploads\/52777r-300x223.jpg\" alt=\"52777r\" width=\"300\" height=\"223\" srcset=\"https:\/\/manipogo.de\/wp-content\/uploads\/52777r-300x223.jpg 300w, https:\/\/manipogo.de\/wp-content\/uploads\/52777r.jpg 540w\" sizes=\"auto, (max-width: 300px) 100vw, 300px\" \/><\/a>Mit Odenthal\/Kopper sind in 30 Jahren 66 Tatort-Filme entstanden (bis Kopper ausgebootet wurde). Frau Gim\u00e9nez Bartlett fing 1996 an und schrieb dann in 20 Jahren 10 Romane mit ihren beiden Protagonisten. Inspektorin Delicado aus Barcelona ist 1999, zur Zeit der Toten aus Papier, Mitte vierzig. Beide Polizisten sind geschieden und leben alleine. In dem Roman kommen fast nur geschiedene, in Trennung befindliche und aus \u00dcberzeugung allein lebende Menschen vor. Es ist ein Gro\u00dfstadtroman. Das Alleinsein und der Arbeitsstress spielen eine gro\u00dfe Rolle. Irgendwie ist das Buch eine Momentaufnahme aus einer gro\u00dfen europ\u00e4ischen Stadt am Ende des zweiten Jahrtausends: So war das damals. (Doch das Buch k\u00f6nnte auch im Jahr 2019 spielen, es ist zeitlos.) Mein Buch war aus der 29. Auflage, es d\u00fcrfte sich zweihunderttausend Mal verkauft haben.<\/p>\n<p>Eine sehr verwickelte Geschichte ist es, die mit dem Mord an einem zynischen Yellow-Press-Journalisten beginnt, der zu weiteren Morden f\u00fchrt. Der verwickelte Aufbau der Story ist total stimmig, Plot und Timing perfekt, und das ist die Voraussetzung f\u00fcr einen guten Krimi. Man liest auch gern \u00fcber Politik und Showbusiness, \u00fcber Models, Ballerinen und Toreros, Aff\u00e4ren und dunkle Geldgesch\u00e4fte. Der zynische Journalist hatte ein Konto in der Schweiz und erpresste wom\u00f6glich hohe Tiere.<\/p>\n<p>Das Duo arbeitet seit Jahren zusammen und wirkt wie ein altes Ehepaar, das sich in spritzigen, fetzigen und pointenges\u00e4ttigten Dialogen duelliert, die einen oft auflachen lassen. Beide leben f\u00fcr ihre Arbeit und verk\u00f6rpern, jeder f\u00fcr sich, das Bild des wahren Polizisten und der wahren Polizistin, der\/die in seinem\/ihren Fall aufgeht und f\u00fcr ihn alles andere aufgibt, der Mystiker, M\u00e4rtyrer und Mathematiker in einem ist. Petra schaut sich immer mal wieder im Spiegel an und findet, sie sieht furchtbar aus. Spiegel \u00fcberall in dieser narzisstischen Gesellschaft.<\/p>\n<p><a href=\"https:\/\/manipogo.de\/wp-content\/uploads\/52778r.jpg\" rel=\"attachment wp-att-16368\"><img loading=\"lazy\" decoding=\"async\" class=\"alignright size-medium wp-image-16368\" src=\"https:\/\/manipogo.de\/wp-content\/uploads\/52778r-300x223.jpg\" alt=\"52778r\" width=\"300\" height=\"223\" srcset=\"https:\/\/manipogo.de\/wp-content\/uploads\/52778r-300x223.jpg 300w, https:\/\/manipogo.de\/wp-content\/uploads\/52778r.jpg 540w\" sizes=\"auto, (max-width: 300px) 100vw, 300px\" \/><\/a>Bestandteile des Romans: viele hektische Ortswechsel (Fl\u00fcge zwischen Barcelona und Madrid), ein gestrenger Vorgesetzter, die Komplizenschaft mit den anderen im Team, sehenswerte Wohnungen, au\u00dfergew\u00f6hnliche Menschen, N\u00e4chte in Bars, \u00fcberraschende Wendungen, R\u00fcckschl\u00e4ge und die rettende Intuition. Das alles ist meisterhaft durchkonstruiert, auch wenn man nicht mehr genau hinschaut, sobald man sich f\u00fcr ein Buch und seine Handlung begeistert hat. Die 350 Seiten sind nicht zuviel. Vor allem \u00fcberzeugen die Dialoge. In Krimis wird ja viel geredet, doch hier st\u00f6rt es nicht. Petra Delicado setzt sich auch f\u00fcr die Frauen ein und vertritt ihren Standpunkt. Sie ist unbequem, kann sich aber unterordnen.<\/p>\n<p>Nat\u00fcrlich erreicht die Autorin nicht das Niveau von Ruth Rendell oder Patricia Highsmith, doch man muss Frau Gim\u00e9nez Bartlett neben Manuel V\u00e1zquez Montalb\u00e1n (1939-2003) nennen, der mit seinem Pepe Carvalho den Ur-Detektiv in Barcelona erschuf: 23 Romane in 30 Jahren (von 1972 bis 2001). Nehmen wir die zehn von seiner Kollegin hinzu, h\u00e4tte man B\u00fccher f\u00fcr ein paar Jahre, wenn man sich nach Barcelona zur\u00fcckz\u00f6ge und sich in dessen Geschichte und Alltag einsp\u00fcren wollte.<\/p>\n<p>&nbsp;<\/p>\n<p><em><span style=\"text-decoration: underline;\">Ilustrationen<\/span>: Barcelona zwischen 1890 und 1906, Agentur Photoglob. Dank an Library of Congress, Washington D. C.<\/em><\/p>\n<p><span style=\"text-decoration: underline;\"><em>Beitr\u00e4ge \u00fcber Lena Odenthal:<\/em><\/span><br \/>\n<em><a href=\"https:\/\/manipogo.de\/?p=7560\" target=\"_blank\">Der Fall Lena Odenthal<\/a><\/em><br \/>\n<em><a href=\"https:\/\/manipogo.de\/?p=9009\" target=\"_blank\">Arme Lena<\/a><\/em><br \/>\n<em><a href=\"https:\/\/manipogo.de\/?p=10509\" target=\"_blank\">Unsere kleine Stadt<\/a><\/em><br \/>\n<em><a href=\"https:\/\/manipogo.de\/?p=14313\" target=\"_blank\">Kopper<\/a><\/em><\/p>\n<p>&nbsp;<\/p>\n<p>&nbsp;<\/p>\n<p>&nbsp;<\/p>\n","protected":false},"excerpt":{"rendered":"<p>Petra Delicado und Ferm\u00edn Garz\u00f3n, das Krimi-Ermittlerpaar von Alicia Gim\u00e9nez Bartlett, m\u00fcssen uns an Lena Odenthal und Mario Kopper erinnern. Ich las von der katalanischen Autorin Tote aus Papier (in meiner italienischen Ausgabe hei\u00dft das Morti di carta, im Original Muertos de papel), und ich konnte nicht ruhen, bis ich das Buch ausgelesen hatte. Spannend [&hellip;]<\/p>\n","protected":false},"author":1,"featured_media":0,"comment_status":"closed","ping_status":"closed","sticky":false,"template":"","format":"standard","meta":{"footnotes":""},"categories":[1224],"tags":[1391,185],"class_list":["post-16364","post","type-post","status-publish","format-standard","hentry","category-literatur","tag-barcelona","tag-krimi"],"yoast_head":"<!-- This site is optimized with the Yoast SEO plugin v27.3 - https:\/\/yoast.com\/product\/yoast-seo-wordpress\/ -->\n<title>Petra und Ferm\u00edn - manipogo<\/title>\n<meta name=\"robots\" content=\"index, follow, max-snippet:-1, max-image-preview:large, max-video-preview:-1\" \/>\n<link rel=\"canonical\" href=\"https:\/\/manipogo.de\/?p=16364\" \/>\n<meta property=\"og:locale\" content=\"de_DE\" \/>\n<meta property=\"og:type\" content=\"article\" \/>\n<meta property=\"og:title\" content=\"Petra und Ferm\u00edn - manipogo\" \/>\n<meta property=\"og:description\" content=\"Petra Delicado und Ferm\u00edn Garz\u00f3n, das Krimi-Ermittlerpaar von Alicia Gim\u00e9nez Bartlett, m\u00fcssen uns an Lena Odenthal und Mario Kopper erinnern. Ich las von der katalanischen Autorin Tote aus Papier (in meiner italienischen Ausgabe hei\u00dft das Morti di carta, im Original Muertos de papel), und ich konnte nicht ruhen, bis ich das Buch ausgelesen hatte. Spannend [&hellip;]\" \/>\n<meta property=\"og:url\" content=\"https:\/\/manipogo.de\/?p=16364\" \/>\n<meta property=\"og:site_name\" content=\"manipogo\" \/>\n<meta property=\"article:published_time\" content=\"2019-11-12T23:05:21+00:00\" \/>\n<meta property=\"og:image\" content=\"http:\/\/manipogo.de\/wp-content\/uploads\/52777r-300x223.jpg\" \/>\n<meta name=\"author\" content=\"web108\" \/>\n<meta name=\"twitter:card\" content=\"summary_large_image\" \/>\n<meta name=\"twitter:label1\" content=\"Verfasst von\" \/>\n\t<meta name=\"twitter:data1\" content=\"web108\" \/>\n\t<meta name=\"twitter:label2\" content=\"Gesch\u00e4tzte Lesezeit\" \/>\n\t<meta name=\"twitter:data2\" content=\"3\u00a0Minuten\" \/>\n<script type=\"application\/ld+json\" class=\"yoast-schema-graph\">{\"@context\":\"https:\\\/\\\/schema.org\",\"@graph\":[{\"@type\":\"Article\",\"@id\":\"https:\\\/\\\/manipogo.de\\\/?p=16364#article\",\"isPartOf\":{\"@id\":\"https:\\\/\\\/manipogo.de\\\/?p=16364\"},\"author\":{\"name\":\"web108\",\"@id\":\"https:\\\/\\\/manipogo.de\\\/#\\\/schema\\\/person\\\/991913de0e39267877f234553fd7f58d\"},\"headline\":\"Petra und Ferm\u00edn\",\"datePublished\":\"2019-11-12T23:05:21+00:00\",\"mainEntityOfPage\":{\"@id\":\"https:\\\/\\\/manipogo.de\\\/?p=16364\"},\"wordCount\":589,\"image\":{\"@id\":\"https:\\\/\\\/manipogo.de\\\/?p=16364#primaryimage\"},\"thumbnailUrl\":\"http:\\\/\\\/manipogo.de\\\/wp-content\\\/uploads\\\/52777r-300x223.jpg\",\"keywords\":[\"Barcelona\",\"Krimi\"],\"articleSection\":[\"Literatur\"],\"inLanguage\":\"de\"},{\"@type\":\"WebPage\",\"@id\":\"https:\\\/\\\/manipogo.de\\\/?p=16364\",\"url\":\"https:\\\/\\\/manipogo.de\\\/?p=16364\",\"name\":\"Petra und Ferm\u00edn - manipogo\",\"isPartOf\":{\"@id\":\"https:\\\/\\\/manipogo.de\\\/#website\"},\"primaryImageOfPage\":{\"@id\":\"https:\\\/\\\/manipogo.de\\\/?p=16364#primaryimage\"},\"image\":{\"@id\":\"https:\\\/\\\/manipogo.de\\\/?p=16364#primaryimage\"},\"thumbnailUrl\":\"http:\\\/\\\/manipogo.de\\\/wp-content\\\/uploads\\\/52777r-300x223.jpg\",\"datePublished\":\"2019-11-12T23:05:21+00:00\",\"author\":{\"@id\":\"https:\\\/\\\/manipogo.de\\\/#\\\/schema\\\/person\\\/991913de0e39267877f234553fd7f58d\"},\"breadcrumb\":{\"@id\":\"https:\\\/\\\/manipogo.de\\\/?p=16364#breadcrumb\"},\"inLanguage\":\"de\",\"potentialAction\":[{\"@type\":\"ReadAction\",\"target\":[\"https:\\\/\\\/manipogo.de\\\/?p=16364\"]}]},{\"@type\":\"ImageObject\",\"inLanguage\":\"de\",\"@id\":\"https:\\\/\\\/manipogo.de\\\/?p=16364#primaryimage\",\"url\":\"https:\\\/\\\/manipogo.de\\\/wp-content\\\/uploads\\\/52777r.jpg\",\"contentUrl\":\"https:\\\/\\\/manipogo.de\\\/wp-content\\\/uploads\\\/52777r.jpg\",\"width\":540,\"height\":402},{\"@type\":\"BreadcrumbList\",\"@id\":\"https:\\\/\\\/manipogo.de\\\/?p=16364#breadcrumb\",\"itemListElement\":[{\"@type\":\"ListItem\",\"position\":1,\"name\":\"Startseite\",\"item\":\"https:\\\/\\\/manipogo.de\\\/\"},{\"@type\":\"ListItem\",\"position\":2,\"name\":\"Petra und Ferm\u00edn\"}]},{\"@type\":\"WebSite\",\"@id\":\"https:\\\/\\\/manipogo.de\\\/#website\",\"url\":\"https:\\\/\\\/manipogo.de\\\/\",\"name\":\"manipogo\",\"description\":\"Gott und die Welt\",\"potentialAction\":[{\"@type\":\"SearchAction\",\"target\":{\"@type\":\"EntryPoint\",\"urlTemplate\":\"https:\\\/\\\/manipogo.de\\\/?s={search_term_string}\"},\"query-input\":{\"@type\":\"PropertyValueSpecification\",\"valueRequired\":true,\"valueName\":\"search_term_string\"}}],\"inLanguage\":\"de\"},{\"@type\":\"Person\",\"@id\":\"https:\\\/\\\/manipogo.de\\\/#\\\/schema\\\/person\\\/991913de0e39267877f234553fd7f58d\",\"name\":\"web108\",\"url\":\"https:\\\/\\\/manipogo.de\\\/?author=1\"}]}<\/script>\n<!-- \/ Yoast SEO plugin. -->","yoast_head_json":{"title":"Petra und Ferm\u00edn - manipogo","robots":{"index":"index","follow":"follow","max-snippet":"max-snippet:-1","max-image-preview":"max-image-preview:large","max-video-preview":"max-video-preview:-1"},"canonical":"https:\/\/manipogo.de\/?p=16364","og_locale":"de_DE","og_type":"article","og_title":"Petra und Ferm\u00edn - manipogo","og_description":"Petra Delicado und Ferm\u00edn Garz\u00f3n, das Krimi-Ermittlerpaar von Alicia Gim\u00e9nez Bartlett, m\u00fcssen uns an Lena Odenthal und Mario Kopper erinnern. Ich las von der katalanischen Autorin Tote aus Papier (in meiner italienischen Ausgabe hei\u00dft das Morti di carta, im Original Muertos de papel), und ich konnte nicht ruhen, bis ich das Buch ausgelesen hatte. Spannend [&hellip;]","og_url":"https:\/\/manipogo.de\/?p=16364","og_site_name":"manipogo","article_published_time":"2019-11-12T23:05:21+00:00","og_image":[{"url":"http:\/\/manipogo.de\/wp-content\/uploads\/52777r-300x223.jpg","type":"","width":"","height":""}],"author":"web108","twitter_card":"summary_large_image","twitter_misc":{"Verfasst von":"web108","Gesch\u00e4tzte Lesezeit":"3\u00a0Minuten"},"schema":{"@context":"https:\/\/schema.org","@graph":[{"@type":"Article","@id":"https:\/\/manipogo.de\/?p=16364#article","isPartOf":{"@id":"https:\/\/manipogo.de\/?p=16364"},"author":{"name":"web108","@id":"https:\/\/manipogo.de\/#\/schema\/person\/991913de0e39267877f234553fd7f58d"},"headline":"Petra und Ferm\u00edn","datePublished":"2019-11-12T23:05:21+00:00","mainEntityOfPage":{"@id":"https:\/\/manipogo.de\/?p=16364"},"wordCount":589,"image":{"@id":"https:\/\/manipogo.de\/?p=16364#primaryimage"},"thumbnailUrl":"http:\/\/manipogo.de\/wp-content\/uploads\/52777r-300x223.jpg","keywords":["Barcelona","Krimi"],"articleSection":["Literatur"],"inLanguage":"de"},{"@type":"WebPage","@id":"https:\/\/manipogo.de\/?p=16364","url":"https:\/\/manipogo.de\/?p=16364","name":"Petra und Ferm\u00edn - manipogo","isPartOf":{"@id":"https:\/\/manipogo.de\/#website"},"primaryImageOfPage":{"@id":"https:\/\/manipogo.de\/?p=16364#primaryimage"},"image":{"@id":"https:\/\/manipogo.de\/?p=16364#primaryimage"},"thumbnailUrl":"http:\/\/manipogo.de\/wp-content\/uploads\/52777r-300x223.jpg","datePublished":"2019-11-12T23:05:21+00:00","author":{"@id":"https:\/\/manipogo.de\/#\/schema\/person\/991913de0e39267877f234553fd7f58d"},"breadcrumb":{"@id":"https:\/\/manipogo.de\/?p=16364#breadcrumb"},"inLanguage":"de","potentialAction":[{"@type":"ReadAction","target":["https:\/\/manipogo.de\/?p=16364"]}]},{"@type":"ImageObject","inLanguage":"de","@id":"https:\/\/manipogo.de\/?p=16364#primaryimage","url":"https:\/\/manipogo.de\/wp-content\/uploads\/52777r.jpg","contentUrl":"https:\/\/manipogo.de\/wp-content\/uploads\/52777r.jpg","width":540,"height":402},{"@type":"BreadcrumbList","@id":"https:\/\/manipogo.de\/?p=16364#breadcrumb","itemListElement":[{"@type":"ListItem","position":1,"name":"Startseite","item":"https:\/\/manipogo.de\/"},{"@type":"ListItem","position":2,"name":"Petra und Ferm\u00edn"}]},{"@type":"WebSite","@id":"https:\/\/manipogo.de\/#website","url":"https:\/\/manipogo.de\/","name":"manipogo","description":"Gott und die Welt","potentialAction":[{"@type":"SearchAction","target":{"@type":"EntryPoint","urlTemplate":"https:\/\/manipogo.de\/?s={search_term_string}"},"query-input":{"@type":"PropertyValueSpecification","valueRequired":true,"valueName":"search_term_string"}}],"inLanguage":"de"},{"@type":"Person","@id":"https:\/\/manipogo.de\/#\/schema\/person\/991913de0e39267877f234553fd7f58d","name":"web108","url":"https:\/\/manipogo.de\/?author=1"}]}},"_links":{"self":[{"href":"https:\/\/manipogo.de\/index.php?rest_route=\/wp\/v2\/posts\/16364","targetHints":{"allow":["GET"]}}],"collection":[{"href":"https:\/\/manipogo.de\/index.php?rest_route=\/wp\/v2\/posts"}],"about":[{"href":"https:\/\/manipogo.de\/index.php?rest_route=\/wp\/v2\/types\/post"}],"author":[{"embeddable":true,"href":"https:\/\/manipogo.de\/index.php?rest_route=\/wp\/v2\/users\/1"}],"replies":[{"embeddable":true,"href":"https:\/\/manipogo.de\/index.php?rest_route=%2Fwp%2Fv2%2Fcomments&post=16364"}],"version-history":[{"count":7,"href":"https:\/\/manipogo.de\/index.php?rest_route=\/wp\/v2\/posts\/16364\/revisions"}],"predecessor-version":[{"id":16800,"href":"https:\/\/manipogo.de\/index.php?rest_route=\/wp\/v2\/posts\/16364\/revisions\/16800"}],"wp:attachment":[{"href":"https:\/\/manipogo.de\/index.php?rest_route=%2Fwp%2Fv2%2Fmedia&parent=16364"}],"wp:term":[{"taxonomy":"category","embeddable":true,"href":"https:\/\/manipogo.de\/index.php?rest_route=%2Fwp%2Fv2%2Fcategories&post=16364"},{"taxonomy":"post_tag","embeddable":true,"href":"https:\/\/manipogo.de\/index.php?rest_route=%2Fwp%2Fv2%2Ftags&post=16364"}],"curies":[{"name":"wp","href":"https:\/\/api.w.org\/{rel}","templated":true}]}}