{"id":16617,"date":"2019-11-02T00:59:00","date_gmt":"2019-11-01T22:59:00","guid":{"rendered":"http:\/\/manipogo.de\/?p=16617"},"modified":"2019-10-23T18:50:54","modified_gmt":"2019-10-23T16:50:54","slug":"flugverkehr-86-flugtraeume","status":"publish","type":"post","link":"https:\/\/manipogo.de\/?p=16617","title":{"rendered":"Flugverkehr (87): Flugtr\u00e4ume"},"content":{"rendered":"<p>Eine Astralreise ist mir nie gegl\u00fcckt, aber im Traum kann ich manchmal fliegen. Ganz selten nur, aber es bleibt mir im Ged\u00e4chtnis. Nach der zuletzt geschilderten S\u00e9ance hatte ich zwei Tage lang dauernd den Song <em>Spirit in the Sky<\/em> im Kopf, andauernd sang ich ihn. In der ersten Nacht danach geschahn nichts, aber als ich wieder zu Hause war, stellte sich ein sch\u00f6ner Flugtraum ein &#8211; wie vergangenes Jahr. <!--more--><\/p>\n<p><a href=\"https:\/\/manipogo.de\/wp-content\/uploads\/dreams6-5.jpg\" rel=\"attachment wp-att-16619\"><img loading=\"lazy\" decoding=\"async\" class=\"alignright size-full wp-image-16619\" src=\"https:\/\/manipogo.de\/wp-content\/uploads\/dreams6-5.jpg\" alt=\"dreams6\" width=\"192\" height=\"108\" \/><\/a>War es das Lied oder die Erfahrung mit dem hochsteigenden Tisch oder vielleicht meine Meditation vor dem Spiegel vor dem Einschlafen? Egal. Jedenfalls war ich in einem Raum, als ich ohne eigenes Zutun ins Schweben geriet, hochgetragen und \u00fcber einen Schrank dirigiert wurde. Dann ging es hinunter. Ich wei\u00df noch, dass ich dachte: Jetzt prallst du gleich auf. Aber nein! Jemand, eine unsichtbare Hand, setzte mich behutsam auf der Erde ab. Es war sch\u00f6n. Dieses Gef\u00fchl, von einer unsichtbaren Energie getragen zu werden, geht bestimmt auf die S\u00e9ance zur\u00fcck.<\/p>\n<p><a href=\"https:\/\/manipogo.de\/wp-content\/uploads\/069-4.jpg\" rel=\"attachment wp-att-16618\"><img loading=\"lazy\" decoding=\"async\" class=\"alignleft size-medium wp-image-16618\" src=\"https:\/\/manipogo.de\/wp-content\/uploads\/069-4-300x200.jpg\" alt=\"069\" width=\"300\" height=\"200\" srcset=\"https:\/\/manipogo.de\/wp-content\/uploads\/069-4-300x200.jpg 300w, https:\/\/manipogo.de\/wp-content\/uploads\/069-4.jpg 540w\" sizes=\"auto, (max-width: 300px) 100vw, 300px\" \/><\/a>Ein Jahr davor, genau am 1. Oktober, war ich im Fahrrad bei regnerischem Wetter durch die Marken gefahren, Chiara hatte mich dann abgepasst, mit mein Gep\u00e4ck abgenommen und war mit ihrem Auto vor mir hergefahren, und es ging noch weiter hoch, anstrengend war&#8217;s, ich gab alles, und endlich waren wir in ihrem Haus auf dem H\u00fcgel, von dem die Stadt Camerino unten im Tal sch\u00f6n zu sehen ist. Wir a\u00dfen, und dann konnte ich in mein Bett, das \u00fcber eine Treppe zu erreichen war, also im obersten Stockwerk lag. Parkettboden, ein Bett mit Metallgestell und warmen Decken, ich war sozusagen herausgehoben aus der Welt, war dem Himmel nah.<\/p>\n<p>In der Nacht stand ich tr\u00e4umend da und wusste: Du kannst fliegen. Ich testete es aus. Ob ich hochkomme zu der Garage dort? Ich kam drei Meter hoch, doch dann sackte ich wieder ab. Ich versuchte es noch einmal: Und jetzt schaffte ich es und erreichte das Dach. Toll war das. Interessant war daran, dass ich selber den Antrieb versp\u00fcrte, zu fliegen. Ich wuchtete mich selbst hoch. Im j\u00fcngsten Flugtraum wurde ich gehoben. Das ist noch sch\u00f6ner.<\/p>\n<p><a href=\"https:\/\/manipogo.de\/wp-content\/uploads\/Donohoe_2sw-4.jpg\" rel=\"attachment wp-att-16620\"><img loading=\"lazy\" decoding=\"async\" class=\"alignright size-thumbnail wp-image-16620\" src=\"https:\/\/manipogo.de\/wp-content\/uploads\/Donohoe_2sw-4-150x150.jpg\" alt=\"Donohoe_2sw\" width=\"150\" height=\"150\" \/><\/a>Die Astralreisenden \u2014 etwa Robert Peterson, William Buhlman, Bruce Moen \u2014 schreiben oft, dass in ihrer N\u00e4he Wesen sind (die <em>helpers<\/em>), die ihnen helfen, sich aus ihrem K\u00f6rper herauszusch\u00e4len: also den Astralk\u00f6rper ins Freie zu bringen, w\u00e4hrend der physische K\u00f6rper auf dem Bett liegen bleibt. Dabei wei\u00df man nicht, ob man senkrecht nach oben herauskommt oder zur Seite oder nach unten. Diese Reisen mit dem Geist oder dem Astralk\u00f6rper sind vermutlich so wie das Fliegen im Traum; man ist zwar bewusst, muss sich dennoch sp\u00e4ter daran erinnern, denn meist schl\u00e4ft man nach der R\u00fcckkehr erst einmal ein.<\/p>\n","protected":false},"excerpt":{"rendered":"<p>Eine Astralreise ist mir nie gegl\u00fcckt, aber im Traum kann ich manchmal fliegen. Ganz selten nur, aber es bleibt mir im Ged\u00e4chtnis. Nach der zuletzt geschilderten S\u00e9ance hatte ich zwei Tage lang dauernd den Song Spirit in the Sky im Kopf, andauernd sang ich ihn. In der ersten Nacht danach geschahn nichts, aber als ich [&hellip;]<\/p>\n","protected":false},"author":1,"featured_media":0,"comment_status":"closed","ping_status":"closed","sticky":false,"template":"","format":"standard","meta":{"footnotes":""},"categories":[1581],"tags":[613,381],"class_list":["post-16617","post","type-post","status-publish","format-standard","hentry","category-flugverkehr","tag-flug","tag-traum"],"yoast_head":"<!-- This site is optimized with the Yoast SEO plugin v27.3 - https:\/\/yoast.com\/product\/yoast-seo-wordpress\/ -->\n<title>Flugverkehr (87): Flugtr\u00e4ume - manipogo<\/title>\n<meta name=\"robots\" content=\"index, follow, max-snippet:-1, max-image-preview:large, max-video-preview:-1\" \/>\n<link rel=\"canonical\" href=\"https:\/\/manipogo.de\/?p=16617\" \/>\n<meta property=\"og:locale\" content=\"de_DE\" \/>\n<meta property=\"og:type\" content=\"article\" \/>\n<meta property=\"og:title\" content=\"Flugverkehr (87): Flugtr\u00e4ume - manipogo\" \/>\n<meta property=\"og:description\" content=\"Eine Astralreise ist mir nie gegl\u00fcckt, aber im Traum kann ich manchmal fliegen. Ganz selten nur, aber es bleibt mir im Ged\u00e4chtnis. Nach der zuletzt geschilderten S\u00e9ance hatte ich zwei Tage lang dauernd den Song Spirit in the Sky im Kopf, andauernd sang ich ihn. In der ersten Nacht danach geschahn nichts, aber als ich [&hellip;]\" \/>\n<meta property=\"og:url\" content=\"https:\/\/manipogo.de\/?p=16617\" \/>\n<meta property=\"og:site_name\" content=\"manipogo\" \/>\n<meta property=\"article:published_time\" content=\"2019-11-01T22:59:00+00:00\" \/>\n<meta property=\"og:image\" content=\"http:\/\/manipogo.de\/wp-content\/uploads\/dreams6-5.jpg\" \/>\n<meta name=\"author\" content=\"web108\" \/>\n<meta name=\"twitter:card\" content=\"summary_large_image\" \/>\n<meta name=\"twitter:label1\" content=\"Verfasst von\" \/>\n\t<meta name=\"twitter:data1\" content=\"web108\" \/>\n\t<meta name=\"twitter:label2\" content=\"Gesch\u00e4tzte Lesezeit\" \/>\n\t<meta name=\"twitter:data2\" content=\"2\u00a0Minuten\" \/>\n<script type=\"application\/ld+json\" class=\"yoast-schema-graph\">{\"@context\":\"https:\\\/\\\/schema.org\",\"@graph\":[{\"@type\":\"Article\",\"@id\":\"https:\\\/\\\/manipogo.de\\\/?p=16617#article\",\"isPartOf\":{\"@id\":\"https:\\\/\\\/manipogo.de\\\/?p=16617\"},\"author\":{\"name\":\"web108\",\"@id\":\"https:\\\/\\\/manipogo.de\\\/#\\\/schema\\\/person\\\/991913de0e39267877f234553fd7f58d\"},\"headline\":\"Flugverkehr (87): Flugtr\u00e4ume\",\"datePublished\":\"2019-11-01T22:59:00+00:00\",\"mainEntityOfPage\":{\"@id\":\"https:\\\/\\\/manipogo.de\\\/?p=16617\"},\"wordCount\":467,\"image\":{\"@id\":\"https:\\\/\\\/manipogo.de\\\/?p=16617#primaryimage\"},\"thumbnailUrl\":\"http:\\\/\\\/manipogo.de\\\/wp-content\\\/uploads\\\/dreams6-5.jpg\",\"keywords\":[\"Flug\",\"Traum\"],\"articleSection\":[\"Flugverkehr\"],\"inLanguage\":\"de\"},{\"@type\":\"WebPage\",\"@id\":\"https:\\\/\\\/manipogo.de\\\/?p=16617\",\"url\":\"https:\\\/\\\/manipogo.de\\\/?p=16617\",\"name\":\"Flugverkehr (87): Flugtr\u00e4ume - manipogo\",\"isPartOf\":{\"@id\":\"https:\\\/\\\/manipogo.de\\\/#website\"},\"primaryImageOfPage\":{\"@id\":\"https:\\\/\\\/manipogo.de\\\/?p=16617#primaryimage\"},\"image\":{\"@id\":\"https:\\\/\\\/manipogo.de\\\/?p=16617#primaryimage\"},\"thumbnailUrl\":\"http:\\\/\\\/manipogo.de\\\/wp-content\\\/uploads\\\/dreams6-5.jpg\",\"datePublished\":\"2019-11-01T22:59:00+00:00\",\"author\":{\"@id\":\"https:\\\/\\\/manipogo.de\\\/#\\\/schema\\\/person\\\/991913de0e39267877f234553fd7f58d\"},\"breadcrumb\":{\"@id\":\"https:\\\/\\\/manipogo.de\\\/?p=16617#breadcrumb\"},\"inLanguage\":\"de\",\"potentialAction\":[{\"@type\":\"ReadAction\",\"target\":[\"https:\\\/\\\/manipogo.de\\\/?p=16617\"]}]},{\"@type\":\"ImageObject\",\"inLanguage\":\"de\",\"@id\":\"https:\\\/\\\/manipogo.de\\\/?p=16617#primaryimage\",\"url\":\"http:\\\/\\\/manipogo.de\\\/wp-content\\\/uploads\\\/dreams6-5.jpg\",\"contentUrl\":\"http:\\\/\\\/manipogo.de\\\/wp-content\\\/uploads\\\/dreams6-5.jpg\"},{\"@type\":\"BreadcrumbList\",\"@id\":\"https:\\\/\\\/manipogo.de\\\/?p=16617#breadcrumb\",\"itemListElement\":[{\"@type\":\"ListItem\",\"position\":1,\"name\":\"Startseite\",\"item\":\"https:\\\/\\\/manipogo.de\\\/\"},{\"@type\":\"ListItem\",\"position\":2,\"name\":\"Flugverkehr (87): Flugtr\u00e4ume\"}]},{\"@type\":\"WebSite\",\"@id\":\"https:\\\/\\\/manipogo.de\\\/#website\",\"url\":\"https:\\\/\\\/manipogo.de\\\/\",\"name\":\"manipogo\",\"description\":\"Gott und die Welt\",\"potentialAction\":[{\"@type\":\"SearchAction\",\"target\":{\"@type\":\"EntryPoint\",\"urlTemplate\":\"https:\\\/\\\/manipogo.de\\\/?s={search_term_string}\"},\"query-input\":{\"@type\":\"PropertyValueSpecification\",\"valueRequired\":true,\"valueName\":\"search_term_string\"}}],\"inLanguage\":\"de\"},{\"@type\":\"Person\",\"@id\":\"https:\\\/\\\/manipogo.de\\\/#\\\/schema\\\/person\\\/991913de0e39267877f234553fd7f58d\",\"name\":\"web108\",\"url\":\"https:\\\/\\\/manipogo.de\\\/?author=1\"}]}<\/script>\n<!-- \/ Yoast SEO plugin. -->","yoast_head_json":{"title":"Flugverkehr (87): Flugtr\u00e4ume - manipogo","robots":{"index":"index","follow":"follow","max-snippet":"max-snippet:-1","max-image-preview":"max-image-preview:large","max-video-preview":"max-video-preview:-1"},"canonical":"https:\/\/manipogo.de\/?p=16617","og_locale":"de_DE","og_type":"article","og_title":"Flugverkehr (87): Flugtr\u00e4ume - manipogo","og_description":"Eine Astralreise ist mir nie gegl\u00fcckt, aber im Traum kann ich manchmal fliegen. Ganz selten nur, aber es bleibt mir im Ged\u00e4chtnis. Nach der zuletzt geschilderten S\u00e9ance hatte ich zwei Tage lang dauernd den Song Spirit in the Sky im Kopf, andauernd sang ich ihn. In der ersten Nacht danach geschahn nichts, aber als ich [&hellip;]","og_url":"https:\/\/manipogo.de\/?p=16617","og_site_name":"manipogo","article_published_time":"2019-11-01T22:59:00+00:00","og_image":[{"url":"http:\/\/manipogo.de\/wp-content\/uploads\/dreams6-5.jpg","type":"","width":"","height":""}],"author":"web108","twitter_card":"summary_large_image","twitter_misc":{"Verfasst von":"web108","Gesch\u00e4tzte Lesezeit":"2\u00a0Minuten"},"schema":{"@context":"https:\/\/schema.org","@graph":[{"@type":"Article","@id":"https:\/\/manipogo.de\/?p=16617#article","isPartOf":{"@id":"https:\/\/manipogo.de\/?p=16617"},"author":{"name":"web108","@id":"https:\/\/manipogo.de\/#\/schema\/person\/991913de0e39267877f234553fd7f58d"},"headline":"Flugverkehr (87): Flugtr\u00e4ume","datePublished":"2019-11-01T22:59:00+00:00","mainEntityOfPage":{"@id":"https:\/\/manipogo.de\/?p=16617"},"wordCount":467,"image":{"@id":"https:\/\/manipogo.de\/?p=16617#primaryimage"},"thumbnailUrl":"http:\/\/manipogo.de\/wp-content\/uploads\/dreams6-5.jpg","keywords":["Flug","Traum"],"articleSection":["Flugverkehr"],"inLanguage":"de"},{"@type":"WebPage","@id":"https:\/\/manipogo.de\/?p=16617","url":"https:\/\/manipogo.de\/?p=16617","name":"Flugverkehr (87): Flugtr\u00e4ume - manipogo","isPartOf":{"@id":"https:\/\/manipogo.de\/#website"},"primaryImageOfPage":{"@id":"https:\/\/manipogo.de\/?p=16617#primaryimage"},"image":{"@id":"https:\/\/manipogo.de\/?p=16617#primaryimage"},"thumbnailUrl":"http:\/\/manipogo.de\/wp-content\/uploads\/dreams6-5.jpg","datePublished":"2019-11-01T22:59:00+00:00","author":{"@id":"https:\/\/manipogo.de\/#\/schema\/person\/991913de0e39267877f234553fd7f58d"},"breadcrumb":{"@id":"https:\/\/manipogo.de\/?p=16617#breadcrumb"},"inLanguage":"de","potentialAction":[{"@type":"ReadAction","target":["https:\/\/manipogo.de\/?p=16617"]}]},{"@type":"ImageObject","inLanguage":"de","@id":"https:\/\/manipogo.de\/?p=16617#primaryimage","url":"http:\/\/manipogo.de\/wp-content\/uploads\/dreams6-5.jpg","contentUrl":"http:\/\/manipogo.de\/wp-content\/uploads\/dreams6-5.jpg"},{"@type":"BreadcrumbList","@id":"https:\/\/manipogo.de\/?p=16617#breadcrumb","itemListElement":[{"@type":"ListItem","position":1,"name":"Startseite","item":"https:\/\/manipogo.de\/"},{"@type":"ListItem","position":2,"name":"Flugverkehr (87): Flugtr\u00e4ume"}]},{"@type":"WebSite","@id":"https:\/\/manipogo.de\/#website","url":"https:\/\/manipogo.de\/","name":"manipogo","description":"Gott und die Welt","potentialAction":[{"@type":"SearchAction","target":{"@type":"EntryPoint","urlTemplate":"https:\/\/manipogo.de\/?s={search_term_string}"},"query-input":{"@type":"PropertyValueSpecification","valueRequired":true,"valueName":"search_term_string"}}],"inLanguage":"de"},{"@type":"Person","@id":"https:\/\/manipogo.de\/#\/schema\/person\/991913de0e39267877f234553fd7f58d","name":"web108","url":"https:\/\/manipogo.de\/?author=1"}]}},"_links":{"self":[{"href":"https:\/\/manipogo.de\/index.php?rest_route=\/wp\/v2\/posts\/16617","targetHints":{"allow":["GET"]}}],"collection":[{"href":"https:\/\/manipogo.de\/index.php?rest_route=\/wp\/v2\/posts"}],"about":[{"href":"https:\/\/manipogo.de\/index.php?rest_route=\/wp\/v2\/types\/post"}],"author":[{"embeddable":true,"href":"https:\/\/manipogo.de\/index.php?rest_route=\/wp\/v2\/users\/1"}],"replies":[{"embeddable":true,"href":"https:\/\/manipogo.de\/index.php?rest_route=%2Fwp%2Fv2%2Fcomments&post=16617"}],"version-history":[{"count":4,"href":"https:\/\/manipogo.de\/index.php?rest_route=\/wp\/v2\/posts\/16617\/revisions"}],"predecessor-version":[{"id":16684,"href":"https:\/\/manipogo.de\/index.php?rest_route=\/wp\/v2\/posts\/16617\/revisions\/16684"}],"wp:attachment":[{"href":"https:\/\/manipogo.de\/index.php?rest_route=%2Fwp%2Fv2%2Fmedia&parent=16617"}],"wp:term":[{"taxonomy":"category","embeddable":true,"href":"https:\/\/manipogo.de\/index.php?rest_route=%2Fwp%2Fv2%2Fcategories&post=16617"},{"taxonomy":"post_tag","embeddable":true,"href":"https:\/\/manipogo.de\/index.php?rest_route=%2Fwp%2Fv2%2Ftags&post=16617"}],"curies":[{"name":"wp","href":"https:\/\/api.w.org\/{rel}","templated":true}]}}