{"id":17069,"date":"2019-12-07T00:38:46","date_gmt":"2019-12-06T23:38:46","guid":{"rendered":"http:\/\/manipogo.de\/?p=17069"},"modified":"2019-12-04T23:40:26","modified_gmt":"2019-12-04T22:40:26","slug":"romano-in-rom-buchmesse","status":"publish","type":"post","link":"https:\/\/manipogo.de\/?p=17069","title":{"rendered":"Romano in Rom auf der Buchmesse"},"content":{"rendered":"<p>Romano Puglisi ist am heutigen Samstag (wie <a href=\"https:\/\/manipogo.de\/?p=15401\" target=\"_blank\">ein Jahr zuvor schon<\/a>) wieder am B\u00fcchersalon <em>Pi\u00f9 libri pi\u00f9 liberi<\/em> in Rom anwesend. Diesmal\u00a0 stellt er Genusstouren mit dem Rad durch die Toskana und Umbrien vor, seine bislang letzte \u00bbAnstrengung\u00ab (wie er mir schrieb), bevor er im kommenden Fr\u00fchjahr die Strecke Rom\u2014Florenz (400 Kilometer, an den Fl\u00fcssen Tiber und Arno entlang) vorstellen will. Mein Gott, ist der Junge produktiv!\u00a0 <!--more--><\/p>\n<p>Die drei B\u00fccher laufen dann unter dem Titel <em>Ciclovagando nel Lazio &amp; dintorni<\/em>. <em>Ciclovagare<\/em> ist ein erfundenes Verb, von <em>vagare<\/em> stammen die Vaganten (umherziehende K\u00fcnstler und Kleriker im Mittelalter), und man k\u00f6nnte es so \u00fcbersetzen: <em>mit dem Rad umherbummeln<\/em>. Ist schon nett, rumfahren also, sich Zeit lassen, nicht mit h\u00e4ngender Zunge unterwegs sein zu einem Ziel.\u00a0 Von 10 bis 13 Uhr ist Romano am Stand P 11 im Piano FORUM, gemeinsam mit Tulllio Berlenghi und Piero Lancia \u2014 sollte jemand in Rom sein und im Convention Center, Viale Asia 40, vorbeischauen wollen. Eintritt: 10 Euro. Nur kleine und mittlere Verlage stellen aus.<\/p>\n<p><a href=\"https:\/\/manipogo.de\/wp-content\/uploads\/invito-07dic-Pi\u00f9LibriPi\u00f9Liberi..jpg\" rel=\"attachment wp-att-17071\"><img loading=\"lazy\" decoding=\"async\" class=\"alignright wp-image-17071\" src=\"https:\/\/manipogo.de\/wp-content\/uploads\/invito-07dic-Pi\u00f9LibriPi\u00f9Liberi.-300x139.jpg\" alt=\"invito 07dic-Pi\u00f9LibriPi\u00f9Liberi.\" width=\"540\" height=\"249\" srcset=\"https:\/\/manipogo.de\/wp-content\/uploads\/invito-07dic-Pi\u00f9LibriPi\u00f9Liberi.-300x139.jpg 300w, https:\/\/manipogo.de\/wp-content\/uploads\/invito-07dic-Pi\u00f9LibriPi\u00f9Liberi.-768x355.jpg 768w, https:\/\/manipogo.de\/wp-content\/uploads\/invito-07dic-Pi\u00f9LibriPi\u00f9Liberi..jpg 1024w\" sizes=\"auto, (max-width: 540px) 100vw, 540px\" \/><\/a><\/p>\n<p>&nbsp;<\/p>\n<p>Das Motto des informellen Treffens lautet: Radreisen und nachhaltige Mobilit\u00e4t. Ach, wie gern w\u00e4re ich auch dabei! Romano hat sich in dieses GPS-Ding eingearbeitet, ohne das man heute keinen Radf\u00fchrer ver\u00f6ffentlichen kann, w\u00e4hrend ich die Waffen gestreckt habe. W\u00fcnschen wir ihm viel Gl\u00fcck und Erfolg mit Band 2! Hier kommt nochmal ein Bild von ihm, September 2018, auf einer Tagestour, die bei ihm um 7 Uhr morgens beginnt und bei der man meist erst um 22 Uhr zu Hause ist. Sein Renner ist toll: Stollenreifen, die aufgepumpt sind, dass sie hart wie Stein wirken.<\/p>\n<p><a href=\"https:\/\/manipogo.de\/wp-content\/uploads\/063-5.jpg\" rel=\"attachment wp-att-17072\"><img loading=\"lazy\" decoding=\"async\" class=\"alignright size-full wp-image-17072\" src=\"https:\/\/manipogo.de\/wp-content\/uploads\/063-5.jpg\" alt=\"063\" width=\"540\" height=\"360\" srcset=\"https:\/\/manipogo.de\/wp-content\/uploads\/063-5.jpg 540w, https:\/\/manipogo.de\/wp-content\/uploads\/063-5-300x200.jpg 300w\" sizes=\"auto, (max-width: 540px) 100vw, 540px\" \/><\/a><\/p>\n<p>&nbsp;<\/p>\n<p>In diesem Zusammenhang muss ich erw\u00e4hnen, dass im Jahr 2018 in Deutschland so viele Radfahrer ums Leben kamen wie schon neun Jahre\u00a0 nicht mehr: 445. Die Zahl der get\u00f6teten Autoinsassen sank um 22 Prozent, die der get\u00f6teten Radler stieg um 16 Prozent an und machte 14 Prozent der 3275 Todesopfer im Verkehr aus.<\/p>\n<p>In Italien waren es 250 Opfer. Das Land hat weniger Bewohner (60 Millionen; Deutschland 80), au\u00dferdem f\u00e4hrt man dort nicht so viel Rad wie bei uns.<\/p>\n<p>&nbsp;<\/p>\n","protected":false},"excerpt":{"rendered":"<p>Romano Puglisi ist am heutigen Samstag (wie ein Jahr zuvor schon) wieder am B\u00fcchersalon Pi\u00f9 libri pi\u00f9 liberi in Rom anwesend. Diesmal\u00a0 stellt er Genusstouren mit dem Rad durch die Toskana und Umbrien vor, seine bislang letzte \u00bbAnstrengung\u00ab (wie er mir schrieb), bevor er im kommenden Fr\u00fchjahr die Strecke Rom\u2014Florenz (400 Kilometer, an den Fl\u00fcssen [&hellip;]<\/p>\n","protected":false},"author":1,"featured_media":0,"comment_status":"closed","ping_status":"closed","sticky":false,"template":"","format":"standard","meta":{"footnotes":""},"categories":[1222],"tags":[368,1695],"class_list":["post-17069","post","type-post","status-publish","format-standard","hentry","category-fahrrad","tag-buch","tag-romano"],"yoast_head":"<!-- This site is optimized with the Yoast SEO plugin v27.3 - https:\/\/yoast.com\/product\/yoast-seo-wordpress\/ -->\n<title>Romano in Rom auf der Buchmesse - manipogo<\/title>\n<meta name=\"robots\" content=\"index, follow, max-snippet:-1, max-image-preview:large, max-video-preview:-1\" \/>\n<link rel=\"canonical\" href=\"https:\/\/manipogo.de\/?p=17069\" \/>\n<meta property=\"og:locale\" content=\"de_DE\" \/>\n<meta property=\"og:type\" content=\"article\" \/>\n<meta property=\"og:title\" content=\"Romano in Rom auf der Buchmesse - manipogo\" \/>\n<meta property=\"og:description\" content=\"Romano Puglisi ist am heutigen Samstag (wie ein Jahr zuvor schon) wieder am B\u00fcchersalon Pi\u00f9 libri pi\u00f9 liberi in Rom anwesend. Diesmal\u00a0 stellt er Genusstouren mit dem Rad durch die Toskana und Umbrien vor, seine bislang letzte \u00bbAnstrengung\u00ab (wie er mir schrieb), bevor er im kommenden Fr\u00fchjahr die Strecke Rom\u2014Florenz (400 Kilometer, an den Fl\u00fcssen [&hellip;]\" \/>\n<meta property=\"og:url\" content=\"https:\/\/manipogo.de\/?p=17069\" \/>\n<meta property=\"og:site_name\" content=\"manipogo\" \/>\n<meta property=\"article:published_time\" content=\"2019-12-06T23:38:46+00:00\" \/>\n<meta property=\"og:image\" content=\"http:\/\/manipogo.de\/wp-content\/uploads\/063-5.jpg\" \/>\n<meta name=\"author\" content=\"web108\" \/>\n<meta name=\"twitter:card\" content=\"summary_large_image\" \/>\n<meta name=\"twitter:label1\" content=\"Verfasst von\" \/>\n\t<meta name=\"twitter:data1\" content=\"web108\" \/>\n\t<meta name=\"twitter:label2\" content=\"Gesch\u00e4tzte Lesezeit\" \/>\n\t<meta name=\"twitter:data2\" content=\"2\u00a0Minuten\" \/>\n<script type=\"application\/ld+json\" class=\"yoast-schema-graph\">{\"@context\":\"https:\\\/\\\/schema.org\",\"@graph\":[{\"@type\":\"Article\",\"@id\":\"https:\\\/\\\/manipogo.de\\\/?p=17069#article\",\"isPartOf\":{\"@id\":\"https:\\\/\\\/manipogo.de\\\/?p=17069\"},\"author\":{\"name\":\"web108\",\"@id\":\"https:\\\/\\\/manipogo.de\\\/#\\\/schema\\\/person\\\/991913de0e39267877f234553fd7f58d\"},\"headline\":\"Romano in Rom auf der Buchmesse\",\"datePublished\":\"2019-12-06T23:38:46+00:00\",\"mainEntityOfPage\":{\"@id\":\"https:\\\/\\\/manipogo.de\\\/?p=17069\"},\"wordCount\":351,\"image\":{\"@id\":\"https:\\\/\\\/manipogo.de\\\/?p=17069#primaryimage\"},\"thumbnailUrl\":\"http:\\\/\\\/manipogo.de\\\/wp-content\\\/uploads\\\/063-5.jpg\",\"keywords\":[\"Buch\",\"Romano\"],\"articleSection\":[\"Fahrrad\"],\"inLanguage\":\"de\"},{\"@type\":\"WebPage\",\"@id\":\"https:\\\/\\\/manipogo.de\\\/?p=17069\",\"url\":\"https:\\\/\\\/manipogo.de\\\/?p=17069\",\"name\":\"Romano in Rom auf der Buchmesse - manipogo\",\"isPartOf\":{\"@id\":\"https:\\\/\\\/manipogo.de\\\/#website\"},\"primaryImageOfPage\":{\"@id\":\"https:\\\/\\\/manipogo.de\\\/?p=17069#primaryimage\"},\"image\":{\"@id\":\"https:\\\/\\\/manipogo.de\\\/?p=17069#primaryimage\"},\"thumbnailUrl\":\"http:\\\/\\\/manipogo.de\\\/wp-content\\\/uploads\\\/063-5.jpg\",\"datePublished\":\"2019-12-06T23:38:46+00:00\",\"author\":{\"@id\":\"https:\\\/\\\/manipogo.de\\\/#\\\/schema\\\/person\\\/991913de0e39267877f234553fd7f58d\"},\"breadcrumb\":{\"@id\":\"https:\\\/\\\/manipogo.de\\\/?p=17069#breadcrumb\"},\"inLanguage\":\"de\",\"potentialAction\":[{\"@type\":\"ReadAction\",\"target\":[\"https:\\\/\\\/manipogo.de\\\/?p=17069\"]}]},{\"@type\":\"ImageObject\",\"inLanguage\":\"de\",\"@id\":\"https:\\\/\\\/manipogo.de\\\/?p=17069#primaryimage\",\"url\":\"http:\\\/\\\/manipogo.de\\\/wp-content\\\/uploads\\\/063-5.jpg\",\"contentUrl\":\"http:\\\/\\\/manipogo.de\\\/wp-content\\\/uploads\\\/063-5.jpg\"},{\"@type\":\"BreadcrumbList\",\"@id\":\"https:\\\/\\\/manipogo.de\\\/?p=17069#breadcrumb\",\"itemListElement\":[{\"@type\":\"ListItem\",\"position\":1,\"name\":\"Startseite\",\"item\":\"https:\\\/\\\/manipogo.de\\\/\"},{\"@type\":\"ListItem\",\"position\":2,\"name\":\"Romano in Rom auf der Buchmesse\"}]},{\"@type\":\"WebSite\",\"@id\":\"https:\\\/\\\/manipogo.de\\\/#website\",\"url\":\"https:\\\/\\\/manipogo.de\\\/\",\"name\":\"manipogo\",\"description\":\"Gott und die Welt\",\"potentialAction\":[{\"@type\":\"SearchAction\",\"target\":{\"@type\":\"EntryPoint\",\"urlTemplate\":\"https:\\\/\\\/manipogo.de\\\/?s={search_term_string}\"},\"query-input\":{\"@type\":\"PropertyValueSpecification\",\"valueRequired\":true,\"valueName\":\"search_term_string\"}}],\"inLanguage\":\"de\"},{\"@type\":\"Person\",\"@id\":\"https:\\\/\\\/manipogo.de\\\/#\\\/schema\\\/person\\\/991913de0e39267877f234553fd7f58d\",\"name\":\"web108\",\"url\":\"https:\\\/\\\/manipogo.de\\\/?author=1\"}]}<\/script>\n<!-- \/ Yoast SEO plugin. -->","yoast_head_json":{"title":"Romano in Rom auf der Buchmesse - manipogo","robots":{"index":"index","follow":"follow","max-snippet":"max-snippet:-1","max-image-preview":"max-image-preview:large","max-video-preview":"max-video-preview:-1"},"canonical":"https:\/\/manipogo.de\/?p=17069","og_locale":"de_DE","og_type":"article","og_title":"Romano in Rom auf der Buchmesse - manipogo","og_description":"Romano Puglisi ist am heutigen Samstag (wie ein Jahr zuvor schon) wieder am B\u00fcchersalon Pi\u00f9 libri pi\u00f9 liberi in Rom anwesend. Diesmal\u00a0 stellt er Genusstouren mit dem Rad durch die Toskana und Umbrien vor, seine bislang letzte \u00bbAnstrengung\u00ab (wie er mir schrieb), bevor er im kommenden Fr\u00fchjahr die Strecke Rom\u2014Florenz (400 Kilometer, an den Fl\u00fcssen [&hellip;]","og_url":"https:\/\/manipogo.de\/?p=17069","og_site_name":"manipogo","article_published_time":"2019-12-06T23:38:46+00:00","og_image":[{"url":"http:\/\/manipogo.de\/wp-content\/uploads\/063-5.jpg","type":"","width":"","height":""}],"author":"web108","twitter_card":"summary_large_image","twitter_misc":{"Verfasst von":"web108","Gesch\u00e4tzte Lesezeit":"2\u00a0Minuten"},"schema":{"@context":"https:\/\/schema.org","@graph":[{"@type":"Article","@id":"https:\/\/manipogo.de\/?p=17069#article","isPartOf":{"@id":"https:\/\/manipogo.de\/?p=17069"},"author":{"name":"web108","@id":"https:\/\/manipogo.de\/#\/schema\/person\/991913de0e39267877f234553fd7f58d"},"headline":"Romano in Rom auf der Buchmesse","datePublished":"2019-12-06T23:38:46+00:00","mainEntityOfPage":{"@id":"https:\/\/manipogo.de\/?p=17069"},"wordCount":351,"image":{"@id":"https:\/\/manipogo.de\/?p=17069#primaryimage"},"thumbnailUrl":"http:\/\/manipogo.de\/wp-content\/uploads\/063-5.jpg","keywords":["Buch","Romano"],"articleSection":["Fahrrad"],"inLanguage":"de"},{"@type":"WebPage","@id":"https:\/\/manipogo.de\/?p=17069","url":"https:\/\/manipogo.de\/?p=17069","name":"Romano in Rom auf der Buchmesse - manipogo","isPartOf":{"@id":"https:\/\/manipogo.de\/#website"},"primaryImageOfPage":{"@id":"https:\/\/manipogo.de\/?p=17069#primaryimage"},"image":{"@id":"https:\/\/manipogo.de\/?p=17069#primaryimage"},"thumbnailUrl":"http:\/\/manipogo.de\/wp-content\/uploads\/063-5.jpg","datePublished":"2019-12-06T23:38:46+00:00","author":{"@id":"https:\/\/manipogo.de\/#\/schema\/person\/991913de0e39267877f234553fd7f58d"},"breadcrumb":{"@id":"https:\/\/manipogo.de\/?p=17069#breadcrumb"},"inLanguage":"de","potentialAction":[{"@type":"ReadAction","target":["https:\/\/manipogo.de\/?p=17069"]}]},{"@type":"ImageObject","inLanguage":"de","@id":"https:\/\/manipogo.de\/?p=17069#primaryimage","url":"http:\/\/manipogo.de\/wp-content\/uploads\/063-5.jpg","contentUrl":"http:\/\/manipogo.de\/wp-content\/uploads\/063-5.jpg"},{"@type":"BreadcrumbList","@id":"https:\/\/manipogo.de\/?p=17069#breadcrumb","itemListElement":[{"@type":"ListItem","position":1,"name":"Startseite","item":"https:\/\/manipogo.de\/"},{"@type":"ListItem","position":2,"name":"Romano in Rom auf der Buchmesse"}]},{"@type":"WebSite","@id":"https:\/\/manipogo.de\/#website","url":"https:\/\/manipogo.de\/","name":"manipogo","description":"Gott und die Welt","potentialAction":[{"@type":"SearchAction","target":{"@type":"EntryPoint","urlTemplate":"https:\/\/manipogo.de\/?s={search_term_string}"},"query-input":{"@type":"PropertyValueSpecification","valueRequired":true,"valueName":"search_term_string"}}],"inLanguage":"de"},{"@type":"Person","@id":"https:\/\/manipogo.de\/#\/schema\/person\/991913de0e39267877f234553fd7f58d","name":"web108","url":"https:\/\/manipogo.de\/?author=1"}]}},"_links":{"self":[{"href":"https:\/\/manipogo.de\/index.php?rest_route=\/wp\/v2\/posts\/17069","targetHints":{"allow":["GET"]}}],"collection":[{"href":"https:\/\/manipogo.de\/index.php?rest_route=\/wp\/v2\/posts"}],"about":[{"href":"https:\/\/manipogo.de\/index.php?rest_route=\/wp\/v2\/types\/post"}],"author":[{"embeddable":true,"href":"https:\/\/manipogo.de\/index.php?rest_route=\/wp\/v2\/users\/1"}],"replies":[{"embeddable":true,"href":"https:\/\/manipogo.de\/index.php?rest_route=%2Fwp%2Fv2%2Fcomments&post=17069"}],"version-history":[{"count":2,"href":"https:\/\/manipogo.de\/index.php?rest_route=\/wp\/v2\/posts\/17069\/revisions"}],"predecessor-version":[{"id":17074,"href":"https:\/\/manipogo.de\/index.php?rest_route=\/wp\/v2\/posts\/17069\/revisions\/17074"}],"wp:attachment":[{"href":"https:\/\/manipogo.de\/index.php?rest_route=%2Fwp%2Fv2%2Fmedia&parent=17069"}],"wp:term":[{"taxonomy":"category","embeddable":true,"href":"https:\/\/manipogo.de\/index.php?rest_route=%2Fwp%2Fv2%2Fcategories&post=17069"},{"taxonomy":"post_tag","embeddable":true,"href":"https:\/\/manipogo.de\/index.php?rest_route=%2Fwp%2Fv2%2Ftags&post=17069"}],"curies":[{"name":"wp","href":"https:\/\/api.w.org\/{rel}","templated":true}]}}