{"id":17289,"date":"2020-02-01T00:36:36","date_gmt":"2020-01-31T23:36:36","guid":{"rendered":"http:\/\/manipogo.de\/?p=17289"},"modified":"2020-01-14T21:37:00","modified_gmt":"2020-01-14T20:37:00","slug":"das-leben","status":"publish","type":"post","link":"https:\/\/manipogo.de\/?p=17289","title":{"rendered":"das Leben"},"content":{"rendered":"<p>Guter Einfall, den Februar mit einer Lyrik-Passage von Octavio Paz (1914-1998) zu beginnen. 1990 war er ein w\u00fcrdiger Literatur-Nobelpreistr\u00e4ger, als aufrechter Demokrat und Mensch mit G\u00fcte. Die Gedichte des Mexikaners gelten f\u00fcr die lateinamerikanische Lyrik als ebenso wichtig wie die von Pablo Neruda, mit dem Paz (Frieden) in Frankreich zusammenarbeitete. <em>Das Labyrinth der Einsamkeit<\/em> (1950) mit Essays sollte man vielleicht lesen, das Buch war sehr einflussreich.\u00a0 <!--more--><\/p>\n<p>Der Auszug stammt aus dem Gedicht <em>F\u00fclle von Gegenwarten und von Namen;<\/em> (da steht tats\u00e4chlich am Ende ein Semikolon). \u00dcbersetzt hat es Fritz Vogelgsang f\u00fcr den suhrkamp-Band <em>Gedichte<\/em> anl\u00e4sslich des Nobelpreis 1990 (S. 145). Der spanische Text steht darunter.<\/p>\n<p><em>das Leben \u2014 wann denn war es wahrhaft unser?,<\/em><br \/>\n<em>wann sind wir, was wir sind, in Wahrheit, wirklich?,<\/em><br \/>\n<em>einzeln sind wir, genau betrachtet, niemals <\/em><br \/>\n<em>was anderes als Taumel, Schwindel, Leere,<\/em><br \/>\n<em>Spiegelfratzen, Entsetzen und Erbrechen,<\/em><br \/>\n<em>nie ist das Leben unser, stets von andern,<\/em><br \/>\n<em>das Leben eignet keinem, alle sind wir<\/em><br \/>\n<em>das Leben \u2014 Sonnenbrot f\u00fcr alle andern,<\/em><br \/>\n<em>all diese andern, die wir sind, wir selber \u2014,<\/em><br \/>\n<em>ich bin ein andrer, wenn ich bin, und meine <\/em><br \/>\n<em>Taten sind mehr noch mein, sind sie auch aller,<\/em><br \/>\n<em>um selbst zu sein, muss ich ein andrer werden,<\/em><br \/>\n<em>mich selbst verlassen und mich suchen unter <\/em><br \/>\n<em>den andern, die nicht sind, wenn ich nicht da bin,<\/em><br \/>\n<em>den andern, die mir volles Dasein geben,<\/em><br \/>\n<em>ich bin nicht, Ich gibt es nicht, immer sind wir <\/em><br \/>\n<em>als wir, das Leben ist ein andres, immer<\/em><br \/>\n<em>jenseits von dir, von mir, nur Horizont stets,<\/em><br \/>\n<em>Leben das uns verlebt und uns entfremdet,<\/em><br \/>\n<em>uns ein Gesicht erfindet, es verwittert,<\/em><br \/>\n<em>Hunger nach Sein, o Tod, das Brot von allen,<\/em><\/p>\n<p>Die andern, das sind los otros.<\/p>\n<p><em>\u2014 \u00bfla vida, cu\u00e1ndo fue de veras nuestra?,<\/em><br \/>\n<em>\u00bfcu\u00e1ndo somos de veras lo que somos?,<\/em><br \/>\n<em>bien mirado no somos, nunca somos<\/em><br \/>\n<em>a solas sino v\u00e9rtigo y vac\u00edo,<\/em><br \/>\n<em>muecas en el espejo, horror y v\u00f3mito,<\/em><br \/>\n<em>nunca la vida es nuestra, es de los otros, <\/em><br \/>\n<em>la vida no es de nadie, todos somos<\/em><br \/>\n<em>la vida \u2014 pan de sol para los otros,<\/em><br \/>\n<em>los otros todos que nosotros somos \u2014,<\/em><br \/>\n<em>soy otro cuando soy, los actos mios <\/em><br \/>\n<em>son m\u00e1s mios si son tambi\u00e9n de todos, <\/em><br \/>\n<em>para que pueda ser he de ser otro, <\/em><br \/>\n<em>salir de mi, buscarme entre los otros, <\/em><br \/>\n<em>los otros que me dan plena existencia, <\/em><br \/>\n<em>no soy, no hay yo, siempre somos nosotros, <\/em><br \/>\n<em>la vida es otra, siempre all\u00e1, m\u00e1s lejos,<\/em><br \/>\n<em>fuera de ti, de mi, siempre horizonte, <\/em><br \/>\n<em>vida que nos desvive y enajena, <\/em><br \/>\n<em>que nos inventa un rostro y lo desgasta, <\/em><br \/>\n<em>hambre de ser, oh muerte, pan de todos,<\/em><\/p>\n","protected":false},"excerpt":{"rendered":"<p>Guter Einfall, den Februar mit einer Lyrik-Passage von Octavio Paz (1914-1998) zu beginnen. 1990 war er ein w\u00fcrdiger Literatur-Nobelpreistr\u00e4ger, als aufrechter Demokrat und Mensch mit G\u00fcte. Die Gedichte des Mexikaners gelten f\u00fcr die lateinamerikanische Lyrik als ebenso wichtig wie die von Pablo Neruda, mit dem Paz (Frieden) in Frankreich zusammenarbeitete. Das Labyrinth der Einsamkeit (1950) [&hellip;]<\/p>\n","protected":false},"author":1,"featured_media":0,"comment_status":"closed","ping_status":"closed","sticky":false,"template":"","format":"standard","meta":{"footnotes":""},"categories":[1224],"tags":[200,600],"class_list":["post-17289","post","type-post","status-publish","format-standard","hentry","category-literatur","tag-lyrik","tag-mexiko"],"yoast_head":"<!-- This site is optimized with the Yoast SEO plugin v27.3 - https:\/\/yoast.com\/product\/yoast-seo-wordpress\/ -->\n<title>das Leben - manipogo<\/title>\n<meta name=\"robots\" content=\"index, follow, max-snippet:-1, max-image-preview:large, max-video-preview:-1\" \/>\n<link rel=\"canonical\" href=\"https:\/\/manipogo.de\/?p=17289\" \/>\n<meta property=\"og:locale\" content=\"de_DE\" \/>\n<meta property=\"og:type\" content=\"article\" \/>\n<meta property=\"og:title\" content=\"das Leben - manipogo\" \/>\n<meta property=\"og:description\" content=\"Guter Einfall, den Februar mit einer Lyrik-Passage von Octavio Paz (1914-1998) zu beginnen. 1990 war er ein w\u00fcrdiger Literatur-Nobelpreistr\u00e4ger, als aufrechter Demokrat und Mensch mit G\u00fcte. Die Gedichte des Mexikaners gelten f\u00fcr die lateinamerikanische Lyrik als ebenso wichtig wie die von Pablo Neruda, mit dem Paz (Frieden) in Frankreich zusammenarbeitete. Das Labyrinth der Einsamkeit (1950) [&hellip;]\" \/>\n<meta property=\"og:url\" content=\"https:\/\/manipogo.de\/?p=17289\" \/>\n<meta property=\"og:site_name\" content=\"manipogo\" \/>\n<meta property=\"article:published_time\" content=\"2020-01-31T23:36:36+00:00\" \/>\n<meta name=\"author\" content=\"web108\" \/>\n<meta name=\"twitter:card\" content=\"summary_large_image\" \/>\n<meta name=\"twitter:label1\" content=\"Verfasst von\" \/>\n\t<meta name=\"twitter:data1\" content=\"web108\" \/>\n\t<meta name=\"twitter:label2\" content=\"Gesch\u00e4tzte Lesezeit\" \/>\n\t<meta name=\"twitter:data2\" content=\"2\u00a0Minuten\" \/>\n<script type=\"application\/ld+json\" class=\"yoast-schema-graph\">{\"@context\":\"https:\\\/\\\/schema.org\",\"@graph\":[{\"@type\":\"Article\",\"@id\":\"https:\\\/\\\/manipogo.de\\\/?p=17289#article\",\"isPartOf\":{\"@id\":\"https:\\\/\\\/manipogo.de\\\/?p=17289\"},\"author\":{\"name\":\"web108\",\"@id\":\"https:\\\/\\\/manipogo.de\\\/#\\\/schema\\\/person\\\/991913de0e39267877f234553fd7f58d\"},\"headline\":\"das Leben\",\"datePublished\":\"2020-01-31T23:36:36+00:00\",\"mainEntityOfPage\":{\"@id\":\"https:\\\/\\\/manipogo.de\\\/?p=17289\"},\"wordCount\":433,\"keywords\":[\"Lyrik\",\"Mexiko\"],\"articleSection\":[\"Literatur\"],\"inLanguage\":\"de\"},{\"@type\":\"WebPage\",\"@id\":\"https:\\\/\\\/manipogo.de\\\/?p=17289\",\"url\":\"https:\\\/\\\/manipogo.de\\\/?p=17289\",\"name\":\"das Leben - manipogo\",\"isPartOf\":{\"@id\":\"https:\\\/\\\/manipogo.de\\\/#website\"},\"datePublished\":\"2020-01-31T23:36:36+00:00\",\"author\":{\"@id\":\"https:\\\/\\\/manipogo.de\\\/#\\\/schema\\\/person\\\/991913de0e39267877f234553fd7f58d\"},\"breadcrumb\":{\"@id\":\"https:\\\/\\\/manipogo.de\\\/?p=17289#breadcrumb\"},\"inLanguage\":\"de\",\"potentialAction\":[{\"@type\":\"ReadAction\",\"target\":[\"https:\\\/\\\/manipogo.de\\\/?p=17289\"]}]},{\"@type\":\"BreadcrumbList\",\"@id\":\"https:\\\/\\\/manipogo.de\\\/?p=17289#breadcrumb\",\"itemListElement\":[{\"@type\":\"ListItem\",\"position\":1,\"name\":\"Startseite\",\"item\":\"https:\\\/\\\/manipogo.de\\\/\"},{\"@type\":\"ListItem\",\"position\":2,\"name\":\"das Leben\"}]},{\"@type\":\"WebSite\",\"@id\":\"https:\\\/\\\/manipogo.de\\\/#website\",\"url\":\"https:\\\/\\\/manipogo.de\\\/\",\"name\":\"manipogo\",\"description\":\"Gott und die Welt\",\"potentialAction\":[{\"@type\":\"SearchAction\",\"target\":{\"@type\":\"EntryPoint\",\"urlTemplate\":\"https:\\\/\\\/manipogo.de\\\/?s={search_term_string}\"},\"query-input\":{\"@type\":\"PropertyValueSpecification\",\"valueRequired\":true,\"valueName\":\"search_term_string\"}}],\"inLanguage\":\"de\"},{\"@type\":\"Person\",\"@id\":\"https:\\\/\\\/manipogo.de\\\/#\\\/schema\\\/person\\\/991913de0e39267877f234553fd7f58d\",\"name\":\"web108\",\"url\":\"https:\\\/\\\/manipogo.de\\\/?author=1\"}]}<\/script>\n<!-- \/ Yoast SEO plugin. -->","yoast_head_json":{"title":"das Leben - manipogo","robots":{"index":"index","follow":"follow","max-snippet":"max-snippet:-1","max-image-preview":"max-image-preview:large","max-video-preview":"max-video-preview:-1"},"canonical":"https:\/\/manipogo.de\/?p=17289","og_locale":"de_DE","og_type":"article","og_title":"das Leben - manipogo","og_description":"Guter Einfall, den Februar mit einer Lyrik-Passage von Octavio Paz (1914-1998) zu beginnen. 1990 war er ein w\u00fcrdiger Literatur-Nobelpreistr\u00e4ger, als aufrechter Demokrat und Mensch mit G\u00fcte. Die Gedichte des Mexikaners gelten f\u00fcr die lateinamerikanische Lyrik als ebenso wichtig wie die von Pablo Neruda, mit dem Paz (Frieden) in Frankreich zusammenarbeitete. Das Labyrinth der Einsamkeit (1950) [&hellip;]","og_url":"https:\/\/manipogo.de\/?p=17289","og_site_name":"manipogo","article_published_time":"2020-01-31T23:36:36+00:00","author":"web108","twitter_card":"summary_large_image","twitter_misc":{"Verfasst von":"web108","Gesch\u00e4tzte Lesezeit":"2\u00a0Minuten"},"schema":{"@context":"https:\/\/schema.org","@graph":[{"@type":"Article","@id":"https:\/\/manipogo.de\/?p=17289#article","isPartOf":{"@id":"https:\/\/manipogo.de\/?p=17289"},"author":{"name":"web108","@id":"https:\/\/manipogo.de\/#\/schema\/person\/991913de0e39267877f234553fd7f58d"},"headline":"das Leben","datePublished":"2020-01-31T23:36:36+00:00","mainEntityOfPage":{"@id":"https:\/\/manipogo.de\/?p=17289"},"wordCount":433,"keywords":["Lyrik","Mexiko"],"articleSection":["Literatur"],"inLanguage":"de"},{"@type":"WebPage","@id":"https:\/\/manipogo.de\/?p=17289","url":"https:\/\/manipogo.de\/?p=17289","name":"das Leben - manipogo","isPartOf":{"@id":"https:\/\/manipogo.de\/#website"},"datePublished":"2020-01-31T23:36:36+00:00","author":{"@id":"https:\/\/manipogo.de\/#\/schema\/person\/991913de0e39267877f234553fd7f58d"},"breadcrumb":{"@id":"https:\/\/manipogo.de\/?p=17289#breadcrumb"},"inLanguage":"de","potentialAction":[{"@type":"ReadAction","target":["https:\/\/manipogo.de\/?p=17289"]}]},{"@type":"BreadcrumbList","@id":"https:\/\/manipogo.de\/?p=17289#breadcrumb","itemListElement":[{"@type":"ListItem","position":1,"name":"Startseite","item":"https:\/\/manipogo.de\/"},{"@type":"ListItem","position":2,"name":"das Leben"}]},{"@type":"WebSite","@id":"https:\/\/manipogo.de\/#website","url":"https:\/\/manipogo.de\/","name":"manipogo","description":"Gott und die Welt","potentialAction":[{"@type":"SearchAction","target":{"@type":"EntryPoint","urlTemplate":"https:\/\/manipogo.de\/?s={search_term_string}"},"query-input":{"@type":"PropertyValueSpecification","valueRequired":true,"valueName":"search_term_string"}}],"inLanguage":"de"},{"@type":"Person","@id":"https:\/\/manipogo.de\/#\/schema\/person\/991913de0e39267877f234553fd7f58d","name":"web108","url":"https:\/\/manipogo.de\/?author=1"}]}},"_links":{"self":[{"href":"https:\/\/manipogo.de\/index.php?rest_route=\/wp\/v2\/posts\/17289","targetHints":{"allow":["GET"]}}],"collection":[{"href":"https:\/\/manipogo.de\/index.php?rest_route=\/wp\/v2\/posts"}],"about":[{"href":"https:\/\/manipogo.de\/index.php?rest_route=\/wp\/v2\/types\/post"}],"author":[{"embeddable":true,"href":"https:\/\/manipogo.de\/index.php?rest_route=\/wp\/v2\/users\/1"}],"replies":[{"embeddable":true,"href":"https:\/\/manipogo.de\/index.php?rest_route=%2Fwp%2Fv2%2Fcomments&post=17289"}],"version-history":[{"count":2,"href":"https:\/\/manipogo.de\/index.php?rest_route=\/wp\/v2\/posts\/17289\/revisions"}],"predecessor-version":[{"id":17291,"href":"https:\/\/manipogo.de\/index.php?rest_route=\/wp\/v2\/posts\/17289\/revisions\/17291"}],"wp:attachment":[{"href":"https:\/\/manipogo.de\/index.php?rest_route=%2Fwp%2Fv2%2Fmedia&parent=17289"}],"wp:term":[{"taxonomy":"category","embeddable":true,"href":"https:\/\/manipogo.de\/index.php?rest_route=%2Fwp%2Fv2%2Fcategories&post=17289"},{"taxonomy":"post_tag","embeddable":true,"href":"https:\/\/manipogo.de\/index.php?rest_route=%2Fwp%2Fv2%2Ftags&post=17289"}],"curies":[{"name":"wp","href":"https:\/\/api.w.org\/{rel}","templated":true}]}}