{"id":17513,"date":"2020-03-31T00:27:24","date_gmt":"2020-03-30T23:27:24","guid":{"rendered":"http:\/\/manipogo.de\/?p=17513"},"modified":"2020-03-17T23:26:38","modified_gmt":"2020-03-17T22:26:38","slug":"schoene-welt-in-schwarz-und-weiss","status":"publish","type":"post","link":"https:\/\/manipogo.de\/?p=17513","title":{"rendered":"Sch\u00f6ne Welt in Schwarz und Wei\u00df"},"content":{"rendered":"<p>Farben sind etwas Wunderbares, doch auch die Darstellung der Welt in Schwarz und Wei\u00df hat ihre Faszination, wenn der\/die Fotograf\/in sein\/ihr Fach versteht. (<em>Fotos haben zum Gl\u00fcck kein Geschlecht<\/em>.) Schwarz-Wei\u00df-Fotos sind wie philosophische Bemerkungen, da wird die Welt abstrahiert und auf Rhythmus sowie Licht und Schatten reduziert, und so tritt manchmal etwas Wesentliches hervor. Ohne Kommentar zum Ende des Monats ein paar Meisterfotos aus Venedig und Regensburg, zum ersten Mal auf <em>manipogo<\/em> zu sehen. Wenige Menschen, leere Welt, wie sch\u00f6n! <!--more--><\/p>\n<div id=\"attachment_17514\" style=\"width: 550px\" class=\"wp-caption alignleft\"><a href=\"https:\/\/manipogo.de\/wp-content\/uploads\/AufdenFeierabendzu.jpg\" rel=\"attachment wp-att-17514\"><img loading=\"lazy\" decoding=\"async\" aria-describedby=\"caption-attachment-17514\" class=\"size-full wp-image-17514\" src=\"https:\/\/manipogo.de\/wp-content\/uploads\/AufdenFeierabendzu.jpg\" alt=\"Auf den Feierabend zu \" width=\"540\" height=\"540\" srcset=\"https:\/\/manipogo.de\/wp-content\/uploads\/AufdenFeierabendzu.jpg 540w, https:\/\/manipogo.de\/wp-content\/uploads\/AufdenFeierabendzu-150x150.jpg 150w, https:\/\/manipogo.de\/wp-content\/uploads\/AufdenFeierabendzu-300x300.jpg 300w\" sizes=\"auto, (max-width: 540px) 100vw, 540px\" \/><\/a><p id=\"caption-attachment-17514\" class=\"wp-caption-text\">Auf den Feierabend zu<\/p><\/div>\n<div id=\"attachment_17516\" style=\"width: 550px\" class=\"wp-caption alignleft\"><a href=\"https:\/\/manipogo.de\/wp-content\/uploads\/Abgehoben-1.jpg\" rel=\"attachment wp-att-17516\"><img loading=\"lazy\" decoding=\"async\" aria-describedby=\"caption-attachment-17516\" class=\"size-full wp-image-17516\" src=\"https:\/\/manipogo.de\/wp-content\/uploads\/Abgehoben-1.jpg\" alt=\"Abgehoben\" width=\"540\" height=\"540\" srcset=\"https:\/\/manipogo.de\/wp-content\/uploads\/Abgehoben-1.jpg 540w, https:\/\/manipogo.de\/wp-content\/uploads\/Abgehoben-1-150x150.jpg 150w, https:\/\/manipogo.de\/wp-content\/uploads\/Abgehoben-1-300x300.jpg 300w\" sizes=\"auto, (max-width: 540px) 100vw, 540px\" \/><\/a><p id=\"caption-attachment-17516\" class=\"wp-caption-text\">Abgehoben<\/p><\/div>\n<div id=\"attachment_17519\" style=\"width: 550px\" class=\"wp-caption alignleft\"><a href=\"https:\/\/manipogo.de\/wp-content\/uploads\/kraemer_helmut_verdunklung-2.jpg\" rel=\"attachment wp-att-17519\"><img loading=\"lazy\" decoding=\"async\" aria-describedby=\"caption-attachment-17519\" class=\"size-full wp-image-17519\" src=\"https:\/\/manipogo.de\/wp-content\/uploads\/kraemer_helmut_verdunklung-2.jpg\" alt=\"Verdunklung\" width=\"540\" height=\"360\" srcset=\"https:\/\/manipogo.de\/wp-content\/uploads\/kraemer_helmut_verdunklung-2.jpg 540w, https:\/\/manipogo.de\/wp-content\/uploads\/kraemer_helmut_verdunklung-2-300x200.jpg 300w\" sizes=\"auto, (max-width: 540px) 100vw, 540px\" \/><\/a><p id=\"caption-attachment-17519\" class=\"wp-caption-text\">Verdunklung<\/p><\/div>\n<div id=\"attachment_17520\" style=\"width: 550px\" class=\"wp-caption alignleft\"><a href=\"https:\/\/manipogo.de\/wp-content\/uploads\/LeichteBewegung-1.jpg\" rel=\"attachment wp-att-17520\"><img loading=\"lazy\" decoding=\"async\" aria-describedby=\"caption-attachment-17520\" class=\"size-full wp-image-17520\" src=\"https:\/\/manipogo.de\/wp-content\/uploads\/LeichteBewegung-1.jpg\" alt=\"Leichte Bewegung\" width=\"540\" height=\"540\" srcset=\"https:\/\/manipogo.de\/wp-content\/uploads\/LeichteBewegung-1.jpg 540w, https:\/\/manipogo.de\/wp-content\/uploads\/LeichteBewegung-1-150x150.jpg 150w, https:\/\/manipogo.de\/wp-content\/uploads\/LeichteBewegung-1-300x300.jpg 300w\" sizes=\"auto, (max-width: 540px) 100vw, 540px\" \/><\/a><p id=\"caption-attachment-17520\" class=\"wp-caption-text\">Leichte Bewegung<\/p><\/div>\n<div id=\"attachment_17521\" style=\"width: 550px\" class=\"wp-caption alignleft\"><a href=\"https:\/\/manipogo.de\/wp-content\/uploads\/NightonEarth-1.jpg\" rel=\"attachment wp-att-17521\"><img loading=\"lazy\" decoding=\"async\" aria-describedby=\"caption-attachment-17521\" class=\"size-full wp-image-17521\" src=\"https:\/\/manipogo.de\/wp-content\/uploads\/NightonEarth-1.jpg\" alt=\"NightonEarth\" width=\"540\" height=\"540\" srcset=\"https:\/\/manipogo.de\/wp-content\/uploads\/NightonEarth-1.jpg 540w, https:\/\/manipogo.de\/wp-content\/uploads\/NightonEarth-1-150x150.jpg 150w, https:\/\/manipogo.de\/wp-content\/uploads\/NightonEarth-1-300x300.jpg 300w\" sizes=\"auto, (max-width: 540px) 100vw, 540px\" \/><\/a><p id=\"caption-attachment-17521\" class=\"wp-caption-text\">NightonEarth<\/p><\/div>\n<div id=\"attachment_17522\" style=\"width: 550px\" class=\"wp-caption alignleft\"><a href=\"https:\/\/manipogo.de\/wp-content\/uploads\/Regensburg_Domfassade_Totale_M.jpg\" rel=\"attachment wp-att-17522\"><img loading=\"lazy\" decoding=\"async\" aria-describedby=\"caption-attachment-17522\" class=\"wp-image-17522\" src=\"https:\/\/manipogo.de\/wp-content\/uploads\/Regensburg_Domfassade_Totale_M.jpg\" alt=\"Regensburg Domfassade Totale\" width=\"540\" height=\"360\" srcset=\"https:\/\/manipogo.de\/wp-content\/uploads\/Regensburg_Domfassade_Totale_M.jpg 1000w, https:\/\/manipogo.de\/wp-content\/uploads\/Regensburg_Domfassade_Totale_M-300x200.jpg 300w, https:\/\/manipogo.de\/wp-content\/uploads\/Regensburg_Domfassade_Totale_M-768x512.jpg 768w\" sizes=\"auto, (max-width: 540px) 100vw, 540px\" \/><\/a><p id=\"caption-attachment-17522\" class=\"wp-caption-text\">Regensburg Domfassade Totale<\/p><\/div>\n<div id=\"attachment_17523\" style=\"width: 550px\" class=\"wp-caption alignleft\"><a href=\"https:\/\/manipogo.de\/wp-content\/uploads\/Regensburger-Nacht_se_M.jpg\" rel=\"attachment wp-att-17523\"><img loading=\"lazy\" decoding=\"async\" aria-describedby=\"caption-attachment-17523\" class=\"wp-image-17523\" src=\"https:\/\/manipogo.de\/wp-content\/uploads\/Regensburger-Nacht_se_M.jpg\" alt=\"Regensburger Nacht_se_M\" width=\"540\" height=\"380\" srcset=\"https:\/\/manipogo.de\/wp-content\/uploads\/Regensburger-Nacht_se_M.jpg 1000w, https:\/\/manipogo.de\/wp-content\/uploads\/Regensburger-Nacht_se_M-300x211.jpg 300w, https:\/\/manipogo.de\/wp-content\/uploads\/Regensburger-Nacht_se_M-768x540.jpg 768w\" sizes=\"auto, (max-width: 540px) 100vw, 540px\" \/><\/a><p id=\"caption-attachment-17523\" class=\"wp-caption-text\">Regensburger Nacht<\/p><\/div>\n<p>&nbsp;<\/p>\n<p>&nbsp;<\/p>\n<p>llll<\/p>\n","protected":false},"excerpt":{"rendered":"<p>Farben sind etwas Wunderbares, doch auch die Darstellung der Welt in Schwarz und Wei\u00df hat ihre Faszination, wenn der\/die Fotograf\/in sein\/ihr Fach versteht. (Fotos haben zum Gl\u00fcck kein Geschlecht.) Schwarz-Wei\u00df-Fotos sind wie philosophische Bemerkungen, da wird die Welt abstrahiert und auf Rhythmus sowie Licht und Schatten reduziert, und so tritt manchmal etwas Wesentliches hervor. Ohne [&hellip;]<\/p>\n","protected":false},"author":1,"featured_media":0,"comment_status":"closed","ping_status":"closed","sticky":false,"template":"","format":"standard","meta":{"footnotes":""},"categories":[1227],"tags":[1731,371],"class_list":["post-17513","post","type-post","status-publish","format-standard","hentry","category-reisen","tag-regensburg","tag-venedig"],"yoast_head":"<!-- This site is optimized with the Yoast SEO plugin v27.3 - https:\/\/yoast.com\/product\/yoast-seo-wordpress\/ -->\n<title>Sch\u00f6ne Welt in Schwarz und Wei\u00df - manipogo<\/title>\n<meta name=\"robots\" content=\"index, follow, max-snippet:-1, max-image-preview:large, max-video-preview:-1\" \/>\n<link rel=\"canonical\" href=\"https:\/\/manipogo.de\/?p=17513\" \/>\n<meta property=\"og:locale\" content=\"de_DE\" \/>\n<meta property=\"og:type\" content=\"article\" \/>\n<meta property=\"og:title\" content=\"Sch\u00f6ne Welt in Schwarz und Wei\u00df - manipogo\" \/>\n<meta property=\"og:description\" content=\"Farben sind etwas Wunderbares, doch auch die Darstellung der Welt in Schwarz und Wei\u00df hat ihre Faszination, wenn der\/die Fotograf\/in sein\/ihr Fach versteht. (Fotos haben zum Gl\u00fcck kein Geschlecht.) Schwarz-Wei\u00df-Fotos sind wie philosophische Bemerkungen, da wird die Welt abstrahiert und auf Rhythmus sowie Licht und Schatten reduziert, und so tritt manchmal etwas Wesentliches hervor. Ohne [&hellip;]\" \/>\n<meta property=\"og:url\" content=\"https:\/\/manipogo.de\/?p=17513\" \/>\n<meta property=\"og:site_name\" content=\"manipogo\" \/>\n<meta property=\"article:published_time\" content=\"2020-03-30T23:27:24+00:00\" \/>\n<meta property=\"og:image\" content=\"http:\/\/manipogo.de\/wp-content\/uploads\/AufdenFeierabendzu.jpg\" \/>\n<meta name=\"author\" content=\"web108\" \/>\n<meta name=\"twitter:card\" content=\"summary_large_image\" \/>\n<meta name=\"twitter:label1\" content=\"Verfasst von\" \/>\n\t<meta name=\"twitter:data1\" content=\"web108\" \/>\n\t<meta name=\"twitter:label2\" content=\"Gesch\u00e4tzte Lesezeit\" \/>\n\t<meta name=\"twitter:data2\" content=\"1\u00a0Minute\" \/>\n<script type=\"application\/ld+json\" class=\"yoast-schema-graph\">{\"@context\":\"https:\\\/\\\/schema.org\",\"@graph\":[{\"@type\":\"Article\",\"@id\":\"https:\\\/\\\/manipogo.de\\\/?p=17513#article\",\"isPartOf\":{\"@id\":\"https:\\\/\\\/manipogo.de\\\/?p=17513\"},\"author\":{\"name\":\"web108\",\"@id\":\"https:\\\/\\\/manipogo.de\\\/#\\\/schema\\\/person\\\/991913de0e39267877f234553fd7f58d\"},\"headline\":\"Sch\u00f6ne Welt in Schwarz und Wei\u00df\",\"datePublished\":\"2020-03-30T23:27:24+00:00\",\"mainEntityOfPage\":{\"@id\":\"https:\\\/\\\/manipogo.de\\\/?p=17513\"},\"wordCount\":159,\"image\":{\"@id\":\"https:\\\/\\\/manipogo.de\\\/?p=17513#primaryimage\"},\"thumbnailUrl\":\"http:\\\/\\\/manipogo.de\\\/wp-content\\\/uploads\\\/AufdenFeierabendzu.jpg\",\"keywords\":[\"Regensburg\",\"Venedig\"],\"articleSection\":[\"Reisen\"],\"inLanguage\":\"de\"},{\"@type\":\"WebPage\",\"@id\":\"https:\\\/\\\/manipogo.de\\\/?p=17513\",\"url\":\"https:\\\/\\\/manipogo.de\\\/?p=17513\",\"name\":\"Sch\u00f6ne Welt in Schwarz und Wei\u00df - manipogo\",\"isPartOf\":{\"@id\":\"https:\\\/\\\/manipogo.de\\\/#website\"},\"primaryImageOfPage\":{\"@id\":\"https:\\\/\\\/manipogo.de\\\/?p=17513#primaryimage\"},\"image\":{\"@id\":\"https:\\\/\\\/manipogo.de\\\/?p=17513#primaryimage\"},\"thumbnailUrl\":\"http:\\\/\\\/manipogo.de\\\/wp-content\\\/uploads\\\/AufdenFeierabendzu.jpg\",\"datePublished\":\"2020-03-30T23:27:24+00:00\",\"author\":{\"@id\":\"https:\\\/\\\/manipogo.de\\\/#\\\/schema\\\/person\\\/991913de0e39267877f234553fd7f58d\"},\"breadcrumb\":{\"@id\":\"https:\\\/\\\/manipogo.de\\\/?p=17513#breadcrumb\"},\"inLanguage\":\"de\",\"potentialAction\":[{\"@type\":\"ReadAction\",\"target\":[\"https:\\\/\\\/manipogo.de\\\/?p=17513\"]}]},{\"@type\":\"ImageObject\",\"inLanguage\":\"de\",\"@id\":\"https:\\\/\\\/manipogo.de\\\/?p=17513#primaryimage\",\"url\":\"http:\\\/\\\/manipogo.de\\\/wp-content\\\/uploads\\\/AufdenFeierabendzu.jpg\",\"contentUrl\":\"http:\\\/\\\/manipogo.de\\\/wp-content\\\/uploads\\\/AufdenFeierabendzu.jpg\"},{\"@type\":\"BreadcrumbList\",\"@id\":\"https:\\\/\\\/manipogo.de\\\/?p=17513#breadcrumb\",\"itemListElement\":[{\"@type\":\"ListItem\",\"position\":1,\"name\":\"Startseite\",\"item\":\"https:\\\/\\\/manipogo.de\\\/\"},{\"@type\":\"ListItem\",\"position\":2,\"name\":\"Sch\u00f6ne Welt in Schwarz und Wei\u00df\"}]},{\"@type\":\"WebSite\",\"@id\":\"https:\\\/\\\/manipogo.de\\\/#website\",\"url\":\"https:\\\/\\\/manipogo.de\\\/\",\"name\":\"manipogo\",\"description\":\"Gott und die Welt\",\"potentialAction\":[{\"@type\":\"SearchAction\",\"target\":{\"@type\":\"EntryPoint\",\"urlTemplate\":\"https:\\\/\\\/manipogo.de\\\/?s={search_term_string}\"},\"query-input\":{\"@type\":\"PropertyValueSpecification\",\"valueRequired\":true,\"valueName\":\"search_term_string\"}}],\"inLanguage\":\"de\"},{\"@type\":\"Person\",\"@id\":\"https:\\\/\\\/manipogo.de\\\/#\\\/schema\\\/person\\\/991913de0e39267877f234553fd7f58d\",\"name\":\"web108\",\"url\":\"https:\\\/\\\/manipogo.de\\\/?author=1\"}]}<\/script>\n<!-- \/ Yoast SEO plugin. -->","yoast_head_json":{"title":"Sch\u00f6ne Welt in Schwarz und Wei\u00df - manipogo","robots":{"index":"index","follow":"follow","max-snippet":"max-snippet:-1","max-image-preview":"max-image-preview:large","max-video-preview":"max-video-preview:-1"},"canonical":"https:\/\/manipogo.de\/?p=17513","og_locale":"de_DE","og_type":"article","og_title":"Sch\u00f6ne Welt in Schwarz und Wei\u00df - manipogo","og_description":"Farben sind etwas Wunderbares, doch auch die Darstellung der Welt in Schwarz und Wei\u00df hat ihre Faszination, wenn der\/die Fotograf\/in sein\/ihr Fach versteht. (Fotos haben zum Gl\u00fcck kein Geschlecht.) Schwarz-Wei\u00df-Fotos sind wie philosophische Bemerkungen, da wird die Welt abstrahiert und auf Rhythmus sowie Licht und Schatten reduziert, und so tritt manchmal etwas Wesentliches hervor. Ohne [&hellip;]","og_url":"https:\/\/manipogo.de\/?p=17513","og_site_name":"manipogo","article_published_time":"2020-03-30T23:27:24+00:00","og_image":[{"url":"http:\/\/manipogo.de\/wp-content\/uploads\/AufdenFeierabendzu.jpg","type":"","width":"","height":""}],"author":"web108","twitter_card":"summary_large_image","twitter_misc":{"Verfasst von":"web108","Gesch\u00e4tzte Lesezeit":"1\u00a0Minute"},"schema":{"@context":"https:\/\/schema.org","@graph":[{"@type":"Article","@id":"https:\/\/manipogo.de\/?p=17513#article","isPartOf":{"@id":"https:\/\/manipogo.de\/?p=17513"},"author":{"name":"web108","@id":"https:\/\/manipogo.de\/#\/schema\/person\/991913de0e39267877f234553fd7f58d"},"headline":"Sch\u00f6ne Welt in Schwarz und Wei\u00df","datePublished":"2020-03-30T23:27:24+00:00","mainEntityOfPage":{"@id":"https:\/\/manipogo.de\/?p=17513"},"wordCount":159,"image":{"@id":"https:\/\/manipogo.de\/?p=17513#primaryimage"},"thumbnailUrl":"http:\/\/manipogo.de\/wp-content\/uploads\/AufdenFeierabendzu.jpg","keywords":["Regensburg","Venedig"],"articleSection":["Reisen"],"inLanguage":"de"},{"@type":"WebPage","@id":"https:\/\/manipogo.de\/?p=17513","url":"https:\/\/manipogo.de\/?p=17513","name":"Sch\u00f6ne Welt in Schwarz und Wei\u00df - manipogo","isPartOf":{"@id":"https:\/\/manipogo.de\/#website"},"primaryImageOfPage":{"@id":"https:\/\/manipogo.de\/?p=17513#primaryimage"},"image":{"@id":"https:\/\/manipogo.de\/?p=17513#primaryimage"},"thumbnailUrl":"http:\/\/manipogo.de\/wp-content\/uploads\/AufdenFeierabendzu.jpg","datePublished":"2020-03-30T23:27:24+00:00","author":{"@id":"https:\/\/manipogo.de\/#\/schema\/person\/991913de0e39267877f234553fd7f58d"},"breadcrumb":{"@id":"https:\/\/manipogo.de\/?p=17513#breadcrumb"},"inLanguage":"de","potentialAction":[{"@type":"ReadAction","target":["https:\/\/manipogo.de\/?p=17513"]}]},{"@type":"ImageObject","inLanguage":"de","@id":"https:\/\/manipogo.de\/?p=17513#primaryimage","url":"http:\/\/manipogo.de\/wp-content\/uploads\/AufdenFeierabendzu.jpg","contentUrl":"http:\/\/manipogo.de\/wp-content\/uploads\/AufdenFeierabendzu.jpg"},{"@type":"BreadcrumbList","@id":"https:\/\/manipogo.de\/?p=17513#breadcrumb","itemListElement":[{"@type":"ListItem","position":1,"name":"Startseite","item":"https:\/\/manipogo.de\/"},{"@type":"ListItem","position":2,"name":"Sch\u00f6ne Welt in Schwarz und Wei\u00df"}]},{"@type":"WebSite","@id":"https:\/\/manipogo.de\/#website","url":"https:\/\/manipogo.de\/","name":"manipogo","description":"Gott und die Welt","potentialAction":[{"@type":"SearchAction","target":{"@type":"EntryPoint","urlTemplate":"https:\/\/manipogo.de\/?s={search_term_string}"},"query-input":{"@type":"PropertyValueSpecification","valueRequired":true,"valueName":"search_term_string"}}],"inLanguage":"de"},{"@type":"Person","@id":"https:\/\/manipogo.de\/#\/schema\/person\/991913de0e39267877f234553fd7f58d","name":"web108","url":"https:\/\/manipogo.de\/?author=1"}]}},"_links":{"self":[{"href":"https:\/\/manipogo.de\/index.php?rest_route=\/wp\/v2\/posts\/17513","targetHints":{"allow":["GET"]}}],"collection":[{"href":"https:\/\/manipogo.de\/index.php?rest_route=\/wp\/v2\/posts"}],"about":[{"href":"https:\/\/manipogo.de\/index.php?rest_route=\/wp\/v2\/types\/post"}],"author":[{"embeddable":true,"href":"https:\/\/manipogo.de\/index.php?rest_route=\/wp\/v2\/users\/1"}],"replies":[{"embeddable":true,"href":"https:\/\/manipogo.de\/index.php?rest_route=%2Fwp%2Fv2%2Fcomments&post=17513"}],"version-history":[{"count":3,"href":"https:\/\/manipogo.de\/index.php?rest_route=\/wp\/v2\/posts\/17513\/revisions"}],"predecessor-version":[{"id":17589,"href":"https:\/\/manipogo.de\/index.php?rest_route=\/wp\/v2\/posts\/17513\/revisions\/17589"}],"wp:attachment":[{"href":"https:\/\/manipogo.de\/index.php?rest_route=%2Fwp%2Fv2%2Fmedia&parent=17513"}],"wp:term":[{"taxonomy":"category","embeddable":true,"href":"https:\/\/manipogo.de\/index.php?rest_route=%2Fwp%2Fv2%2Fcategories&post=17513"},{"taxonomy":"post_tag","embeddable":true,"href":"https:\/\/manipogo.de\/index.php?rest_route=%2Fwp%2Fv2%2Ftags&post=17513"}],"curies":[{"name":"wp","href":"https:\/\/api.w.org\/{rel}","templated":true}]}}