{"id":17605,"date":"2020-04-11T00:14:22","date_gmt":"2020-04-10T22:14:22","guid":{"rendered":"http:\/\/manipogo.de\/?p=17605"},"modified":"2020-04-10T22:15:58","modified_gmt":"2020-04-10T20:15:58","slug":"ostern-in-rom-1581","status":"publish","type":"post","link":"https:\/\/manipogo.de\/?p=17605","title":{"rendered":"Ostern in Rom, 1581"},"content":{"rendered":"<p>Hab schon begriffen: Herr de Montaigne interessiert nicht besonders. Aber er hat Ostern in der Heiligen Stadt miterlebt, im Jahr 1581, und das ist schon was und muss noch in <em>manipogo<\/em> rein. Ich h\u00e4tte eigentlich Anfang Mai nach Rom reisen wollen, und nun muss man das um ein Jahr verschieben wie so vieles. Italien hat es schwer getroffen, der ganze Tourismus dorthin ist dahin, f\u00fcr dieses Jahr und vermutlich noch dar\u00fcber hinaus.\u00a0<!--more--><\/p>\n<p><a href=\"https:\/\/manipogo.de\/wp-content\/uploads\/DSCN0097-1.jpg\" rel=\"attachment wp-att-17608\"><img loading=\"lazy\" decoding=\"async\" class=\"alignright size-medium wp-image-17608\" src=\"https:\/\/manipogo.de\/wp-content\/uploads\/DSCN0097-1-300x163.jpg\" alt=\"DSCN0097\" width=\"300\" height=\"163\" srcset=\"https:\/\/manipogo.de\/wp-content\/uploads\/DSCN0097-1-300x163.jpg 300w, https:\/\/manipogo.de\/wp-content\/uploads\/DSCN0097-1.jpg 540w\" sizes=\"auto, (max-width: 300px) 100vw, 300px\" \/><\/a>Rom ist leer, wie viele andere europ\u00e4ische Metropolen auch, was h\u00f6chstens den Vorteil hat, dass Papst Franziskus mal zu Fu\u00df seinen Vatikan durchstreifen und dabei auch beten kann, weil ihn keiner st\u00f6rt. Sein Vorg\u00e4nger Martin V. fand 1420 Rom im Frieden vor, aber \u00bbdurch Pest, Krieg und Hungersnot in so tiefes Elend herabgesunken, dass es kaum das Antlitz einer Stadt trug\u00ab. 100 Jahre sp\u00e4ter verw\u00fcsteten die Legion\u00e4re Karls V. die Stadt total, es war der ber\u00fcchtigte <em>Sacco di Roma<\/em>. Zur Zeit von Montaignes Besuch mag die Stadt 60.000 Einwohner gehabt haben, doch ging es aufw\u00e4rts. Am Petersdom wurde gebaut, die Kuppel wurde zehn Jahre danach, 1591, fertig. Zum Karfreitag 1581 vermerkt Michel de Montaigne, was dieses Jahr undenkbar ist:<\/p>\n<p><em>Etwas, was ich nie wieder, weder hier noch sonstwo so imponierend und gro\u00dfartig fand, war die unglaubliche Menge Volk, die sich an diesem Tag in der ganzen Stadt der religi\u00f6sen Anbetung hingab, besonders wieder in eben diesen Gesellschaften. &#8230; (Es) <a href=\"https:\/\/manipogo.de\/wp-content\/uploads\/DSCN3024-2.jpg\" rel=\"attachment wp-att-17609\"><img loading=\"lazy\" decoding=\"async\" class=\"alignleft size-medium wp-image-17609\" src=\"https:\/\/manipogo.de\/wp-content\/uploads\/DSCN3024-2-300x169.jpg\" alt=\"DSCN3024\" width=\"300\" height=\"169\" srcset=\"https:\/\/manipogo.de\/wp-content\/uploads\/DSCN3024-2-300x169.jpg 300w, https:\/\/manipogo.de\/wp-content\/uploads\/DSCN3024-2.jpg 540w\" sizes=\"auto, (max-width: 300px) 100vw, 300px\" \/><\/a>schien bei Anbruch der Dunkelheit die Stadt g\u00e4nzlich in Feuer zu stehen, als die Br\u00fcderschaften in geordnetem Aufzug gegen St. Peter marschierten und jeder eine Kerze \u2014 meist aus wei\u00dfem Wachs \u2014 in der Hand trug. Ich glaube, dass da vor mir zw\u00f6lftausend Fackeln zum mindesten vor\u00fcberzogen; denn von acht Uhr abends bis Mitternacht war die Stra\u00dfe ununterbrochen mit diesem Aufzug angef\u00fcllt, der dabei so wohl geordnet und ruhig sich bewegte, dass nie eine L\u00fccke oder eine Unterbrechung zu bemerken war, obwohl es die verschiedensten Scharen waren, die aus allen m\u00f6glichen Richtungen gekommen waren. Jede K\u00f6rperschaft hatte eine starke Musikbande und sang fortw\u00e4hrend beim Marschieren. In der Mitte des Zugs kam eine Schar von B\u00fc\u00dfern, die sich mit Stricken gei\u00dfelten; es waren mindestens f\u00fcnfhundert Menschen, die sich den R\u00fccken ganz zerfleischt hatten und erb\u00e4rmich bluteten.<\/em><\/p>\n<p>Zu jener Zeit ritt man durch die Stadt und \u00e4ugte zu Fenstern empor, an denen k\u00e4ufliche Frauen sa\u00dfen. Doch die Kurtisane hatte ausgespielt; Papst Julius bestimmte, dass sie gelbe \u00c4rmel tragen mussten, um sie von den\u00a0\u00bbanst\u00e4ndigen\u00ab Frauen zu unterscheiden. Noch um 1500 waren Kurtisanen, die <em>Escort girls<\/em> der damaligen Zeit, regul\u00e4re Begleiterinnen von Bisch\u00f6fen und Kardin\u00e4len. An Ostern nicht, da war alles ernst.<\/p>\n<p><em>Die Damen genie\u00dfen an diesem Tag (dem Karfreitag) jede Freiheit; die ganze Nacht \u00fcber sind die Stra\u00dfen voll von ihnen, und sie gehen fast alle zu Fu\u00df. Gleichwohl scheint die Stadt tats\u00e4chlich zu ganz anderen Sitten bekehrt zu sein, vor allem was ihre sonstige Z\u00fcgellosigkeit betrifft. Alle feurigen Blicke und \u00fcbrige verliebte Auff\u00fchrung ist verschwunden.<\/em><\/p>\n<p>Makaber das folgende Schauspiel; die christliche Kirche war immer eine Meisterin der Zeremonien. Peter und Paul wurden ja, wie wir vorgestern erfuhren, an die Stelle der Stadtgr\u00fcnder Romulus und Remus gesetzt.<\/p>\n<p><em>Am Tag vor Ostern sah ich in San Giovanni in Laterano die H\u00e4upter des heiligen Paulus und des heiligen Peter, die dort vorgezeigt werden. Die Fleischteile, Farbe und Haarwuchs sehen aus, als ob sie lebten. Das Gesicht St. Peters ist wei\u00df, ein wenig l\u00e4nglich, die Haut purpurfarbig und Vollbl\u00fctigkeit verratend, der geteilte Bart grau; das Haupt ist mit einer Papstmitra gekr\u00f6nt. St. Paul ist schwarz, hat ein breites und volleres Gesicht und einen st\u00e4rkeren Sch\u00e4del, der Bart ist grau und dicht. <\/em><br \/>\n<em>Die K\u00f6pfe werden oben von einem besonderen Ort herab gezeigt. Das Volk wird durch Glockengel\u00e4ut herbeigerufen, und dann sinkt von Zeit zu Zeit ein Vorhang, hinter dem die H\u00e4upter nebeneinander ruhen. Sie bleiben so viel Zeit, als man zu einem Ave Maria braucht, sichtbar, dann steigt der Vorhang wieder p\u00f6ztzlich in die H\u00f6he. Nach einer Weile senkt er sich von neuem, und das bis zu drei Malen. Die Schaustellung erfolgt vier- bis f\u00fcnfmal am Tag. \u00a0<\/em><\/p>\n<p>&nbsp;<\/p>\n<p>&nbsp;<\/p>\n","protected":false},"excerpt":{"rendered":"<p>Hab schon begriffen: Herr de Montaigne interessiert nicht besonders. Aber er hat Ostern in der Heiligen Stadt miterlebt, im Jahr 1581, und das ist schon was und muss noch in manipogo rein. Ich h\u00e4tte eigentlich Anfang Mai nach Rom reisen wollen, und nun muss man das um ein Jahr verschieben wie so vieles. Italien hat [&hellip;]<\/p>\n","protected":false},"author":1,"featured_media":0,"comment_status":"closed","ping_status":"closed","sticky":false,"template":"","format":"standard","meta":{"footnotes":""},"categories":[1227],"tags":[1736,16],"class_list":["post-17605","post","type-post","status-publish","format-standard","hentry","category-reisen","tag-ostern","tag-rom"],"yoast_head":"<!-- This site is optimized with the Yoast SEO plugin v27.3 - https:\/\/yoast.com\/product\/yoast-seo-wordpress\/ -->\n<title>Ostern in Rom, 1581 - manipogo<\/title>\n<meta name=\"robots\" content=\"index, follow, max-snippet:-1, max-image-preview:large, max-video-preview:-1\" \/>\n<link rel=\"canonical\" href=\"https:\/\/manipogo.de\/?p=17605\" \/>\n<meta property=\"og:locale\" content=\"de_DE\" \/>\n<meta property=\"og:type\" content=\"article\" \/>\n<meta property=\"og:title\" content=\"Ostern in Rom, 1581 - manipogo\" \/>\n<meta property=\"og:description\" content=\"Hab schon begriffen: Herr de Montaigne interessiert nicht besonders. Aber er hat Ostern in der Heiligen Stadt miterlebt, im Jahr 1581, und das ist schon was und muss noch in manipogo rein. Ich h\u00e4tte eigentlich Anfang Mai nach Rom reisen wollen, und nun muss man das um ein Jahr verschieben wie so vieles. Italien hat [&hellip;]\" \/>\n<meta property=\"og:url\" content=\"https:\/\/manipogo.de\/?p=17605\" \/>\n<meta property=\"og:site_name\" content=\"manipogo\" \/>\n<meta property=\"article:published_time\" content=\"2020-04-10T22:14:22+00:00\" \/>\n<meta property=\"og:image\" content=\"http:\/\/manipogo.de\/wp-content\/uploads\/DSCN0097-1-300x163.jpg\" \/>\n<meta name=\"author\" content=\"web108\" \/>\n<meta name=\"twitter:card\" content=\"summary_large_image\" \/>\n<meta name=\"twitter:label1\" content=\"Verfasst von\" \/>\n\t<meta name=\"twitter:data1\" content=\"web108\" \/>\n\t<meta name=\"twitter:label2\" content=\"Gesch\u00e4tzte Lesezeit\" \/>\n\t<meta name=\"twitter:data2\" content=\"4\u00a0Minuten\" \/>\n<script type=\"application\/ld+json\" class=\"yoast-schema-graph\">{\"@context\":\"https:\\\/\\\/schema.org\",\"@graph\":[{\"@type\":\"Article\",\"@id\":\"https:\\\/\\\/manipogo.de\\\/?p=17605#article\",\"isPartOf\":{\"@id\":\"https:\\\/\\\/manipogo.de\\\/?p=17605\"},\"author\":{\"name\":\"web108\",\"@id\":\"https:\\\/\\\/manipogo.de\\\/#\\\/schema\\\/person\\\/991913de0e39267877f234553fd7f58d\"},\"headline\":\"Ostern in Rom, 1581\",\"datePublished\":\"2020-04-10T22:14:22+00:00\",\"mainEntityOfPage\":{\"@id\":\"https:\\\/\\\/manipogo.de\\\/?p=17605\"},\"wordCount\":721,\"image\":{\"@id\":\"https:\\\/\\\/manipogo.de\\\/?p=17605#primaryimage\"},\"thumbnailUrl\":\"http:\\\/\\\/manipogo.de\\\/wp-content\\\/uploads\\\/DSCN0097-1-300x163.jpg\",\"keywords\":[\"Ostern\",\"Rom\"],\"articleSection\":[\"Reisen\"],\"inLanguage\":\"de\"},{\"@type\":\"WebPage\",\"@id\":\"https:\\\/\\\/manipogo.de\\\/?p=17605\",\"url\":\"https:\\\/\\\/manipogo.de\\\/?p=17605\",\"name\":\"Ostern in Rom, 1581 - manipogo\",\"isPartOf\":{\"@id\":\"https:\\\/\\\/manipogo.de\\\/#website\"},\"primaryImageOfPage\":{\"@id\":\"https:\\\/\\\/manipogo.de\\\/?p=17605#primaryimage\"},\"image\":{\"@id\":\"https:\\\/\\\/manipogo.de\\\/?p=17605#primaryimage\"},\"thumbnailUrl\":\"http:\\\/\\\/manipogo.de\\\/wp-content\\\/uploads\\\/DSCN0097-1-300x163.jpg\",\"datePublished\":\"2020-04-10T22:14:22+00:00\",\"author\":{\"@id\":\"https:\\\/\\\/manipogo.de\\\/#\\\/schema\\\/person\\\/991913de0e39267877f234553fd7f58d\"},\"breadcrumb\":{\"@id\":\"https:\\\/\\\/manipogo.de\\\/?p=17605#breadcrumb\"},\"inLanguage\":\"de\",\"potentialAction\":[{\"@type\":\"ReadAction\",\"target\":[\"https:\\\/\\\/manipogo.de\\\/?p=17605\"]}]},{\"@type\":\"ImageObject\",\"inLanguage\":\"de\",\"@id\":\"https:\\\/\\\/manipogo.de\\\/?p=17605#primaryimage\",\"url\":\"https:\\\/\\\/manipogo.de\\\/wp-content\\\/uploads\\\/DSCN0097-1.jpg\",\"contentUrl\":\"https:\\\/\\\/manipogo.de\\\/wp-content\\\/uploads\\\/DSCN0097-1.jpg\",\"width\":540,\"height\":293},{\"@type\":\"BreadcrumbList\",\"@id\":\"https:\\\/\\\/manipogo.de\\\/?p=17605#breadcrumb\",\"itemListElement\":[{\"@type\":\"ListItem\",\"position\":1,\"name\":\"Startseite\",\"item\":\"https:\\\/\\\/manipogo.de\\\/\"},{\"@type\":\"ListItem\",\"position\":2,\"name\":\"Ostern in Rom, 1581\"}]},{\"@type\":\"WebSite\",\"@id\":\"https:\\\/\\\/manipogo.de\\\/#website\",\"url\":\"https:\\\/\\\/manipogo.de\\\/\",\"name\":\"manipogo\",\"description\":\"Gott und die Welt\",\"potentialAction\":[{\"@type\":\"SearchAction\",\"target\":{\"@type\":\"EntryPoint\",\"urlTemplate\":\"https:\\\/\\\/manipogo.de\\\/?s={search_term_string}\"},\"query-input\":{\"@type\":\"PropertyValueSpecification\",\"valueRequired\":true,\"valueName\":\"search_term_string\"}}],\"inLanguage\":\"de\"},{\"@type\":\"Person\",\"@id\":\"https:\\\/\\\/manipogo.de\\\/#\\\/schema\\\/person\\\/991913de0e39267877f234553fd7f58d\",\"name\":\"web108\",\"url\":\"https:\\\/\\\/manipogo.de\\\/?author=1\"}]}<\/script>\n<!-- \/ Yoast SEO plugin. -->","yoast_head_json":{"title":"Ostern in Rom, 1581 - manipogo","robots":{"index":"index","follow":"follow","max-snippet":"max-snippet:-1","max-image-preview":"max-image-preview:large","max-video-preview":"max-video-preview:-1"},"canonical":"https:\/\/manipogo.de\/?p=17605","og_locale":"de_DE","og_type":"article","og_title":"Ostern in Rom, 1581 - manipogo","og_description":"Hab schon begriffen: Herr de Montaigne interessiert nicht besonders. Aber er hat Ostern in der Heiligen Stadt miterlebt, im Jahr 1581, und das ist schon was und muss noch in manipogo rein. Ich h\u00e4tte eigentlich Anfang Mai nach Rom reisen wollen, und nun muss man das um ein Jahr verschieben wie so vieles. Italien hat [&hellip;]","og_url":"https:\/\/manipogo.de\/?p=17605","og_site_name":"manipogo","article_published_time":"2020-04-10T22:14:22+00:00","og_image":[{"url":"http:\/\/manipogo.de\/wp-content\/uploads\/DSCN0097-1-300x163.jpg","type":"","width":"","height":""}],"author":"web108","twitter_card":"summary_large_image","twitter_misc":{"Verfasst von":"web108","Gesch\u00e4tzte Lesezeit":"4\u00a0Minuten"},"schema":{"@context":"https:\/\/schema.org","@graph":[{"@type":"Article","@id":"https:\/\/manipogo.de\/?p=17605#article","isPartOf":{"@id":"https:\/\/manipogo.de\/?p=17605"},"author":{"name":"web108","@id":"https:\/\/manipogo.de\/#\/schema\/person\/991913de0e39267877f234553fd7f58d"},"headline":"Ostern in Rom, 1581","datePublished":"2020-04-10T22:14:22+00:00","mainEntityOfPage":{"@id":"https:\/\/manipogo.de\/?p=17605"},"wordCount":721,"image":{"@id":"https:\/\/manipogo.de\/?p=17605#primaryimage"},"thumbnailUrl":"http:\/\/manipogo.de\/wp-content\/uploads\/DSCN0097-1-300x163.jpg","keywords":["Ostern","Rom"],"articleSection":["Reisen"],"inLanguage":"de"},{"@type":"WebPage","@id":"https:\/\/manipogo.de\/?p=17605","url":"https:\/\/manipogo.de\/?p=17605","name":"Ostern in Rom, 1581 - manipogo","isPartOf":{"@id":"https:\/\/manipogo.de\/#website"},"primaryImageOfPage":{"@id":"https:\/\/manipogo.de\/?p=17605#primaryimage"},"image":{"@id":"https:\/\/manipogo.de\/?p=17605#primaryimage"},"thumbnailUrl":"http:\/\/manipogo.de\/wp-content\/uploads\/DSCN0097-1-300x163.jpg","datePublished":"2020-04-10T22:14:22+00:00","author":{"@id":"https:\/\/manipogo.de\/#\/schema\/person\/991913de0e39267877f234553fd7f58d"},"breadcrumb":{"@id":"https:\/\/manipogo.de\/?p=17605#breadcrumb"},"inLanguage":"de","potentialAction":[{"@type":"ReadAction","target":["https:\/\/manipogo.de\/?p=17605"]}]},{"@type":"ImageObject","inLanguage":"de","@id":"https:\/\/manipogo.de\/?p=17605#primaryimage","url":"https:\/\/manipogo.de\/wp-content\/uploads\/DSCN0097-1.jpg","contentUrl":"https:\/\/manipogo.de\/wp-content\/uploads\/DSCN0097-1.jpg","width":540,"height":293},{"@type":"BreadcrumbList","@id":"https:\/\/manipogo.de\/?p=17605#breadcrumb","itemListElement":[{"@type":"ListItem","position":1,"name":"Startseite","item":"https:\/\/manipogo.de\/"},{"@type":"ListItem","position":2,"name":"Ostern in Rom, 1581"}]},{"@type":"WebSite","@id":"https:\/\/manipogo.de\/#website","url":"https:\/\/manipogo.de\/","name":"manipogo","description":"Gott und die Welt","potentialAction":[{"@type":"SearchAction","target":{"@type":"EntryPoint","urlTemplate":"https:\/\/manipogo.de\/?s={search_term_string}"},"query-input":{"@type":"PropertyValueSpecification","valueRequired":true,"valueName":"search_term_string"}}],"inLanguage":"de"},{"@type":"Person","@id":"https:\/\/manipogo.de\/#\/schema\/person\/991913de0e39267877f234553fd7f58d","name":"web108","url":"https:\/\/manipogo.de\/?author=1"}]}},"_links":{"self":[{"href":"https:\/\/manipogo.de\/index.php?rest_route=\/wp\/v2\/posts\/17605","targetHints":{"allow":["GET"]}}],"collection":[{"href":"https:\/\/manipogo.de\/index.php?rest_route=\/wp\/v2\/posts"}],"about":[{"href":"https:\/\/manipogo.de\/index.php?rest_route=\/wp\/v2\/types\/post"}],"author":[{"embeddable":true,"href":"https:\/\/manipogo.de\/index.php?rest_route=\/wp\/v2\/users\/1"}],"replies":[{"embeddable":true,"href":"https:\/\/manipogo.de\/index.php?rest_route=%2Fwp%2Fv2%2Fcomments&post=17605"}],"version-history":[{"count":5,"href":"https:\/\/manipogo.de\/index.php?rest_route=\/wp\/v2\/posts\/17605\/revisions"}],"predecessor-version":[{"id":17707,"href":"https:\/\/manipogo.de\/index.php?rest_route=\/wp\/v2\/posts\/17605\/revisions\/17707"}],"wp:attachment":[{"href":"https:\/\/manipogo.de\/index.php?rest_route=%2Fwp%2Fv2%2Fmedia&parent=17605"}],"wp:term":[{"taxonomy":"category","embeddable":true,"href":"https:\/\/manipogo.de\/index.php?rest_route=%2Fwp%2Fv2%2Fcategories&post=17605"},{"taxonomy":"post_tag","embeddable":true,"href":"https:\/\/manipogo.de\/index.php?rest_route=%2Fwp%2Fv2%2Ftags&post=17605"}],"curies":[{"name":"wp","href":"https:\/\/api.w.org\/{rel}","templated":true}]}}