{"id":18184,"date":"2020-06-14T00:12:52","date_gmt":"2020-06-13T22:12:52","guid":{"rendered":"http:\/\/manipogo.de\/?p=18184"},"modified":"2020-06-01T22:44:30","modified_gmt":"2020-06-01T20:44:30","slug":"rote-radln","status":"publish","type":"post","link":"https:\/\/manipogo.de\/?p=18184","title":{"rendered":"Rote Radln"},"content":{"rendered":"<p>Rote Fahrr\u00e4der w\u00e4re der korrekte Titel. Rote \u00bbRadl\u00ab w\u00e4re falsch, denn das Rad ist auf Bayerisch das Radl, und siehe die Mehrzahlbildung bei der Zwiebel und der Gabel: zehn Zwiebeln, zw\u00f6lf Gabeln. Nach den roten Autos nun rote Fahrr\u00e4der. Michael aus Weilheim hatte bem\u00e4ngelt, das das Fahrrad kaum mehr vorkomme bei <em>manipogo<\/em>. Stimmt, ich hatte eine lange Pause, aber nun radle ich wieder und \u00bbposte\u00ab scheene Radln.<!--more--><\/p>\n<p>Die Roten Radler waren mir gleich eingefallen. Das ist nicht nur ein national t\u00e4tiges Umzugsunternehmen, sondern so hie\u00dfen auch ab 1910 in M\u00fcnchen die Fahrradkuriere, die angeblich eine rote Uniform trugen mit der Aufschrift RR irgendwo, vielleicht auf einer M\u00fctze oder auf dem R\u00fccken, und das stand f\u00fcr Rote Radler, nicht f\u00fcr Rolls Royce (Quelle: M\u00fcnchen-Wiki). Die Roten Radler waren wohl die Feinde des Dienstmannes 172 am Hauptbahnhof Alois Hingerl, der als <em>M\u00fcnchner im Himmel<\/em> Furore machte. Ich glaube, die erste Fassung stammt von Ludwig Thoma, und unnachahmlich hat <a href=\"https:\/\/www.youtube.com\/watch?v=zyg4DRXpb6o\" target=\"_blank\">Alois Gondrell den Sketch erz\u00e4hlt<\/a>. Der folgende Text wird ab Minute 2:00 (bis 2:40) gesprochen:<\/p>\n<p><em>W\u00e4hrend er noch so vor sich hinbrummelte, sah er pl\u00f6tzlich einen Roten-Radler-Engel auf sich zukommen, und sofort erwachte in ihm die alte Wut auf diese vermeintlichen Erdenkonkurrenten, und er schrie den Roten-Radler-Engel an:\u00a0\u00bbJa seid&#8217;s \u00f6s aa do hero&#8217;m, \u00f6s Hundsbuam, \u00f6s miserabligen. Mei Liaba, lass di blo\u00df net bei mir blicka, ge&#8216;, sonst fangst a paar!\u00ab Und f\u00fcr alle F\u00e4lle versetzte er dem Roten-Radler-Engel ein paar Hiebe mit dem \u00e4rarischen Himmelsinstrument.<\/em><\/p>\n<p>Nun aber die roten Radln.<\/p>\n<div id=\"attachment_18188\" style=\"width: 550px\" class=\"wp-caption alignright\"><a href=\"https:\/\/manipogo.de\/wp-content\/uploads\/diversbike-1.jpg\" rel=\"attachment wp-att-18188\"><img loading=\"lazy\" decoding=\"async\" aria-describedby=\"caption-attachment-18188\" class=\"wp-image-18188 size-full\" src=\"https:\/\/manipogo.de\/wp-content\/uploads\/diversbike-1.jpg\" alt=\"diversbike\" width=\"540\" height=\"414\" srcset=\"https:\/\/manipogo.de\/wp-content\/uploads\/diversbike-1.jpg 540w, https:\/\/manipogo.de\/wp-content\/uploads\/diversbike-1-300x230.jpg 300w\" sizes=\"auto, (max-width: 540px) 100vw, 540px\" \/><\/a><p id=\"caption-attachment-18188\" class=\"wp-caption-text\">Winterrad (nicht meins), Dezember 2018<\/p><\/div>\n<div id=\"attachment_18189\" style=\"width: 550px\" class=\"wp-caption alignright\"><a href=\"https:\/\/manipogo.de\/wp-content\/uploads\/DSCF0362-1.jpg\" rel=\"attachment wp-att-18189\"><img loading=\"lazy\" decoding=\"async\" aria-describedby=\"caption-attachment-18189\" class=\"size-full wp-image-18189\" src=\"https:\/\/manipogo.de\/wp-content\/uploads\/DSCF0362-1.jpg\" alt=\"Frau in Rot (nicht meine), 2008, Elsass\" width=\"540\" height=\"405\" srcset=\"https:\/\/manipogo.de\/wp-content\/uploads\/DSCF0362-1.jpg 540w, https:\/\/manipogo.de\/wp-content\/uploads\/DSCF0362-1-300x225.jpg 300w\" sizes=\"auto, (max-width: 540px) 100vw, 540px\" \/><\/a><p id=\"caption-attachment-18189\" class=\"wp-caption-text\">Frau in Rot (nicht meine), 2008, Elsass<\/p><\/div>\n<div id=\"attachment_18191\" style=\"width: 550px\" class=\"wp-caption alignright\"><a href=\"https:\/\/manipogo.de\/wp-content\/uploads\/DSCN3698-1.jpg\" rel=\"attachment wp-att-18191\"><img loading=\"lazy\" decoding=\"async\" aria-describedby=\"caption-attachment-18191\" class=\"size-full wp-image-18191\" src=\"https:\/\/manipogo.de\/wp-content\/uploads\/DSCN3698-1.jpg\" alt=\"Juni 2012\" width=\"540\" height=\"361\" srcset=\"https:\/\/manipogo.de\/wp-content\/uploads\/DSCN3698-1.jpg 540w, https:\/\/manipogo.de\/wp-content\/uploads\/DSCN3698-1-300x201.jpg 300w\" sizes=\"auto, (max-width: 540px) 100vw, 540px\" \/><\/a><p id=\"caption-attachment-18191\" class=\"wp-caption-text\">Juni 2012<\/p><\/div>\n<div id=\"attachment_18192\" style=\"width: 550px\" class=\"wp-caption alignright\"><a href=\"https:\/\/manipogo.de\/wp-content\/uploads\/cycroma.jpg\" rel=\"attachment wp-att-18192\"><img loading=\"lazy\" decoding=\"async\" aria-describedby=\"caption-attachment-18192\" class=\"size-full wp-image-18192\" src=\"https:\/\/manipogo.de\/wp-content\/uploads\/cycroma.jpg\" alt=\"Mein Leihrad in Rom, hier steht es am Mini-Leuchturm von Manfredo Manfredi, oben auf dem Gianicolo mit Blick auf Rom\" width=\"540\" height=\"344\" srcset=\"https:\/\/manipogo.de\/wp-content\/uploads\/cycroma.jpg 540w, https:\/\/manipogo.de\/wp-content\/uploads\/cycroma-300x191.jpg 300w\" sizes=\"auto, (max-width: 540px) 100vw, 540px\" \/><\/a><p id=\"caption-attachment-18192\" class=\"wp-caption-text\">Mein Leihrad in Rom, hier steht es am Mini-Leuchturm von Manfredo Manfredi, oben auf dem Gianicolo mit Blick auf Rom<\/p><\/div>\n<div id=\"attachment_18193\" style=\"width: 550px\" class=\"wp-caption alignright\"><a href=\"https:\/\/manipogo.de\/wp-content\/uploads\/IMG_20160221_083052.jpg\" rel=\"attachment wp-att-18193\"><img loading=\"lazy\" decoding=\"async\" aria-describedby=\"caption-attachment-18193\" class=\"size-full wp-image-18193\" src=\"https:\/\/manipogo.de\/wp-content\/uploads\/IMG_20160221_083052.jpg\" alt=\"Muss das Rad von Romano sein, das Bild kam im Februar 2016 zu mir\" width=\"540\" height=\"405\" srcset=\"https:\/\/manipogo.de\/wp-content\/uploads\/IMG_20160221_083052.jpg 540w, https:\/\/manipogo.de\/wp-content\/uploads\/IMG_20160221_083052-300x225.jpg 300w\" sizes=\"auto, (max-width: 540px) 100vw, 540px\" \/><\/a><p id=\"caption-attachment-18193\" class=\"wp-caption-text\">Muss das Rad von Romano sein, das Bild kam im Februar 2016 zu mir<\/p><\/div>\n<div id=\"attachment_18194\" style=\"width: 550px\" class=\"wp-caption alignright\"><a href=\"https:\/\/manipogo.de\/wp-content\/uploads\/IMG_20160224_085706.jpg\" rel=\"attachment wp-att-18194\"><img loading=\"lazy\" decoding=\"async\" aria-describedby=\"caption-attachment-18194\" class=\"size-full wp-image-18194\" src=\"https:\/\/manipogo.de\/wp-content\/uploads\/IMG_20160224_085706.jpg\" alt=\"Da steht es noch sch\u00f6ner, und im Oktober waren wir ja eine Tour gefahren\" width=\"540\" height=\"405\" srcset=\"https:\/\/manipogo.de\/wp-content\/uploads\/IMG_20160224_085706.jpg 540w, https:\/\/manipogo.de\/wp-content\/uploads\/IMG_20160224_085706-300x225.jpg 300w\" sizes=\"auto, (max-width: 540px) 100vw, 540px\" \/><\/a><p id=\"caption-attachment-18194\" class=\"wp-caption-text\">Da steht es noch sch\u00f6ner, und im Oktober waren wir ja eine Tour gefahren<\/p><\/div>\n<div id=\"attachment_18195\" style=\"width: 550px\" class=\"wp-caption alignright\"><a href=\"https:\/\/manipogo.de\/wp-content\/uploads\/Kopie-von-DSCN0325.jpg\" rel=\"attachment wp-att-18195\"><img loading=\"lazy\" decoding=\"async\" aria-describedby=\"caption-attachment-18195\" class=\"wp-image-18195\" src=\"https:\/\/manipogo.de\/wp-content\/uploads\/Kopie-von-DSCN0325.jpg\" alt=\"Das Feuerwehrrad, 2007 in einem Museum fotografiert, ich glaube, in Belgien\" width=\"540\" height=\"405\" srcset=\"https:\/\/manipogo.de\/wp-content\/uploads\/Kopie-von-DSCN0325.jpg 592w, https:\/\/manipogo.de\/wp-content\/uploads\/Kopie-von-DSCN0325-300x225.jpg 300w\" sizes=\"auto, (max-width: 540px) 100vw, 540px\" \/><\/a><p id=\"caption-attachment-18195\" class=\"wp-caption-text\">Das Feuerwehrrad, 2007 in einem Museum fotografiert, ich glaube, in Belgien<\/p><\/div>\n<div id=\"attachment_18196\" style=\"width: 550px\" class=\"wp-caption alignright\"><a href=\"https:\/\/manipogo.de\/wp-content\/uploads\/Mexico-027-1.jpg\" rel=\"attachment wp-att-18196\"><img loading=\"lazy\" decoding=\"async\" aria-describedby=\"caption-attachment-18196\" class=\"size-full wp-image-18196\" src=\"https:\/\/manipogo.de\/wp-content\/uploads\/Mexico-027-1.jpg\" alt=\"Mietr\u00e4der in Mexiko-Stadt\" width=\"540\" height=\"720\" srcset=\"https:\/\/manipogo.de\/wp-content\/uploads\/Mexico-027-1.jpg 540w, https:\/\/manipogo.de\/wp-content\/uploads\/Mexico-027-1-225x300.jpg 225w\" sizes=\"auto, (max-width: 540px) 100vw, 540px\" \/><\/a><p id=\"caption-attachment-18196\" class=\"wp-caption-text\">Mietr\u00e4der in Mexiko-Stadt<\/p><\/div>\n<div id=\"attachment_18197\" style=\"width: 550px\" class=\"wp-caption alignright\"><a href=\"https:\/\/manipogo.de\/wp-content\/uploads\/neu7.jpg\" rel=\"attachment wp-att-18197\"><img loading=\"lazy\" decoding=\"async\" aria-describedby=\"caption-attachment-18197\" class=\"size-full wp-image-18197\" src=\"https:\/\/manipogo.de\/wp-content\/uploads\/neu7.jpg\" alt=\"Rad in Neuenburg, Kunstaktion\" width=\"540\" height=\"389\" srcset=\"https:\/\/manipogo.de\/wp-content\/uploads\/neu7.jpg 540w, https:\/\/manipogo.de\/wp-content\/uploads\/neu7-300x216.jpg 300w\" sizes=\"auto, (max-width: 540px) 100vw, 540px\" \/><\/a><p id=\"caption-attachment-18197\" class=\"wp-caption-text\">Rad in Neuenburg, Kunstaktion<\/p><\/div>\n<div id=\"attachment_18199\" style=\"width: 550px\" class=\"wp-caption alignright\"><a href=\"https:\/\/manipogo.de\/wp-content\/uploads\/Peugeot-power-2010-1.jpg\" rel=\"attachment wp-att-18199\"><img loading=\"lazy\" decoding=\"async\" aria-describedby=\"caption-attachment-18199\" class=\"wp-image-18199 size-full\" src=\"https:\/\/manipogo.de\/wp-content\/uploads\/Peugeot-power-2010-1.jpg\" alt=\"Peugeot power 2010\" width=\"540\" height=\"360\" srcset=\"https:\/\/manipogo.de\/wp-content\/uploads\/Peugeot-power-2010-1.jpg 540w, https:\/\/manipogo.de\/wp-content\/uploads\/Peugeot-power-2010-1-300x200.jpg 300w\" sizes=\"auto, (max-width: 540px) 100vw, 540px\" \/><\/a><p id=\"caption-attachment-18199\" class=\"wp-caption-text\">Nun wird sich der Michael freuen, ein Fahrradbeitrag. Hier ist er mit seiner Peugeot-Power<\/p><\/div>\n<div id=\"attachment_18225\" style=\"width: 550px\" class=\"wp-caption alignright\"><a href=\"https:\/\/manipogo.de\/wp-content\/uploads\/RIH-Sport.jpg\" rel=\"attachment wp-att-18225\"><img loading=\"lazy\" decoding=\"async\" aria-describedby=\"caption-attachment-18225\" class=\"size-full wp-image-18225\" src=\"https:\/\/manipogo.de\/wp-content\/uploads\/RIH-Sport.jpg\" alt=\"Und sch\u00f6ne Koinzidenz: Michael hat Mitte Mai ein Rad namens &quot;Rih&quot; erworben, rot. Wurde im Hause Bustraan in Amsterdam gebaut, um 1970, und Rih war das Pferd von Kara Ben Nemsi, wenn jemand Karl May kennt. Rot ist \u00fcberhaupt die Farbe, die Araber am meisten lieben. Die Zelte der Frischverm\u00e4hlten sind immer rot. \" width=\"540\" height=\"360\" srcset=\"https:\/\/manipogo.de\/wp-content\/uploads\/RIH-Sport.jpg 540w, https:\/\/manipogo.de\/wp-content\/uploads\/RIH-Sport-300x200.jpg 300w\" sizes=\"auto, (max-width: 540px) 100vw, 540px\" \/><\/a><p id=\"caption-attachment-18225\" class=\"wp-caption-text\">Und sch\u00f6ne Koinzidenz: Michael hat Mitte Mai ein Rad namens &#8222;Rih&#8220; erworben, rot. Wurde im Hause Bustraan in Amsterdam gebaut, um 1970, und Rih war das Pferd von Kara Ben Nemsi, wenn jemand Karl May kennt. Rot ist \u00fcberhaupt die Farbe, die Araber am meisten lieben. Die Zelte der Frischverm\u00e4hlten sind immer rot.<\/p><\/div>\n<p>&nbsp;<\/p>\n<p>&nbsp;<\/p>\n<p>&nbsp;<\/p>\n<p>&nbsp;<\/p>\n","protected":false},"excerpt":{"rendered":"<p>Rote Fahrr\u00e4der w\u00e4re der korrekte Titel. Rote \u00bbRadl\u00ab w\u00e4re falsch, denn das Rad ist auf Bayerisch das Radl, und siehe die Mehrzahlbildung bei der Zwiebel und der Gabel: zehn Zwiebeln, zw\u00f6lf Gabeln. Nach den roten Autos nun rote Fahrr\u00e4der. Michael aus Weilheim hatte bem\u00e4ngelt, das das Fahrrad kaum mehr vorkomme bei manipogo. Stimmt, ich hatte [&hellip;]<\/p>\n","protected":false},"author":1,"featured_media":0,"comment_status":"closed","ping_status":"closed","sticky":false,"template":"","format":"standard","meta":{"footnotes":""},"categories":[1222],"tags":[1771,258],"class_list":["post-18184","post","type-post","status-publish","format-standard","hentry","category-fahrrad","tag-radler","tag-rot"],"yoast_head":"<!-- This site is optimized with the Yoast SEO plugin v27.3 - https:\/\/yoast.com\/product\/yoast-seo-wordpress\/ -->\n<title>Rote Radln - manipogo<\/title>\n<meta name=\"robots\" content=\"index, follow, max-snippet:-1, max-image-preview:large, max-video-preview:-1\" \/>\n<link rel=\"canonical\" href=\"https:\/\/manipogo.de\/?p=18184\" \/>\n<meta property=\"og:locale\" content=\"de_DE\" \/>\n<meta property=\"og:type\" content=\"article\" \/>\n<meta property=\"og:title\" content=\"Rote Radln - manipogo\" \/>\n<meta property=\"og:description\" content=\"Rote Fahrr\u00e4der w\u00e4re der korrekte Titel. Rote \u00bbRadl\u00ab w\u00e4re falsch, denn das Rad ist auf Bayerisch das Radl, und siehe die Mehrzahlbildung bei der Zwiebel und der Gabel: zehn Zwiebeln, zw\u00f6lf Gabeln. Nach den roten Autos nun rote Fahrr\u00e4der. Michael aus Weilheim hatte bem\u00e4ngelt, das das Fahrrad kaum mehr vorkomme bei manipogo. Stimmt, ich hatte [&hellip;]\" \/>\n<meta property=\"og:url\" content=\"https:\/\/manipogo.de\/?p=18184\" \/>\n<meta property=\"og:site_name\" content=\"manipogo\" \/>\n<meta property=\"article:published_time\" content=\"2020-06-13T22:12:52+00:00\" \/>\n<meta property=\"og:image\" content=\"http:\/\/manipogo.de\/wp-content\/uploads\/diversbike-1.jpg\" \/>\n<meta name=\"author\" content=\"web108\" \/>\n<meta name=\"twitter:card\" content=\"summary_large_image\" \/>\n<meta name=\"twitter:label1\" content=\"Verfasst von\" \/>\n\t<meta name=\"twitter:data1\" content=\"web108\" \/>\n\t<meta name=\"twitter:label2\" content=\"Gesch\u00e4tzte Lesezeit\" \/>\n\t<meta name=\"twitter:data2\" content=\"2\u00a0Minuten\" \/>\n<script type=\"application\/ld+json\" class=\"yoast-schema-graph\">{\"@context\":\"https:\\\/\\\/schema.org\",\"@graph\":[{\"@type\":\"Article\",\"@id\":\"https:\\\/\\\/manipogo.de\\\/?p=18184#article\",\"isPartOf\":{\"@id\":\"https:\\\/\\\/manipogo.de\\\/?p=18184\"},\"author\":{\"name\":\"web108\",\"@id\":\"https:\\\/\\\/manipogo.de\\\/#\\\/schema\\\/person\\\/991913de0e39267877f234553fd7f58d\"},\"headline\":\"Rote Radln\",\"datePublished\":\"2020-06-13T22:12:52+00:00\",\"mainEntityOfPage\":{\"@id\":\"https:\\\/\\\/manipogo.de\\\/?p=18184\"},\"wordCount\":494,\"image\":{\"@id\":\"https:\\\/\\\/manipogo.de\\\/?p=18184#primaryimage\"},\"thumbnailUrl\":\"http:\\\/\\\/manipogo.de\\\/wp-content\\\/uploads\\\/diversbike-1.jpg\",\"keywords\":[\"Radler\",\"Rot\"],\"articleSection\":[\"Fahrrad\"],\"inLanguage\":\"de\"},{\"@type\":\"WebPage\",\"@id\":\"https:\\\/\\\/manipogo.de\\\/?p=18184\",\"url\":\"https:\\\/\\\/manipogo.de\\\/?p=18184\",\"name\":\"Rote Radln - manipogo\",\"isPartOf\":{\"@id\":\"https:\\\/\\\/manipogo.de\\\/#website\"},\"primaryImageOfPage\":{\"@id\":\"https:\\\/\\\/manipogo.de\\\/?p=18184#primaryimage\"},\"image\":{\"@id\":\"https:\\\/\\\/manipogo.de\\\/?p=18184#primaryimage\"},\"thumbnailUrl\":\"http:\\\/\\\/manipogo.de\\\/wp-content\\\/uploads\\\/diversbike-1.jpg\",\"datePublished\":\"2020-06-13T22:12:52+00:00\",\"author\":{\"@id\":\"https:\\\/\\\/manipogo.de\\\/#\\\/schema\\\/person\\\/991913de0e39267877f234553fd7f58d\"},\"breadcrumb\":{\"@id\":\"https:\\\/\\\/manipogo.de\\\/?p=18184#breadcrumb\"},\"inLanguage\":\"de\",\"potentialAction\":[{\"@type\":\"ReadAction\",\"target\":[\"https:\\\/\\\/manipogo.de\\\/?p=18184\"]}]},{\"@type\":\"ImageObject\",\"inLanguage\":\"de\",\"@id\":\"https:\\\/\\\/manipogo.de\\\/?p=18184#primaryimage\",\"url\":\"http:\\\/\\\/manipogo.de\\\/wp-content\\\/uploads\\\/diversbike-1.jpg\",\"contentUrl\":\"http:\\\/\\\/manipogo.de\\\/wp-content\\\/uploads\\\/diversbike-1.jpg\"},{\"@type\":\"BreadcrumbList\",\"@id\":\"https:\\\/\\\/manipogo.de\\\/?p=18184#breadcrumb\",\"itemListElement\":[{\"@type\":\"ListItem\",\"position\":1,\"name\":\"Startseite\",\"item\":\"https:\\\/\\\/manipogo.de\\\/\"},{\"@type\":\"ListItem\",\"position\":2,\"name\":\"Rote Radln\"}]},{\"@type\":\"WebSite\",\"@id\":\"https:\\\/\\\/manipogo.de\\\/#website\",\"url\":\"https:\\\/\\\/manipogo.de\\\/\",\"name\":\"manipogo\",\"description\":\"Gott und die Welt\",\"potentialAction\":[{\"@type\":\"SearchAction\",\"target\":{\"@type\":\"EntryPoint\",\"urlTemplate\":\"https:\\\/\\\/manipogo.de\\\/?s={search_term_string}\"},\"query-input\":{\"@type\":\"PropertyValueSpecification\",\"valueRequired\":true,\"valueName\":\"search_term_string\"}}],\"inLanguage\":\"de\"},{\"@type\":\"Person\",\"@id\":\"https:\\\/\\\/manipogo.de\\\/#\\\/schema\\\/person\\\/991913de0e39267877f234553fd7f58d\",\"name\":\"web108\",\"url\":\"https:\\\/\\\/manipogo.de\\\/?author=1\"}]}<\/script>\n<!-- \/ Yoast SEO plugin. -->","yoast_head_json":{"title":"Rote Radln - manipogo","robots":{"index":"index","follow":"follow","max-snippet":"max-snippet:-1","max-image-preview":"max-image-preview:large","max-video-preview":"max-video-preview:-1"},"canonical":"https:\/\/manipogo.de\/?p=18184","og_locale":"de_DE","og_type":"article","og_title":"Rote Radln - manipogo","og_description":"Rote Fahrr\u00e4der w\u00e4re der korrekte Titel. Rote \u00bbRadl\u00ab w\u00e4re falsch, denn das Rad ist auf Bayerisch das Radl, und siehe die Mehrzahlbildung bei der Zwiebel und der Gabel: zehn Zwiebeln, zw\u00f6lf Gabeln. Nach den roten Autos nun rote Fahrr\u00e4der. Michael aus Weilheim hatte bem\u00e4ngelt, das das Fahrrad kaum mehr vorkomme bei manipogo. Stimmt, ich hatte [&hellip;]","og_url":"https:\/\/manipogo.de\/?p=18184","og_site_name":"manipogo","article_published_time":"2020-06-13T22:12:52+00:00","og_image":[{"url":"http:\/\/manipogo.de\/wp-content\/uploads\/diversbike-1.jpg","type":"","width":"","height":""}],"author":"web108","twitter_card":"summary_large_image","twitter_misc":{"Verfasst von":"web108","Gesch\u00e4tzte Lesezeit":"2\u00a0Minuten"},"schema":{"@context":"https:\/\/schema.org","@graph":[{"@type":"Article","@id":"https:\/\/manipogo.de\/?p=18184#article","isPartOf":{"@id":"https:\/\/manipogo.de\/?p=18184"},"author":{"name":"web108","@id":"https:\/\/manipogo.de\/#\/schema\/person\/991913de0e39267877f234553fd7f58d"},"headline":"Rote Radln","datePublished":"2020-06-13T22:12:52+00:00","mainEntityOfPage":{"@id":"https:\/\/manipogo.de\/?p=18184"},"wordCount":494,"image":{"@id":"https:\/\/manipogo.de\/?p=18184#primaryimage"},"thumbnailUrl":"http:\/\/manipogo.de\/wp-content\/uploads\/diversbike-1.jpg","keywords":["Radler","Rot"],"articleSection":["Fahrrad"],"inLanguage":"de"},{"@type":"WebPage","@id":"https:\/\/manipogo.de\/?p=18184","url":"https:\/\/manipogo.de\/?p=18184","name":"Rote Radln - manipogo","isPartOf":{"@id":"https:\/\/manipogo.de\/#website"},"primaryImageOfPage":{"@id":"https:\/\/manipogo.de\/?p=18184#primaryimage"},"image":{"@id":"https:\/\/manipogo.de\/?p=18184#primaryimage"},"thumbnailUrl":"http:\/\/manipogo.de\/wp-content\/uploads\/diversbike-1.jpg","datePublished":"2020-06-13T22:12:52+00:00","author":{"@id":"https:\/\/manipogo.de\/#\/schema\/person\/991913de0e39267877f234553fd7f58d"},"breadcrumb":{"@id":"https:\/\/manipogo.de\/?p=18184#breadcrumb"},"inLanguage":"de","potentialAction":[{"@type":"ReadAction","target":["https:\/\/manipogo.de\/?p=18184"]}]},{"@type":"ImageObject","inLanguage":"de","@id":"https:\/\/manipogo.de\/?p=18184#primaryimage","url":"http:\/\/manipogo.de\/wp-content\/uploads\/diversbike-1.jpg","contentUrl":"http:\/\/manipogo.de\/wp-content\/uploads\/diversbike-1.jpg"},{"@type":"BreadcrumbList","@id":"https:\/\/manipogo.de\/?p=18184#breadcrumb","itemListElement":[{"@type":"ListItem","position":1,"name":"Startseite","item":"https:\/\/manipogo.de\/"},{"@type":"ListItem","position":2,"name":"Rote Radln"}]},{"@type":"WebSite","@id":"https:\/\/manipogo.de\/#website","url":"https:\/\/manipogo.de\/","name":"manipogo","description":"Gott und die Welt","potentialAction":[{"@type":"SearchAction","target":{"@type":"EntryPoint","urlTemplate":"https:\/\/manipogo.de\/?s={search_term_string}"},"query-input":{"@type":"PropertyValueSpecification","valueRequired":true,"valueName":"search_term_string"}}],"inLanguage":"de"},{"@type":"Person","@id":"https:\/\/manipogo.de\/#\/schema\/person\/991913de0e39267877f234553fd7f58d","name":"web108","url":"https:\/\/manipogo.de\/?author=1"}]}},"_links":{"self":[{"href":"https:\/\/manipogo.de\/index.php?rest_route=\/wp\/v2\/posts\/18184","targetHints":{"allow":["GET"]}}],"collection":[{"href":"https:\/\/manipogo.de\/index.php?rest_route=\/wp\/v2\/posts"}],"about":[{"href":"https:\/\/manipogo.de\/index.php?rest_route=\/wp\/v2\/types\/post"}],"author":[{"embeddable":true,"href":"https:\/\/manipogo.de\/index.php?rest_route=\/wp\/v2\/users\/1"}],"replies":[{"embeddable":true,"href":"https:\/\/manipogo.de\/index.php?rest_route=%2Fwp%2Fv2%2Fcomments&post=18184"}],"version-history":[{"count":5,"href":"https:\/\/manipogo.de\/index.php?rest_route=\/wp\/v2\/posts\/18184\/revisions"}],"predecessor-version":[{"id":18228,"href":"https:\/\/manipogo.de\/index.php?rest_route=\/wp\/v2\/posts\/18184\/revisions\/18228"}],"wp:attachment":[{"href":"https:\/\/manipogo.de\/index.php?rest_route=%2Fwp%2Fv2%2Fmedia&parent=18184"}],"wp:term":[{"taxonomy":"category","embeddable":true,"href":"https:\/\/manipogo.de\/index.php?rest_route=%2Fwp%2Fv2%2Fcategories&post=18184"},{"taxonomy":"post_tag","embeddable":true,"href":"https:\/\/manipogo.de\/index.php?rest_route=%2Fwp%2Fv2%2Ftags&post=18184"}],"curies":[{"name":"wp","href":"https:\/\/api.w.org\/{rel}","templated":true}]}}