{"id":18220,"date":"2020-06-15T00:26:25","date_gmt":"2020-06-14T22:26:25","guid":{"rendered":"http:\/\/manipogo.de\/?p=18220"},"modified":"2020-06-02T22:30:40","modified_gmt":"2020-06-02T20:30:40","slug":"15-juni-1940","status":"publish","type":"post","link":"https:\/\/manipogo.de\/?p=18220","title":{"rendered":"15. Juni (1940)"},"content":{"rendered":"<p>Schon vor l\u00e4ngerem hatte ich mir vorgenommen, heute den Roman <em>La mort dans l&#8217;\u00e2me<\/em> von Jean-Paul Sartre zu beginnen, der 1949 herauskam. Warum heute? Weil die erste \u00dcberschrift so lautet: \u00bbNew York, 9 Uhr am Vormittag, 15. Juni 1940.\u00ab Dann beginnt die Handlung. Heute sollte auch die Grenze zu Frankreich nach drei Monaten wieder ge\u00f6ffnet worden sein, und um Frankreich und Deutschland geht es in dem Romanzyklus <em>Die Wege<\/em> <em>der Freiheit<\/em> von Sartre. \u00a0 <!--more--><\/p>\n<p>Den zweiten Band, <em>Der Aufschub<\/em> (le sursis) hatte ich davor gelesen. Darin dreht sich alles um das M\u00fcnchner Abkommen vom September 1938; die Welt wartet auf den Krieg, der erst einmal abgesagt, aber leider nur vertagt wurde. Ich habe das Buch <a href=\"https:\/\/manipogo.de\/?p=17922\" target=\"_blank\">in dem Beitrag erw\u00e4hnt, in dem Gomez nach Barcelona fliegt<\/a>, hinein in den Spanischen B\u00fcrgerkrieg. Er ist der Mann, der in New York erwacht. Wie sah die Welt am 15. Juni vor 80 Jahren aus? Am Tag zuvor war die 18. Armee Gro\u00dfdeutschlands in Paris einmarschiert, das zur \u00bboffenen Stadt\u00ab erkl\u00e4rt wurde (<a href=\"https:\/\/manipogo.de\/?p=17660\" target=\"_blank\">wie sp\u00e4ter auch Rom<\/a>). Die deutschen Milit\u00e4rs hielten eine Parade vor der Arc de Triomphe ab. In 14 Tagen war Frankreich in die Knie gegangen.<\/p>\n<p>In dem Roman <em>Der Tod in der Seele<\/em> (auf Deutsch kam er als <em>Der Pfahl im Fleische<\/em> in den Handel) wird Gomez wissen, dass Paris gefallen ist. Ich bin sicher, Mathieu wird wieder auftauchen, die zauberhafte Ivich und vielleicht auch Odette. Ich freue mich darauf, den Roman bei meinen Schw\u00e4nen lesen zu k\u00f6nnen und im Niemandsland zwischen den beiden L\u00e4ndern. 30 Kilometer n\u00f6rdlich, bei Breisach, \u00fcberrannte die Heeresgruppe C am 14. Juni 1940 die Maginot-Linie.\u00a0\u2014 H\u00f6ren wir uns den Anfang des Romans an:<\/p>\n<p><em><a href=\"https:\/\/manipogo.de\/wp-content\/uploads\/010-28.jpg\" rel=\"attachment wp-att-18223\"><img loading=\"lazy\" decoding=\"async\" class=\"alignright size-medium wp-image-18223\" src=\"https:\/\/manipogo.de\/wp-content\/uploads\/010-28-300x189.jpg\" alt=\"010\" width=\"300\" height=\"189\" srcset=\"https:\/\/manipogo.de\/wp-content\/uploads\/010-28-300x189.jpg 300w, https:\/\/manipogo.de\/wp-content\/uploads\/010-28.jpg 540w\" sizes=\"auto, (max-width: 300px) 100vw, 300px\" \/><\/a>Ein Polyp? Er nahm sein Messer, \u00f6ffnete die Augen, das war ein Traum. Nein. Der Polyp war da, er saugte ihn durch seine Luftl\u00f6cher an: die Hitze. Er schwitzte. Er war gegen ein Uhr eingeschlafen; um zwei Uhr hatte ihn die Hitze geweckt, er hatte sich in ein kaltes Vollbad geworfen und sich wieder hingelegt, ohne sich abzutrocknen; bald darauf hatte die Schmiede unterhalb seiner Haut wieder zu arbeiten begonnen, und wieder schwitzte er. Bei Tagesanbruch war er eingeschlafen und hatte von einem Brand getr\u00e4umt; im Augenblick stand die Sonnne gewiss schon hoch, und Gomez schwitzte immer noch: Er schwitzte ohne Pause seit achtundvierzig Stunden. Das war keine Hitze: Das war eine Krankheit der Atmosph\u00e4re, die Luft hatte Fieber, die Luft schwitzte, und man schwitzte im eigenen Saft.<\/em><\/p>\n<p>&nbsp;<\/p>\n","protected":false},"excerpt":{"rendered":"<p>Schon vor l\u00e4ngerem hatte ich mir vorgenommen, heute den Roman La mort dans l&#8217;\u00e2me von Jean-Paul Sartre zu beginnen, der 1949 herauskam. Warum heute? Weil die erste \u00dcberschrift so lautet: \u00bbNew York, 9 Uhr am Vormittag, 15. Juni 1940.\u00ab Dann beginnt die Handlung. Heute sollte auch die Grenze zu Frankreich nach drei Monaten wieder ge\u00f6ffnet [&hellip;]<\/p>\n","protected":false},"author":1,"featured_media":0,"comment_status":"closed","ping_status":"closed","sticky":false,"template":"","format":"standard","meta":{"footnotes":""},"categories":[1224],"tags":[456,1759],"class_list":["post-18220","post","type-post","status-publish","format-standard","hentry","category-literatur","tag-roman","tag-sartre"],"yoast_head":"<!-- This site is optimized with the Yoast SEO plugin v27.3 - https:\/\/yoast.com\/product\/yoast-seo-wordpress\/ -->\n<title>15. Juni (1940) - manipogo<\/title>\n<meta name=\"robots\" content=\"index, follow, max-snippet:-1, max-image-preview:large, max-video-preview:-1\" \/>\n<link rel=\"canonical\" href=\"https:\/\/manipogo.de\/?p=18220\" \/>\n<meta property=\"og:locale\" content=\"de_DE\" \/>\n<meta property=\"og:type\" content=\"article\" \/>\n<meta property=\"og:title\" content=\"15. Juni (1940) - manipogo\" \/>\n<meta property=\"og:description\" content=\"Schon vor l\u00e4ngerem hatte ich mir vorgenommen, heute den Roman La mort dans l&#8217;\u00e2me von Jean-Paul Sartre zu beginnen, der 1949 herauskam. Warum heute? Weil die erste \u00dcberschrift so lautet: \u00bbNew York, 9 Uhr am Vormittag, 15. Juni 1940.\u00ab Dann beginnt die Handlung. Heute sollte auch die Grenze zu Frankreich nach drei Monaten wieder ge\u00f6ffnet [&hellip;]\" \/>\n<meta property=\"og:url\" content=\"https:\/\/manipogo.de\/?p=18220\" \/>\n<meta property=\"og:site_name\" content=\"manipogo\" \/>\n<meta property=\"article:published_time\" content=\"2020-06-14T22:26:25+00:00\" \/>\n<meta property=\"og:image\" content=\"http:\/\/manipogo.de\/wp-content\/uploads\/010-28-300x189.jpg\" \/>\n<meta name=\"author\" content=\"web108\" \/>\n<meta name=\"twitter:card\" content=\"summary_large_image\" \/>\n<meta name=\"twitter:label1\" content=\"Verfasst von\" \/>\n\t<meta name=\"twitter:data1\" content=\"web108\" \/>\n\t<meta name=\"twitter:label2\" content=\"Gesch\u00e4tzte Lesezeit\" \/>\n\t<meta name=\"twitter:data2\" content=\"2\u00a0Minuten\" \/>\n<script type=\"application\/ld+json\" class=\"yoast-schema-graph\">{\"@context\":\"https:\\\/\\\/schema.org\",\"@graph\":[{\"@type\":\"Article\",\"@id\":\"https:\\\/\\\/manipogo.de\\\/?p=18220#article\",\"isPartOf\":{\"@id\":\"https:\\\/\\\/manipogo.de\\\/?p=18220\"},\"author\":{\"name\":\"web108\",\"@id\":\"https:\\\/\\\/manipogo.de\\\/#\\\/schema\\\/person\\\/991913de0e39267877f234553fd7f58d\"},\"headline\":\"15. Juni (1940)\",\"datePublished\":\"2020-06-14T22:26:25+00:00\",\"mainEntityOfPage\":{\"@id\":\"https:\\\/\\\/manipogo.de\\\/?p=18220\"},\"wordCount\":410,\"image\":{\"@id\":\"https:\\\/\\\/manipogo.de\\\/?p=18220#primaryimage\"},\"thumbnailUrl\":\"http:\\\/\\\/manipogo.de\\\/wp-content\\\/uploads\\\/010-28-300x189.jpg\",\"keywords\":[\"Roman\",\"Sartre\"],\"articleSection\":[\"Literatur\"],\"inLanguage\":\"de\"},{\"@type\":\"WebPage\",\"@id\":\"https:\\\/\\\/manipogo.de\\\/?p=18220\",\"url\":\"https:\\\/\\\/manipogo.de\\\/?p=18220\",\"name\":\"15. Juni (1940) - manipogo\",\"isPartOf\":{\"@id\":\"https:\\\/\\\/manipogo.de\\\/#website\"},\"primaryImageOfPage\":{\"@id\":\"https:\\\/\\\/manipogo.de\\\/?p=18220#primaryimage\"},\"image\":{\"@id\":\"https:\\\/\\\/manipogo.de\\\/?p=18220#primaryimage\"},\"thumbnailUrl\":\"http:\\\/\\\/manipogo.de\\\/wp-content\\\/uploads\\\/010-28-300x189.jpg\",\"datePublished\":\"2020-06-14T22:26:25+00:00\",\"author\":{\"@id\":\"https:\\\/\\\/manipogo.de\\\/#\\\/schema\\\/person\\\/991913de0e39267877f234553fd7f58d\"},\"breadcrumb\":{\"@id\":\"https:\\\/\\\/manipogo.de\\\/?p=18220#breadcrumb\"},\"inLanguage\":\"de\",\"potentialAction\":[{\"@type\":\"ReadAction\",\"target\":[\"https:\\\/\\\/manipogo.de\\\/?p=18220\"]}]},{\"@type\":\"ImageObject\",\"inLanguage\":\"de\",\"@id\":\"https:\\\/\\\/manipogo.de\\\/?p=18220#primaryimage\",\"url\":\"https:\\\/\\\/manipogo.de\\\/wp-content\\\/uploads\\\/010-28.jpg\",\"contentUrl\":\"https:\\\/\\\/manipogo.de\\\/wp-content\\\/uploads\\\/010-28.jpg\",\"width\":540,\"height\":341},{\"@type\":\"BreadcrumbList\",\"@id\":\"https:\\\/\\\/manipogo.de\\\/?p=18220#breadcrumb\",\"itemListElement\":[{\"@type\":\"ListItem\",\"position\":1,\"name\":\"Startseite\",\"item\":\"https:\\\/\\\/manipogo.de\\\/\"},{\"@type\":\"ListItem\",\"position\":2,\"name\":\"15. Juni (1940)\"}]},{\"@type\":\"WebSite\",\"@id\":\"https:\\\/\\\/manipogo.de\\\/#website\",\"url\":\"https:\\\/\\\/manipogo.de\\\/\",\"name\":\"manipogo\",\"description\":\"Gott und die Welt\",\"potentialAction\":[{\"@type\":\"SearchAction\",\"target\":{\"@type\":\"EntryPoint\",\"urlTemplate\":\"https:\\\/\\\/manipogo.de\\\/?s={search_term_string}\"},\"query-input\":{\"@type\":\"PropertyValueSpecification\",\"valueRequired\":true,\"valueName\":\"search_term_string\"}}],\"inLanguage\":\"de\"},{\"@type\":\"Person\",\"@id\":\"https:\\\/\\\/manipogo.de\\\/#\\\/schema\\\/person\\\/991913de0e39267877f234553fd7f58d\",\"name\":\"web108\",\"url\":\"https:\\\/\\\/manipogo.de\\\/?author=1\"}]}<\/script>\n<!-- \/ Yoast SEO plugin. -->","yoast_head_json":{"title":"15. Juni (1940) - manipogo","robots":{"index":"index","follow":"follow","max-snippet":"max-snippet:-1","max-image-preview":"max-image-preview:large","max-video-preview":"max-video-preview:-1"},"canonical":"https:\/\/manipogo.de\/?p=18220","og_locale":"de_DE","og_type":"article","og_title":"15. Juni (1940) - manipogo","og_description":"Schon vor l\u00e4ngerem hatte ich mir vorgenommen, heute den Roman La mort dans l&#8217;\u00e2me von Jean-Paul Sartre zu beginnen, der 1949 herauskam. Warum heute? Weil die erste \u00dcberschrift so lautet: \u00bbNew York, 9 Uhr am Vormittag, 15. Juni 1940.\u00ab Dann beginnt die Handlung. Heute sollte auch die Grenze zu Frankreich nach drei Monaten wieder ge\u00f6ffnet [&hellip;]","og_url":"https:\/\/manipogo.de\/?p=18220","og_site_name":"manipogo","article_published_time":"2020-06-14T22:26:25+00:00","og_image":[{"url":"http:\/\/manipogo.de\/wp-content\/uploads\/010-28-300x189.jpg","type":"","width":"","height":""}],"author":"web108","twitter_card":"summary_large_image","twitter_misc":{"Verfasst von":"web108","Gesch\u00e4tzte Lesezeit":"2\u00a0Minuten"},"schema":{"@context":"https:\/\/schema.org","@graph":[{"@type":"Article","@id":"https:\/\/manipogo.de\/?p=18220#article","isPartOf":{"@id":"https:\/\/manipogo.de\/?p=18220"},"author":{"name":"web108","@id":"https:\/\/manipogo.de\/#\/schema\/person\/991913de0e39267877f234553fd7f58d"},"headline":"15. Juni (1940)","datePublished":"2020-06-14T22:26:25+00:00","mainEntityOfPage":{"@id":"https:\/\/manipogo.de\/?p=18220"},"wordCount":410,"image":{"@id":"https:\/\/manipogo.de\/?p=18220#primaryimage"},"thumbnailUrl":"http:\/\/manipogo.de\/wp-content\/uploads\/010-28-300x189.jpg","keywords":["Roman","Sartre"],"articleSection":["Literatur"],"inLanguage":"de"},{"@type":"WebPage","@id":"https:\/\/manipogo.de\/?p=18220","url":"https:\/\/manipogo.de\/?p=18220","name":"15. Juni (1940) - manipogo","isPartOf":{"@id":"https:\/\/manipogo.de\/#website"},"primaryImageOfPage":{"@id":"https:\/\/manipogo.de\/?p=18220#primaryimage"},"image":{"@id":"https:\/\/manipogo.de\/?p=18220#primaryimage"},"thumbnailUrl":"http:\/\/manipogo.de\/wp-content\/uploads\/010-28-300x189.jpg","datePublished":"2020-06-14T22:26:25+00:00","author":{"@id":"https:\/\/manipogo.de\/#\/schema\/person\/991913de0e39267877f234553fd7f58d"},"breadcrumb":{"@id":"https:\/\/manipogo.de\/?p=18220#breadcrumb"},"inLanguage":"de","potentialAction":[{"@type":"ReadAction","target":["https:\/\/manipogo.de\/?p=18220"]}]},{"@type":"ImageObject","inLanguage":"de","@id":"https:\/\/manipogo.de\/?p=18220#primaryimage","url":"https:\/\/manipogo.de\/wp-content\/uploads\/010-28.jpg","contentUrl":"https:\/\/manipogo.de\/wp-content\/uploads\/010-28.jpg","width":540,"height":341},{"@type":"BreadcrumbList","@id":"https:\/\/manipogo.de\/?p=18220#breadcrumb","itemListElement":[{"@type":"ListItem","position":1,"name":"Startseite","item":"https:\/\/manipogo.de\/"},{"@type":"ListItem","position":2,"name":"15. Juni (1940)"}]},{"@type":"WebSite","@id":"https:\/\/manipogo.de\/#website","url":"https:\/\/manipogo.de\/","name":"manipogo","description":"Gott und die Welt","potentialAction":[{"@type":"SearchAction","target":{"@type":"EntryPoint","urlTemplate":"https:\/\/manipogo.de\/?s={search_term_string}"},"query-input":{"@type":"PropertyValueSpecification","valueRequired":true,"valueName":"search_term_string"}}],"inLanguage":"de"},{"@type":"Person","@id":"https:\/\/manipogo.de\/#\/schema\/person\/991913de0e39267877f234553fd7f58d","name":"web108","url":"https:\/\/manipogo.de\/?author=1"}]}},"_links":{"self":[{"href":"https:\/\/manipogo.de\/index.php?rest_route=\/wp\/v2\/posts\/18220","targetHints":{"allow":["GET"]}}],"collection":[{"href":"https:\/\/manipogo.de\/index.php?rest_route=\/wp\/v2\/posts"}],"about":[{"href":"https:\/\/manipogo.de\/index.php?rest_route=\/wp\/v2\/types\/post"}],"author":[{"embeddable":true,"href":"https:\/\/manipogo.de\/index.php?rest_route=\/wp\/v2\/users\/1"}],"replies":[{"embeddable":true,"href":"https:\/\/manipogo.de\/index.php?rest_route=%2Fwp%2Fv2%2Fcomments&post=18220"}],"version-history":[{"count":3,"href":"https:\/\/manipogo.de\/index.php?rest_route=\/wp\/v2\/posts\/18220\/revisions"}],"predecessor-version":[{"id":18234,"href":"https:\/\/manipogo.de\/index.php?rest_route=\/wp\/v2\/posts\/18220\/revisions\/18234"}],"wp:attachment":[{"href":"https:\/\/manipogo.de\/index.php?rest_route=%2Fwp%2Fv2%2Fmedia&parent=18220"}],"wp:term":[{"taxonomy":"category","embeddable":true,"href":"https:\/\/manipogo.de\/index.php?rest_route=%2Fwp%2Fv2%2Fcategories&post=18220"},{"taxonomy":"post_tag","embeddable":true,"href":"https:\/\/manipogo.de\/index.php?rest_route=%2Fwp%2Fv2%2Ftags&post=18220"}],"curies":[{"name":"wp","href":"https:\/\/api.w.org\/{rel}","templated":true}]}}