{"id":18970,"date":"2020-08-05T00:37:41","date_gmt":"2020-08-04T22:37:41","guid":{"rendered":"http:\/\/manipogo.de\/?p=18970"},"modified":"2020-08-03T23:39:12","modified_gmt":"2020-08-03T21:39:12","slug":"die-verrueckte","status":"publish","type":"post","link":"https:\/\/manipogo.de\/?p=18970","title":{"rendered":"Die Verr\u00fcckte"},"content":{"rendered":"<p>Da heute der Geburtstag von Guy de Maupassant ist\u00a0\u2014 er kam 1850 auf Schloss Miromesnil zur Welt, im Norden Frankreichs, und starb schon 1893 \u2014, muss ich einen Artikel einschieben, bevor meine R\u00fcckfahrt vom vergangenen Samstag zur Sprache kommt. Von Maupassant hatte ich ein d\u00fcnnes B\u00e4ndchen dabei, die <em>Contes de la b\u00e9casse<\/em>, und eine der 17 Erz\u00e4hlungen hat mich angesprochen: <em>die Verr\u00fcckte<\/em> (la folle). Dabei habe ich nur 4 Geschichten lesen k\u00f6nnen; man nimmt immer zu viel zum Lesen mit.\u00a0 <!--more--><\/p>\n<p>Das sind alles melancholische, r\u00e4tselhafte kleine Erz\u00e4hlungen, die immer ein anderer vorbringt, auf den das Los f\u00e4llt. Der alte Baron des Ravots kann nicht mehr aus dem Haus, und manchmal schie\u00dft er vom Rollstuhl aus ein paar Schnepfen tot (das sind die <em>b\u00e9casses<\/em>), und ansonsten liest er. Und l\u00e4sst sich unterhalten. (<em>Viel spricht daf\u00fcr, dass die Episoden sich irgendwo ereignet haben und literarisch vom Autor etwas aufbereitet wurden<\/em>.)<\/p>\n<p>Mathieu d&#8217;Endolin erinnert sich gerade wegen der Schnepfen an eine d\u00fcstere Geschichte aus dem Krieg, vermutlich dem von 1870\/71 zwischen Frankreich und deutschen L\u00e4ndern unter der F\u00fchrung Preu\u00dfens. Er habe damals im Dorf Cormeil gelebt, T\u00fcr an T\u00fcr mit einer bettl\u00e4gerigen Frau. Diese hatte im Alter von 25 Jahren in einem Monat den Vater, den Ehemann und das neugeborene Kind verloren. Sie wurde verr\u00fcckt. Sechs Wochen lag sie im Delirium; wenn man ihr aufhelfen wollte, schrie sie, und schlie\u00dflich blieb sie reglos liegen, 15 Jahre lang. Dann r\u00fcckten die Preu\u00dfen ein. Es war eiskalt drau\u00dfen.<\/p>\n<p>Im Haus des d&#8217;Endolin werden 17 Mann und ein Offizier einquartiert, den die unsichtbare starre Frau irritiert. Man muss lachen, wenn Maupassant den Preu\u00dfen Franz\u00f6sisch reden l\u00e4sst (das wird nun nur genie\u00dfen k\u00f6nnen, wer zuf\u00e4llig die Sprache unseres Nachbarn kennt). Er befiehlt der Frau:<\/p>\n<p>\u00bbJe vous prierai, matame, de fous lever et de tescendre pour qu&#8217;on fous foie.\u00ab\u00a0\u2014 Sie solle aufstehen, damit man sie sehen k\u00f6nne. Keine Reaktion. Der Offizier beharrt: Er wolle keine Unversch\u00e4mtheit dulden. Wenn sie sich nicht selber erheben wolle, werde er Wege finden, ihr einen \u00bbSpaziergang\u00ab zu erm\u00f6glichen. Sie schweigt. Er nimmt es f\u00fcr Verachtung. Wenn sie morgen nicht aufgesrtanden sei &#8230;<\/p>\n<p>Am n\u00e4chsten Tag schreit die Kranke, als ihre Helferin sie ankleiden will. Diese bekniet die Soldaten: Das ist eine ungl\u00fcckliche Frau. Nichts zu machen. Ein kleiner Trupp dringt ein und tr\u00e4gt die Verr\u00fcckte auf ihrer Matratze fort. Der Offizier mit zynischem Ton:<\/p>\n<p>\u00bbNous ferrons pien si fous poufez bas fous hapiller toute seule et faire une b\u00e9tite bromenate.\u00ab Wenn sie sich nicht ankleiden wolle, w\u00fcrden sie (die preu\u00dfischen Soldaten) daf\u00fcr sorgen, dass sie einen kleinen Spaziergang machen k\u00f6nne. Die Abordnung entfernt sich in Richtung Wald von Imauville.<\/p>\n<p>Schnee f\u00e4llt Tag und Nacht. Der Erz\u00e4hler denkt an die arme Frau. Die Helferin stirbt im Winter, und dann kommt der Fr\u00fchling. Was haben sie mit der armen Frau angestellt? Es wird Herbst, die Schnepfen fliegen massenhaft, Herr d&#8217;Endolin schie\u00dft f\u00fcnf ab, und ein Vogel landet in einem Graben. Er will ihn holen und st\u00f6\u00dft auf einen Sch\u00e4del. Sofort denkt er an die Verr\u00fcckte.<\/p>\n<p><em>Und dann verstand ich pl\u00f6tzlich, ich erriet alles. Sie hatten sie auf der Matratze in dem kalten und verlassenen Wald zur\u00fcckgelassen; und, getreu ihrer fixen Idee, hatte sie sich unter dem leichten Schneefall sterben lassen, ohne einen Artm oder ein Bein zu bewegen. Dann hatten die W\u00f6lfe sie aufgezehrt.<\/em><\/p>\n<p>Der letzte Satz:<\/p>\n<p><em>Ich bat innig darum, dass unsere Kinder nie einen Krieg erleben sollten.<\/em><\/p>\n<p>Warum erz\u00e4hle ich diese traurige Geschichte nach? Weil es 45 Jahre danach wieder einen Krieg zwischen den Nachbarn gab, einen noch f\u00fcrchterlicheren, und 25 Jahre nach dessen Ausbruch (1914) den n\u00e4chsten, 1939. Aber vielleicht haben wir das alles nun \u00fcberwunden.<\/p>\n<p>Und auch wegen dieses letzten Satzes. Krieg ist grausam, hat aber (theoretisch) auch Gesetze. Eine Kranke dem Tod zu \u00fcberantworten, verst\u00f6\u00dft gegen die v\u00f6lkerrechtlichen Bestimmungen. Nicht alle Soldaten h\u00e4tten so gehandelt. Leider sind es wieder einmal die Deutschen mit ihrem Fanatismus und ihrem widerw\u00e4rtigen Zynismus (der \u00bbSpaziergang\u00ab), die eine traurige Rolle spielen. Die Massaker des Zweiten Weltkriegs und der millionenfache Mord an den Juden kamen ja nicht aus dem Nichts.<\/p>\n<p>&nbsp;<\/p>\n<p>&nbsp;<\/p>\n<p>&nbsp;<\/p>\n","protected":false},"excerpt":{"rendered":"<p>Da heute der Geburtstag von Guy de Maupassant ist\u00a0\u2014 er kam 1850 auf Schloss Miromesnil zur Welt, im Norden Frankreichs, und starb schon 1893 \u2014, muss ich einen Artikel einschieben, bevor meine R\u00fcckfahrt vom vergangenen Samstag zur Sprache kommt. Von Maupassant hatte ich ein d\u00fcnnes B\u00e4ndchen dabei, die Contes de la b\u00e9casse, und eine der [&hellip;]<\/p>\n","protected":false},"author":1,"featured_media":0,"comment_status":"closed","ping_status":"closed","sticky":false,"template":"","format":"standard","meta":{"footnotes":""},"categories":[1224],"tags":[1822,1823],"class_list":["post-18970","post","type-post","status-publish","format-standard","hentry","category-literatur","tag-maupassant","tag-schnepfen"],"yoast_head":"<!-- This site is optimized with the Yoast SEO plugin v27.3 - https:\/\/yoast.com\/product\/yoast-seo-wordpress\/ -->\n<title>Die Verr\u00fcckte - manipogo<\/title>\n<meta name=\"robots\" content=\"index, follow, max-snippet:-1, max-image-preview:large, max-video-preview:-1\" \/>\n<link rel=\"canonical\" href=\"https:\/\/manipogo.de\/?p=18970\" \/>\n<meta property=\"og:locale\" content=\"de_DE\" \/>\n<meta property=\"og:type\" content=\"article\" \/>\n<meta property=\"og:title\" content=\"Die Verr\u00fcckte - manipogo\" \/>\n<meta property=\"og:description\" content=\"Da heute der Geburtstag von Guy de Maupassant ist\u00a0\u2014 er kam 1850 auf Schloss Miromesnil zur Welt, im Norden Frankreichs, und starb schon 1893 \u2014, muss ich einen Artikel einschieben, bevor meine R\u00fcckfahrt vom vergangenen Samstag zur Sprache kommt. Von Maupassant hatte ich ein d\u00fcnnes B\u00e4ndchen dabei, die Contes de la b\u00e9casse, und eine der [&hellip;]\" \/>\n<meta property=\"og:url\" content=\"https:\/\/manipogo.de\/?p=18970\" \/>\n<meta property=\"og:site_name\" content=\"manipogo\" \/>\n<meta property=\"article:published_time\" content=\"2020-08-04T22:37:41+00:00\" \/>\n<meta name=\"author\" content=\"web108\" \/>\n<meta name=\"twitter:card\" content=\"summary_large_image\" \/>\n<meta name=\"twitter:label1\" content=\"Verfasst von\" \/>\n\t<meta name=\"twitter:data1\" content=\"web108\" \/>\n\t<meta name=\"twitter:label2\" content=\"Gesch\u00e4tzte Lesezeit\" \/>\n\t<meta name=\"twitter:data2\" content=\"4\u00a0Minuten\" \/>\n<script type=\"application\/ld+json\" class=\"yoast-schema-graph\">{\"@context\":\"https:\\\/\\\/schema.org\",\"@graph\":[{\"@type\":\"Article\",\"@id\":\"https:\\\/\\\/manipogo.de\\\/?p=18970#article\",\"isPartOf\":{\"@id\":\"https:\\\/\\\/manipogo.de\\\/?p=18970\"},\"author\":{\"name\":\"web108\",\"@id\":\"https:\\\/\\\/manipogo.de\\\/#\\\/schema\\\/person\\\/991913de0e39267877f234553fd7f58d\"},\"headline\":\"Die Verr\u00fcckte\",\"datePublished\":\"2020-08-04T22:37:41+00:00\",\"mainEntityOfPage\":{\"@id\":\"https:\\\/\\\/manipogo.de\\\/?p=18970\"},\"wordCount\":733,\"keywords\":[\"Maupassant\",\"Schnepfen\"],\"articleSection\":[\"Literatur\"],\"inLanguage\":\"de\"},{\"@type\":\"WebPage\",\"@id\":\"https:\\\/\\\/manipogo.de\\\/?p=18970\",\"url\":\"https:\\\/\\\/manipogo.de\\\/?p=18970\",\"name\":\"Die Verr\u00fcckte - manipogo\",\"isPartOf\":{\"@id\":\"https:\\\/\\\/manipogo.de\\\/#website\"},\"datePublished\":\"2020-08-04T22:37:41+00:00\",\"author\":{\"@id\":\"https:\\\/\\\/manipogo.de\\\/#\\\/schema\\\/person\\\/991913de0e39267877f234553fd7f58d\"},\"breadcrumb\":{\"@id\":\"https:\\\/\\\/manipogo.de\\\/?p=18970#breadcrumb\"},\"inLanguage\":\"de\",\"potentialAction\":[{\"@type\":\"ReadAction\",\"target\":[\"https:\\\/\\\/manipogo.de\\\/?p=18970\"]}]},{\"@type\":\"BreadcrumbList\",\"@id\":\"https:\\\/\\\/manipogo.de\\\/?p=18970#breadcrumb\",\"itemListElement\":[{\"@type\":\"ListItem\",\"position\":1,\"name\":\"Startseite\",\"item\":\"https:\\\/\\\/manipogo.de\\\/\"},{\"@type\":\"ListItem\",\"position\":2,\"name\":\"Die Verr\u00fcckte\"}]},{\"@type\":\"WebSite\",\"@id\":\"https:\\\/\\\/manipogo.de\\\/#website\",\"url\":\"https:\\\/\\\/manipogo.de\\\/\",\"name\":\"manipogo\",\"description\":\"Gott und die Welt\",\"potentialAction\":[{\"@type\":\"SearchAction\",\"target\":{\"@type\":\"EntryPoint\",\"urlTemplate\":\"https:\\\/\\\/manipogo.de\\\/?s={search_term_string}\"},\"query-input\":{\"@type\":\"PropertyValueSpecification\",\"valueRequired\":true,\"valueName\":\"search_term_string\"}}],\"inLanguage\":\"de\"},{\"@type\":\"Person\",\"@id\":\"https:\\\/\\\/manipogo.de\\\/#\\\/schema\\\/person\\\/991913de0e39267877f234553fd7f58d\",\"name\":\"web108\",\"url\":\"https:\\\/\\\/manipogo.de\\\/?author=1\"}]}<\/script>\n<!-- \/ Yoast SEO plugin. -->","yoast_head_json":{"title":"Die Verr\u00fcckte - manipogo","robots":{"index":"index","follow":"follow","max-snippet":"max-snippet:-1","max-image-preview":"max-image-preview:large","max-video-preview":"max-video-preview:-1"},"canonical":"https:\/\/manipogo.de\/?p=18970","og_locale":"de_DE","og_type":"article","og_title":"Die Verr\u00fcckte - manipogo","og_description":"Da heute der Geburtstag von Guy de Maupassant ist\u00a0\u2014 er kam 1850 auf Schloss Miromesnil zur Welt, im Norden Frankreichs, und starb schon 1893 \u2014, muss ich einen Artikel einschieben, bevor meine R\u00fcckfahrt vom vergangenen Samstag zur Sprache kommt. Von Maupassant hatte ich ein d\u00fcnnes B\u00e4ndchen dabei, die Contes de la b\u00e9casse, und eine der [&hellip;]","og_url":"https:\/\/manipogo.de\/?p=18970","og_site_name":"manipogo","article_published_time":"2020-08-04T22:37:41+00:00","author":"web108","twitter_card":"summary_large_image","twitter_misc":{"Verfasst von":"web108","Gesch\u00e4tzte Lesezeit":"4\u00a0Minuten"},"schema":{"@context":"https:\/\/schema.org","@graph":[{"@type":"Article","@id":"https:\/\/manipogo.de\/?p=18970#article","isPartOf":{"@id":"https:\/\/manipogo.de\/?p=18970"},"author":{"name":"web108","@id":"https:\/\/manipogo.de\/#\/schema\/person\/991913de0e39267877f234553fd7f58d"},"headline":"Die Verr\u00fcckte","datePublished":"2020-08-04T22:37:41+00:00","mainEntityOfPage":{"@id":"https:\/\/manipogo.de\/?p=18970"},"wordCount":733,"keywords":["Maupassant","Schnepfen"],"articleSection":["Literatur"],"inLanguage":"de"},{"@type":"WebPage","@id":"https:\/\/manipogo.de\/?p=18970","url":"https:\/\/manipogo.de\/?p=18970","name":"Die Verr\u00fcckte - manipogo","isPartOf":{"@id":"https:\/\/manipogo.de\/#website"},"datePublished":"2020-08-04T22:37:41+00:00","author":{"@id":"https:\/\/manipogo.de\/#\/schema\/person\/991913de0e39267877f234553fd7f58d"},"breadcrumb":{"@id":"https:\/\/manipogo.de\/?p=18970#breadcrumb"},"inLanguage":"de","potentialAction":[{"@type":"ReadAction","target":["https:\/\/manipogo.de\/?p=18970"]}]},{"@type":"BreadcrumbList","@id":"https:\/\/manipogo.de\/?p=18970#breadcrumb","itemListElement":[{"@type":"ListItem","position":1,"name":"Startseite","item":"https:\/\/manipogo.de\/"},{"@type":"ListItem","position":2,"name":"Die Verr\u00fcckte"}]},{"@type":"WebSite","@id":"https:\/\/manipogo.de\/#website","url":"https:\/\/manipogo.de\/","name":"manipogo","description":"Gott und die Welt","potentialAction":[{"@type":"SearchAction","target":{"@type":"EntryPoint","urlTemplate":"https:\/\/manipogo.de\/?s={search_term_string}"},"query-input":{"@type":"PropertyValueSpecification","valueRequired":true,"valueName":"search_term_string"}}],"inLanguage":"de"},{"@type":"Person","@id":"https:\/\/manipogo.de\/#\/schema\/person\/991913de0e39267877f234553fd7f58d","name":"web108","url":"https:\/\/manipogo.de\/?author=1"}]}},"_links":{"self":[{"href":"https:\/\/manipogo.de\/index.php?rest_route=\/wp\/v2\/posts\/18970","targetHints":{"allow":["GET"]}}],"collection":[{"href":"https:\/\/manipogo.de\/index.php?rest_route=\/wp\/v2\/posts"}],"about":[{"href":"https:\/\/manipogo.de\/index.php?rest_route=\/wp\/v2\/types\/post"}],"author":[{"embeddable":true,"href":"https:\/\/manipogo.de\/index.php?rest_route=\/wp\/v2\/users\/1"}],"replies":[{"embeddable":true,"href":"https:\/\/manipogo.de\/index.php?rest_route=%2Fwp%2Fv2%2Fcomments&post=18970"}],"version-history":[{"count":6,"href":"https:\/\/manipogo.de\/index.php?rest_route=\/wp\/v2\/posts\/18970\/revisions"}],"predecessor-version":[{"id":18977,"href":"https:\/\/manipogo.de\/index.php?rest_route=\/wp\/v2\/posts\/18970\/revisions\/18977"}],"wp:attachment":[{"href":"https:\/\/manipogo.de\/index.php?rest_route=%2Fwp%2Fv2%2Fmedia&parent=18970"}],"wp:term":[{"taxonomy":"category","embeddable":true,"href":"https:\/\/manipogo.de\/index.php?rest_route=%2Fwp%2Fv2%2Fcategories&post=18970"},{"taxonomy":"post_tag","embeddable":true,"href":"https:\/\/manipogo.de\/index.php?rest_route=%2Fwp%2Fv2%2Ftags&post=18970"}],"curies":[{"name":"wp","href":"https:\/\/api.w.org\/{rel}","templated":true}]}}