{"id":19280,"date":"2020-09-09T00:25:48","date_gmt":"2020-09-08T22:25:48","guid":{"rendered":"http:\/\/manipogo.de\/?p=19280"},"modified":"2020-09-07T22:28:27","modified_gmt":"2020-09-07T20:28:27","slug":"armando-im-nacken","status":"publish","type":"post","link":"https:\/\/manipogo.de\/?p=19280","title":{"rendered":"Armando im Nacken"},"content":{"rendered":"<p>Seit Armando Basile wieder zur\u00fcck ist aus der weiten Welt (<em>er kriegte im M\u00e4rz noch einen R\u00fcckhol-Flug<\/em>), habe ich ihn drei Mal getroffen. Er ist in Heitersheim und im Elsass unterwegs, wie immer rastlos, nie ratlos, doch wenn er mich trifft, nimmt er sich Zeit. Von Januar 2020 bis jetzt hat Armando 25.000 Kilometer mit dem Fahrrad zur\u00fcckgelegt. In den vergangenen Wochen h\u00e4tten wir uns leicht treffen k\u00f6nnen, im Ausland &#8230;<!--more--><\/p>\n<p>Er ist wie immer gebr\u00e4unt, l\u00e4chelt freundlich und kommt von woher und f\u00e4hrt wohin, was derzeit immer das Zuhause in Heitersheim ist, weil Armando Runden f\u00e4hrt und Reisen ins fernere Ausland noch nicht riskieren will. In den ersten 7 Tagen des Monats Juli zum Beispiel ist er 1000 (genau: 998) Kilometer gefahren: Stein am Rhein 155, Elsass 123, L\u00f6rrach\/Schopfheim 121, Stra\u00dfburg 200, Basel 108, Marckolsheim 141, Col de Bussang 150. Im ganzen Juli: 4244 Kilometer.<\/p>\n<p><a href=\"https:\/\/manipogo.de\/wp-content\/uploads\/Basile20-2.jpg\" rel=\"attachment wp-att-19282\"><img loading=\"lazy\" decoding=\"async\" class=\"alignright size-full wp-image-19282\" src=\"https:\/\/manipogo.de\/wp-content\/uploads\/Basile20-2.jpg\" alt=\"Basile20\" width=\"540\" height=\"226\" srcset=\"https:\/\/manipogo.de\/wp-content\/uploads\/Basile20-2.jpg 540w, https:\/\/manipogo.de\/wp-content\/uploads\/Basile20-2-300x126.jpg 300w\" sizes=\"auto, (max-width: 540px) 100vw, 540px\" \/><\/a><\/p>\n<p>&nbsp;<\/p>\n<p>A propos Marckolsheim: Vorgestern, als ich Armando in Heitersheim traf (beide waren wir auf dem Rad), erw\u00e4hnte ich kurz, dass ich vergangenen Donnerstag (3. September) mit dem Auto nach Marckolsheim gefahren sei und dann mit dem Rennrad hoch nach Ste. Maries-aux-Mines und zur\u00fcck. Da konnte sich Armando ein ironisches Grinsen nicht verkneifen: Einer, der sein Rad im Auto transportiert, na ja, ein echter Radler ist das nicht.<\/p>\n<p>An jenem Tag h\u00e4tten wir uns treffen k\u00f6nnen. Ich fuhr also um 9 Uhr mit dem Volvo nach Marckolsheim, um 10 Uhr mit dem Rennrad los, war um 16 Uhr nach 100 Kilometern wieder am Auto. Armando fuhr am selben Tag um 6 Uhr morgens los, \u00fcber Munster und den Col de la Schlucht nach G\u00e9rardmer, durch die Berge und durch Colmar wieder zur\u00fcck: 206 Kilometer. Doppelt so viele.<\/p>\n<p><a href=\"https:\/\/manipogo.de\/wp-content\/uploads\/2020-09-07-0001.jpg\" rel=\"attachment wp-att-19285\"><img loading=\"lazy\" decoding=\"async\" class=\"alignright size-full wp-image-19285\" src=\"https:\/\/manipogo.de\/wp-content\/uploads\/2020-09-07-0001.jpg\" alt=\"2020-09-07-0001\" width=\"540\" height=\"327\" srcset=\"https:\/\/manipogo.de\/wp-content\/uploads\/2020-09-07-0001.jpg 540w, https:\/\/manipogo.de\/wp-content\/uploads\/2020-09-07-0001-300x182.jpg 300w\" sizes=\"auto, (max-width: 540px) 100vw, 540px\" \/><\/a><\/p>\n<p>&nbsp;<\/p>\n<p><a href=\"https:\/\/manipogo.de\/wp-content\/uploads\/122.jpg\" rel=\"attachment wp-att-19284\"><img loading=\"lazy\" decoding=\"async\" class=\"alignright size-thumbnail wp-image-19284\" src=\"https:\/\/manipogo.de\/wp-content\/uploads\/122-150x150.jpg\" alt=\"122\" width=\"150\" height=\"150\" \/><\/a>Dabei ist er schon 73 Jahre alt. Er sagte mir: \u00bbIch bin fit. Den Winter w\u00fcrde ich gern an der Sonne sein, in Australien am liebsten.\u00ab<\/p>\n<p>Australien, davon l\u00e4sst er sich nicht abbringen. Weil&#8217;s da sch\u00f6n flach ist und man den ganzen Tag rollen kann <em>to get the miles in<\/em>. Seit 1983 ist der geb\u00fcrtige Apulier eine Million und 342.714 Kilometer (<em>still growing<\/em>) mit dem Rad gefahren. 40.000 macht er im Jahr, also sollte er 1,5 Millionen haben, wenn er 77 Jahre alt wird. Wenn er das will, w\u00fcnschen wir es ihm.<\/p>\n<p>Mitte August hatte ich ihn wieder im Nacken, ohne es zu wissen. Ich hatte 6 Tage frei und hielt mich im Z\u00fcrcher Unterland auf. Im Hochgebirge hie\u00df es von Gewitter, also fuhr ich Mittwoch Nachmittag (12. August) Richtung B\u00fclach bis Flaach und zur\u00fcck, 60 Kilometer. Armando Basile war am Dienstag zu einer Drei-Tage-Tour gestartet und bewegte sich an jenem Nachmittag an der S\u00fcdseite des Bodensees Richtung Westen, schlug sein Zelt (nach 151 Kilometern) n\u00f6rdlich von Frauenfeld am See auf, w\u00e4hrend ich auf der Terrasse einer Luxuswohnung bei Z\u00fcrich den Sonnenuntergang betrachtete. Verglichen mit Armando sieht man leicht wie ein Weichei aus.<\/p>\n<p><a href=\"https:\/\/manipogo.de\/wp-content\/uploads\/2020-09-07-0002.jpg\" rel=\"attachment wp-att-19286\"><img loading=\"lazy\" decoding=\"async\" class=\"alignright size-full wp-image-19286\" src=\"https:\/\/manipogo.de\/wp-content\/uploads\/2020-09-07-0002.jpg\" alt=\"2020-09-07-0002\" width=\"540\" height=\"363\" srcset=\"https:\/\/manipogo.de\/wp-content\/uploads\/2020-09-07-0002.jpg 540w, https:\/\/manipogo.de\/wp-content\/uploads\/2020-09-07-0002-300x202.jpg 300w\" sizes=\"auto, (max-width: 540px) 100vw, 540px\" \/><\/a><\/p>\n<p>Ich machte am Tag darauf (Donnerstag) eine Tour durchs Mittelland, trank am Ufer des Z\u00fcrisees Kaffee, war gegen 17 Uhr zur\u00fcck (80 Kilometer), und knallehei\u00df war&#8217;s. Armando fuhr vermutlich wieder um 6 Uhr los und heizte in der Hitze nach Hause, wiederum 206 Kilometer, was 512 Kilometer in 3 Tagen macht.<\/p>\n<p>Armando m\u00f6chte ein Buch \u00fcber sein Leben, und wir haben uns seit Januar 2018 so oft getroffen und ich habe das Manuskript fertiggemacht. 200 Seiten. Nun wissen wir nicht, was damit geschehen soll. Verlage wollen das Ding nicht. Vielleicht <em>Print on Demand<\/em>? Das Universum wird uns eine L\u00f6sung pr\u00e4sentieren, da bin ich sicher.<\/p>\n<p>Wenn ich mir Armando anschaue, denke ich mir, vielleicht kann man doch ewig leben und ewig radfahren.<\/p>\n","protected":false},"excerpt":{"rendered":"<p>Seit Armando Basile wieder zur\u00fcck ist aus der weiten Welt (er kriegte im M\u00e4rz noch einen R\u00fcckhol-Flug), habe ich ihn drei Mal getroffen. Er ist in Heitersheim und im Elsass unterwegs, wie immer rastlos, nie ratlos, doch wenn er mich trifft, nimmt er sich Zeit. Von Januar 2020 bis jetzt hat Armando 25.000 Kilometer mit [&hellip;]<\/p>\n","protected":false},"author":1,"featured_media":0,"comment_status":"closed","ping_status":"closed","sticky":false,"template":"","format":"standard","meta":{"footnotes":""},"categories":[1222],"tags":[1058,1846],"class_list":["post-19280","post","type-post","status-publish","format-standard","hentry","category-fahrrad","tag-basile","tag-radtouren"],"yoast_head":"<!-- This site is optimized with the Yoast SEO plugin v27.3 - https:\/\/yoast.com\/product\/yoast-seo-wordpress\/ -->\n<title>Armando im Nacken - manipogo<\/title>\n<meta name=\"robots\" content=\"index, follow, max-snippet:-1, max-image-preview:large, max-video-preview:-1\" \/>\n<link rel=\"canonical\" href=\"https:\/\/manipogo.de\/?p=19280\" \/>\n<meta property=\"og:locale\" content=\"de_DE\" \/>\n<meta property=\"og:type\" content=\"article\" \/>\n<meta property=\"og:title\" content=\"Armando im Nacken - manipogo\" \/>\n<meta property=\"og:description\" content=\"Seit Armando Basile wieder zur\u00fcck ist aus der weiten Welt (er kriegte im M\u00e4rz noch einen R\u00fcckhol-Flug), habe ich ihn drei Mal getroffen. Er ist in Heitersheim und im Elsass unterwegs, wie immer rastlos, nie ratlos, doch wenn er mich trifft, nimmt er sich Zeit. Von Januar 2020 bis jetzt hat Armando 25.000 Kilometer mit [&hellip;]\" \/>\n<meta property=\"og:url\" content=\"https:\/\/manipogo.de\/?p=19280\" \/>\n<meta property=\"og:site_name\" content=\"manipogo\" \/>\n<meta property=\"article:published_time\" content=\"2020-09-08T22:25:48+00:00\" \/>\n<meta property=\"og:image\" content=\"http:\/\/manipogo.de\/wp-content\/uploads\/Basile20-2.jpg\" \/>\n<meta name=\"author\" content=\"web108\" \/>\n<meta name=\"twitter:card\" content=\"summary_large_image\" \/>\n<meta name=\"twitter:label1\" content=\"Verfasst von\" \/>\n\t<meta name=\"twitter:data1\" content=\"web108\" \/>\n\t<meta name=\"twitter:label2\" content=\"Gesch\u00e4tzte Lesezeit\" \/>\n\t<meta name=\"twitter:data2\" content=\"3\u00a0Minuten\" \/>\n<script type=\"application\/ld+json\" class=\"yoast-schema-graph\">{\"@context\":\"https:\\\/\\\/schema.org\",\"@graph\":[{\"@type\":\"Article\",\"@id\":\"https:\\\/\\\/manipogo.de\\\/?p=19280#article\",\"isPartOf\":{\"@id\":\"https:\\\/\\\/manipogo.de\\\/?p=19280\"},\"author\":{\"name\":\"web108\",\"@id\":\"https:\\\/\\\/manipogo.de\\\/#\\\/schema\\\/person\\\/991913de0e39267877f234553fd7f58d\"},\"headline\":\"Armando im Nacken\",\"datePublished\":\"2020-09-08T22:25:48+00:00\",\"mainEntityOfPage\":{\"@id\":\"https:\\\/\\\/manipogo.de\\\/?p=19280\"},\"wordCount\":600,\"image\":{\"@id\":\"https:\\\/\\\/manipogo.de\\\/?p=19280#primaryimage\"},\"thumbnailUrl\":\"http:\\\/\\\/manipogo.de\\\/wp-content\\\/uploads\\\/Basile20-2.jpg\",\"keywords\":[\"Basile\",\"Radtouren\"],\"articleSection\":[\"Fahrrad\"],\"inLanguage\":\"de\"},{\"@type\":\"WebPage\",\"@id\":\"https:\\\/\\\/manipogo.de\\\/?p=19280\",\"url\":\"https:\\\/\\\/manipogo.de\\\/?p=19280\",\"name\":\"Armando im Nacken - manipogo\",\"isPartOf\":{\"@id\":\"https:\\\/\\\/manipogo.de\\\/#website\"},\"primaryImageOfPage\":{\"@id\":\"https:\\\/\\\/manipogo.de\\\/?p=19280#primaryimage\"},\"image\":{\"@id\":\"https:\\\/\\\/manipogo.de\\\/?p=19280#primaryimage\"},\"thumbnailUrl\":\"http:\\\/\\\/manipogo.de\\\/wp-content\\\/uploads\\\/Basile20-2.jpg\",\"datePublished\":\"2020-09-08T22:25:48+00:00\",\"author\":{\"@id\":\"https:\\\/\\\/manipogo.de\\\/#\\\/schema\\\/person\\\/991913de0e39267877f234553fd7f58d\"},\"breadcrumb\":{\"@id\":\"https:\\\/\\\/manipogo.de\\\/?p=19280#breadcrumb\"},\"inLanguage\":\"de\",\"potentialAction\":[{\"@type\":\"ReadAction\",\"target\":[\"https:\\\/\\\/manipogo.de\\\/?p=19280\"]}]},{\"@type\":\"ImageObject\",\"inLanguage\":\"de\",\"@id\":\"https:\\\/\\\/manipogo.de\\\/?p=19280#primaryimage\",\"url\":\"http:\\\/\\\/manipogo.de\\\/wp-content\\\/uploads\\\/Basile20-2.jpg\",\"contentUrl\":\"http:\\\/\\\/manipogo.de\\\/wp-content\\\/uploads\\\/Basile20-2.jpg\"},{\"@type\":\"BreadcrumbList\",\"@id\":\"https:\\\/\\\/manipogo.de\\\/?p=19280#breadcrumb\",\"itemListElement\":[{\"@type\":\"ListItem\",\"position\":1,\"name\":\"Startseite\",\"item\":\"https:\\\/\\\/manipogo.de\\\/\"},{\"@type\":\"ListItem\",\"position\":2,\"name\":\"Armando im Nacken\"}]},{\"@type\":\"WebSite\",\"@id\":\"https:\\\/\\\/manipogo.de\\\/#website\",\"url\":\"https:\\\/\\\/manipogo.de\\\/\",\"name\":\"manipogo\",\"description\":\"Gott und die Welt\",\"potentialAction\":[{\"@type\":\"SearchAction\",\"target\":{\"@type\":\"EntryPoint\",\"urlTemplate\":\"https:\\\/\\\/manipogo.de\\\/?s={search_term_string}\"},\"query-input\":{\"@type\":\"PropertyValueSpecification\",\"valueRequired\":true,\"valueName\":\"search_term_string\"}}],\"inLanguage\":\"de\"},{\"@type\":\"Person\",\"@id\":\"https:\\\/\\\/manipogo.de\\\/#\\\/schema\\\/person\\\/991913de0e39267877f234553fd7f58d\",\"name\":\"web108\",\"url\":\"https:\\\/\\\/manipogo.de\\\/?author=1\"}]}<\/script>\n<!-- \/ Yoast SEO plugin. -->","yoast_head_json":{"title":"Armando im Nacken - manipogo","robots":{"index":"index","follow":"follow","max-snippet":"max-snippet:-1","max-image-preview":"max-image-preview:large","max-video-preview":"max-video-preview:-1"},"canonical":"https:\/\/manipogo.de\/?p=19280","og_locale":"de_DE","og_type":"article","og_title":"Armando im Nacken - manipogo","og_description":"Seit Armando Basile wieder zur\u00fcck ist aus der weiten Welt (er kriegte im M\u00e4rz noch einen R\u00fcckhol-Flug), habe ich ihn drei Mal getroffen. Er ist in Heitersheim und im Elsass unterwegs, wie immer rastlos, nie ratlos, doch wenn er mich trifft, nimmt er sich Zeit. Von Januar 2020 bis jetzt hat Armando 25.000 Kilometer mit [&hellip;]","og_url":"https:\/\/manipogo.de\/?p=19280","og_site_name":"manipogo","article_published_time":"2020-09-08T22:25:48+00:00","og_image":[{"url":"http:\/\/manipogo.de\/wp-content\/uploads\/Basile20-2.jpg","type":"","width":"","height":""}],"author":"web108","twitter_card":"summary_large_image","twitter_misc":{"Verfasst von":"web108","Gesch\u00e4tzte Lesezeit":"3\u00a0Minuten"},"schema":{"@context":"https:\/\/schema.org","@graph":[{"@type":"Article","@id":"https:\/\/manipogo.de\/?p=19280#article","isPartOf":{"@id":"https:\/\/manipogo.de\/?p=19280"},"author":{"name":"web108","@id":"https:\/\/manipogo.de\/#\/schema\/person\/991913de0e39267877f234553fd7f58d"},"headline":"Armando im Nacken","datePublished":"2020-09-08T22:25:48+00:00","mainEntityOfPage":{"@id":"https:\/\/manipogo.de\/?p=19280"},"wordCount":600,"image":{"@id":"https:\/\/manipogo.de\/?p=19280#primaryimage"},"thumbnailUrl":"http:\/\/manipogo.de\/wp-content\/uploads\/Basile20-2.jpg","keywords":["Basile","Radtouren"],"articleSection":["Fahrrad"],"inLanguage":"de"},{"@type":"WebPage","@id":"https:\/\/manipogo.de\/?p=19280","url":"https:\/\/manipogo.de\/?p=19280","name":"Armando im Nacken - manipogo","isPartOf":{"@id":"https:\/\/manipogo.de\/#website"},"primaryImageOfPage":{"@id":"https:\/\/manipogo.de\/?p=19280#primaryimage"},"image":{"@id":"https:\/\/manipogo.de\/?p=19280#primaryimage"},"thumbnailUrl":"http:\/\/manipogo.de\/wp-content\/uploads\/Basile20-2.jpg","datePublished":"2020-09-08T22:25:48+00:00","author":{"@id":"https:\/\/manipogo.de\/#\/schema\/person\/991913de0e39267877f234553fd7f58d"},"breadcrumb":{"@id":"https:\/\/manipogo.de\/?p=19280#breadcrumb"},"inLanguage":"de","potentialAction":[{"@type":"ReadAction","target":["https:\/\/manipogo.de\/?p=19280"]}]},{"@type":"ImageObject","inLanguage":"de","@id":"https:\/\/manipogo.de\/?p=19280#primaryimage","url":"http:\/\/manipogo.de\/wp-content\/uploads\/Basile20-2.jpg","contentUrl":"http:\/\/manipogo.de\/wp-content\/uploads\/Basile20-2.jpg"},{"@type":"BreadcrumbList","@id":"https:\/\/manipogo.de\/?p=19280#breadcrumb","itemListElement":[{"@type":"ListItem","position":1,"name":"Startseite","item":"https:\/\/manipogo.de\/"},{"@type":"ListItem","position":2,"name":"Armando im Nacken"}]},{"@type":"WebSite","@id":"https:\/\/manipogo.de\/#website","url":"https:\/\/manipogo.de\/","name":"manipogo","description":"Gott und die Welt","potentialAction":[{"@type":"SearchAction","target":{"@type":"EntryPoint","urlTemplate":"https:\/\/manipogo.de\/?s={search_term_string}"},"query-input":{"@type":"PropertyValueSpecification","valueRequired":true,"valueName":"search_term_string"}}],"inLanguage":"de"},{"@type":"Person","@id":"https:\/\/manipogo.de\/#\/schema\/person\/991913de0e39267877f234553fd7f58d","name":"web108","url":"https:\/\/manipogo.de\/?author=1"}]}},"_links":{"self":[{"href":"https:\/\/manipogo.de\/index.php?rest_route=\/wp\/v2\/posts\/19280","targetHints":{"allow":["GET"]}}],"collection":[{"href":"https:\/\/manipogo.de\/index.php?rest_route=\/wp\/v2\/posts"}],"about":[{"href":"https:\/\/manipogo.de\/index.php?rest_route=\/wp\/v2\/types\/post"}],"author":[{"embeddable":true,"href":"https:\/\/manipogo.de\/index.php?rest_route=\/wp\/v2\/users\/1"}],"replies":[{"embeddable":true,"href":"https:\/\/manipogo.de\/index.php?rest_route=%2Fwp%2Fv2%2Fcomments&post=19280"}],"version-history":[{"count":6,"href":"https:\/\/manipogo.de\/index.php?rest_route=\/wp\/v2\/posts\/19280\/revisions"}],"predecessor-version":[{"id":19290,"href":"https:\/\/manipogo.de\/index.php?rest_route=\/wp\/v2\/posts\/19280\/revisions\/19290"}],"wp:attachment":[{"href":"https:\/\/manipogo.de\/index.php?rest_route=%2Fwp%2Fv2%2Fmedia&parent=19280"}],"wp:term":[{"taxonomy":"category","embeddable":true,"href":"https:\/\/manipogo.de\/index.php?rest_route=%2Fwp%2Fv2%2Fcategories&post=19280"},{"taxonomy":"post_tag","embeddable":true,"href":"https:\/\/manipogo.de\/index.php?rest_route=%2Fwp%2Fv2%2Ftags&post=19280"}],"curies":[{"name":"wp","href":"https:\/\/api.w.org\/{rel}","templated":true}]}}