{"id":19497,"date":"2020-10-20T00:09:07","date_gmt":"2020-10-19T22:09:07","guid":{"rendered":"http:\/\/manipogo.de\/?p=19497"},"modified":"2020-09-30T23:25:27","modified_gmt":"2020-09-30T21:25:27","slug":"dieter-hildebrandt","status":"publish","type":"post","link":"https:\/\/manipogo.de\/?p=19497","title":{"rendered":"Dieter Hildebrandt"},"content":{"rendered":"<p>An den letzten Satz des gestrigen Beitrags anschlie\u00dfend: Dieter Hildebrandt, der beliebteste deutsche Kabarettist und Satiriker der Nachkriegszeit, gab 2009 bekannt, er sei Alkoholiker. Vier Jahre sp\u00e4ter ist er gestorben, im November 2013, 86 Jahre alt. Auch Graham Greene, der gern trank und in dessen B\u00fcchern st\u00e4ndig getrunken wurde, <a href=\"https:\/\/manipogo.de\/?p=9380\" target=\"_blank\">schaffte den 86. Geburtstag<\/a>. Karl Valentin allerdings meinte: Mit Mineralwasser und Kamillentee <a href=\"https:\/\/manipogo.de\/?p=16101\" target=\"_blank\">w\u00e4ren sie 87 geworden.<\/a><!--more--><\/p>\n<p><a href=\"https:\/\/manipogo.de\/wp-content\/uploads\/Dieter_Hildebrandt_2_Scheibenwischer__Programm-Ich-kann-doch-auch-nichts-dafuer.jpg\" rel=\"attachment wp-att-19498\"><img loading=\"lazy\" decoding=\"async\" class=\"alignright size-medium wp-image-19498\" src=\"https:\/\/manipogo.de\/wp-content\/uploads\/Dieter_Hildebrandt_2_Scheibenwischer__Programm-Ich-kann-doch-auch-nichts-dafuer-226x300.jpg\" alt=\"Dieter_Hildebrandt_2_Scheibenwischer__Programm Ich kann doch auch nichts dafuer\" width=\"226\" height=\"300\" \/><\/a>Mir fiel das Buch <em>Nie wieder achtzig!<\/em> von Dieter Hildebrandt in die H\u00e4nde, das 2007 herauskam. Da geht es ums Alter und bayerische Politiker und vieles mehr. Der Autor kam 1927 in Bunzlau in Niederschlesien zur Welt, brachte die <em>M\u00fcnchner Lach- und Schie\u00dfgesellschaft<\/em> (1956-1972) zur Bl\u00fcte, hatte dann bis 1979 die Satiresendung <em>Notizen aus der Provinz<\/em> im ZDF und von 1980 bis 2003 den <em>Scheibenwischer<\/em> in der ARD. Wie wir uns immer auf diese Sendungen gefreut haben! Danach hielt er bis zu seinem Tod unerm\u00fcdlich Lesungen im Land ab und hatte meist jeden zweiten Tag einen Termin. Ph\u00e4nomenal! Wenn Hildebrandt dann an die Rampe trat und anfing zu sprechen, wurde es spannend: Seine Monologe mit diesen abgebrochenen S\u00e4tzen, Gedankenspr\u00fcngen und k\u00fchnen Anspielungen waren legend\u00e4r.<\/p>\n<p>Leider waren die Politiker, mit denen er sich auseinandersetzte, ihm nicht kongenial. Die meisten Namen kennt man kaum mehr: zu Recht, meist waren es Empork\u00f6mmlinge mit wenig Intelligenz, aber einen brauchte es, der die Dummheit gei\u00dfelte. An Kohl rieb er sich gern, an den CSU-Granden auch, denn Satiriker sind meist Idealisten und gute Menschen und links. Das geh\u00f6rt sich so.<\/p>\n<p>Man lernt auch, dass manche Missst\u00e4nde immer hervorgehoben werden und sich dann doch nichts \u00e4ndert: der sogenannte Pflegenotstand zum Beispiel. Andere Missst\u00e4nde vor allem im Finanzwesen sind derart gut getarnt, dass man viel dar\u00fcber wissen und viel Recherche betreiben m\u00fcsste. Nichts f\u00fcr den Kabarettisten!<\/p>\n<p>Sieben Jahre sind vergangen, seit Dieter Hildebrandt von uns gegangen ist. Die Durchsetzung der deutschen Sprache mit englischen Brocken hat er noch mitbekommen (hier, Plakat: <em>Staufen ist ein kultureller Hotspot<\/em>), das Handy auch, doch die immer weiter fortschreitende Verdummung, die Banalisierung von allem, den Kontrollwahn der Verwalter und die \u00dcbermacht der US-Konzerne betrachtet er nun aus wohltuender Distanz. Auch die Fu\u00dfball- und die Krimiwelle interessiert ihn nicht mehr, und gewiss hat er dazu auch etwas gesagt (das gab es 2012 ja schon).<\/p>\n<p>Dieter Hildebrandt mit seiner funkelnden Intelligenz und seiner scharfen Zunge, inkorruptibel und irrlichternd, fehlt uns. Er geh\u00f6rt schon einer vergangenen Epoche an.<\/p>\n<p>&nbsp;<\/p>\n<p>&nbsp;<\/p>\n<p>&nbsp;<\/p>\n","protected":false},"excerpt":{"rendered":"<p>An den letzten Satz des gestrigen Beitrags anschlie\u00dfend: Dieter Hildebrandt, der beliebteste deutsche Kabarettist und Satiriker der Nachkriegszeit, gab 2009 bekannt, er sei Alkoholiker. Vier Jahre sp\u00e4ter ist er gestorben, im November 2013, 86 Jahre alt. Auch Graham Greene, der gern trank und in dessen B\u00fcchern st\u00e4ndig getrunken wurde, schaffte den 86. Geburtstag. Karl Valentin [&hellip;]<\/p>\n","protected":false},"author":1,"featured_media":0,"comment_status":"closed","ping_status":"closed","sticky":false,"template":"","format":"standard","meta":{"footnotes":""},"categories":[4],"tags":[577,1857],"class_list":["post-19497","post","type-post","status-publish","format-standard","hentry","category-feuilleton","tag-fernsehen","tag-kabarett"],"yoast_head":"<!-- This site is optimized with the Yoast SEO plugin v27.3 - https:\/\/yoast.com\/product\/yoast-seo-wordpress\/ -->\n<title>Dieter Hildebrandt - manipogo<\/title>\n<meta name=\"robots\" content=\"index, follow, max-snippet:-1, max-image-preview:large, max-video-preview:-1\" \/>\n<link rel=\"canonical\" href=\"https:\/\/manipogo.de\/?p=19497\" \/>\n<meta property=\"og:locale\" content=\"de_DE\" \/>\n<meta property=\"og:type\" content=\"article\" \/>\n<meta property=\"og:title\" content=\"Dieter Hildebrandt - manipogo\" \/>\n<meta property=\"og:description\" content=\"An den letzten Satz des gestrigen Beitrags anschlie\u00dfend: Dieter Hildebrandt, der beliebteste deutsche Kabarettist und Satiriker der Nachkriegszeit, gab 2009 bekannt, er sei Alkoholiker. Vier Jahre sp\u00e4ter ist er gestorben, im November 2013, 86 Jahre alt. Auch Graham Greene, der gern trank und in dessen B\u00fcchern st\u00e4ndig getrunken wurde, schaffte den 86. Geburtstag. Karl Valentin [&hellip;]\" \/>\n<meta property=\"og:url\" content=\"https:\/\/manipogo.de\/?p=19497\" \/>\n<meta property=\"og:site_name\" content=\"manipogo\" \/>\n<meta property=\"article:published_time\" content=\"2020-10-19T22:09:07+00:00\" \/>\n<meta property=\"og:image\" content=\"http:\/\/manipogo.de\/wp-content\/uploads\/Dieter_Hildebrandt_2_Scheibenwischer__Programm-Ich-kann-doch-auch-nichts-dafuer-226x300.jpg\" \/>\n<meta name=\"author\" content=\"web108\" \/>\n<meta name=\"twitter:card\" content=\"summary_large_image\" \/>\n<meta name=\"twitter:label1\" content=\"Verfasst von\" \/>\n\t<meta name=\"twitter:data1\" content=\"web108\" \/>\n\t<meta name=\"twitter:label2\" content=\"Gesch\u00e4tzte Lesezeit\" \/>\n\t<meta name=\"twitter:data2\" content=\"2\u00a0Minuten\" \/>\n<script type=\"application\/ld+json\" class=\"yoast-schema-graph\">{\"@context\":\"https:\\\/\\\/schema.org\",\"@graph\":[{\"@type\":\"Article\",\"@id\":\"https:\\\/\\\/manipogo.de\\\/?p=19497#article\",\"isPartOf\":{\"@id\":\"https:\\\/\\\/manipogo.de\\\/?p=19497\"},\"author\":{\"name\":\"web108\",\"@id\":\"https:\\\/\\\/manipogo.de\\\/#\\\/schema\\\/person\\\/991913de0e39267877f234553fd7f58d\"},\"headline\":\"Dieter Hildebrandt\",\"datePublished\":\"2020-10-19T22:09:07+00:00\",\"mainEntityOfPage\":{\"@id\":\"https:\\\/\\\/manipogo.de\\\/?p=19497\"},\"wordCount\":416,\"image\":{\"@id\":\"https:\\\/\\\/manipogo.de\\\/?p=19497#primaryimage\"},\"thumbnailUrl\":\"http:\\\/\\\/manipogo.de\\\/wp-content\\\/uploads\\\/Dieter_Hildebrandt_2_Scheibenwischer__Programm-Ich-kann-doch-auch-nichts-dafuer-226x300.jpg\",\"keywords\":[\"Fernsehen\",\"Kabarett\"],\"articleSection\":[\"Feuilleton\"],\"inLanguage\":\"de\"},{\"@type\":\"WebPage\",\"@id\":\"https:\\\/\\\/manipogo.de\\\/?p=19497\",\"url\":\"https:\\\/\\\/manipogo.de\\\/?p=19497\",\"name\":\"Dieter Hildebrandt - manipogo\",\"isPartOf\":{\"@id\":\"https:\\\/\\\/manipogo.de\\\/#website\"},\"primaryImageOfPage\":{\"@id\":\"https:\\\/\\\/manipogo.de\\\/?p=19497#primaryimage\"},\"image\":{\"@id\":\"https:\\\/\\\/manipogo.de\\\/?p=19497#primaryimage\"},\"thumbnailUrl\":\"http:\\\/\\\/manipogo.de\\\/wp-content\\\/uploads\\\/Dieter_Hildebrandt_2_Scheibenwischer__Programm-Ich-kann-doch-auch-nichts-dafuer-226x300.jpg\",\"datePublished\":\"2020-10-19T22:09:07+00:00\",\"author\":{\"@id\":\"https:\\\/\\\/manipogo.de\\\/#\\\/schema\\\/person\\\/991913de0e39267877f234553fd7f58d\"},\"breadcrumb\":{\"@id\":\"https:\\\/\\\/manipogo.de\\\/?p=19497#breadcrumb\"},\"inLanguage\":\"de\",\"potentialAction\":[{\"@type\":\"ReadAction\",\"target\":[\"https:\\\/\\\/manipogo.de\\\/?p=19497\"]}]},{\"@type\":\"ImageObject\",\"inLanguage\":\"de\",\"@id\":\"https:\\\/\\\/manipogo.de\\\/?p=19497#primaryimage\",\"url\":\"\",\"contentUrl\":\"\"},{\"@type\":\"BreadcrumbList\",\"@id\":\"https:\\\/\\\/manipogo.de\\\/?p=19497#breadcrumb\",\"itemListElement\":[{\"@type\":\"ListItem\",\"position\":1,\"name\":\"Startseite\",\"item\":\"https:\\\/\\\/manipogo.de\\\/\"},{\"@type\":\"ListItem\",\"position\":2,\"name\":\"Dieter Hildebrandt\"}]},{\"@type\":\"WebSite\",\"@id\":\"https:\\\/\\\/manipogo.de\\\/#website\",\"url\":\"https:\\\/\\\/manipogo.de\\\/\",\"name\":\"manipogo\",\"description\":\"Gott und die Welt\",\"potentialAction\":[{\"@type\":\"SearchAction\",\"target\":{\"@type\":\"EntryPoint\",\"urlTemplate\":\"https:\\\/\\\/manipogo.de\\\/?s={search_term_string}\"},\"query-input\":{\"@type\":\"PropertyValueSpecification\",\"valueRequired\":true,\"valueName\":\"search_term_string\"}}],\"inLanguage\":\"de\"},{\"@type\":\"Person\",\"@id\":\"https:\\\/\\\/manipogo.de\\\/#\\\/schema\\\/person\\\/991913de0e39267877f234553fd7f58d\",\"name\":\"web108\",\"url\":\"https:\\\/\\\/manipogo.de\\\/?author=1\"}]}<\/script>\n<!-- \/ Yoast SEO plugin. -->","yoast_head_json":{"title":"Dieter Hildebrandt - manipogo","robots":{"index":"index","follow":"follow","max-snippet":"max-snippet:-1","max-image-preview":"max-image-preview:large","max-video-preview":"max-video-preview:-1"},"canonical":"https:\/\/manipogo.de\/?p=19497","og_locale":"de_DE","og_type":"article","og_title":"Dieter Hildebrandt - manipogo","og_description":"An den letzten Satz des gestrigen Beitrags anschlie\u00dfend: Dieter Hildebrandt, der beliebteste deutsche Kabarettist und Satiriker der Nachkriegszeit, gab 2009 bekannt, er sei Alkoholiker. Vier Jahre sp\u00e4ter ist er gestorben, im November 2013, 86 Jahre alt. Auch Graham Greene, der gern trank und in dessen B\u00fcchern st\u00e4ndig getrunken wurde, schaffte den 86. Geburtstag. Karl Valentin [&hellip;]","og_url":"https:\/\/manipogo.de\/?p=19497","og_site_name":"manipogo","article_published_time":"2020-10-19T22:09:07+00:00","og_image":[{"url":"http:\/\/manipogo.de\/wp-content\/uploads\/Dieter_Hildebrandt_2_Scheibenwischer__Programm-Ich-kann-doch-auch-nichts-dafuer-226x300.jpg","type":"","width":"","height":""}],"author":"web108","twitter_card":"summary_large_image","twitter_misc":{"Verfasst von":"web108","Gesch\u00e4tzte Lesezeit":"2\u00a0Minuten"},"schema":{"@context":"https:\/\/schema.org","@graph":[{"@type":"Article","@id":"https:\/\/manipogo.de\/?p=19497#article","isPartOf":{"@id":"https:\/\/manipogo.de\/?p=19497"},"author":{"name":"web108","@id":"https:\/\/manipogo.de\/#\/schema\/person\/991913de0e39267877f234553fd7f58d"},"headline":"Dieter Hildebrandt","datePublished":"2020-10-19T22:09:07+00:00","mainEntityOfPage":{"@id":"https:\/\/manipogo.de\/?p=19497"},"wordCount":416,"image":{"@id":"https:\/\/manipogo.de\/?p=19497#primaryimage"},"thumbnailUrl":"http:\/\/manipogo.de\/wp-content\/uploads\/Dieter_Hildebrandt_2_Scheibenwischer__Programm-Ich-kann-doch-auch-nichts-dafuer-226x300.jpg","keywords":["Fernsehen","Kabarett"],"articleSection":["Feuilleton"],"inLanguage":"de"},{"@type":"WebPage","@id":"https:\/\/manipogo.de\/?p=19497","url":"https:\/\/manipogo.de\/?p=19497","name":"Dieter Hildebrandt - manipogo","isPartOf":{"@id":"https:\/\/manipogo.de\/#website"},"primaryImageOfPage":{"@id":"https:\/\/manipogo.de\/?p=19497#primaryimage"},"image":{"@id":"https:\/\/manipogo.de\/?p=19497#primaryimage"},"thumbnailUrl":"http:\/\/manipogo.de\/wp-content\/uploads\/Dieter_Hildebrandt_2_Scheibenwischer__Programm-Ich-kann-doch-auch-nichts-dafuer-226x300.jpg","datePublished":"2020-10-19T22:09:07+00:00","author":{"@id":"https:\/\/manipogo.de\/#\/schema\/person\/991913de0e39267877f234553fd7f58d"},"breadcrumb":{"@id":"https:\/\/manipogo.de\/?p=19497#breadcrumb"},"inLanguage":"de","potentialAction":[{"@type":"ReadAction","target":["https:\/\/manipogo.de\/?p=19497"]}]},{"@type":"ImageObject","inLanguage":"de","@id":"https:\/\/manipogo.de\/?p=19497#primaryimage","url":"","contentUrl":""},{"@type":"BreadcrumbList","@id":"https:\/\/manipogo.de\/?p=19497#breadcrumb","itemListElement":[{"@type":"ListItem","position":1,"name":"Startseite","item":"https:\/\/manipogo.de\/"},{"@type":"ListItem","position":2,"name":"Dieter Hildebrandt"}]},{"@type":"WebSite","@id":"https:\/\/manipogo.de\/#website","url":"https:\/\/manipogo.de\/","name":"manipogo","description":"Gott und die Welt","potentialAction":[{"@type":"SearchAction","target":{"@type":"EntryPoint","urlTemplate":"https:\/\/manipogo.de\/?s={search_term_string}"},"query-input":{"@type":"PropertyValueSpecification","valueRequired":true,"valueName":"search_term_string"}}],"inLanguage":"de"},{"@type":"Person","@id":"https:\/\/manipogo.de\/#\/schema\/person\/991913de0e39267877f234553fd7f58d","name":"web108","url":"https:\/\/manipogo.de\/?author=1"}]}},"_links":{"self":[{"href":"https:\/\/manipogo.de\/index.php?rest_route=\/wp\/v2\/posts\/19497","targetHints":{"allow":["GET"]}}],"collection":[{"href":"https:\/\/manipogo.de\/index.php?rest_route=\/wp\/v2\/posts"}],"about":[{"href":"https:\/\/manipogo.de\/index.php?rest_route=\/wp\/v2\/types\/post"}],"author":[{"embeddable":true,"href":"https:\/\/manipogo.de\/index.php?rest_route=\/wp\/v2\/users\/1"}],"replies":[{"embeddable":true,"href":"https:\/\/manipogo.de\/index.php?rest_route=%2Fwp%2Fv2%2Fcomments&post=19497"}],"version-history":[{"count":2,"href":"https:\/\/manipogo.de\/index.php?rest_route=\/wp\/v2\/posts\/19497\/revisions"}],"predecessor-version":[{"id":19500,"href":"https:\/\/manipogo.de\/index.php?rest_route=\/wp\/v2\/posts\/19497\/revisions\/19500"}],"wp:attachment":[{"href":"https:\/\/manipogo.de\/index.php?rest_route=%2Fwp%2Fv2%2Fmedia&parent=19497"}],"wp:term":[{"taxonomy":"category","embeddable":true,"href":"https:\/\/manipogo.de\/index.php?rest_route=%2Fwp%2Fv2%2Fcategories&post=19497"},{"taxonomy":"post_tag","embeddable":true,"href":"https:\/\/manipogo.de\/index.php?rest_route=%2Fwp%2Fv2%2Ftags&post=19497"}],"curies":[{"name":"wp","href":"https:\/\/api.w.org\/{rel}","templated":true}]}}