{"id":20257,"date":"2020-12-22T00:25:46","date_gmt":"2020-12-21T23:25:46","guid":{"rendered":"http:\/\/manipogo.de\/?p=20257"},"modified":"2020-12-03T22:50:30","modified_gmt":"2020-12-03T21:50:30","slug":"die-laengste-nacht","status":"publish","type":"post","link":"https:\/\/manipogo.de\/?p=20257","title":{"rendered":"Die l\u00e4ngste Nacht"},"content":{"rendered":"<p>Die vergangene Nacht war die l\u00e4ngste des Jahres. Oder ist es die kommende Nacht? Das hei\u00dft jedenfalls Wintersonnenwende und gibt Anlass zu Freude: Die Tage werden wieder l\u00e4nger! Die M\u00e4rchen und Mythen haben immer wieder Geschichten f\u00fcr die Ph\u00e4nomene der Erde gefunden, etwa f\u00fcr Tag und Nacht. Ich sp\u00fcrte eine Erz\u00e4hlung aus der vedischen Literatur auf.<!--more--><\/p>\n<p>Das mit dem Aufsp\u00fcren war nicht schwer: Es handelte sich um die dritte Geschichte in dem Buch <em>Indische M\u00e4rchen<\/em> (Bechterm\u00fcnz Verlag Augsburg, 1998). Auf Vedisch wurden die ersten heiligen Texte der Hindus geschrieben, etwa 2500 bis 500 vor Christus. Auch das gro\u00dfe Epos Mahabharata, das ich gerade lese, ist\u00a0 aus der vedischen Epoche. Mein M\u00e4rchen \u00fcber die <strong><em>Entstehung der Nacht<\/em><\/strong> ist kurz:<\/p>\n<p><em>Jama war gestorben. Die G\u00f6tter suchten Jam\u012b den Jama auszureden; doch wenn sie sie fragten, sagte sie immer: \u00bbJama ist gestorben.\u00ab Da sagten sie: \u00bbSo vergisst sie ihn nicht. Wir wollen die Nacht hervorbringen!\u00ab Denn damals gab es nur den Tag, keine Nacht. Da brachten die G\u00f6tter die Nacht hervor. Darauf ward es Morgen. Da verga\u00df sie jenen. Darum sagt man: \u00bbTage und N\u00e4chte lassen das Leid vergessen.\u00ab<\/em><\/p>\n<p><a href=\"https:\/\/manipogo.de\/wp-content\/uploads\/2018-09-28-04.46.47-1-3.jpg\" rel=\"attachment wp-att-20263\"><img loading=\"lazy\" decoding=\"async\" class=\"alignright size-full wp-image-20263\" src=\"https:\/\/manipogo.de\/wp-content\/uploads\/2018-09-28-04.46.47-1-3.jpg\" alt=\"Processed with VSCO with a6 preset\" width=\"540\" height=\"361\" srcset=\"https:\/\/manipogo.de\/wp-content\/uploads\/2018-09-28-04.46.47-1-3.jpg 540w, https:\/\/manipogo.de\/wp-content\/uploads\/2018-09-28-04.46.47-1-3-300x201.jpg 300w\" sizes=\"auto, (max-width: 540px) 100vw, 540px\" \/><\/a><\/p>\n<p>&nbsp;<\/p>\n<p>Jama (oder Yama) bedeutet Zwilling; das Paar war das erste Menschenpaar. Nach seinem Tod wird Jama als der erste Verstorbene K\u00f6nig im Totenreich, der Totengott und auch der Gott der Zeit. In der Unterwelt weist er dem Neuank\u00f6mmling einen von f\u00fcnf Pfaden zu, je nach dessen vergangener Lebensweise.<\/p>\n<p>Die Sonne steht zur Wintersonnwende flach, und nahe des Polarkreises f\u00e4llt der Sonnenaufgang an diesem Tag aus. Die Sonne bleibt an Nord- und S\u00fcdpol unter dem Horizont, schiebt sich allenfalls ein St\u00fccklein hoch, und die Polarnacht dauert ein halbes Jahr.<\/p>\n<p><a href=\"https:\/\/manipogo.de\/wp-content\/uploads\/DSCN4272-2.jpg\" rel=\"attachment wp-att-20259\"><img loading=\"lazy\" decoding=\"async\" class=\"alignright size-full wp-image-20259\" src=\"https:\/\/manipogo.de\/wp-content\/uploads\/DSCN4272-2.jpg\" alt=\"DSCN4272\" width=\"540\" height=\"405\" srcset=\"https:\/\/manipogo.de\/wp-content\/uploads\/DSCN4272-2.jpg 540w, https:\/\/manipogo.de\/wp-content\/uploads\/DSCN4272-2-300x225.jpg 300w\" sizes=\"auto, (max-width: 540px) 100vw, 540px\" \/><\/a><\/p>\n<p>&nbsp;<\/p>\n<p><em>Das kalte Eisen des Dezembers<\/em><br \/>\n<em> hallt am Pfahl,<\/em><br \/>\n<em> mit harter Faust<\/em><br \/>\n<em> vom Wind geschlagen.<\/em><br \/>\n<em> Die F\u00e4hre eingefroren.<\/em><br \/>\n<em> Fischk\u00e4sten, bereift,<\/em><br \/>\n<em> von M\u00f6wen bev\u00f6lkert.<\/em><\/p>\n<p><em>Am bl\u00e4tterdunstigen Feuer,<\/em><br \/>\n<em> die Pelzm\u00fctze<\/em><br \/>\n<em> tief \u00fcber die Ohren gezogen,<\/em><br \/>\n<em> hocken fremde Soldaten.<\/em><\/p>\n<p><em>In d\u00fcnnen zerfransten M\u00e4nteln<\/em><br \/>\n<em> Gefangene<\/em><br \/>\n<em> um eine Eiche geschart.<\/em><br \/>\n<em> Sie blicken zum Fluss.<\/em><br \/>\n<em> Zwei Frauen<\/em><br \/>\n<em> in schneeverkrusteten Schaffelljacken<\/em><br \/>\n<em> gehen nach Norden<\/em><br \/>\n<em> \u00fcber das Eis.<\/em><\/p>\n<p>Peter Huchel, Winter<em>.<\/em><\/p>\n<p>&nbsp;<\/p>\n","protected":false},"excerpt":{"rendered":"<p>Die vergangene Nacht war die l\u00e4ngste des Jahres. Oder ist es die kommende Nacht? Das hei\u00dft jedenfalls Wintersonnenwende und gibt Anlass zu Freude: Die Tage werden wieder l\u00e4nger! Die M\u00e4rchen und Mythen haben immer wieder Geschichten f\u00fcr die Ph\u00e4nomene der Erde gefunden, etwa f\u00fcr Tag und Nacht. Ich sp\u00fcrte eine Erz\u00e4hlung aus der vedischen Literatur [&hellip;]<\/p>\n","protected":false},"author":1,"featured_media":0,"comment_status":"closed","ping_status":"closed","sticky":false,"template":"","format":"standard","meta":{"footnotes":""},"categories":[45],"tags":[203,1462],"class_list":["post-20257","post","type-post","status-publish","format-standard","hentry","category-phaenomene","tag-nacht","tag-winter"],"yoast_head":"<!-- This site is optimized with the Yoast SEO plugin v27.3 - https:\/\/yoast.com\/product\/yoast-seo-wordpress\/ -->\n<title>Die l\u00e4ngste Nacht - manipogo<\/title>\n<meta name=\"robots\" content=\"index, follow, max-snippet:-1, max-image-preview:large, max-video-preview:-1\" \/>\n<link rel=\"canonical\" href=\"https:\/\/manipogo.de\/?p=20257\" \/>\n<meta property=\"og:locale\" content=\"de_DE\" \/>\n<meta property=\"og:type\" content=\"article\" \/>\n<meta property=\"og:title\" content=\"Die l\u00e4ngste Nacht - manipogo\" \/>\n<meta property=\"og:description\" content=\"Die vergangene Nacht war die l\u00e4ngste des Jahres. Oder ist es die kommende Nacht? Das hei\u00dft jedenfalls Wintersonnenwende und gibt Anlass zu Freude: Die Tage werden wieder l\u00e4nger! Die M\u00e4rchen und Mythen haben immer wieder Geschichten f\u00fcr die Ph\u00e4nomene der Erde gefunden, etwa f\u00fcr Tag und Nacht. Ich sp\u00fcrte eine Erz\u00e4hlung aus der vedischen Literatur [&hellip;]\" \/>\n<meta property=\"og:url\" content=\"https:\/\/manipogo.de\/?p=20257\" \/>\n<meta property=\"og:site_name\" content=\"manipogo\" \/>\n<meta property=\"article:published_time\" content=\"2020-12-21T23:25:46+00:00\" \/>\n<meta property=\"og:image\" content=\"http:\/\/manipogo.de\/wp-content\/uploads\/2018-09-28-04.46.47-1-3.jpg\" \/>\n<meta name=\"author\" content=\"web108\" \/>\n<meta name=\"twitter:card\" content=\"summary_large_image\" \/>\n<meta name=\"twitter:label1\" content=\"Verfasst von\" \/>\n\t<meta name=\"twitter:data1\" content=\"web108\" \/>\n\t<meta name=\"twitter:label2\" content=\"Gesch\u00e4tzte Lesezeit\" \/>\n\t<meta name=\"twitter:data2\" content=\"2\u00a0Minuten\" \/>\n<script type=\"application\/ld+json\" class=\"yoast-schema-graph\">{\"@context\":\"https:\\\/\\\/schema.org\",\"@graph\":[{\"@type\":\"Article\",\"@id\":\"https:\\\/\\\/manipogo.de\\\/?p=20257#article\",\"isPartOf\":{\"@id\":\"https:\\\/\\\/manipogo.de\\\/?p=20257\"},\"author\":{\"name\":\"web108\",\"@id\":\"https:\\\/\\\/manipogo.de\\\/#\\\/schema\\\/person\\\/991913de0e39267877f234553fd7f58d\"},\"headline\":\"Die l\u00e4ngste Nacht\",\"datePublished\":\"2020-12-21T23:25:46+00:00\",\"mainEntityOfPage\":{\"@id\":\"https:\\\/\\\/manipogo.de\\\/?p=20257\"},\"wordCount\":371,\"image\":{\"@id\":\"https:\\\/\\\/manipogo.de\\\/?p=20257#primaryimage\"},\"thumbnailUrl\":\"http:\\\/\\\/manipogo.de\\\/wp-content\\\/uploads\\\/2018-09-28-04.46.47-1-3.jpg\",\"keywords\":[\"Nacht\",\"Winter\"],\"articleSection\":[\"Ph\u00e4nomene\"],\"inLanguage\":\"de\"},{\"@type\":\"WebPage\",\"@id\":\"https:\\\/\\\/manipogo.de\\\/?p=20257\",\"url\":\"https:\\\/\\\/manipogo.de\\\/?p=20257\",\"name\":\"Die l\u00e4ngste Nacht - manipogo\",\"isPartOf\":{\"@id\":\"https:\\\/\\\/manipogo.de\\\/#website\"},\"primaryImageOfPage\":{\"@id\":\"https:\\\/\\\/manipogo.de\\\/?p=20257#primaryimage\"},\"image\":{\"@id\":\"https:\\\/\\\/manipogo.de\\\/?p=20257#primaryimage\"},\"thumbnailUrl\":\"http:\\\/\\\/manipogo.de\\\/wp-content\\\/uploads\\\/2018-09-28-04.46.47-1-3.jpg\",\"datePublished\":\"2020-12-21T23:25:46+00:00\",\"author\":{\"@id\":\"https:\\\/\\\/manipogo.de\\\/#\\\/schema\\\/person\\\/991913de0e39267877f234553fd7f58d\"},\"breadcrumb\":{\"@id\":\"https:\\\/\\\/manipogo.de\\\/?p=20257#breadcrumb\"},\"inLanguage\":\"de\",\"potentialAction\":[{\"@type\":\"ReadAction\",\"target\":[\"https:\\\/\\\/manipogo.de\\\/?p=20257\"]}]},{\"@type\":\"ImageObject\",\"inLanguage\":\"de\",\"@id\":\"https:\\\/\\\/manipogo.de\\\/?p=20257#primaryimage\",\"url\":\"http:\\\/\\\/manipogo.de\\\/wp-content\\\/uploads\\\/2018-09-28-04.46.47-1-3.jpg\",\"contentUrl\":\"http:\\\/\\\/manipogo.de\\\/wp-content\\\/uploads\\\/2018-09-28-04.46.47-1-3.jpg\"},{\"@type\":\"BreadcrumbList\",\"@id\":\"https:\\\/\\\/manipogo.de\\\/?p=20257#breadcrumb\",\"itemListElement\":[{\"@type\":\"ListItem\",\"position\":1,\"name\":\"Startseite\",\"item\":\"https:\\\/\\\/manipogo.de\\\/\"},{\"@type\":\"ListItem\",\"position\":2,\"name\":\"Die l\u00e4ngste Nacht\"}]},{\"@type\":\"WebSite\",\"@id\":\"https:\\\/\\\/manipogo.de\\\/#website\",\"url\":\"https:\\\/\\\/manipogo.de\\\/\",\"name\":\"manipogo\",\"description\":\"Gott und die Welt\",\"potentialAction\":[{\"@type\":\"SearchAction\",\"target\":{\"@type\":\"EntryPoint\",\"urlTemplate\":\"https:\\\/\\\/manipogo.de\\\/?s={search_term_string}\"},\"query-input\":{\"@type\":\"PropertyValueSpecification\",\"valueRequired\":true,\"valueName\":\"search_term_string\"}}],\"inLanguage\":\"de\"},{\"@type\":\"Person\",\"@id\":\"https:\\\/\\\/manipogo.de\\\/#\\\/schema\\\/person\\\/991913de0e39267877f234553fd7f58d\",\"name\":\"web108\",\"url\":\"https:\\\/\\\/manipogo.de\\\/?author=1\"}]}<\/script>\n<!-- \/ Yoast SEO plugin. -->","yoast_head_json":{"title":"Die l\u00e4ngste Nacht - manipogo","robots":{"index":"index","follow":"follow","max-snippet":"max-snippet:-1","max-image-preview":"max-image-preview:large","max-video-preview":"max-video-preview:-1"},"canonical":"https:\/\/manipogo.de\/?p=20257","og_locale":"de_DE","og_type":"article","og_title":"Die l\u00e4ngste Nacht - manipogo","og_description":"Die vergangene Nacht war die l\u00e4ngste des Jahres. Oder ist es die kommende Nacht? Das hei\u00dft jedenfalls Wintersonnenwende und gibt Anlass zu Freude: Die Tage werden wieder l\u00e4nger! Die M\u00e4rchen und Mythen haben immer wieder Geschichten f\u00fcr die Ph\u00e4nomene der Erde gefunden, etwa f\u00fcr Tag und Nacht. Ich sp\u00fcrte eine Erz\u00e4hlung aus der vedischen Literatur [&hellip;]","og_url":"https:\/\/manipogo.de\/?p=20257","og_site_name":"manipogo","article_published_time":"2020-12-21T23:25:46+00:00","og_image":[{"url":"http:\/\/manipogo.de\/wp-content\/uploads\/2018-09-28-04.46.47-1-3.jpg","type":"","width":"","height":""}],"author":"web108","twitter_card":"summary_large_image","twitter_misc":{"Verfasst von":"web108","Gesch\u00e4tzte Lesezeit":"2\u00a0Minuten"},"schema":{"@context":"https:\/\/schema.org","@graph":[{"@type":"Article","@id":"https:\/\/manipogo.de\/?p=20257#article","isPartOf":{"@id":"https:\/\/manipogo.de\/?p=20257"},"author":{"name":"web108","@id":"https:\/\/manipogo.de\/#\/schema\/person\/991913de0e39267877f234553fd7f58d"},"headline":"Die l\u00e4ngste Nacht","datePublished":"2020-12-21T23:25:46+00:00","mainEntityOfPage":{"@id":"https:\/\/manipogo.de\/?p=20257"},"wordCount":371,"image":{"@id":"https:\/\/manipogo.de\/?p=20257#primaryimage"},"thumbnailUrl":"http:\/\/manipogo.de\/wp-content\/uploads\/2018-09-28-04.46.47-1-3.jpg","keywords":["Nacht","Winter"],"articleSection":["Ph\u00e4nomene"],"inLanguage":"de"},{"@type":"WebPage","@id":"https:\/\/manipogo.de\/?p=20257","url":"https:\/\/manipogo.de\/?p=20257","name":"Die l\u00e4ngste Nacht - manipogo","isPartOf":{"@id":"https:\/\/manipogo.de\/#website"},"primaryImageOfPage":{"@id":"https:\/\/manipogo.de\/?p=20257#primaryimage"},"image":{"@id":"https:\/\/manipogo.de\/?p=20257#primaryimage"},"thumbnailUrl":"http:\/\/manipogo.de\/wp-content\/uploads\/2018-09-28-04.46.47-1-3.jpg","datePublished":"2020-12-21T23:25:46+00:00","author":{"@id":"https:\/\/manipogo.de\/#\/schema\/person\/991913de0e39267877f234553fd7f58d"},"breadcrumb":{"@id":"https:\/\/manipogo.de\/?p=20257#breadcrumb"},"inLanguage":"de","potentialAction":[{"@type":"ReadAction","target":["https:\/\/manipogo.de\/?p=20257"]}]},{"@type":"ImageObject","inLanguage":"de","@id":"https:\/\/manipogo.de\/?p=20257#primaryimage","url":"http:\/\/manipogo.de\/wp-content\/uploads\/2018-09-28-04.46.47-1-3.jpg","contentUrl":"http:\/\/manipogo.de\/wp-content\/uploads\/2018-09-28-04.46.47-1-3.jpg"},{"@type":"BreadcrumbList","@id":"https:\/\/manipogo.de\/?p=20257#breadcrumb","itemListElement":[{"@type":"ListItem","position":1,"name":"Startseite","item":"https:\/\/manipogo.de\/"},{"@type":"ListItem","position":2,"name":"Die l\u00e4ngste Nacht"}]},{"@type":"WebSite","@id":"https:\/\/manipogo.de\/#website","url":"https:\/\/manipogo.de\/","name":"manipogo","description":"Gott und die Welt","potentialAction":[{"@type":"SearchAction","target":{"@type":"EntryPoint","urlTemplate":"https:\/\/manipogo.de\/?s={search_term_string}"},"query-input":{"@type":"PropertyValueSpecification","valueRequired":true,"valueName":"search_term_string"}}],"inLanguage":"de"},{"@type":"Person","@id":"https:\/\/manipogo.de\/#\/schema\/person\/991913de0e39267877f234553fd7f58d","name":"web108","url":"https:\/\/manipogo.de\/?author=1"}]}},"_links":{"self":[{"href":"https:\/\/manipogo.de\/index.php?rest_route=\/wp\/v2\/posts\/20257","targetHints":{"allow":["GET"]}}],"collection":[{"href":"https:\/\/manipogo.de\/index.php?rest_route=\/wp\/v2\/posts"}],"about":[{"href":"https:\/\/manipogo.de\/index.php?rest_route=\/wp\/v2\/types\/post"}],"author":[{"embeddable":true,"href":"https:\/\/manipogo.de\/index.php?rest_route=\/wp\/v2\/users\/1"}],"replies":[{"embeddable":true,"href":"https:\/\/manipogo.de\/index.php?rest_route=%2Fwp%2Fv2%2Fcomments&post=20257"}],"version-history":[{"count":11,"href":"https:\/\/manipogo.de\/index.php?rest_route=\/wp\/v2\/posts\/20257\/revisions"}],"predecessor-version":[{"id":20467,"href":"https:\/\/manipogo.de\/index.php?rest_route=\/wp\/v2\/posts\/20257\/revisions\/20467"}],"wp:attachment":[{"href":"https:\/\/manipogo.de\/index.php?rest_route=%2Fwp%2Fv2%2Fmedia&parent=20257"}],"wp:term":[{"taxonomy":"category","embeddable":true,"href":"https:\/\/manipogo.de\/index.php?rest_route=%2Fwp%2Fv2%2Fcategories&post=20257"},{"taxonomy":"post_tag","embeddable":true,"href":"https:\/\/manipogo.de\/index.php?rest_route=%2Fwp%2Fv2%2Ftags&post=20257"}],"curies":[{"name":"wp","href":"https:\/\/api.w.org\/{rel}","templated":true}]}}