{"id":20306,"date":"2021-01-09T00:23:18","date_gmt":"2021-01-08T23:23:18","guid":{"rendered":"http:\/\/manipogo.de\/?p=20306"},"modified":"2021-01-06T23:04:59","modified_gmt":"2021-01-06T22:04:59","slug":"tiger-braucht-ein-fahrrad","status":"publish","type":"post","link":"https:\/\/manipogo.de\/?p=20306","title":{"rendered":"Tiger braucht ein Fahrrad"},"content":{"rendered":"<p><em>Der kleine Tiger braucht ein Fahrrad<\/em> nennt sich das Kinderbuch von Janosch genau, das 1992 im Diogenes-Verlag herauskam. Es ist nat\u00fcrlich ganz Janosch, jedoch ungew\u00f6hnlich didaktisch gehalten, was aber sinnvoll ist, da Kinder lernen sollen, einen Helm zu tragen und die Verkehrsregeln einzuhalten. Kinder und das Rad \u2014 ein gutes Thema. \u00a0 <!--more--><\/p>\n<p><a href=\"https:\/\/manipogo.de\/wp-content\/uploads\/063-6.jpg\" rel=\"attachment wp-att-20310\"><img loading=\"lazy\" decoding=\"async\" class=\"alignright size-medium wp-image-20310\" src=\"https:\/\/manipogo.de\/wp-content\/uploads\/063-6-300x200.jpg\" alt=\"063\" width=\"300\" height=\"200\" srcset=\"https:\/\/manipogo.de\/wp-content\/uploads\/063-6-300x200.jpg 300w, https:\/\/manipogo.de\/wp-content\/uploads\/063-6-768x512.jpg 768w, https:\/\/manipogo.de\/wp-content\/uploads\/063-6-1024x683.jpg 1024w\" sizes=\"auto, (max-width: 300px) 100vw, 300px\" \/><\/a>Gerade las ich bei <em>Wikipedia<\/em> erstaunt, dass Janosch, der im M\u00e4rz 90 wird, sich als Schlesier empfindet. Geboren wurde er im damaligen Hindenburg, das nun Zabrze ist. Das liegt \u00f6stlich von Gleiwitz, doch ich war vergangenen Sommer weiter s\u00fcdlich vorbeigefahren; meine Gro\u00dfeltern v\u00e4terlicherseits wurden in Kattowitz geboren. Heute lebt der Autor von gefeierten Kinderb\u00fcchern auf Teneriffa. Im Tiger-Buch hei\u00dft es so poetisch: \u00bbEr lebt und arbeitet auf einer einsamen Insel.\u00ab (<em>Illustration: Haus im Dorf meiner schlesischen Urgro\u00dfeltern<\/em>)<\/p>\n<p>Teneriffa mag 1992 einsam gewesen sein, heute aber nicht mehr. Und auch hierzulande hat sich viel ge\u00e4ndert. Der Verkehr hat stark zugenommen. Oma und Opa sind im schicken Mercedes unterwegs, das sind dicke Fahrzeuge, und die Enkelin hat auch schon einen Mini. Alle fahren wie wild, und kein <a href=\"https:\/\/manipogo.de\/wp-content\/uploads\/DSCN4818.jpg\" rel=\"attachment wp-att-20312\"><img loading=\"lazy\" decoding=\"async\" class=\"alignleft size-medium wp-image-20312\" src=\"https:\/\/manipogo.de\/wp-content\/uploads\/DSCN4818-300x262.jpg\" alt=\"DSCN4818\" width=\"300\" height=\"262\" srcset=\"https:\/\/manipogo.de\/wp-content\/uploads\/DSCN4818-300x262.jpg 300w, https:\/\/manipogo.de\/wp-content\/uploads\/DSCN4818.jpg 540w\" sizes=\"auto, (max-width: 300px) 100vw, 300px\" \/><\/a>Wunder, dass Eltern Angst haben, ihr Kind mit dem Rad auf den Schulweg zu schicken. Also werden \u00e4ngstliche Eltern zu Taxifahrern und liefern ihr Kind an der Schulpforte ab und holen es sp\u00e4ter wieder. <em>K\u00f6nig Kind<\/em> hatte ich einmal einen Beitrag f\u00fcr die Futura 9 genannt, denn wie Kronpr\u00e4tendenten sitzen sie im Fonds eines gro\u00dfen Fahrzeugs und lassen, gesteuert vom Papa, die Stadtlandschaft an sich vor\u00fcberziehen. (<em>Illustration: Kinderrad aus unserer Sammlung in Rehetobel\/Appenzell-Ausserrhoden<\/em>)<\/p>\n<p>Weil Kinder wenig Fahrrad fahren, sich viele S\u00fc\u00dfigkeiten einschieben und viel mit ihrem Handy spielen, werden sie dick. Fast 9 Prozent der Kinder zwischen 3 und 17 Jahren sind \u00fcbergewichtig, 6 Prozent sind sogar adip\u00f6s. Zwei Drittel der deutschen M\u00e4nner und die H\u00e4lfte der Frauen sind zu schwer. Auch sie lesen zu viel im Internet, essen zu gut und fahren Auto oder E-Bike. Wer als Kind schon \u00fcbergewichtig ist, bleibt es meist auch als Erwachsener. Die Folge sind Zivilisationskrankheiten.<\/p>\n<p><a href=\"https:\/\/manipogo.de\/wp-content\/uploads\/DSCN2072.jpg\" rel=\"attachment wp-att-20315\"><img loading=\"lazy\" decoding=\"async\" class=\"alignright size-medium wp-image-20315\" src=\"https:\/\/manipogo.de\/wp-content\/uploads\/DSCN2072-300x225.jpg\" alt=\"DSCN2072\" width=\"300\" height=\"225\" srcset=\"https:\/\/manipogo.de\/wp-content\/uploads\/DSCN2072-300x225.jpg 300w, https:\/\/manipogo.de\/wp-content\/uploads\/DSCN2072-768x576.jpg 768w, https:\/\/manipogo.de\/wp-content\/uploads\/DSCN2072-1024x768.jpg 1024w\" sizes=\"auto, (max-width: 300px) 100vw, 300px\" \/><\/a>Ein R\u00fcckweg ist nicht vorstellbar. Die Welt hat sich dem Automobil unterworfen, und alle anderen umweltgerechteren Bewegungsformen werden blo\u00df geduldet. Die St\u00e4dte sind aufs Auto zugeschnitten. Man muss einmal <em>Die Unwirtlichkeit der<\/em> <em>St\u00e4dte<\/em> lesen, das Alexander Mitscherlich schon 1965 geschrieben hat; das ist aber ein extra Thema, ich stelle das Buch noch vor.<\/p>\n<p>K\u00fcrzlich fand ich ein wunderbares Zitat von Gottfried Seume (1763-1810), der 1802 in neun Monaten zu Fu\u00df von Leipzig nach Syrakus auf Sizilien marschierte. Seiin Buch dar\u00fcber wurde damals zum Bestseller, und das Zitat hatte meine Mutter abgeschrieben. H\u00e4tte es das Fahrrad damals schon gegeben, Seume w\u00e4re ein begeisterter Radler geworden! Doch erst sieben Jahre nach seinem Tod kam Drais mit seinem Laufrad heraus. Das Zitat:<\/p>\n<p><em>Wer geht, sieht im Durchschnitt anthropologisch und kosmisch mehr, als wer f\u00e4hrt. \u00dcberfeine und unfeine Leute m\u00f6gen ihre Glossemen dar\u00fcber machen nach Belieben; es ist mir ziemlich gleichg\u00fcltig, ich halte den Gang f\u00fcr das Ehrenvollste und Selbst\u00e4ndigste in dem Manne, und bin der Meinung, dass alles besser gehen w\u00fcrde, wenn man mehr ginge &#8230; So wie man im Wagen sitzt, hat man sich sogleich einige Grade von der urspr\u00fcnglichen Humanit\u00e4t entfernt. Fahren zeigt Ohnmacht, Gehen Kraft. Schon deswegen w\u00fcnschte ich nur selten zu fahren, und weil ich aus dem Wagen keinem Armen so bequem und freundlich einen Groschen geben kann.<\/em><\/p>\n<p>\u00dcber Seume habe ich <a href=\"https:\/\/manipogo.de\/?p=6682\" target=\"_blank\">hier mehr<\/a> geschrieben.<\/p>\n<p>&nbsp;<\/p>\n","protected":false},"excerpt":{"rendered":"<p>Der kleine Tiger braucht ein Fahrrad nennt sich das Kinderbuch von Janosch genau, das 1992 im Diogenes-Verlag herauskam. Es ist nat\u00fcrlich ganz Janosch, jedoch ungew\u00f6hnlich didaktisch gehalten, was aber sinnvoll ist, da Kinder lernen sollen, einen Helm zu tragen und die Verkehrsregeln einzuhalten. Kinder und das Rad \u2014 ein gutes Thema. \u00a0<\/p>\n","protected":false},"author":1,"featured_media":0,"comment_status":"closed","ping_status":"closed","sticky":false,"template":"","format":"standard","meta":{"footnotes":""},"categories":[1222],"tags":[81,321],"class_list":["post-20306","post","type-post","status-publish","format-standard","hentry","category-fahrrad","tag-fahrrad","tag-kinder"],"yoast_head":"<!-- This site is optimized with the Yoast SEO plugin v27.3 - https:\/\/yoast.com\/product\/yoast-seo-wordpress\/ -->\n<title>Tiger braucht ein Fahrrad - manipogo<\/title>\n<meta name=\"robots\" content=\"index, follow, max-snippet:-1, max-image-preview:large, max-video-preview:-1\" \/>\n<link rel=\"canonical\" href=\"https:\/\/manipogo.de\/?p=20306\" \/>\n<meta property=\"og:locale\" content=\"de_DE\" \/>\n<meta property=\"og:type\" content=\"article\" \/>\n<meta property=\"og:title\" content=\"Tiger braucht ein Fahrrad - manipogo\" \/>\n<meta property=\"og:description\" content=\"Der kleine Tiger braucht ein Fahrrad nennt sich das Kinderbuch von Janosch genau, das 1992 im Diogenes-Verlag herauskam. Es ist nat\u00fcrlich ganz Janosch, jedoch ungew\u00f6hnlich didaktisch gehalten, was aber sinnvoll ist, da Kinder lernen sollen, einen Helm zu tragen und die Verkehrsregeln einzuhalten. Kinder und das Rad \u2014 ein gutes Thema. \u00a0\" \/>\n<meta property=\"og:url\" content=\"https:\/\/manipogo.de\/?p=20306\" \/>\n<meta property=\"og:site_name\" content=\"manipogo\" \/>\n<meta property=\"article:published_time\" content=\"2021-01-08T23:23:18+00:00\" \/>\n<meta property=\"og:image\" content=\"http:\/\/manipogo.de\/wp-content\/uploads\/063-6-300x200.jpg\" \/>\n<meta name=\"author\" content=\"web108\" \/>\n<meta name=\"twitter:card\" content=\"summary_large_image\" \/>\n<meta name=\"twitter:label1\" content=\"Verfasst von\" \/>\n\t<meta name=\"twitter:data1\" content=\"web108\" \/>\n\t<meta name=\"twitter:label2\" content=\"Gesch\u00e4tzte Lesezeit\" \/>\n\t<meta name=\"twitter:data2\" content=\"3\u00a0Minuten\" \/>\n<script type=\"application\/ld+json\" class=\"yoast-schema-graph\">{\"@context\":\"https:\\\/\\\/schema.org\",\"@graph\":[{\"@type\":\"Article\",\"@id\":\"https:\\\/\\\/manipogo.de\\\/?p=20306#article\",\"isPartOf\":{\"@id\":\"https:\\\/\\\/manipogo.de\\\/?p=20306\"},\"author\":{\"name\":\"web108\",\"@id\":\"https:\\\/\\\/manipogo.de\\\/#\\\/schema\\\/person\\\/991913de0e39267877f234553fd7f58d\"},\"headline\":\"Tiger braucht ein Fahrrad\",\"datePublished\":\"2021-01-08T23:23:18+00:00\",\"mainEntityOfPage\":{\"@id\":\"https:\\\/\\\/manipogo.de\\\/?p=20306\"},\"wordCount\":585,\"image\":{\"@id\":\"https:\\\/\\\/manipogo.de\\\/?p=20306#primaryimage\"},\"thumbnailUrl\":\"http:\\\/\\\/manipogo.de\\\/wp-content\\\/uploads\\\/063-6-300x200.jpg\",\"keywords\":[\"Fahrrad\",\"Kinder\"],\"articleSection\":[\"Fahrrad\"],\"inLanguage\":\"de\"},{\"@type\":\"WebPage\",\"@id\":\"https:\\\/\\\/manipogo.de\\\/?p=20306\",\"url\":\"https:\\\/\\\/manipogo.de\\\/?p=20306\",\"name\":\"Tiger braucht ein Fahrrad - manipogo\",\"isPartOf\":{\"@id\":\"https:\\\/\\\/manipogo.de\\\/#website\"},\"primaryImageOfPage\":{\"@id\":\"https:\\\/\\\/manipogo.de\\\/?p=20306#primaryimage\"},\"image\":{\"@id\":\"https:\\\/\\\/manipogo.de\\\/?p=20306#primaryimage\"},\"thumbnailUrl\":\"http:\\\/\\\/manipogo.de\\\/wp-content\\\/uploads\\\/063-6-300x200.jpg\",\"datePublished\":\"2021-01-08T23:23:18+00:00\",\"author\":{\"@id\":\"https:\\\/\\\/manipogo.de\\\/#\\\/schema\\\/person\\\/991913de0e39267877f234553fd7f58d\"},\"breadcrumb\":{\"@id\":\"https:\\\/\\\/manipogo.de\\\/?p=20306#breadcrumb\"},\"inLanguage\":\"de\",\"potentialAction\":[{\"@type\":\"ReadAction\",\"target\":[\"https:\\\/\\\/manipogo.de\\\/?p=20306\"]}]},{\"@type\":\"ImageObject\",\"inLanguage\":\"de\",\"@id\":\"https:\\\/\\\/manipogo.de\\\/?p=20306#primaryimage\",\"url\":\"https:\\\/\\\/manipogo.de\\\/wp-content\\\/uploads\\\/063-6.jpg\",\"contentUrl\":\"https:\\\/\\\/manipogo.de\\\/wp-content\\\/uploads\\\/063-6.jpg\",\"width\":3264,\"height\":2176},{\"@type\":\"BreadcrumbList\",\"@id\":\"https:\\\/\\\/manipogo.de\\\/?p=20306#breadcrumb\",\"itemListElement\":[{\"@type\":\"ListItem\",\"position\":1,\"name\":\"Startseite\",\"item\":\"https:\\\/\\\/manipogo.de\\\/\"},{\"@type\":\"ListItem\",\"position\":2,\"name\":\"Tiger braucht ein Fahrrad\"}]},{\"@type\":\"WebSite\",\"@id\":\"https:\\\/\\\/manipogo.de\\\/#website\",\"url\":\"https:\\\/\\\/manipogo.de\\\/\",\"name\":\"manipogo\",\"description\":\"Gott und die Welt\",\"potentialAction\":[{\"@type\":\"SearchAction\",\"target\":{\"@type\":\"EntryPoint\",\"urlTemplate\":\"https:\\\/\\\/manipogo.de\\\/?s={search_term_string}\"},\"query-input\":{\"@type\":\"PropertyValueSpecification\",\"valueRequired\":true,\"valueName\":\"search_term_string\"}}],\"inLanguage\":\"de\"},{\"@type\":\"Person\",\"@id\":\"https:\\\/\\\/manipogo.de\\\/#\\\/schema\\\/person\\\/991913de0e39267877f234553fd7f58d\",\"name\":\"web108\",\"url\":\"https:\\\/\\\/manipogo.de\\\/?author=1\"}]}<\/script>\n<!-- \/ Yoast SEO plugin. -->","yoast_head_json":{"title":"Tiger braucht ein Fahrrad - manipogo","robots":{"index":"index","follow":"follow","max-snippet":"max-snippet:-1","max-image-preview":"max-image-preview:large","max-video-preview":"max-video-preview:-1"},"canonical":"https:\/\/manipogo.de\/?p=20306","og_locale":"de_DE","og_type":"article","og_title":"Tiger braucht ein Fahrrad - manipogo","og_description":"Der kleine Tiger braucht ein Fahrrad nennt sich das Kinderbuch von Janosch genau, das 1992 im Diogenes-Verlag herauskam. Es ist nat\u00fcrlich ganz Janosch, jedoch ungew\u00f6hnlich didaktisch gehalten, was aber sinnvoll ist, da Kinder lernen sollen, einen Helm zu tragen und die Verkehrsregeln einzuhalten. Kinder und das Rad \u2014 ein gutes Thema. \u00a0","og_url":"https:\/\/manipogo.de\/?p=20306","og_site_name":"manipogo","article_published_time":"2021-01-08T23:23:18+00:00","og_image":[{"url":"http:\/\/manipogo.de\/wp-content\/uploads\/063-6-300x200.jpg","type":"","width":"","height":""}],"author":"web108","twitter_card":"summary_large_image","twitter_misc":{"Verfasst von":"web108","Gesch\u00e4tzte Lesezeit":"3\u00a0Minuten"},"schema":{"@context":"https:\/\/schema.org","@graph":[{"@type":"Article","@id":"https:\/\/manipogo.de\/?p=20306#article","isPartOf":{"@id":"https:\/\/manipogo.de\/?p=20306"},"author":{"name":"web108","@id":"https:\/\/manipogo.de\/#\/schema\/person\/991913de0e39267877f234553fd7f58d"},"headline":"Tiger braucht ein Fahrrad","datePublished":"2021-01-08T23:23:18+00:00","mainEntityOfPage":{"@id":"https:\/\/manipogo.de\/?p=20306"},"wordCount":585,"image":{"@id":"https:\/\/manipogo.de\/?p=20306#primaryimage"},"thumbnailUrl":"http:\/\/manipogo.de\/wp-content\/uploads\/063-6-300x200.jpg","keywords":["Fahrrad","Kinder"],"articleSection":["Fahrrad"],"inLanguage":"de"},{"@type":"WebPage","@id":"https:\/\/manipogo.de\/?p=20306","url":"https:\/\/manipogo.de\/?p=20306","name":"Tiger braucht ein Fahrrad - manipogo","isPartOf":{"@id":"https:\/\/manipogo.de\/#website"},"primaryImageOfPage":{"@id":"https:\/\/manipogo.de\/?p=20306#primaryimage"},"image":{"@id":"https:\/\/manipogo.de\/?p=20306#primaryimage"},"thumbnailUrl":"http:\/\/manipogo.de\/wp-content\/uploads\/063-6-300x200.jpg","datePublished":"2021-01-08T23:23:18+00:00","author":{"@id":"https:\/\/manipogo.de\/#\/schema\/person\/991913de0e39267877f234553fd7f58d"},"breadcrumb":{"@id":"https:\/\/manipogo.de\/?p=20306#breadcrumb"},"inLanguage":"de","potentialAction":[{"@type":"ReadAction","target":["https:\/\/manipogo.de\/?p=20306"]}]},{"@type":"ImageObject","inLanguage":"de","@id":"https:\/\/manipogo.de\/?p=20306#primaryimage","url":"https:\/\/manipogo.de\/wp-content\/uploads\/063-6.jpg","contentUrl":"https:\/\/manipogo.de\/wp-content\/uploads\/063-6.jpg","width":3264,"height":2176},{"@type":"BreadcrumbList","@id":"https:\/\/manipogo.de\/?p=20306#breadcrumb","itemListElement":[{"@type":"ListItem","position":1,"name":"Startseite","item":"https:\/\/manipogo.de\/"},{"@type":"ListItem","position":2,"name":"Tiger braucht ein Fahrrad"}]},{"@type":"WebSite","@id":"https:\/\/manipogo.de\/#website","url":"https:\/\/manipogo.de\/","name":"manipogo","description":"Gott und die Welt","potentialAction":[{"@type":"SearchAction","target":{"@type":"EntryPoint","urlTemplate":"https:\/\/manipogo.de\/?s={search_term_string}"},"query-input":{"@type":"PropertyValueSpecification","valueRequired":true,"valueName":"search_term_string"}}],"inLanguage":"de"},{"@type":"Person","@id":"https:\/\/manipogo.de\/#\/schema\/person\/991913de0e39267877f234553fd7f58d","name":"web108","url":"https:\/\/manipogo.de\/?author=1"}]}},"_links":{"self":[{"href":"https:\/\/manipogo.de\/index.php?rest_route=\/wp\/v2\/posts\/20306","targetHints":{"allow":["GET"]}}],"collection":[{"href":"https:\/\/manipogo.de\/index.php?rest_route=\/wp\/v2\/posts"}],"about":[{"href":"https:\/\/manipogo.de\/index.php?rest_route=\/wp\/v2\/types\/post"}],"author":[{"embeddable":true,"href":"https:\/\/manipogo.de\/index.php?rest_route=\/wp\/v2\/users\/1"}],"replies":[{"embeddable":true,"href":"https:\/\/manipogo.de\/index.php?rest_route=%2Fwp%2Fv2%2Fcomments&post=20306"}],"version-history":[{"count":11,"href":"https:\/\/manipogo.de\/index.php?rest_route=\/wp\/v2\/posts\/20306\/revisions"}],"predecessor-version":[{"id":20858,"href":"https:\/\/manipogo.de\/index.php?rest_route=\/wp\/v2\/posts\/20306\/revisions\/20858"}],"wp:attachment":[{"href":"https:\/\/manipogo.de\/index.php?rest_route=%2Fwp%2Fv2%2Fmedia&parent=20306"}],"wp:term":[{"taxonomy":"category","embeddable":true,"href":"https:\/\/manipogo.de\/index.php?rest_route=%2Fwp%2Fv2%2Fcategories&post=20306"},{"taxonomy":"post_tag","embeddable":true,"href":"https:\/\/manipogo.de\/index.php?rest_route=%2Fwp%2Fv2%2Ftags&post=20306"}],"curies":[{"name":"wp","href":"https:\/\/api.w.org\/{rel}","templated":true}]}}