{"id":21581,"date":"2021-07-02T22:01:45","date_gmt":"2021-07-02T20:01:45","guid":{"rendered":"http:\/\/manipogo.de\/?p=21581"},"modified":"2021-06-11T22:14:47","modified_gmt":"2021-06-11T20:14:47","slug":"als-schlehmihl-nach-warschau-ging","status":"publish","type":"post","link":"https:\/\/manipogo.de\/?p=21581","title":{"rendered":"Als Schlehmihl nach Warschau ging"},"content":{"rendered":"<p>Isaac Bashevis Singer kam auf <em>manipogo<\/em> schon \u00f6fter vor. Seine Geschichte mit dem obengenannten Titel zog mich durch ihre Absurdit\u00e4t an, \u00fcber die nachzudenken war, denn sie schien so logisch, so unausweichlich. Auch das Verr\u00fccktsein ist manchmal eindeutig. Schlehmihl will also nach Warschau, und nun schauen wir, ob er da ankommt &#8230;<!--more--><\/p>\n<p><a href=\"https:\/\/manipogo.de\/wp-content\/uploads\/OIP.lYi2ScHUxQdO8wg1bW8rTgHaJ_.jpg\" rel=\"attachment wp-att-21582\"><img loading=\"lazy\" decoding=\"async\" class=\"alignright wp-image-21582\" src=\"https:\/\/manipogo.de\/wp-content\/uploads\/OIP.lYi2ScHUxQdO8wg1bW8rTgHaJ_.jpg\" alt=\"OIP.lYi2ScHUxQdO8wg1bW8rTgHaJ_\" width=\"186\" height=\"251\" \/><\/a>Ein Schlehmihl (jiddisch: schlemiel) ist in ostj\u00fcdischen Geschichten ein Narr oder Tollpatsch. Singers Schlehmihl ist verheiratet, hat ein paar Kinder und lebt in Chelm. Von der Stadt Warschau hatte er geh\u00f6rt, von ihren pr\u00e4chtigen H\u00e4usern und Alleen. Da wollte er hin. Was er dort wolle? fragt seine Frau. Nichts, sagt er. \u00bbWas will ich schon in Chelm? Auch nichts.\u00ab<\/p>\n<p>Chelm ist eine Stadt in Polen an der Grenze zur Ukraine. Damals, vor dem Zweiten Weltkrieg, war sie vielleicht klein; heute hat sie 65.000 Einwohner. Am 1. Januar 1940 errichteten die Nationalsozialisten dort ein Ghetto und schickten alle Juden Chelms ins nahegelegene Vernichtungslager Sobibor: in den Tod. \u2014 Als ich anfing zu schreiben, fiel mir pl\u00f6tzlich der Name Shmuel Rhodensky (1904-1989) ein. Er hatte 1968 die Hauptrolle im Musikal <em>Anatevka<\/em> und wurde bejubelt (<em>rechts oben ein Szenenbild, passend zu Schlehmihls Reise, links unten ein weiteres<\/em>).<\/p>\n<p>Er war einer der wenigen Juden, die sich in Deutschland in die \u00d6ffentlichkeit trauten; ein anderer war der erfolgreiche Showmaster Hans Rosenthal (1925-1987), der Angeh\u00f6rige bei der Shoah verloren hatte und im Zentralrat der Juden aktiv war. Auf <em>Youtube<\/em> gibt es <a href=\"https:\/\/www.youtube.com\/watch?v=aLvAuWyWx9Q\" target=\"_blank\">eine Sendung aus dem Jahr 1978<\/a> (als Singers Geschichte auf Deutsch erschien). Ein paar Minuten kann man schaffen. Unter dem Film weist jemand darauf hin, dass Rosenthal an jenem 9. November zur Erinnerung an die Reichskristallnacht einen schwarzen Anzug trug.<\/p>\n<p><a href=\"https:\/\/manipogo.de\/wp-content\/uploads\/10581-1160x580-c-default.jpg\" rel=\"attachment wp-att-21587\"><img loading=\"lazy\" decoding=\"async\" class=\"alignleft size-medium wp-image-21587\" src=\"https:\/\/manipogo.de\/wp-content\/uploads\/10581-1160x580-c-default-300x150.jpg\" alt=\"10581-1160x580-c-default\" width=\"300\" height=\"150\" \/><\/a>Aber nun zu Singers Hauptperson. Dalli dalli! Schlehmihl schmiert sich ein paar Brote und wandert los, wird aber schon bald m\u00fcde. Er legt sich hin und stellt vorher seine Schuhe mit den Spitzen in Richtung Reiseziel. Doch ein witziger Schmied dreht sie um. Am n\u00e4chsten Morgen geht Schlehmihl also zur\u00fcck. Vieles kommt ihm \u00bbmerkw\u00fcrdig bekannt\u00ab vor. Was war die L\u00f6sung? \u00bbEs musste zwei Chelms geben, und er war hier im zweiten.\u00ab (Er dachte ja, weitergegangen zu sein; er war fest \u00fcberzeugt.) Dann steht er vor der zweiten Frau Schlehmihl und sagt ihr: \u00bbIch bin nicht Euer Mann.\u00ab Wo dann ihr Mann sei, fragt sie, gibt aber dem vermeintlich Verr\u00fcckten etwas zu Essen.<\/p>\n<p>Der \u00c4ltestenrat will Schlehmihl ins Armenhaus schicken, um moralische Konflikte zu vermeiden. Er darf jedoch auf die Kinder aufpassen, w\u00e4hrend die Frau zum Markt geht, und bekommt sogar Geld daf\u00fcr, das er der Frau gibt. Beide sind zufrieden mit dem Arrangement. Jahre vergehen, und kein zweiter Schlehmihl kommt nach Chelm. Was ist mit dem ersten passiert? Ist er von Menschnfressern verspeist worden, musste er eine D\u00e4monenprinzessin heiraten, fiel er den Rand der Welt hinab? Schlehmihl fragt sich, was seine wirkliche Frau macht. Wartet sie auf ihn oder hat sie einen anderen Schlehmihl genommen? Schlie\u00dflich brummt er vor sich hin:<\/p>\n<p><em>Gehst du weg von Chelm,<\/em><br \/>\n<em>Kommst du zur\u00fcck nach Chelm. <\/em><br \/>\n<em>Bleibst du in Chelm, <\/em><br \/>\n<em>Bist du sicherlich in Chelm.<\/em><br \/>\n<em>Alle Wege f\u00fchren nach Chelm.<\/em><br \/>\n<em>Die ganze Welt ist ein riesiges Chelm.\u00a0<\/em><\/p>\n<p>&nbsp;<\/p>\n","protected":false},"excerpt":{"rendered":"<p>Isaac Bashevis Singer kam auf manipogo schon \u00f6fter vor. Seine Geschichte mit dem obengenannten Titel zog mich durch ihre Absurdit\u00e4t an, \u00fcber die nachzudenken war, denn sie schien so logisch, so unausweichlich. Auch das Verr\u00fccktsein ist manchmal eindeutig. Schlehmihl will also nach Warschau, und nun schauen wir, ob er da ankommt &#8230;<\/p>\n","protected":false},"author":1,"featured_media":0,"comment_status":"closed","ping_status":"closed","sticky":false,"template":"","format":"standard","meta":{"footnotes":""},"categories":[1224],"tags":[1988,1989],"class_list":["post-21581","post","type-post","status-publish","format-standard","hentry","category-literatur","tag-schlehmihl","tag-singer"],"yoast_head":"<!-- This site is optimized with the Yoast SEO plugin v27.3 - https:\/\/yoast.com\/product\/yoast-seo-wordpress\/ -->\n<title>Als Schlehmihl nach Warschau ging - manipogo<\/title>\n<meta name=\"robots\" content=\"index, follow, max-snippet:-1, max-image-preview:large, max-video-preview:-1\" \/>\n<link rel=\"canonical\" href=\"https:\/\/manipogo.de\/?p=21581\" \/>\n<meta property=\"og:locale\" content=\"de_DE\" \/>\n<meta property=\"og:type\" content=\"article\" \/>\n<meta property=\"og:title\" content=\"Als Schlehmihl nach Warschau ging - manipogo\" \/>\n<meta property=\"og:description\" content=\"Isaac Bashevis Singer kam auf manipogo schon \u00f6fter vor. Seine Geschichte mit dem obengenannten Titel zog mich durch ihre Absurdit\u00e4t an, \u00fcber die nachzudenken war, denn sie schien so logisch, so unausweichlich. Auch das Verr\u00fccktsein ist manchmal eindeutig. Schlehmihl will also nach Warschau, und nun schauen wir, ob er da ankommt &#8230;\" \/>\n<meta property=\"og:url\" content=\"https:\/\/manipogo.de\/?p=21581\" \/>\n<meta property=\"og:site_name\" content=\"manipogo\" \/>\n<meta property=\"article:published_time\" content=\"2021-07-02T20:01:45+00:00\" \/>\n<meta property=\"og:image\" content=\"http:\/\/manipogo.de\/wp-content\/uploads\/OIP.lYi2ScHUxQdO8wg1bW8rTgHaJ_.jpg\" \/>\n<meta name=\"author\" content=\"web108\" \/>\n<meta name=\"twitter:card\" content=\"summary_large_image\" \/>\n<meta name=\"twitter:label1\" content=\"Verfasst von\" \/>\n\t<meta name=\"twitter:data1\" content=\"web108\" \/>\n\t<meta name=\"twitter:label2\" content=\"Gesch\u00e4tzte Lesezeit\" \/>\n\t<meta name=\"twitter:data2\" content=\"3\u00a0Minuten\" \/>\n<script type=\"application\/ld+json\" class=\"yoast-schema-graph\">{\"@context\":\"https:\\\/\\\/schema.org\",\"@graph\":[{\"@type\":\"Article\",\"@id\":\"https:\\\/\\\/manipogo.de\\\/?p=21581#article\",\"isPartOf\":{\"@id\":\"https:\\\/\\\/manipogo.de\\\/?p=21581\"},\"author\":{\"name\":\"web108\",\"@id\":\"https:\\\/\\\/manipogo.de\\\/#\\\/schema\\\/person\\\/991913de0e39267877f234553fd7f58d\"},\"headline\":\"Als Schlehmihl nach Warschau ging\",\"datePublished\":\"2021-07-02T20:01:45+00:00\",\"mainEntityOfPage\":{\"@id\":\"https:\\\/\\\/manipogo.de\\\/?p=21581\"},\"wordCount\":537,\"image\":{\"@id\":\"https:\\\/\\\/manipogo.de\\\/?p=21581#primaryimage\"},\"thumbnailUrl\":\"http:\\\/\\\/manipogo.de\\\/wp-content\\\/uploads\\\/OIP.lYi2ScHUxQdO8wg1bW8rTgHaJ_.jpg\",\"keywords\":[\"Schlehmihl\",\"Singer\"],\"articleSection\":[\"Literatur\"],\"inLanguage\":\"de\"},{\"@type\":\"WebPage\",\"@id\":\"https:\\\/\\\/manipogo.de\\\/?p=21581\",\"url\":\"https:\\\/\\\/manipogo.de\\\/?p=21581\",\"name\":\"Als Schlehmihl nach Warschau ging - manipogo\",\"isPartOf\":{\"@id\":\"https:\\\/\\\/manipogo.de\\\/#website\"},\"primaryImageOfPage\":{\"@id\":\"https:\\\/\\\/manipogo.de\\\/?p=21581#primaryimage\"},\"image\":{\"@id\":\"https:\\\/\\\/manipogo.de\\\/?p=21581#primaryimage\"},\"thumbnailUrl\":\"http:\\\/\\\/manipogo.de\\\/wp-content\\\/uploads\\\/OIP.lYi2ScHUxQdO8wg1bW8rTgHaJ_.jpg\",\"datePublished\":\"2021-07-02T20:01:45+00:00\",\"author\":{\"@id\":\"https:\\\/\\\/manipogo.de\\\/#\\\/schema\\\/person\\\/991913de0e39267877f234553fd7f58d\"},\"breadcrumb\":{\"@id\":\"https:\\\/\\\/manipogo.de\\\/?p=21581#breadcrumb\"},\"inLanguage\":\"de\",\"potentialAction\":[{\"@type\":\"ReadAction\",\"target\":[\"https:\\\/\\\/manipogo.de\\\/?p=21581\"]}]},{\"@type\":\"ImageObject\",\"inLanguage\":\"de\",\"@id\":\"https:\\\/\\\/manipogo.de\\\/?p=21581#primaryimage\",\"url\":\"http:\\\/\\\/manipogo.de\\\/wp-content\\\/uploads\\\/OIP.lYi2ScHUxQdO8wg1bW8rTgHaJ_.jpg\",\"contentUrl\":\"http:\\\/\\\/manipogo.de\\\/wp-content\\\/uploads\\\/OIP.lYi2ScHUxQdO8wg1bW8rTgHaJ_.jpg\"},{\"@type\":\"BreadcrumbList\",\"@id\":\"https:\\\/\\\/manipogo.de\\\/?p=21581#breadcrumb\",\"itemListElement\":[{\"@type\":\"ListItem\",\"position\":1,\"name\":\"Startseite\",\"item\":\"https:\\\/\\\/manipogo.de\\\/\"},{\"@type\":\"ListItem\",\"position\":2,\"name\":\"Als Schlehmihl nach Warschau ging\"}]},{\"@type\":\"WebSite\",\"@id\":\"https:\\\/\\\/manipogo.de\\\/#website\",\"url\":\"https:\\\/\\\/manipogo.de\\\/\",\"name\":\"manipogo\",\"description\":\"Gott und die Welt\",\"potentialAction\":[{\"@type\":\"SearchAction\",\"target\":{\"@type\":\"EntryPoint\",\"urlTemplate\":\"https:\\\/\\\/manipogo.de\\\/?s={search_term_string}\"},\"query-input\":{\"@type\":\"PropertyValueSpecification\",\"valueRequired\":true,\"valueName\":\"search_term_string\"}}],\"inLanguage\":\"de\"},{\"@type\":\"Person\",\"@id\":\"https:\\\/\\\/manipogo.de\\\/#\\\/schema\\\/person\\\/991913de0e39267877f234553fd7f58d\",\"name\":\"web108\",\"url\":\"https:\\\/\\\/manipogo.de\\\/?author=1\"}]}<\/script>\n<!-- \/ Yoast SEO plugin. -->","yoast_head_json":{"title":"Als Schlehmihl nach Warschau ging - manipogo","robots":{"index":"index","follow":"follow","max-snippet":"max-snippet:-1","max-image-preview":"max-image-preview:large","max-video-preview":"max-video-preview:-1"},"canonical":"https:\/\/manipogo.de\/?p=21581","og_locale":"de_DE","og_type":"article","og_title":"Als Schlehmihl nach Warschau ging - manipogo","og_description":"Isaac Bashevis Singer kam auf manipogo schon \u00f6fter vor. Seine Geschichte mit dem obengenannten Titel zog mich durch ihre Absurdit\u00e4t an, \u00fcber die nachzudenken war, denn sie schien so logisch, so unausweichlich. Auch das Verr\u00fccktsein ist manchmal eindeutig. Schlehmihl will also nach Warschau, und nun schauen wir, ob er da ankommt &#8230;","og_url":"https:\/\/manipogo.de\/?p=21581","og_site_name":"manipogo","article_published_time":"2021-07-02T20:01:45+00:00","og_image":[{"url":"http:\/\/manipogo.de\/wp-content\/uploads\/OIP.lYi2ScHUxQdO8wg1bW8rTgHaJ_.jpg","type":"","width":"","height":""}],"author":"web108","twitter_card":"summary_large_image","twitter_misc":{"Verfasst von":"web108","Gesch\u00e4tzte Lesezeit":"3\u00a0Minuten"},"schema":{"@context":"https:\/\/schema.org","@graph":[{"@type":"Article","@id":"https:\/\/manipogo.de\/?p=21581#article","isPartOf":{"@id":"https:\/\/manipogo.de\/?p=21581"},"author":{"name":"web108","@id":"https:\/\/manipogo.de\/#\/schema\/person\/991913de0e39267877f234553fd7f58d"},"headline":"Als Schlehmihl nach Warschau ging","datePublished":"2021-07-02T20:01:45+00:00","mainEntityOfPage":{"@id":"https:\/\/manipogo.de\/?p=21581"},"wordCount":537,"image":{"@id":"https:\/\/manipogo.de\/?p=21581#primaryimage"},"thumbnailUrl":"http:\/\/manipogo.de\/wp-content\/uploads\/OIP.lYi2ScHUxQdO8wg1bW8rTgHaJ_.jpg","keywords":["Schlehmihl","Singer"],"articleSection":["Literatur"],"inLanguage":"de"},{"@type":"WebPage","@id":"https:\/\/manipogo.de\/?p=21581","url":"https:\/\/manipogo.de\/?p=21581","name":"Als Schlehmihl nach Warschau ging - manipogo","isPartOf":{"@id":"https:\/\/manipogo.de\/#website"},"primaryImageOfPage":{"@id":"https:\/\/manipogo.de\/?p=21581#primaryimage"},"image":{"@id":"https:\/\/manipogo.de\/?p=21581#primaryimage"},"thumbnailUrl":"http:\/\/manipogo.de\/wp-content\/uploads\/OIP.lYi2ScHUxQdO8wg1bW8rTgHaJ_.jpg","datePublished":"2021-07-02T20:01:45+00:00","author":{"@id":"https:\/\/manipogo.de\/#\/schema\/person\/991913de0e39267877f234553fd7f58d"},"breadcrumb":{"@id":"https:\/\/manipogo.de\/?p=21581#breadcrumb"},"inLanguage":"de","potentialAction":[{"@type":"ReadAction","target":["https:\/\/manipogo.de\/?p=21581"]}]},{"@type":"ImageObject","inLanguage":"de","@id":"https:\/\/manipogo.de\/?p=21581#primaryimage","url":"http:\/\/manipogo.de\/wp-content\/uploads\/OIP.lYi2ScHUxQdO8wg1bW8rTgHaJ_.jpg","contentUrl":"http:\/\/manipogo.de\/wp-content\/uploads\/OIP.lYi2ScHUxQdO8wg1bW8rTgHaJ_.jpg"},{"@type":"BreadcrumbList","@id":"https:\/\/manipogo.de\/?p=21581#breadcrumb","itemListElement":[{"@type":"ListItem","position":1,"name":"Startseite","item":"https:\/\/manipogo.de\/"},{"@type":"ListItem","position":2,"name":"Als Schlehmihl nach Warschau ging"}]},{"@type":"WebSite","@id":"https:\/\/manipogo.de\/#website","url":"https:\/\/manipogo.de\/","name":"manipogo","description":"Gott und die Welt","potentialAction":[{"@type":"SearchAction","target":{"@type":"EntryPoint","urlTemplate":"https:\/\/manipogo.de\/?s={search_term_string}"},"query-input":{"@type":"PropertyValueSpecification","valueRequired":true,"valueName":"search_term_string"}}],"inLanguage":"de"},{"@type":"Person","@id":"https:\/\/manipogo.de\/#\/schema\/person\/991913de0e39267877f234553fd7f58d","name":"web108","url":"https:\/\/manipogo.de\/?author=1"}]}},"_links":{"self":[{"href":"https:\/\/manipogo.de\/index.php?rest_route=\/wp\/v2\/posts\/21581","targetHints":{"allow":["GET"]}}],"collection":[{"href":"https:\/\/manipogo.de\/index.php?rest_route=\/wp\/v2\/posts"}],"about":[{"href":"https:\/\/manipogo.de\/index.php?rest_route=\/wp\/v2\/types\/post"}],"author":[{"embeddable":true,"href":"https:\/\/manipogo.de\/index.php?rest_route=\/wp\/v2\/users\/1"}],"replies":[{"embeddable":true,"href":"https:\/\/manipogo.de\/index.php?rest_route=%2Fwp%2Fv2%2Fcomments&post=21581"}],"version-history":[{"count":8,"href":"https:\/\/manipogo.de\/index.php?rest_route=\/wp\/v2\/posts\/21581\/revisions"}],"predecessor-version":[{"id":22518,"href":"https:\/\/manipogo.de\/index.php?rest_route=\/wp\/v2\/posts\/21581\/revisions\/22518"}],"wp:attachment":[{"href":"https:\/\/manipogo.de\/index.php?rest_route=%2Fwp%2Fv2%2Fmedia&parent=21581"}],"wp:term":[{"taxonomy":"category","embeddable":true,"href":"https:\/\/manipogo.de\/index.php?rest_route=%2Fwp%2Fv2%2Fcategories&post=21581"},{"taxonomy":"post_tag","embeddable":true,"href":"https:\/\/manipogo.de\/index.php?rest_route=%2Fwp%2Fv2%2Ftags&post=21581"}],"curies":[{"name":"wp","href":"https:\/\/api.w.org\/{rel}","templated":true}]}}