{"id":22886,"date":"2021-08-28T00:15:54","date_gmt":"2021-08-27T22:15:54","guid":{"rendered":"http:\/\/manipogo.de\/?p=22886"},"modified":"2021-08-14T23:53:32","modified_gmt":"2021-08-14T21:53:32","slug":"der-altmeister-hat-geburtstag","status":"publish","type":"post","link":"https:\/\/manipogo.de\/?p=22886","title":{"rendered":"Der Meister hat Geburtstag"},"content":{"rendered":"<p>Wieder einmal ein Geburtstag Goethes: der zweihundertzweiundsiebzigste. Wir gratulieren! Statt ein paar langer Balladen bietet <em>manipogo<\/em> Sinnspr\u00fcche und Aphorismen des Meisters aus Weimar, des Frankfurters von Geburt, des R\u00f6mers nach Wahl, des fr\u00fchen Kosmopoliten. Goethe hat alles richtig gemacht, scheint uns, und schlau war er, sensibel, philosophisch und weitblickend: eine Zierde Deutschlands!<!--more--><\/p>\n<p>Johann Wolfgang von Goethe aus Frankfurt, geboren dort am 28. August 1749. Zeigen wir die wenigen Bilder aus meinem Bestand, die an ihn erinnern:<\/p>\n<div id=\"attachment_22887\" style=\"width: 550px\" class=\"wp-caption alignleft\"><a href=\"https:\/\/manipogo.de\/wp-content\/uploads\/006-22.jpg\" rel=\"attachment wp-att-22887\"><img loading=\"lazy\" decoding=\"async\" aria-describedby=\"caption-attachment-22887\" class=\"size-full wp-image-22887\" src=\"https:\/\/manipogo.de\/wp-content\/uploads\/006-22.jpg\" alt=\"Das Goethe-Memorial in Seesenheim (Elsass), wo Goethe als junger Mann Friederike liebte\" width=\"540\" height=\"467\" srcset=\"https:\/\/manipogo.de\/wp-content\/uploads\/006-22.jpg 540w, https:\/\/manipogo.de\/wp-content\/uploads\/006-22-300x259.jpg 300w\" sizes=\"auto, (max-width: 540px) 100vw, 540px\" \/><\/a><p id=\"caption-attachment-22887\" class=\"wp-caption-text\">Das Goethe-Memorial in Sessenheim (Elsass), wo Goethe als junger Mann Friederike liebte (gesehen im Mai 2017)<\/p><\/div>\n<div id=\"attachment_22888\" style=\"width: 550px\" class=\"wp-caption alignleft\"><a href=\"https:\/\/manipogo.de\/wp-content\/uploads\/005-25.jpg\" rel=\"attachment wp-att-22888\"><img loading=\"lazy\" decoding=\"async\" aria-describedby=\"caption-attachment-22888\" class=\"size-full wp-image-22888\" src=\"https:\/\/manipogo.de\/wp-content\/uploads\/005-25.jpg\" alt=\"Das Innere des Memorials\" width=\"540\" height=\"396\" srcset=\"https:\/\/manipogo.de\/wp-content\/uploads\/005-25.jpg 540w, https:\/\/manipogo.de\/wp-content\/uploads\/005-25-300x220.jpg 300w\" sizes=\"auto, (max-width: 540px) 100vw, 540px\" \/><\/a><p id=\"caption-attachment-22888\" class=\"wp-caption-text\">Das Innere des Memorials<\/p><\/div>\n<div id=\"attachment_22890\" style=\"width: 550px\" class=\"wp-caption alignleft\"><a href=\"https:\/\/manipogo.de\/wp-content\/uploads\/DSCN0162-1.jpg\" rel=\"attachment wp-att-22890\"><img loading=\"lazy\" decoding=\"async\" aria-describedby=\"caption-attachment-22890\" class=\"size-full wp-image-22890\" src=\"https:\/\/manipogo.de\/wp-content\/uploads\/DSCN0162-1.jpg\" alt=\"Links Goethe, rechts Schiller\" width=\"540\" height=\"363\" srcset=\"https:\/\/manipogo.de\/wp-content\/uploads\/DSCN0162-1.jpg 540w, https:\/\/manipogo.de\/wp-content\/uploads\/DSCN0162-1-300x202.jpg 300w\" sizes=\"auto, (max-width: 540px) 100vw, 540px\" \/><\/a><p id=\"caption-attachment-22890\" class=\"wp-caption-text\">Links Goethe, rechts Schiller<\/p><\/div>\n<div id=\"attachment_22891\" style=\"width: 550px\" class=\"wp-caption alignleft\"><a href=\"https:\/\/manipogo.de\/wp-content\/uploads\/DSCN0408.jpg\" rel=\"attachment wp-att-22891\"><img loading=\"lazy\" decoding=\"async\" aria-describedby=\"caption-attachment-22891\" class=\"size-full wp-image-22891\" src=\"https:\/\/manipogo.de\/wp-content\/uploads\/DSCN0408.jpg\" alt=\"Hier in Schillers Garten in Jena. An dem Tisch tauschten sich Goethe und Schiller h\u00e4ufig aus, vermutlich beim Wein\" width=\"540\" height=\"405\" srcset=\"https:\/\/manipogo.de\/wp-content\/uploads\/DSCN0408.jpg 540w, https:\/\/manipogo.de\/wp-content\/uploads\/DSCN0408-300x225.jpg 300w\" sizes=\"auto, (max-width: 540px) 100vw, 540px\" \/><\/a><p id=\"caption-attachment-22891\" class=\"wp-caption-text\">Hier in Schillers Garten in Jena. An dem Tisch tauschten sich Goethe und Schiller h\u00e4ufig aus, vermutlich beim Wein<\/p><\/div>\n<p>&nbsp;<\/p>\n<p>Ein paar Aphorismen haben wir auch noch aus Goethes Feder:<\/p>\n<p><em>Was auch als Wahrheit oder Fabel<\/em><br \/>\n<em>In tausend B\u00fcchern dir erscheint,<\/em><br \/>\n<em>Das alles ist ein Turm zu Babel,<\/em><br \/>\n<em>Wenn es die Liebe nicht vereint.<\/em><\/p>\n<p><em>Grenzenlose Lebenspein,<\/em><br \/>\n<em>Fast, fast erdr\u00fcckt sie mich!<\/em><br \/>\n<em>Das wollen alle Herren sein,<\/em><br \/>\n<em>Und keiner ist Herr von sich.<\/em><\/p>\n<p><em>Ich w\u00fcnsche mir eine h\u00fcbsche Frau,<\/em><br \/>\n<em>Die nicht alles n\u00e4hme gar zu genau,<\/em><br \/>\n<em>Doch aber zugleich am besten verst\u00e4nde,<\/em><br \/>\n<em>Wie ich mich selbst am besten bef\u00e4nde.<\/em><\/p>\n<p><em>Halte dich nur im stillen rein,<\/em><br \/>\n<em>Und lass es um dich wettern;<\/em><br \/>\n<em>Je mehr du f\u00fchlst, ein Mensch zu sein,<\/em><br \/>\n<em>Desto \u00e4hnlicher bist du den G\u00f6ttern.<\/em><\/p>\n<p><em>Verst\u00e4ndige Leute kannst du irren sehn,<\/em><br \/>\n<em>In Sachen n\u00e4mlich, die sie nicht verstehn.<\/em><\/p>\n<p><em>Das ist doch nur der alte Dreck,<\/em><br \/>\n<em>Werdet doch gescheiter!<\/em><br \/>\n<em>Tretet nicht immer denselben Fleck,<\/em><br \/>\n<em>So geht doch weiter!<\/em><\/p>\n<p><em>Was ist ein Philister?<\/em><br \/>\n<em>Ein hohler Darm,<\/em><br \/>\n<em>Mit Furcht und Hoffnung ausgef\u00fcllt, <\/em><br \/>\n<em>Dass Gott erbarm!<\/em><\/p>\n<p><em>\u00bbSo sei doch h\u00f6flich!\u00ab \u2014 H\u00f6flich mit dem Pack?<\/em><br \/>\n<em>Mit Seide n\u00e4ht man keinen groben Sack.<\/em><\/p>\n<p><em>Lasst euch nur von Pfaffen sagen,<\/em><br \/>\n<em>Was die Kreuzigung eingetragen!<\/em><br \/>\n<em>Niemand kommt zum h\u00f6chsten Flor<\/em><br \/>\n<em>Von Kranz und Orden,<\/em><br \/>\n<em>Wenn einer nicht zuvor<\/em><br \/>\n<em>Derb gedroschen worden.<\/em><br \/>\n<em>Angedenken an das Gute<\/em><br \/>\n<em>H\u00e4lt uns immer frisch bei Mute.<\/em><\/p>\n<p><em>Angedenken an das Sch\u00f6ne<\/em><br \/>\n<em>Ist das Heil der Erdens\u00f6hne.<\/em><\/p>\n<p><em>Angedenken an das Liebe,<\/em><br \/>\n<em>Gl\u00fccklich! wenn&#8217;s lebendig bliebe.<\/em><\/p>\n<p><em>Angedenken an das Eine<\/em><br \/>\n<em>Bleibt das Beste, was ich meine. <\/em><\/p>\n<p>&nbsp;<\/p>\n<p>&nbsp;<\/p>\n<p>&nbsp;<\/p>\n","protected":false},"excerpt":{"rendered":"<p>Wieder einmal ein Geburtstag Goethes: der zweihundertzweiundsiebzigste. Wir gratulieren! Statt ein paar langer Balladen bietet manipogo Sinnspr\u00fcche und Aphorismen des Meisters aus Weimar, des Frankfurters von Geburt, des R\u00f6mers nach Wahl, des fr\u00fchen Kosmopoliten. Goethe hat alles richtig gemacht, scheint uns, und schlau war er, sensibel, philosophisch und weitblickend: eine Zierde Deutschlands!<\/p>\n","protected":false},"author":1,"featured_media":0,"comment_status":"closed","ping_status":"closed","sticky":false,"template":"","format":"standard","meta":{"footnotes":""},"categories":[1224],"tags":[1313,247],"class_list":["post-22886","post","type-post","status-publish","format-standard","hentry","category-literatur","tag-geburtstag","tag-goethe"],"yoast_head":"<!-- This site is optimized with the Yoast SEO plugin v27.3 - https:\/\/yoast.com\/product\/yoast-seo-wordpress\/ -->\n<title>Der Meister hat Geburtstag - manipogo<\/title>\n<meta name=\"robots\" content=\"index, follow, max-snippet:-1, max-image-preview:large, max-video-preview:-1\" \/>\n<link rel=\"canonical\" href=\"https:\/\/manipogo.de\/?p=22886\" \/>\n<meta property=\"og:locale\" content=\"de_DE\" \/>\n<meta property=\"og:type\" content=\"article\" \/>\n<meta property=\"og:title\" content=\"Der Meister hat Geburtstag - manipogo\" \/>\n<meta property=\"og:description\" content=\"Wieder einmal ein Geburtstag Goethes: der zweihundertzweiundsiebzigste. Wir gratulieren! Statt ein paar langer Balladen bietet manipogo Sinnspr\u00fcche und Aphorismen des Meisters aus Weimar, des Frankfurters von Geburt, des R\u00f6mers nach Wahl, des fr\u00fchen Kosmopoliten. Goethe hat alles richtig gemacht, scheint uns, und schlau war er, sensibel, philosophisch und weitblickend: eine Zierde Deutschlands!\" \/>\n<meta property=\"og:url\" content=\"https:\/\/manipogo.de\/?p=22886\" \/>\n<meta property=\"og:site_name\" content=\"manipogo\" \/>\n<meta property=\"article:published_time\" content=\"2021-08-27T22:15:54+00:00\" \/>\n<meta property=\"og:image\" content=\"http:\/\/manipogo.de\/wp-content\/uploads\/006-22.jpg\" \/>\n<meta name=\"author\" content=\"web108\" \/>\n<meta name=\"twitter:card\" content=\"summary_large_image\" \/>\n<meta name=\"twitter:label1\" content=\"Verfasst von\" \/>\n\t<meta name=\"twitter:data1\" content=\"web108\" \/>\n\t<meta name=\"twitter:label2\" content=\"Gesch\u00e4tzte Lesezeit\" \/>\n\t<meta name=\"twitter:data2\" content=\"2\u00a0Minuten\" \/>\n<script type=\"application\/ld+json\" class=\"yoast-schema-graph\">{\"@context\":\"https:\\\/\\\/schema.org\",\"@graph\":[{\"@type\":\"Article\",\"@id\":\"https:\\\/\\\/manipogo.de\\\/?p=22886#article\",\"isPartOf\":{\"@id\":\"https:\\\/\\\/manipogo.de\\\/?p=22886\"},\"author\":{\"name\":\"web108\",\"@id\":\"https:\\\/\\\/manipogo.de\\\/#\\\/schema\\\/person\\\/991913de0e39267877f234553fd7f58d\"},\"headline\":\"Der Meister hat Geburtstag\",\"datePublished\":\"2021-08-27T22:15:54+00:00\",\"mainEntityOfPage\":{\"@id\":\"https:\\\/\\\/manipogo.de\\\/?p=22886\"},\"wordCount\":406,\"image\":{\"@id\":\"https:\\\/\\\/manipogo.de\\\/?p=22886#primaryimage\"},\"thumbnailUrl\":\"http:\\\/\\\/manipogo.de\\\/wp-content\\\/uploads\\\/006-22.jpg\",\"keywords\":[\"Geburtstag\",\"Goethe\"],\"articleSection\":[\"Literatur\"],\"inLanguage\":\"de\"},{\"@type\":\"WebPage\",\"@id\":\"https:\\\/\\\/manipogo.de\\\/?p=22886\",\"url\":\"https:\\\/\\\/manipogo.de\\\/?p=22886\",\"name\":\"Der Meister hat Geburtstag - manipogo\",\"isPartOf\":{\"@id\":\"https:\\\/\\\/manipogo.de\\\/#website\"},\"primaryImageOfPage\":{\"@id\":\"https:\\\/\\\/manipogo.de\\\/?p=22886#primaryimage\"},\"image\":{\"@id\":\"https:\\\/\\\/manipogo.de\\\/?p=22886#primaryimage\"},\"thumbnailUrl\":\"http:\\\/\\\/manipogo.de\\\/wp-content\\\/uploads\\\/006-22.jpg\",\"datePublished\":\"2021-08-27T22:15:54+00:00\",\"author\":{\"@id\":\"https:\\\/\\\/manipogo.de\\\/#\\\/schema\\\/person\\\/991913de0e39267877f234553fd7f58d\"},\"breadcrumb\":{\"@id\":\"https:\\\/\\\/manipogo.de\\\/?p=22886#breadcrumb\"},\"inLanguage\":\"de\",\"potentialAction\":[{\"@type\":\"ReadAction\",\"target\":[\"https:\\\/\\\/manipogo.de\\\/?p=22886\"]}]},{\"@type\":\"ImageObject\",\"inLanguage\":\"de\",\"@id\":\"https:\\\/\\\/manipogo.de\\\/?p=22886#primaryimage\",\"url\":\"http:\\\/\\\/manipogo.de\\\/wp-content\\\/uploads\\\/006-22.jpg\",\"contentUrl\":\"http:\\\/\\\/manipogo.de\\\/wp-content\\\/uploads\\\/006-22.jpg\"},{\"@type\":\"BreadcrumbList\",\"@id\":\"https:\\\/\\\/manipogo.de\\\/?p=22886#breadcrumb\",\"itemListElement\":[{\"@type\":\"ListItem\",\"position\":1,\"name\":\"Startseite\",\"item\":\"https:\\\/\\\/manipogo.de\\\/\"},{\"@type\":\"ListItem\",\"position\":2,\"name\":\"Der Meister hat Geburtstag\"}]},{\"@type\":\"WebSite\",\"@id\":\"https:\\\/\\\/manipogo.de\\\/#website\",\"url\":\"https:\\\/\\\/manipogo.de\\\/\",\"name\":\"manipogo\",\"description\":\"Gott und die Welt\",\"potentialAction\":[{\"@type\":\"SearchAction\",\"target\":{\"@type\":\"EntryPoint\",\"urlTemplate\":\"https:\\\/\\\/manipogo.de\\\/?s={search_term_string}\"},\"query-input\":{\"@type\":\"PropertyValueSpecification\",\"valueRequired\":true,\"valueName\":\"search_term_string\"}}],\"inLanguage\":\"de\"},{\"@type\":\"Person\",\"@id\":\"https:\\\/\\\/manipogo.de\\\/#\\\/schema\\\/person\\\/991913de0e39267877f234553fd7f58d\",\"name\":\"web108\",\"url\":\"https:\\\/\\\/manipogo.de\\\/?author=1\"}]}<\/script>\n<!-- \/ Yoast SEO plugin. -->","yoast_head_json":{"title":"Der Meister hat Geburtstag - manipogo","robots":{"index":"index","follow":"follow","max-snippet":"max-snippet:-1","max-image-preview":"max-image-preview:large","max-video-preview":"max-video-preview:-1"},"canonical":"https:\/\/manipogo.de\/?p=22886","og_locale":"de_DE","og_type":"article","og_title":"Der Meister hat Geburtstag - manipogo","og_description":"Wieder einmal ein Geburtstag Goethes: der zweihundertzweiundsiebzigste. Wir gratulieren! Statt ein paar langer Balladen bietet manipogo Sinnspr\u00fcche und Aphorismen des Meisters aus Weimar, des Frankfurters von Geburt, des R\u00f6mers nach Wahl, des fr\u00fchen Kosmopoliten. Goethe hat alles richtig gemacht, scheint uns, und schlau war er, sensibel, philosophisch und weitblickend: eine Zierde Deutschlands!","og_url":"https:\/\/manipogo.de\/?p=22886","og_site_name":"manipogo","article_published_time":"2021-08-27T22:15:54+00:00","og_image":[{"url":"http:\/\/manipogo.de\/wp-content\/uploads\/006-22.jpg","type":"","width":"","height":""}],"author":"web108","twitter_card":"summary_large_image","twitter_misc":{"Verfasst von":"web108","Gesch\u00e4tzte Lesezeit":"2\u00a0Minuten"},"schema":{"@context":"https:\/\/schema.org","@graph":[{"@type":"Article","@id":"https:\/\/manipogo.de\/?p=22886#article","isPartOf":{"@id":"https:\/\/manipogo.de\/?p=22886"},"author":{"name":"web108","@id":"https:\/\/manipogo.de\/#\/schema\/person\/991913de0e39267877f234553fd7f58d"},"headline":"Der Meister hat Geburtstag","datePublished":"2021-08-27T22:15:54+00:00","mainEntityOfPage":{"@id":"https:\/\/manipogo.de\/?p=22886"},"wordCount":406,"image":{"@id":"https:\/\/manipogo.de\/?p=22886#primaryimage"},"thumbnailUrl":"http:\/\/manipogo.de\/wp-content\/uploads\/006-22.jpg","keywords":["Geburtstag","Goethe"],"articleSection":["Literatur"],"inLanguage":"de"},{"@type":"WebPage","@id":"https:\/\/manipogo.de\/?p=22886","url":"https:\/\/manipogo.de\/?p=22886","name":"Der Meister hat Geburtstag - manipogo","isPartOf":{"@id":"https:\/\/manipogo.de\/#website"},"primaryImageOfPage":{"@id":"https:\/\/manipogo.de\/?p=22886#primaryimage"},"image":{"@id":"https:\/\/manipogo.de\/?p=22886#primaryimage"},"thumbnailUrl":"http:\/\/manipogo.de\/wp-content\/uploads\/006-22.jpg","datePublished":"2021-08-27T22:15:54+00:00","author":{"@id":"https:\/\/manipogo.de\/#\/schema\/person\/991913de0e39267877f234553fd7f58d"},"breadcrumb":{"@id":"https:\/\/manipogo.de\/?p=22886#breadcrumb"},"inLanguage":"de","potentialAction":[{"@type":"ReadAction","target":["https:\/\/manipogo.de\/?p=22886"]}]},{"@type":"ImageObject","inLanguage":"de","@id":"https:\/\/manipogo.de\/?p=22886#primaryimage","url":"http:\/\/manipogo.de\/wp-content\/uploads\/006-22.jpg","contentUrl":"http:\/\/manipogo.de\/wp-content\/uploads\/006-22.jpg"},{"@type":"BreadcrumbList","@id":"https:\/\/manipogo.de\/?p=22886#breadcrumb","itemListElement":[{"@type":"ListItem","position":1,"name":"Startseite","item":"https:\/\/manipogo.de\/"},{"@type":"ListItem","position":2,"name":"Der Meister hat Geburtstag"}]},{"@type":"WebSite","@id":"https:\/\/manipogo.de\/#website","url":"https:\/\/manipogo.de\/","name":"manipogo","description":"Gott und die Welt","potentialAction":[{"@type":"SearchAction","target":{"@type":"EntryPoint","urlTemplate":"https:\/\/manipogo.de\/?s={search_term_string}"},"query-input":{"@type":"PropertyValueSpecification","valueRequired":true,"valueName":"search_term_string"}}],"inLanguage":"de"},{"@type":"Person","@id":"https:\/\/manipogo.de\/#\/schema\/person\/991913de0e39267877f234553fd7f58d","name":"web108","url":"https:\/\/manipogo.de\/?author=1"}]}},"_links":{"self":[{"href":"https:\/\/manipogo.de\/index.php?rest_route=\/wp\/v2\/posts\/22886","targetHints":{"allow":["GET"]}}],"collection":[{"href":"https:\/\/manipogo.de\/index.php?rest_route=\/wp\/v2\/posts"}],"about":[{"href":"https:\/\/manipogo.de\/index.php?rest_route=\/wp\/v2\/types\/post"}],"author":[{"embeddable":true,"href":"https:\/\/manipogo.de\/index.php?rest_route=\/wp\/v2\/users\/1"}],"replies":[{"embeddable":true,"href":"https:\/\/manipogo.de\/index.php?rest_route=%2Fwp%2Fv2%2Fcomments&post=22886"}],"version-history":[{"count":4,"href":"https:\/\/manipogo.de\/index.php?rest_route=\/wp\/v2\/posts\/22886\/revisions"}],"predecessor-version":[{"id":23132,"href":"https:\/\/manipogo.de\/index.php?rest_route=\/wp\/v2\/posts\/22886\/revisions\/23132"}],"wp:attachment":[{"href":"https:\/\/manipogo.de\/index.php?rest_route=%2Fwp%2Fv2%2Fmedia&parent=22886"}],"wp:term":[{"taxonomy":"category","embeddable":true,"href":"https:\/\/manipogo.de\/index.php?rest_route=%2Fwp%2Fv2%2Fcategories&post=22886"},{"taxonomy":"post_tag","embeddable":true,"href":"https:\/\/manipogo.de\/index.php?rest_route=%2Fwp%2Fv2%2Ftags&post=22886"}],"curies":[{"name":"wp","href":"https:\/\/api.w.org\/{rel}","templated":true}]}}