{"id":23163,"date":"2021-09-18T00:38:52","date_gmt":"2021-09-17T22:38:52","guid":{"rendered":"http:\/\/manipogo.de\/?p=23163"},"modified":"2021-08-19T23:09:09","modified_gmt":"2021-08-19T21:09:09","slug":"das-denk-kollektiv","status":"publish","type":"post","link":"https:\/\/manipogo.de\/?p=23163","title":{"rendered":"Das Denk-Kollektiv"},"content":{"rendered":"<p>Standesbewusst, finanziell orientiert, imagebesessen &#8230; M\u00e4nner haben immer so viel zu verlieren. Darum schweigen sie und machen mit. Die M\u00e4nner beherrschen auch die berufsst\u00e4ndischen Organisationen (die der Anw\u00e4lte, \u00c4rzte, Psychologen) sowie die Wissenschaft und die Kirche. Die Wissenschaft darf man getrost als Sekte bezeichnen, die alles abwehrt, was nicht zu ihren Leitlinien passt, und jemand hat erkl\u00e4rt, warum das so ist &#8230;<!--more--><\/p>\n<p><a href=\"https:\/\/manipogo.de\/wp-content\/uploads\/R.b57d32fbcfda2e1129622f160021fe5e.jpg\" rel=\"attachment wp-att-23168\"><img loading=\"lazy\" decoding=\"async\" class=\"alignleft size-thumbnail wp-image-23168\" src=\"https:\/\/manipogo.de\/wp-content\/uploads\/R.b57d32fbcfda2e1129622f160021fe5e-150x150.jpg\" alt=\"R.b57d32fbcfda2e1129622f160021fe5e\" width=\"150\" height=\"150\" \/><\/a>Dieser Jemand hei\u00dft Ludwik Fleck und hat schon 1935 den <em>Denkstil<\/em> und das <em>Denkkollektiv<\/em> eingef\u00fchrt. Er war 1896 in Lemberg in Galizien geboren und arbeitete als Mikrobiologe in Warschau. Im Krieg wurde er ins Lemberger Ghetto und dann mit seiner Familie nach Auschwitz geschickt, wo er schlie\u00dflich in den Labors an einem Impfstoff gegen das Fleckfieber forschte, an dem er auch erkrankte; der Name der Krankheit hat nichts mit seinem Familiennamen zu tun, das war die Ironie des Lebens. Nach dem Krieg war er Professor in Polen und emigrierte 1957 nach Israel, wo er 1961 atarb. An der ETH (Eidgen\u00f6ssische Technische Hochschule) Z\u00fcrich gibt es <a href=\"https:\/\/www.fleckzentrum.ethz.ch\/ueber-uns\/ludwik-fleck\/\" target=\"_blank\">ein Ludwik-Fleck-Zentrum<\/a>.<\/p>\n<p>Ein Passus aus einer j\u00fcngst ver\u00f6ffentlichten Dokorarbeit:<\/p>\n<p><em>Er fragt, welchen \u00bbsozialen Momenten\u00ab eine sich weiterentwickelnde Wissenschaft ausgesetzt ist und welchen \u00dcberpr\u00e4gungen durch die Gesellschaft und durch \u00dcberlieferung sie unterliegt. Dabei f\u00fchrte er die Begriffe\u00a0\u00bbDenkstil\u00ab und Denkkollektiv ein\u00a0\u2014 den Denk-Stil als den intellektuellen Rahmen, innerhalb dessen die Erkenntnis anw\u00e4chst,\u00a0 und das Denk-Kollektiv als die soziale Gruppe, die den Denkstil artikuliert, \u00fcberliefert und fortschreibt. <\/em><br \/>\n<em>Es ist dies der Leitgedanke Flecks und in seinen Augen eine\u00a0\u00bbsimple Wahrheit, dass unsere Kenntnisse viel mehr aus dem Erlernten als aus dem Erkannten bestehen\u00ab. Die Folge sei oftmals ein Weiterbauen auf einem ungepr\u00fcften Fundament &#8230;<\/em><\/p>\n<p>&#8230; das man nicht in Frage stellt, weil man nicht ausgesto\u00dfen werden m\u00f6chte. Der soziale Tod schien auch vielen Angeh\u00f6rigen alter Kulturen\u00a0 schlimmer als der reale Tod. Wir wissen mehr aus dem Erlernten denn aus dem Erkannten, denn wenn das Erkannte dem Erlernten widerspricht, ignorieren wir es. Die Parapsychologie hat auch erst allm\u00e4hlch gelernt, dass es der Wissenschft leicht f\u00e4llt, nicht passende Fakten unter den Tisch fallen zu lassen oder gar nicht anzuschauen.<\/p>\n<p>Der Denkstil gibt den Rahmen vor, \u00bbinnerhalb dessen die Erkenntnis anw\u00e4chst\u00ab &#8230; das hei\u00dft \u00fcbersetzt: Nur das wird akzeptiert, was der g\u00e4ngigen Ansicht nicht widerspricht. Das kann man ruhig Meinungsdiktatur nennen. Alle stecken unter einer Decke, eine Kr\u00e4he hackt der anderen kein Auge aus, \u00c4rzte halten zusammen und Politiker auch, da werden abweichende Meinungen nicht toleriert, und man schafft es sogar, nicht genehme Fakten zu \u00fcbersehen und auszublenden.<\/p>\n<p>Auch im Jornalismus sind alle gut sozialisiert, sprich: dressiert. Die \u00bbSchere im Kopf\u00ab nannte man das fr\u00fcher, als das Layout noch auf Papier gemalt wurde. Heute m\u00fcsste man sagen: der Delete-Knopf im Hirn. Man wei\u00df, was man schreiben kann; man ist so frei, bis an die Grenze zu gehen, aber dar\u00fcber hinaus darf man nicht.<\/p>\n<p>Thomas S. Kuhn hat in seinem wegweisenden Buch \u00fcber wissenschaftliche Revolutionen 1961 geschrieben, dass manchmal jedoch das Kollektiv sich beugen m\u00fcsse. Die Ergebnisse der Quantenmechanik brachen in das alte Weltbild ein, weil sie stichhaltig waren, wenngleich ungeliebt, undalles geriet ins Wanken. Doch der Physik ist es tats\u00e4chlich gelungen, in den fast 100 Jahren seit der Quanten-Revolution deren Ergebnisse auf ein Abstellgleis zu schieben und an anderen irrelevanten Problemen weiterzudenken, die weniger riskant waren, und das k\u00f6nnte man unbewusste Manipulation nennen. Das Denkkollektiv macht alles um es herum platt. Das wirklich Neue wird meist von Au\u00dfenseitern gefunden.<\/p>\n<p>&nbsp;<\/p>\n<p><em>Zitat aus: Helmut Kr\u00e4mer: Spektrum der Zuversicht, Wien, K\u00f6ln, Weimar: 2021, S. 205<\/em><\/p>\n","protected":false},"excerpt":{"rendered":"<p>Standesbewusst, finanziell orientiert, imagebesessen &#8230; M\u00e4nner haben immer so viel zu verlieren. Darum schweigen sie und machen mit. Die M\u00e4nner beherrschen auch die berufsst\u00e4ndischen Organisationen (die der Anw\u00e4lte, \u00c4rzte, Psychologen) sowie die Wissenschaft und die Kirche. Die Wissenschaft darf man getrost als Sekte bezeichnen, die alles abwehrt, was nicht zu ihren Leitlinien passt, und jemand [&hellip;]<\/p>\n","protected":false},"author":1,"featured_media":0,"comment_status":"closed","ping_status":"closed","sticky":false,"template":"","format":"standard","meta":{"footnotes":""},"categories":[45],"tags":[2099,1279],"class_list":["post-23163","post","type-post","status-publish","format-standard","hentry","category-phaenomene","tag-kollektiv","tag-wissenschaft"],"yoast_head":"<!-- This site is optimized with the Yoast SEO plugin v27.3 - https:\/\/yoast.com\/product\/yoast-seo-wordpress\/ -->\n<title>Das Denk-Kollektiv - manipogo<\/title>\n<meta name=\"robots\" content=\"index, follow, max-snippet:-1, max-image-preview:large, max-video-preview:-1\" \/>\n<link rel=\"canonical\" href=\"https:\/\/manipogo.de\/?p=23163\" \/>\n<meta property=\"og:locale\" content=\"de_DE\" \/>\n<meta property=\"og:type\" content=\"article\" \/>\n<meta property=\"og:title\" content=\"Das Denk-Kollektiv - manipogo\" \/>\n<meta property=\"og:description\" content=\"Standesbewusst, finanziell orientiert, imagebesessen &#8230; M\u00e4nner haben immer so viel zu verlieren. Darum schweigen sie und machen mit. Die M\u00e4nner beherrschen auch die berufsst\u00e4ndischen Organisationen (die der Anw\u00e4lte, \u00c4rzte, Psychologen) sowie die Wissenschaft und die Kirche. Die Wissenschaft darf man getrost als Sekte bezeichnen, die alles abwehrt, was nicht zu ihren Leitlinien passt, und jemand [&hellip;]\" \/>\n<meta property=\"og:url\" content=\"https:\/\/manipogo.de\/?p=23163\" \/>\n<meta property=\"og:site_name\" content=\"manipogo\" \/>\n<meta property=\"article:published_time\" content=\"2021-09-17T22:38:52+00:00\" \/>\n<meta property=\"og:image\" content=\"http:\/\/manipogo.de\/wp-content\/uploads\/R.b57d32fbcfda2e1129622f160021fe5e-150x150.jpg\" \/>\n<meta name=\"author\" content=\"web108\" \/>\n<meta name=\"twitter:card\" content=\"summary_large_image\" \/>\n<meta name=\"twitter:label1\" content=\"Verfasst von\" \/>\n\t<meta name=\"twitter:data1\" content=\"web108\" \/>\n\t<meta name=\"twitter:label2\" content=\"Gesch\u00e4tzte Lesezeit\" \/>\n\t<meta name=\"twitter:data2\" content=\"3\u00a0Minuten\" \/>\n<script type=\"application\/ld+json\" class=\"yoast-schema-graph\">{\"@context\":\"https:\\\/\\\/schema.org\",\"@graph\":[{\"@type\":\"Article\",\"@id\":\"https:\\\/\\\/manipogo.de\\\/?p=23163#article\",\"isPartOf\":{\"@id\":\"https:\\\/\\\/manipogo.de\\\/?p=23163\"},\"author\":{\"name\":\"web108\",\"@id\":\"https:\\\/\\\/manipogo.de\\\/#\\\/schema\\\/person\\\/991913de0e39267877f234553fd7f58d\"},\"headline\":\"Das Denk-Kollektiv\",\"datePublished\":\"2021-09-17T22:38:52+00:00\",\"mainEntityOfPage\":{\"@id\":\"https:\\\/\\\/manipogo.de\\\/?p=23163\"},\"wordCount\":598,\"image\":{\"@id\":\"https:\\\/\\\/manipogo.de\\\/?p=23163#primaryimage\"},\"thumbnailUrl\":\"http:\\\/\\\/manipogo.de\\\/wp-content\\\/uploads\\\/R.b57d32fbcfda2e1129622f160021fe5e-150x150.jpg\",\"keywords\":[\"Kollektiv\",\"Wissenschaft\"],\"articleSection\":[\"Ph\u00e4nomene\"],\"inLanguage\":\"de\"},{\"@type\":\"WebPage\",\"@id\":\"https:\\\/\\\/manipogo.de\\\/?p=23163\",\"url\":\"https:\\\/\\\/manipogo.de\\\/?p=23163\",\"name\":\"Das Denk-Kollektiv - manipogo\",\"isPartOf\":{\"@id\":\"https:\\\/\\\/manipogo.de\\\/#website\"},\"primaryImageOfPage\":{\"@id\":\"https:\\\/\\\/manipogo.de\\\/?p=23163#primaryimage\"},\"image\":{\"@id\":\"https:\\\/\\\/manipogo.de\\\/?p=23163#primaryimage\"},\"thumbnailUrl\":\"http:\\\/\\\/manipogo.de\\\/wp-content\\\/uploads\\\/R.b57d32fbcfda2e1129622f160021fe5e-150x150.jpg\",\"datePublished\":\"2021-09-17T22:38:52+00:00\",\"author\":{\"@id\":\"https:\\\/\\\/manipogo.de\\\/#\\\/schema\\\/person\\\/991913de0e39267877f234553fd7f58d\"},\"breadcrumb\":{\"@id\":\"https:\\\/\\\/manipogo.de\\\/?p=23163#breadcrumb\"},\"inLanguage\":\"de\",\"potentialAction\":[{\"@type\":\"ReadAction\",\"target\":[\"https:\\\/\\\/manipogo.de\\\/?p=23163\"]}]},{\"@type\":\"ImageObject\",\"inLanguage\":\"de\",\"@id\":\"https:\\\/\\\/manipogo.de\\\/?p=23163#primaryimage\",\"url\":\"\",\"contentUrl\":\"\"},{\"@type\":\"BreadcrumbList\",\"@id\":\"https:\\\/\\\/manipogo.de\\\/?p=23163#breadcrumb\",\"itemListElement\":[{\"@type\":\"ListItem\",\"position\":1,\"name\":\"Startseite\",\"item\":\"https:\\\/\\\/manipogo.de\\\/\"},{\"@type\":\"ListItem\",\"position\":2,\"name\":\"Das Denk-Kollektiv\"}]},{\"@type\":\"WebSite\",\"@id\":\"https:\\\/\\\/manipogo.de\\\/#website\",\"url\":\"https:\\\/\\\/manipogo.de\\\/\",\"name\":\"manipogo\",\"description\":\"Gott und die Welt\",\"potentialAction\":[{\"@type\":\"SearchAction\",\"target\":{\"@type\":\"EntryPoint\",\"urlTemplate\":\"https:\\\/\\\/manipogo.de\\\/?s={search_term_string}\"},\"query-input\":{\"@type\":\"PropertyValueSpecification\",\"valueRequired\":true,\"valueName\":\"search_term_string\"}}],\"inLanguage\":\"de\"},{\"@type\":\"Person\",\"@id\":\"https:\\\/\\\/manipogo.de\\\/#\\\/schema\\\/person\\\/991913de0e39267877f234553fd7f58d\",\"name\":\"web108\",\"url\":\"https:\\\/\\\/manipogo.de\\\/?author=1\"}]}<\/script>\n<!-- \/ Yoast SEO plugin. -->","yoast_head_json":{"title":"Das Denk-Kollektiv - manipogo","robots":{"index":"index","follow":"follow","max-snippet":"max-snippet:-1","max-image-preview":"max-image-preview:large","max-video-preview":"max-video-preview:-1"},"canonical":"https:\/\/manipogo.de\/?p=23163","og_locale":"de_DE","og_type":"article","og_title":"Das Denk-Kollektiv - manipogo","og_description":"Standesbewusst, finanziell orientiert, imagebesessen &#8230; M\u00e4nner haben immer so viel zu verlieren. Darum schweigen sie und machen mit. Die M\u00e4nner beherrschen auch die berufsst\u00e4ndischen Organisationen (die der Anw\u00e4lte, \u00c4rzte, Psychologen) sowie die Wissenschaft und die Kirche. Die Wissenschaft darf man getrost als Sekte bezeichnen, die alles abwehrt, was nicht zu ihren Leitlinien passt, und jemand [&hellip;]","og_url":"https:\/\/manipogo.de\/?p=23163","og_site_name":"manipogo","article_published_time":"2021-09-17T22:38:52+00:00","og_image":[{"url":"http:\/\/manipogo.de\/wp-content\/uploads\/R.b57d32fbcfda2e1129622f160021fe5e-150x150.jpg","type":"","width":"","height":""}],"author":"web108","twitter_card":"summary_large_image","twitter_misc":{"Verfasst von":"web108","Gesch\u00e4tzte Lesezeit":"3\u00a0Minuten"},"schema":{"@context":"https:\/\/schema.org","@graph":[{"@type":"Article","@id":"https:\/\/manipogo.de\/?p=23163#article","isPartOf":{"@id":"https:\/\/manipogo.de\/?p=23163"},"author":{"name":"web108","@id":"https:\/\/manipogo.de\/#\/schema\/person\/991913de0e39267877f234553fd7f58d"},"headline":"Das Denk-Kollektiv","datePublished":"2021-09-17T22:38:52+00:00","mainEntityOfPage":{"@id":"https:\/\/manipogo.de\/?p=23163"},"wordCount":598,"image":{"@id":"https:\/\/manipogo.de\/?p=23163#primaryimage"},"thumbnailUrl":"http:\/\/manipogo.de\/wp-content\/uploads\/R.b57d32fbcfda2e1129622f160021fe5e-150x150.jpg","keywords":["Kollektiv","Wissenschaft"],"articleSection":["Ph\u00e4nomene"],"inLanguage":"de"},{"@type":"WebPage","@id":"https:\/\/manipogo.de\/?p=23163","url":"https:\/\/manipogo.de\/?p=23163","name":"Das Denk-Kollektiv - manipogo","isPartOf":{"@id":"https:\/\/manipogo.de\/#website"},"primaryImageOfPage":{"@id":"https:\/\/manipogo.de\/?p=23163#primaryimage"},"image":{"@id":"https:\/\/manipogo.de\/?p=23163#primaryimage"},"thumbnailUrl":"http:\/\/manipogo.de\/wp-content\/uploads\/R.b57d32fbcfda2e1129622f160021fe5e-150x150.jpg","datePublished":"2021-09-17T22:38:52+00:00","author":{"@id":"https:\/\/manipogo.de\/#\/schema\/person\/991913de0e39267877f234553fd7f58d"},"breadcrumb":{"@id":"https:\/\/manipogo.de\/?p=23163#breadcrumb"},"inLanguage":"de","potentialAction":[{"@type":"ReadAction","target":["https:\/\/manipogo.de\/?p=23163"]}]},{"@type":"ImageObject","inLanguage":"de","@id":"https:\/\/manipogo.de\/?p=23163#primaryimage","url":"","contentUrl":""},{"@type":"BreadcrumbList","@id":"https:\/\/manipogo.de\/?p=23163#breadcrumb","itemListElement":[{"@type":"ListItem","position":1,"name":"Startseite","item":"https:\/\/manipogo.de\/"},{"@type":"ListItem","position":2,"name":"Das Denk-Kollektiv"}]},{"@type":"WebSite","@id":"https:\/\/manipogo.de\/#website","url":"https:\/\/manipogo.de\/","name":"manipogo","description":"Gott und die Welt","potentialAction":[{"@type":"SearchAction","target":{"@type":"EntryPoint","urlTemplate":"https:\/\/manipogo.de\/?s={search_term_string}"},"query-input":{"@type":"PropertyValueSpecification","valueRequired":true,"valueName":"search_term_string"}}],"inLanguage":"de"},{"@type":"Person","@id":"https:\/\/manipogo.de\/#\/schema\/person\/991913de0e39267877f234553fd7f58d","name":"web108","url":"https:\/\/manipogo.de\/?author=1"}]}},"_links":{"self":[{"href":"https:\/\/manipogo.de\/index.php?rest_route=\/wp\/v2\/posts\/23163","targetHints":{"allow":["GET"]}}],"collection":[{"href":"https:\/\/manipogo.de\/index.php?rest_route=\/wp\/v2\/posts"}],"about":[{"href":"https:\/\/manipogo.de\/index.php?rest_route=\/wp\/v2\/types\/post"}],"author":[{"embeddable":true,"href":"https:\/\/manipogo.de\/index.php?rest_route=\/wp\/v2\/users\/1"}],"replies":[{"embeddable":true,"href":"https:\/\/manipogo.de\/index.php?rest_route=%2Fwp%2Fv2%2Fcomments&post=23163"}],"version-history":[{"count":6,"href":"https:\/\/manipogo.de\/index.php?rest_route=\/wp\/v2\/posts\/23163\/revisions"}],"predecessor-version":[{"id":23204,"href":"https:\/\/manipogo.de\/index.php?rest_route=\/wp\/v2\/posts\/23163\/revisions\/23204"}],"wp:attachment":[{"href":"https:\/\/manipogo.de\/index.php?rest_route=%2Fwp%2Fv2%2Fmedia&parent=23163"}],"wp:term":[{"taxonomy":"category","embeddable":true,"href":"https:\/\/manipogo.de\/index.php?rest_route=%2Fwp%2Fv2%2Fcategories&post=23163"},{"taxonomy":"post_tag","embeddable":true,"href":"https:\/\/manipogo.de\/index.php?rest_route=%2Fwp%2Fv2%2Ftags&post=23163"}],"curies":[{"name":"wp","href":"https:\/\/api.w.org\/{rel}","templated":true}]}}