{"id":23223,"date":"2021-09-19T00:22:04","date_gmt":"2021-09-18T22:22:04","guid":{"rendered":"http:\/\/manipogo.de\/?p=23223"},"modified":"2021-08-23T22:13:41","modified_gmt":"2021-08-23T20:13:41","slug":"der-judenstern","status":"publish","type":"post","link":"https:\/\/manipogo.de\/?p=23223","title":{"rendered":"Der Judenstern"},"content":{"rendered":"<p>Der 19. September vor 80 Jahren war der erste Tag, an dem die Juden in Deutschland ihren gelben Stern anheften mussten. Wer am Tag zuvor noch munter in die Berliner Tram gestioegen war, schlich sich nun, durch den Stern gebrandmarkt, in die Wagen hinein. Die Kennzeichnung als Jude ging der\u00a0 Brandmarkung in den Lagern voraus; planm\u00e4\u00dfig wurde die Ausrottung eines Volkes ins Werk gesetzt.<!--more--><\/p>\n<p>Der Peter Wyden, 1923 als Peter Weidenreich in Augsburg geboren, zeichnete 1992 in seinem Buch <em>Stella <\/em>\u00fcber eine j\u00fcdische Verr\u00e4terin die Jahre des Nationalsozialismus nach und beschreibt die Vernichtung der Juden.<\/p>\n<p><em>Ab dem 19. September durfte sich kein Jude in der \u00d6ffentlichkeit oder bei der Arbeit ohne Kennzeichnung sehen lassen, ohne den gro\u00dfen gelben Davidstern zur Identifizierung &#8230; Das Symbol der \u00c4chtung musste auf der oberen linken Seite der Brust sichtbar aufgen\u00e4ht, nicht angesteckt werden. Es mit einer Tasche, einem Paket oder einem anderen Gegenstand zu verdecken, war verboten. Jeder Jude musste mindestens vier Sterne bei der j\u00fcdischen Wohlfahrtsstelle kaufen. Niemand konnte sich erinnern, was sie kosteten, nur, dass sie nicht billig waren.<\/em><\/p>\n<p>Einen Monat sp\u00e4ter erfolgten die ersten Deportationen nach Litzmannstadt (Lw\u00f2w), dann in Chelmno die ersten Morde durch Gas. Vier Monate sp\u00e4ter kamen h\u00f6here Funktion\u00e4re \u2014 viele mit Doktortitel \u2014 in Berlin zur Wannsee-Konferenz zusammen, die den Startschuss gab und streng geheim blieb. Man plauderte bei Kognak und f\u00fchlte sich wohl. In einem internen Papier hie\u00df es:<\/p>\n<p><em>An Stelle der Auswanderung ist nunmehr als weitere L\u00f6sungsm\u00f6glichkeit &#8230; die Evakuierung nach dem Osten getreten.<\/em><\/p>\n<p>Die Juden sollten<\/p>\n<p><em>in geeigneter Weise zum Arbeitseinsatz kommen &#8230; wobei zweifellos ein Gro\u00dfteil durch nat\u00fcrliche Verminderung ausfallen wird. &#8230; Der allf\u00e4llig endlich verbleibende Restbestand wird &#8230; entsprechend behandelt werden m\u00fcssen.<\/em><\/p>\n<p>Das war, b\u00fcrokratisch verbr\u00e4mt, die Sonderbehandlung und wurde der massenhafte Tod im Gas, \u00bbdurch den Kamin\u00ab, wie es in Auschwitz im Jargon hie\u00df. Die Anwesenden werden es begriffen haben und taten ihr Bestes, den Befehl zu befolgen. Von 1937 bis 1940 waren nur noch knapp 100.000 Juden au\u00dfer Landes gelangt. Die Evian-Konferenz 1938 \u00fcber das Schicksal der Judenheit brachte nur zur\u00fcckhaltende Aussagen der europ\u00e4ischen Politiker, und die Vereinigten Staaten wehrten sich (wie auch die Schweiz) gegen die Einreise von vielen: 23.000 war die Quote im Jahr. Es wurde den Juden alle m\u00f6glichen Hindernisse in den Weg gelegt; man wollte sie nicht haben.<\/p>\n<p>Und die Nationalsozialisten wollten sie weg haben von der Erdoberfl\u00e4che. Was sie mit den Juden anstellten und zu welcher Brutalit\u00e4t sie f\u00e4hig waren, diese \u00fcberzeugten Deutschen, lag jenseits jeder Vorstellung. Viele Menschen, auch Politiker, konnten es nicht glauben und schoben Informastionen dar\u00fcber von sich weg. Die deutschen Henker (wie schrieb jemand: statt dem <em>Volk der Dichter und Denker<\/em> das <em>Volk der Richter und Henker<\/em>) gaben sich unerbittlich, erbarmungslos und gnadenlos, und danach verstand man erst, was diese Begiffe bedeuten k\u00f6nnen. Sie waren auch noch stolz darauf. Das, was sie aufbauten und anstellten, kam der H\u00f6lle auf Erden n\u00e4her als alles, das bis dahin als Gr\u00e4uel bekannt gewesen war.<\/p>\n<p>Der deutsche Autor W. G. Sebald schrieb einmal in einem Beitrag \u00fcber das Folteropfer Jean Am\u00e9ry, der Auschwitz \u00fcberlebte:<\/p>\n<p><em>In der Praxis der Verfolgung, der Folter und Extermination eines willk\u00fcrlich bestimmten Feindes erblickt er (Am\u00e9ry) nich ein beklagenswertes Akzidens totalit\u00e4rer Herrschaft, sondern, ohne jede Einschr\u00e4nkung, deren essentiellen Ausdruck. Er erinnert die \u00bbin m\u00f6rderischer Selbstrealisierung gesammelten Gesichter. Mit ganzer Seele waren sie bei ihrer Sache, und die hie\u00df Macht; Herrschaft \u00fcber Geist und Fleisch, Exzess der ungehemmten Selbstexpansion\u00ab. Die vom deutschen Faschismus imaginierte und verwirklichte Welt war f\u00fcr Am\u00e9ry die Welt der Tortur, in der der Mensch nur noch dadurch besteht, \u00bbdass er den anderen vor sich zuschanden macht\u00ab.<\/em><\/p>\n<p>Der Folterer hat Zeit und genie\u00dft seine Macht. Er wei\u00df sich \u00fcberlegen, er ist ein b\u00f6ser allm\u00e4chtiger Geist. In chaotischen Situationen war es anders. Am Ende des Krieges wurde befohlen, die letzten Insassen der Lager abmarschieren zu lassen. Es wurden Todesm\u00e4rsche, bei denen auf sinnlose Weise an den letzten Kriegstagen noch 50.000 starben. Wyder zitiert einen Augenzeugen namens Orenstein:<\/p>\n<p><em>Die SS-M\u00e4nner am Schluss der Marschkolonne suchten regelrecht nach Nachz\u00fcglern und erschossen sie auf der Stelle, als sei das das Normalste auf der Welt. Ihre Gesichter waren leer. Es war weder Hass darin, noch Mitleid; sie hatten nur eine Aufgabe zu erledigen.<\/em><\/p>\n<p>&nbsp;<\/p>\n","protected":false},"excerpt":{"rendered":"<p>Der 19. September vor 80 Jahren war der erste Tag, an dem die Juden in Deutschland ihren gelben Stern anheften mussten. Wer am Tag zuvor noch munter in die Berliner Tram gestioegen war, schlich sich nun, durch den Stern gebrandmarkt, in die Wagen hinein. Die Kennzeichnung als Jude ging der\u00a0 Brandmarkung in den Lagern voraus; [&hellip;]<\/p>\n","protected":false},"author":1,"featured_media":0,"comment_status":"closed","ping_status":"closed","sticky":false,"template":"","format":"standard","meta":{"footnotes":""},"categories":[6],"tags":[1851,2105],"class_list":["post-23223","post","type-post","status-publish","format-standard","hentry","category-alte-wege","tag-judenmord","tag-judenstern"],"yoast_head":"<!-- This site is optimized with the Yoast SEO plugin v27.3 - https:\/\/yoast.com\/product\/yoast-seo-wordpress\/ -->\n<title>Der Judenstern - manipogo<\/title>\n<meta name=\"robots\" content=\"index, follow, max-snippet:-1, max-image-preview:large, max-video-preview:-1\" \/>\n<link rel=\"canonical\" href=\"https:\/\/manipogo.de\/?p=23223\" \/>\n<meta property=\"og:locale\" content=\"de_DE\" \/>\n<meta property=\"og:type\" content=\"article\" \/>\n<meta property=\"og:title\" content=\"Der Judenstern - manipogo\" \/>\n<meta property=\"og:description\" content=\"Der 19. September vor 80 Jahren war der erste Tag, an dem die Juden in Deutschland ihren gelben Stern anheften mussten. Wer am Tag zuvor noch munter in die Berliner Tram gestioegen war, schlich sich nun, durch den Stern gebrandmarkt, in die Wagen hinein. Die Kennzeichnung als Jude ging der\u00a0 Brandmarkung in den Lagern voraus; [&hellip;]\" \/>\n<meta property=\"og:url\" content=\"https:\/\/manipogo.de\/?p=23223\" \/>\n<meta property=\"og:site_name\" content=\"manipogo\" \/>\n<meta property=\"article:published_time\" content=\"2021-09-18T22:22:04+00:00\" \/>\n<meta name=\"author\" content=\"web108\" \/>\n<meta name=\"twitter:card\" content=\"summary_large_image\" \/>\n<meta name=\"twitter:label1\" content=\"Verfasst von\" \/>\n\t<meta name=\"twitter:data1\" content=\"web108\" \/>\n\t<meta name=\"twitter:label2\" content=\"Gesch\u00e4tzte Lesezeit\" \/>\n\t<meta name=\"twitter:data2\" content=\"4\u00a0Minuten\" \/>\n<script type=\"application\/ld+json\" class=\"yoast-schema-graph\">{\"@context\":\"https:\\\/\\\/schema.org\",\"@graph\":[{\"@type\":\"Article\",\"@id\":\"https:\\\/\\\/manipogo.de\\\/?p=23223#article\",\"isPartOf\":{\"@id\":\"https:\\\/\\\/manipogo.de\\\/?p=23223\"},\"author\":{\"name\":\"web108\",\"@id\":\"https:\\\/\\\/manipogo.de\\\/#\\\/schema\\\/person\\\/991913de0e39267877f234553fd7f58d\"},\"headline\":\"Der Judenstern\",\"datePublished\":\"2021-09-18T22:22:04+00:00\",\"mainEntityOfPage\":{\"@id\":\"https:\\\/\\\/manipogo.de\\\/?p=23223\"},\"wordCount\":730,\"keywords\":[\"Judenmord\",\"Judenstern\"],\"articleSection\":[\"Alte Wege\"],\"inLanguage\":\"de\"},{\"@type\":\"WebPage\",\"@id\":\"https:\\\/\\\/manipogo.de\\\/?p=23223\",\"url\":\"https:\\\/\\\/manipogo.de\\\/?p=23223\",\"name\":\"Der Judenstern - manipogo\",\"isPartOf\":{\"@id\":\"https:\\\/\\\/manipogo.de\\\/#website\"},\"datePublished\":\"2021-09-18T22:22:04+00:00\",\"author\":{\"@id\":\"https:\\\/\\\/manipogo.de\\\/#\\\/schema\\\/person\\\/991913de0e39267877f234553fd7f58d\"},\"breadcrumb\":{\"@id\":\"https:\\\/\\\/manipogo.de\\\/?p=23223#breadcrumb\"},\"inLanguage\":\"de\",\"potentialAction\":[{\"@type\":\"ReadAction\",\"target\":[\"https:\\\/\\\/manipogo.de\\\/?p=23223\"]}]},{\"@type\":\"BreadcrumbList\",\"@id\":\"https:\\\/\\\/manipogo.de\\\/?p=23223#breadcrumb\",\"itemListElement\":[{\"@type\":\"ListItem\",\"position\":1,\"name\":\"Startseite\",\"item\":\"https:\\\/\\\/manipogo.de\\\/\"},{\"@type\":\"ListItem\",\"position\":2,\"name\":\"Der Judenstern\"}]},{\"@type\":\"WebSite\",\"@id\":\"https:\\\/\\\/manipogo.de\\\/#website\",\"url\":\"https:\\\/\\\/manipogo.de\\\/\",\"name\":\"manipogo\",\"description\":\"Gott und die Welt\",\"potentialAction\":[{\"@type\":\"SearchAction\",\"target\":{\"@type\":\"EntryPoint\",\"urlTemplate\":\"https:\\\/\\\/manipogo.de\\\/?s={search_term_string}\"},\"query-input\":{\"@type\":\"PropertyValueSpecification\",\"valueRequired\":true,\"valueName\":\"search_term_string\"}}],\"inLanguage\":\"de\"},{\"@type\":\"Person\",\"@id\":\"https:\\\/\\\/manipogo.de\\\/#\\\/schema\\\/person\\\/991913de0e39267877f234553fd7f58d\",\"name\":\"web108\",\"url\":\"https:\\\/\\\/manipogo.de\\\/?author=1\"}]}<\/script>\n<!-- \/ Yoast SEO plugin. -->","yoast_head_json":{"title":"Der Judenstern - manipogo","robots":{"index":"index","follow":"follow","max-snippet":"max-snippet:-1","max-image-preview":"max-image-preview:large","max-video-preview":"max-video-preview:-1"},"canonical":"https:\/\/manipogo.de\/?p=23223","og_locale":"de_DE","og_type":"article","og_title":"Der Judenstern - manipogo","og_description":"Der 19. September vor 80 Jahren war der erste Tag, an dem die Juden in Deutschland ihren gelben Stern anheften mussten. Wer am Tag zuvor noch munter in die Berliner Tram gestioegen war, schlich sich nun, durch den Stern gebrandmarkt, in die Wagen hinein. Die Kennzeichnung als Jude ging der\u00a0 Brandmarkung in den Lagern voraus; [&hellip;]","og_url":"https:\/\/manipogo.de\/?p=23223","og_site_name":"manipogo","article_published_time":"2021-09-18T22:22:04+00:00","author":"web108","twitter_card":"summary_large_image","twitter_misc":{"Verfasst von":"web108","Gesch\u00e4tzte Lesezeit":"4\u00a0Minuten"},"schema":{"@context":"https:\/\/schema.org","@graph":[{"@type":"Article","@id":"https:\/\/manipogo.de\/?p=23223#article","isPartOf":{"@id":"https:\/\/manipogo.de\/?p=23223"},"author":{"name":"web108","@id":"https:\/\/manipogo.de\/#\/schema\/person\/991913de0e39267877f234553fd7f58d"},"headline":"Der Judenstern","datePublished":"2021-09-18T22:22:04+00:00","mainEntityOfPage":{"@id":"https:\/\/manipogo.de\/?p=23223"},"wordCount":730,"keywords":["Judenmord","Judenstern"],"articleSection":["Alte Wege"],"inLanguage":"de"},{"@type":"WebPage","@id":"https:\/\/manipogo.de\/?p=23223","url":"https:\/\/manipogo.de\/?p=23223","name":"Der Judenstern - manipogo","isPartOf":{"@id":"https:\/\/manipogo.de\/#website"},"datePublished":"2021-09-18T22:22:04+00:00","author":{"@id":"https:\/\/manipogo.de\/#\/schema\/person\/991913de0e39267877f234553fd7f58d"},"breadcrumb":{"@id":"https:\/\/manipogo.de\/?p=23223#breadcrumb"},"inLanguage":"de","potentialAction":[{"@type":"ReadAction","target":["https:\/\/manipogo.de\/?p=23223"]}]},{"@type":"BreadcrumbList","@id":"https:\/\/manipogo.de\/?p=23223#breadcrumb","itemListElement":[{"@type":"ListItem","position":1,"name":"Startseite","item":"https:\/\/manipogo.de\/"},{"@type":"ListItem","position":2,"name":"Der Judenstern"}]},{"@type":"WebSite","@id":"https:\/\/manipogo.de\/#website","url":"https:\/\/manipogo.de\/","name":"manipogo","description":"Gott und die Welt","potentialAction":[{"@type":"SearchAction","target":{"@type":"EntryPoint","urlTemplate":"https:\/\/manipogo.de\/?s={search_term_string}"},"query-input":{"@type":"PropertyValueSpecification","valueRequired":true,"valueName":"search_term_string"}}],"inLanguage":"de"},{"@type":"Person","@id":"https:\/\/manipogo.de\/#\/schema\/person\/991913de0e39267877f234553fd7f58d","name":"web108","url":"https:\/\/manipogo.de\/?author=1"}]}},"_links":{"self":[{"href":"https:\/\/manipogo.de\/index.php?rest_route=\/wp\/v2\/posts\/23223","targetHints":{"allow":["GET"]}}],"collection":[{"href":"https:\/\/manipogo.de\/index.php?rest_route=\/wp\/v2\/posts"}],"about":[{"href":"https:\/\/manipogo.de\/index.php?rest_route=\/wp\/v2\/types\/post"}],"author":[{"embeddable":true,"href":"https:\/\/manipogo.de\/index.php?rest_route=\/wp\/v2\/users\/1"}],"replies":[{"embeddable":true,"href":"https:\/\/manipogo.de\/index.php?rest_route=%2Fwp%2Fv2%2Fcomments&post=23223"}],"version-history":[{"count":4,"href":"https:\/\/manipogo.de\/index.php?rest_route=\/wp\/v2\/posts\/23223\/revisions"}],"predecessor-version":[{"id":23235,"href":"https:\/\/manipogo.de\/index.php?rest_route=\/wp\/v2\/posts\/23223\/revisions\/23235"}],"wp:attachment":[{"href":"https:\/\/manipogo.de\/index.php?rest_route=%2Fwp%2Fv2%2Fmedia&parent=23223"}],"wp:term":[{"taxonomy":"category","embeddable":true,"href":"https:\/\/manipogo.de\/index.php?rest_route=%2Fwp%2Fv2%2Fcategories&post=23223"},{"taxonomy":"post_tag","embeddable":true,"href":"https:\/\/manipogo.de\/index.php?rest_route=%2Fwp%2Fv2%2Ftags&post=23223"}],"curies":[{"name":"wp","href":"https:\/\/api.w.org\/{rel}","templated":true}]}}