{"id":23476,"date":"2021-11-15T00:01:21","date_gmt":"2021-11-14T22:01:21","guid":{"rendered":"http:\/\/manipogo.de\/?p=23476"},"modified":"2021-10-26T21:41:23","modified_gmt":"2021-10-26T19:41:23","slug":"ich-lade-die-pappeln-ein","status":"publish","type":"post","link":"https:\/\/manipogo.de\/?p=23476","title":{"rendered":"Ich lade die Pappeln ein"},"content":{"rendered":"<p>1959 hatte Salvatore Quasimodo, der Sizilianer, den Literatur-Nobelpreis erhalten. Im November 1965 lag er im Krankenhaus von Sesto San Giovanni bei Mailand und schrieb ein kleines Gedicht, das uns hier besch\u00e4ftigt. Pl\u00f6tzlich hat man nichts mehr zu tun und wartet und wei\u00df nicht worauf. Man hofft blo\u00df, wieder herauszukommen. Zweieinhalb Jahre hatte er da noch zu leben.<!--more--><\/p>\n<p>Das Meer, das man immer wieder h\u00f6rt, <a href=\"https:\/\/manipogo.de\/?p=18211\" target=\"_blank\">hatten wir ja schon zwei Mal gebracht,<\/a> es ist ein sehr sch\u00f6nes Gedicht; das vom November 1965 ist ihm ebenb\u00fcrtig, es leuchtet inmitten vieler Schatten. Erst meine \u00dcbersetzung, dann das Original.<\/p>\n<p><strong><em>Ich habe Blumen, und in der Nacht lade ich die Pappeln ein<\/em><\/strong><\/p>\n<p><em>Mein Schatten ist auf einer anderen Mauer<\/em><br \/>\n<em>des Krankenhauses. Ich habe Blumen, und in der Nacht<\/em><br \/>\n<em>lade ich die Pappeln und Platanen im Park ein,<\/em><br \/>\n<em>B\u00e4ume ohne Bl\u00e4tter, nicht gelb, <\/em><br \/>\n<em>fast wei\u00df. Die irischen Nonnen<\/em><br \/>\n<em>sprechen nie vom Tod, es scheint,<\/em><br \/>\n<em>der Wind bewege sie, und sie wundern sich nicht,<\/em><br \/>\n<em>jung und freundlich zu sein: ein Gel\u00fcbde <\/em><br \/>\n<em>befreit sie in den bitteren Gebeten.<\/em><br \/>\n<em>Mir kommt es vor, als w\u00e4re ich ein Emigrant,<\/em><br \/>\n<em>der eingepackt in dicke Decken wacht,<\/em><br \/>\n<em>ruhig, auf dem Boden. Vielleicht sterbe ich immer.<\/em><br \/>\n<em>Doch ich h\u00f6re gern die Worte des Lebens,<\/em><br \/>\n<em>die ich nie verstanden habe, ich verkneife mir<\/em><br \/>\n<em>weitergehende Hypothesen. Sicher kann ich nicht fliehen;<\/em><br \/>\n<em>ich werde dem Leben und dem Tod treu sein<\/em><br \/>\n<em>im K\u00f6rper und im Geist<\/em><br \/>\n<em>und in jeder vorgegebenen Richtung, sichtbar.<\/em><br \/>\n<em>Bisweilen \u00fcberkommt mich eine <\/em><br \/>\n<em>leichte Ahnung, eine geduldige Zeit:<\/em><br \/>\n<em>der absurde Unterschied zwischen <\/em><br \/>\n<em>dem Tod und der Illusion, <\/em><br \/>\n<em>dass mein Herz noch schl\u00e4gt.<\/em><\/p>\n<div id=\"attachment_23481\" style=\"width: 550px\" class=\"wp-caption alignnone\"><a href=\"https:\/\/manipogo.de\/wp-content\/uploads\/DSCN0822-3.jpg\" rel=\"attachment wp-att-23481\"><img loading=\"lazy\" decoding=\"async\" aria-describedby=\"caption-attachment-23481\" class=\"wp-image-23481 size-full\" src=\"https:\/\/manipogo.de\/wp-content\/uploads\/DSCN0822-3.jpg\" alt=\"Ein Krankenhaus im S\u00fcdosten Ungarns\" width=\"540\" height=\"294\" srcset=\"https:\/\/manipogo.de\/wp-content\/uploads\/DSCN0822-3.jpg 540w, https:\/\/manipogo.de\/wp-content\/uploads\/DSCN0822-3-300x163.jpg 300w\" sizes=\"auto, (max-width: 540px) 100vw, 540px\" \/><\/a><p id=\"caption-attachment-23481\" class=\"wp-caption-text\">Ein Krankenhaus im S\u00fcdosten Ungarns, fotografiert 2008<\/p><\/div>\n<p>&nbsp;<\/p>\n<p><strong><em>Ho fiori e di notte invito i pioppi<\/em> <\/strong><\/p>\n<p><em>La mia ombra \u00e8 su un altro muro <\/em><br \/>\n<em>d&#8217;ospedale. Ho fiori e di notte<\/em><br \/>\n<em>invito i pioppi e i platani del parco,<\/em><br \/>\n<em>alberi di foglie cadute, non gialle,<\/em><br \/>\n<em>quasi bianche. Le monache irlandesi<\/em><br \/>\n<em>non parlano mai di morte, sembrano<\/em><br \/>\n<em>mosse dal vento, non si meravigliano<\/em><br \/>\n<em>di essere giovani e gentili: un voto<\/em><br \/>\n<em>che si libera nelle preghiere aspre.<\/em><br \/>\n<em>Mi sembra di essere un emigrante<\/em><br \/>\n<em>che veglia chiuso nelle sue coperte,<\/em><br \/>\n<em>tranquillo, per terra. Forse muioio sempre.<\/em><br \/>\n<em>Ma ascolto volentieri le parole della vita<\/em><br \/>\n<em>che non ho mai inteso, mi fermo<\/em><br \/>\n<em>su lunghe ipotesi. Certo non potr\u00f2 sfuggire;<\/em><br \/>\n<em>sar\u00f2 fedele alla vita e alla morte<\/em><br \/>\n<em>nel corpo e nello spirito<\/em><br \/>\n<em>in ogni direzione prevista, visibile. <\/em><br \/>\n<em>A intervalli qualcosa mi supera<\/em><br \/>\n<em>leggera, un tempo paziente,<\/em><br \/>\n<em>l&#8217;assurda differenza che corre<\/em><br \/>\n<em>tra la morte e l&#8217;illusione<\/em><br \/>\n<em>del battere del cuore. <\/em><\/p>\n<p>&nbsp;<\/p>\n","protected":false},"excerpt":{"rendered":"<p>1959 hatte Salvatore Quasimodo, der Sizilianer, den Literatur-Nobelpreis erhalten. Im November 1965 lag er im Krankenhaus von Sesto San Giovanni bei Mailand und schrieb ein kleines Gedicht, das uns hier besch\u00e4ftigt. Pl\u00f6tzlich hat man nichts mehr zu tun und wartet und wei\u00df nicht worauf. Man hofft blo\u00df, wieder herauszukommen. Zweieinhalb Jahre hatte er da noch [&hellip;]<\/p>\n","protected":false},"author":1,"featured_media":0,"comment_status":"closed","ping_status":"closed","sticky":false,"template":"","format":"standard","meta":{"footnotes":""},"categories":[1224],"tags":[1847,2124],"class_list":["post-23476","post","type-post","status-publish","format-standard","hentry","category-literatur","tag-krankenhaus","tag-quasimodo"],"yoast_head":"<!-- This site is optimized with the Yoast SEO plugin v27.3 - https:\/\/yoast.com\/product\/yoast-seo-wordpress\/ -->\n<title>Ich lade die Pappeln ein - manipogo<\/title>\n<meta name=\"robots\" content=\"index, follow, max-snippet:-1, max-image-preview:large, max-video-preview:-1\" \/>\n<link rel=\"canonical\" href=\"https:\/\/manipogo.de\/?p=23476\" \/>\n<meta property=\"og:locale\" content=\"de_DE\" \/>\n<meta property=\"og:type\" content=\"article\" \/>\n<meta property=\"og:title\" content=\"Ich lade die Pappeln ein - manipogo\" \/>\n<meta property=\"og:description\" content=\"1959 hatte Salvatore Quasimodo, der Sizilianer, den Literatur-Nobelpreis erhalten. Im November 1965 lag er im Krankenhaus von Sesto San Giovanni bei Mailand und schrieb ein kleines Gedicht, das uns hier besch\u00e4ftigt. Pl\u00f6tzlich hat man nichts mehr zu tun und wartet und wei\u00df nicht worauf. Man hofft blo\u00df, wieder herauszukommen. Zweieinhalb Jahre hatte er da noch [&hellip;]\" \/>\n<meta property=\"og:url\" content=\"https:\/\/manipogo.de\/?p=23476\" \/>\n<meta property=\"og:site_name\" content=\"manipogo\" \/>\n<meta property=\"article:published_time\" content=\"2021-11-14T22:01:21+00:00\" \/>\n<meta property=\"og:image\" content=\"http:\/\/manipogo.de\/wp-content\/uploads\/DSCN0822-3.jpg\" \/>\n<meta name=\"author\" content=\"web108\" \/>\n<meta name=\"twitter:card\" content=\"summary_large_image\" \/>\n<meta name=\"twitter:label1\" content=\"Verfasst von\" \/>\n\t<meta name=\"twitter:data1\" content=\"web108\" \/>\n\t<meta name=\"twitter:label2\" content=\"Gesch\u00e4tzte Lesezeit\" \/>\n\t<meta name=\"twitter:data2\" content=\"2\u00a0Minuten\" \/>\n<script type=\"application\/ld+json\" class=\"yoast-schema-graph\">{\"@context\":\"https:\\\/\\\/schema.org\",\"@graph\":[{\"@type\":\"Article\",\"@id\":\"https:\\\/\\\/manipogo.de\\\/?p=23476#article\",\"isPartOf\":{\"@id\":\"https:\\\/\\\/manipogo.de\\\/?p=23476\"},\"author\":{\"name\":\"web108\",\"@id\":\"https:\\\/\\\/manipogo.de\\\/#\\\/schema\\\/person\\\/991913de0e39267877f234553fd7f58d\"},\"headline\":\"Ich lade die Pappeln ein\",\"datePublished\":\"2021-11-14T22:01:21+00:00\",\"mainEntityOfPage\":{\"@id\":\"https:\\\/\\\/manipogo.de\\\/?p=23476\"},\"wordCount\":435,\"image\":{\"@id\":\"https:\\\/\\\/manipogo.de\\\/?p=23476#primaryimage\"},\"thumbnailUrl\":\"http:\\\/\\\/manipogo.de\\\/wp-content\\\/uploads\\\/DSCN0822-3.jpg\",\"keywords\":[\"Krankenhaus\",\"Quasimodo\"],\"articleSection\":[\"Literatur\"],\"inLanguage\":\"de\"},{\"@type\":\"WebPage\",\"@id\":\"https:\\\/\\\/manipogo.de\\\/?p=23476\",\"url\":\"https:\\\/\\\/manipogo.de\\\/?p=23476\",\"name\":\"Ich lade die Pappeln ein - manipogo\",\"isPartOf\":{\"@id\":\"https:\\\/\\\/manipogo.de\\\/#website\"},\"primaryImageOfPage\":{\"@id\":\"https:\\\/\\\/manipogo.de\\\/?p=23476#primaryimage\"},\"image\":{\"@id\":\"https:\\\/\\\/manipogo.de\\\/?p=23476#primaryimage\"},\"thumbnailUrl\":\"http:\\\/\\\/manipogo.de\\\/wp-content\\\/uploads\\\/DSCN0822-3.jpg\",\"datePublished\":\"2021-11-14T22:01:21+00:00\",\"author\":{\"@id\":\"https:\\\/\\\/manipogo.de\\\/#\\\/schema\\\/person\\\/991913de0e39267877f234553fd7f58d\"},\"breadcrumb\":{\"@id\":\"https:\\\/\\\/manipogo.de\\\/?p=23476#breadcrumb\"},\"inLanguage\":\"de\",\"potentialAction\":[{\"@type\":\"ReadAction\",\"target\":[\"https:\\\/\\\/manipogo.de\\\/?p=23476\"]}]},{\"@type\":\"ImageObject\",\"inLanguage\":\"de\",\"@id\":\"https:\\\/\\\/manipogo.de\\\/?p=23476#primaryimage\",\"url\":\"http:\\\/\\\/manipogo.de\\\/wp-content\\\/uploads\\\/DSCN0822-3.jpg\",\"contentUrl\":\"http:\\\/\\\/manipogo.de\\\/wp-content\\\/uploads\\\/DSCN0822-3.jpg\"},{\"@type\":\"BreadcrumbList\",\"@id\":\"https:\\\/\\\/manipogo.de\\\/?p=23476#breadcrumb\",\"itemListElement\":[{\"@type\":\"ListItem\",\"position\":1,\"name\":\"Startseite\",\"item\":\"https:\\\/\\\/manipogo.de\\\/\"},{\"@type\":\"ListItem\",\"position\":2,\"name\":\"Ich lade die Pappeln ein\"}]},{\"@type\":\"WebSite\",\"@id\":\"https:\\\/\\\/manipogo.de\\\/#website\",\"url\":\"https:\\\/\\\/manipogo.de\\\/\",\"name\":\"manipogo\",\"description\":\"Gott und die Welt\",\"potentialAction\":[{\"@type\":\"SearchAction\",\"target\":{\"@type\":\"EntryPoint\",\"urlTemplate\":\"https:\\\/\\\/manipogo.de\\\/?s={search_term_string}\"},\"query-input\":{\"@type\":\"PropertyValueSpecification\",\"valueRequired\":true,\"valueName\":\"search_term_string\"}}],\"inLanguage\":\"de\"},{\"@type\":\"Person\",\"@id\":\"https:\\\/\\\/manipogo.de\\\/#\\\/schema\\\/person\\\/991913de0e39267877f234553fd7f58d\",\"name\":\"web108\",\"url\":\"https:\\\/\\\/manipogo.de\\\/?author=1\"}]}<\/script>\n<!-- \/ Yoast SEO plugin. -->","yoast_head_json":{"title":"Ich lade die Pappeln ein - manipogo","robots":{"index":"index","follow":"follow","max-snippet":"max-snippet:-1","max-image-preview":"max-image-preview:large","max-video-preview":"max-video-preview:-1"},"canonical":"https:\/\/manipogo.de\/?p=23476","og_locale":"de_DE","og_type":"article","og_title":"Ich lade die Pappeln ein - manipogo","og_description":"1959 hatte Salvatore Quasimodo, der Sizilianer, den Literatur-Nobelpreis erhalten. Im November 1965 lag er im Krankenhaus von Sesto San Giovanni bei Mailand und schrieb ein kleines Gedicht, das uns hier besch\u00e4ftigt. Pl\u00f6tzlich hat man nichts mehr zu tun und wartet und wei\u00df nicht worauf. Man hofft blo\u00df, wieder herauszukommen. Zweieinhalb Jahre hatte er da noch [&hellip;]","og_url":"https:\/\/manipogo.de\/?p=23476","og_site_name":"manipogo","article_published_time":"2021-11-14T22:01:21+00:00","og_image":[{"url":"http:\/\/manipogo.de\/wp-content\/uploads\/DSCN0822-3.jpg","type":"","width":"","height":""}],"author":"web108","twitter_card":"summary_large_image","twitter_misc":{"Verfasst von":"web108","Gesch\u00e4tzte Lesezeit":"2\u00a0Minuten"},"schema":{"@context":"https:\/\/schema.org","@graph":[{"@type":"Article","@id":"https:\/\/manipogo.de\/?p=23476#article","isPartOf":{"@id":"https:\/\/manipogo.de\/?p=23476"},"author":{"name":"web108","@id":"https:\/\/manipogo.de\/#\/schema\/person\/991913de0e39267877f234553fd7f58d"},"headline":"Ich lade die Pappeln ein","datePublished":"2021-11-14T22:01:21+00:00","mainEntityOfPage":{"@id":"https:\/\/manipogo.de\/?p=23476"},"wordCount":435,"image":{"@id":"https:\/\/manipogo.de\/?p=23476#primaryimage"},"thumbnailUrl":"http:\/\/manipogo.de\/wp-content\/uploads\/DSCN0822-3.jpg","keywords":["Krankenhaus","Quasimodo"],"articleSection":["Literatur"],"inLanguage":"de"},{"@type":"WebPage","@id":"https:\/\/manipogo.de\/?p=23476","url":"https:\/\/manipogo.de\/?p=23476","name":"Ich lade die Pappeln ein - manipogo","isPartOf":{"@id":"https:\/\/manipogo.de\/#website"},"primaryImageOfPage":{"@id":"https:\/\/manipogo.de\/?p=23476#primaryimage"},"image":{"@id":"https:\/\/manipogo.de\/?p=23476#primaryimage"},"thumbnailUrl":"http:\/\/manipogo.de\/wp-content\/uploads\/DSCN0822-3.jpg","datePublished":"2021-11-14T22:01:21+00:00","author":{"@id":"https:\/\/manipogo.de\/#\/schema\/person\/991913de0e39267877f234553fd7f58d"},"breadcrumb":{"@id":"https:\/\/manipogo.de\/?p=23476#breadcrumb"},"inLanguage":"de","potentialAction":[{"@type":"ReadAction","target":["https:\/\/manipogo.de\/?p=23476"]}]},{"@type":"ImageObject","inLanguage":"de","@id":"https:\/\/manipogo.de\/?p=23476#primaryimage","url":"http:\/\/manipogo.de\/wp-content\/uploads\/DSCN0822-3.jpg","contentUrl":"http:\/\/manipogo.de\/wp-content\/uploads\/DSCN0822-3.jpg"},{"@type":"BreadcrumbList","@id":"https:\/\/manipogo.de\/?p=23476#breadcrumb","itemListElement":[{"@type":"ListItem","position":1,"name":"Startseite","item":"https:\/\/manipogo.de\/"},{"@type":"ListItem","position":2,"name":"Ich lade die Pappeln ein"}]},{"@type":"WebSite","@id":"https:\/\/manipogo.de\/#website","url":"https:\/\/manipogo.de\/","name":"manipogo","description":"Gott und die Welt","potentialAction":[{"@type":"SearchAction","target":{"@type":"EntryPoint","urlTemplate":"https:\/\/manipogo.de\/?s={search_term_string}"},"query-input":{"@type":"PropertyValueSpecification","valueRequired":true,"valueName":"search_term_string"}}],"inLanguage":"de"},{"@type":"Person","@id":"https:\/\/manipogo.de\/#\/schema\/person\/991913de0e39267877f234553fd7f58d","name":"web108","url":"https:\/\/manipogo.de\/?author=1"}]}},"_links":{"self":[{"href":"https:\/\/manipogo.de\/index.php?rest_route=\/wp\/v2\/posts\/23476","targetHints":{"allow":["GET"]}}],"collection":[{"href":"https:\/\/manipogo.de\/index.php?rest_route=\/wp\/v2\/posts"}],"about":[{"href":"https:\/\/manipogo.de\/index.php?rest_route=\/wp\/v2\/types\/post"}],"author":[{"embeddable":true,"href":"https:\/\/manipogo.de\/index.php?rest_route=\/wp\/v2\/users\/1"}],"replies":[{"embeddable":true,"href":"https:\/\/manipogo.de\/index.php?rest_route=%2Fwp%2Fv2%2Fcomments&post=23476"}],"version-history":[{"count":7,"href":"https:\/\/manipogo.de\/index.php?rest_route=\/wp\/v2\/posts\/23476\/revisions"}],"predecessor-version":[{"id":23812,"href":"https:\/\/manipogo.de\/index.php?rest_route=\/wp\/v2\/posts\/23476\/revisions\/23812"}],"wp:attachment":[{"href":"https:\/\/manipogo.de\/index.php?rest_route=%2Fwp%2Fv2%2Fmedia&parent=23476"}],"wp:term":[{"taxonomy":"category","embeddable":true,"href":"https:\/\/manipogo.de\/index.php?rest_route=%2Fwp%2Fv2%2Fcategories&post=23476"},{"taxonomy":"post_tag","embeddable":true,"href":"https:\/\/manipogo.de\/index.php?rest_route=%2Fwp%2Fv2%2Ftags&post=23476"}],"curies":[{"name":"wp","href":"https:\/\/api.w.org\/{rel}","templated":true}]}}