{"id":23727,"date":"2021-11-23T00:42:45","date_gmt":"2021-11-22T22:42:45","guid":{"rendered":"http:\/\/manipogo.de\/?p=23727"},"modified":"2021-10-26T21:59:45","modified_gmt":"2021-10-26T19:59:45","slug":"franz-von-assisi","status":"publish","type":"post","link":"https:\/\/manipogo.de\/?p=23727","title":{"rendered":"Franz von Assisi"},"content":{"rendered":"<p>Da wir gestern Franz von Assisi als Bild von der Hand El Grecos hatten, heute ein paar Anmerkungen zu ihm und Zitate von ihm. Der Gr\u00fcnder der Franziskanerbr\u00fcder lebte von 1181 bis 1226. Heute wird er gern als erster Umweltsch\u00fctzer bezeichnet. Ob ihm das recht w\u00e4re? Vermutlich h\u00e4tte er nichts dagegen. <!--more--><\/p>\n<p><a href=\"https:\/\/manipogo.de\/wp-content\/uploads\/33083c4c52515c98baf73bfb8f9aa0f6-saint-francis-el-greco.jpg\" rel=\"attachment wp-att-23729\"><img loading=\"lazy\" decoding=\"async\" class=\"alignright size-medium wp-image-23729\" src=\"https:\/\/manipogo.de\/wp-content\/uploads\/33083c4c52515c98baf73bfb8f9aa0f6-saint-francis-el-greco-192x300.jpg\" alt=\"33083c4c52515c98baf73bfb8f9aa0f6--saint-francis-el-greco\" width=\"192\" height=\"300\" srcset=\"https:\/\/manipogo.de\/wp-content\/uploads\/33083c4c52515c98baf73bfb8f9aa0f6-saint-francis-el-greco-192x300.jpg 192w, https:\/\/manipogo.de\/wp-content\/uploads\/33083c4c52515c98baf73bfb8f9aa0f6-saint-francis-el-greco.jpg 540w\" sizes=\"auto, (max-width: 192px) 100vw, 192px\" \/><\/a>Aus einem B\u00fcchlein von Roselies Taube \u00fcber den Heiligen:<\/p>\n<p><em>Eines Tages wird Franz gefragt, warum seine Gemeinschaft keinen Besitz haben wolle. Er antwortet:<\/em><br \/>\n<em>\u00bbWollten wir etwas besitzen, so m\u00fcssten wir auch Waffen zu unserer Verteidigung haben. Daher kommen ja die Streitereien und K\u00e4mpfe, die die Liebe zu Gott und zu Mitmenschen hindern.<\/em><br \/>\n<em>Darum wollen wir in der Welt auch nichts Irdisches besitzen.\u00ab<\/em><\/p>\n<p>Ein anderer Weg w\u00e4re es, sich nicht an den Besitz zu h\u00e4ngen, doch das \u00fcberfordert den heutigen Menschen.<\/p>\n<p>Die Autorin denkt nach:<\/p>\n<p><em>Die Devise hei\u00dft Wachstum. Wachstum um jeden Preis. Und der Preis? Einige bleiben auf der Strecke! Einige? Weltweit sind es die meisten, die leer ausgehen. (&#8230;) Und doch gibt es auch heute Menschen, die Schritte wagen \u00e4hnlich wie Franz und Clara. Sie suchen nach Lebensformen, in denen Herrschaft und Hierarchie aufgebrochen werden. Wo Besitz und Komfort nicht alles ist. Wo Wachstum um jeden Preis nicht das Evangelium ist.\u00a0<\/em><\/p>\n<p>Kaum haben wir Corona einigerma\u00dfen hinter uns gebracht und im Angesicht der dramatischen Klimaver\u00e4nderung wird schon wieder untersucht, wie sich das Wirtschaftswachstum entwickelt hat. Da ist f\u00fcr die Zukunft wenig zu hoffen. \u2014 Francescos bekanntestes Gebet scheint lang nach seinem Tod entstanden zu sein, sch\u00f6n ist es trotzdem, da in seinem Sinn verfasst:<\/p>\n<p><em>O Herr, mache mich zum<\/em><br \/>\n<em>Werkzeug deines Friedens:<\/em><br \/>\n<em>dass ich Liebe \u00fcbe,<\/em><br \/>\n<em>wo man sich hasst;<\/em><br \/>\n<em>dass ich verzeihe,<\/em><br \/>\n<em>wo man sich beleidigt;<\/em><br \/>\n<a href=\"https:\/\/manipogo.de\/wp-content\/uploads\/DSCN5052.jpg\" rel=\"attachment wp-att-23732\"><img loading=\"lazy\" decoding=\"async\" class=\"alignright size-medium wp-image-23732\" src=\"https:\/\/manipogo.de\/wp-content\/uploads\/DSCN5052-300x225.jpg\" alt=\"DSCN5052\" width=\"300\" height=\"225\" srcset=\"https:\/\/manipogo.de\/wp-content\/uploads\/DSCN5052-300x225.jpg 300w, https:\/\/manipogo.de\/wp-content\/uploads\/DSCN5052-768x576.jpg 768w, https:\/\/manipogo.de\/wp-content\/uploads\/DSCN5052-1024x768.jpg 1024w\" sizes=\"auto, (max-width: 300px) 100vw, 300px\" \/><\/a><em>dass ich verbinde da,<\/em><br \/>\n<em>wo Streit ist;<\/em><br \/>\n<em>dass ich die Wahrheit sage, <\/em><br \/>\n<em>wo der Irrtum herrscht;<\/em><br \/>\n<em>dass ich den Glauben bringe,<\/em><br \/>\n<em>wo der Zweifel dr\u00fcckt;<\/em><br \/>\n<em>dass ich die Hoffnung wecke,<\/em><br \/>\n<em>wo Verzweiflung qu\u00e4lt;<\/em><br \/>\n<em>dass ich dein Licht anz\u00fcnde,<\/em><br \/>\n<em>wo die Finsternis regiert; dass<\/em><br \/>\n<em>ich Freude mache,<\/em><br \/>\n<em>wo der Kummer wohnt.<\/em><\/p>\n<p>&nbsp;<\/p>\n","protected":false},"excerpt":{"rendered":"<p>Da wir gestern Franz von Assisi als Bild von der Hand El Grecos hatten, heute ein paar Anmerkungen zu ihm und Zitate von ihm. Der Gr\u00fcnder der Franziskanerbr\u00fcder lebte von 1181 bis 1226. Heute wird er gern als erster Umweltsch\u00fctzer bezeichnet. Ob ihm das recht w\u00e4re? Vermutlich h\u00e4tte er nichts dagegen.<\/p>\n","protected":false},"author":1,"featured_media":0,"comment_status":"closed","ping_status":"closed","sticky":false,"template":"","format":"standard","meta":{"footnotes":""},"categories":[1347],"tags":[2144,2143],"class_list":["post-23727","post","type-post","status-publish","format-standard","hentry","category-mystik","tag-assisi","tag-francesco"],"yoast_head":"<!-- This site is optimized with the Yoast SEO plugin v27.3 - https:\/\/yoast.com\/product\/yoast-seo-wordpress\/ -->\n<title>Franz von Assisi - manipogo<\/title>\n<meta name=\"robots\" content=\"index, follow, max-snippet:-1, max-image-preview:large, max-video-preview:-1\" \/>\n<link rel=\"canonical\" href=\"https:\/\/manipogo.de\/?p=23727\" \/>\n<meta property=\"og:locale\" content=\"de_DE\" \/>\n<meta property=\"og:type\" content=\"article\" \/>\n<meta property=\"og:title\" content=\"Franz von Assisi - manipogo\" \/>\n<meta property=\"og:description\" content=\"Da wir gestern Franz von Assisi als Bild von der Hand El Grecos hatten, heute ein paar Anmerkungen zu ihm und Zitate von ihm. Der Gr\u00fcnder der Franziskanerbr\u00fcder lebte von 1181 bis 1226. Heute wird er gern als erster Umweltsch\u00fctzer bezeichnet. Ob ihm das recht w\u00e4re? Vermutlich h\u00e4tte er nichts dagegen.\" \/>\n<meta property=\"og:url\" content=\"https:\/\/manipogo.de\/?p=23727\" \/>\n<meta property=\"og:site_name\" content=\"manipogo\" \/>\n<meta property=\"article:published_time\" content=\"2021-11-22T22:42:45+00:00\" \/>\n<meta property=\"og:image\" content=\"http:\/\/manipogo.de\/wp-content\/uploads\/33083c4c52515c98baf73bfb8f9aa0f6-saint-francis-el-greco-192x300.jpg\" \/>\n<meta name=\"author\" content=\"web108\" \/>\n<meta name=\"twitter:card\" content=\"summary_large_image\" \/>\n<meta name=\"twitter:label1\" content=\"Verfasst von\" \/>\n\t<meta name=\"twitter:data1\" content=\"web108\" \/>\n\t<meta name=\"twitter:label2\" content=\"Gesch\u00e4tzte Lesezeit\" \/>\n\t<meta name=\"twitter:data2\" content=\"2\u00a0Minuten\" \/>\n<script type=\"application\/ld+json\" class=\"yoast-schema-graph\">{\"@context\":\"https:\\\/\\\/schema.org\",\"@graph\":[{\"@type\":\"Article\",\"@id\":\"https:\\\/\\\/manipogo.de\\\/?p=23727#article\",\"isPartOf\":{\"@id\":\"https:\\\/\\\/manipogo.de\\\/?p=23727\"},\"author\":{\"name\":\"web108\",\"@id\":\"https:\\\/\\\/manipogo.de\\\/#\\\/schema\\\/person\\\/991913de0e39267877f234553fd7f58d\"},\"headline\":\"Franz von Assisi\",\"datePublished\":\"2021-11-22T22:42:45+00:00\",\"mainEntityOfPage\":{\"@id\":\"https:\\\/\\\/manipogo.de\\\/?p=23727\"},\"wordCount\":347,\"image\":{\"@id\":\"https:\\\/\\\/manipogo.de\\\/?p=23727#primaryimage\"},\"thumbnailUrl\":\"http:\\\/\\\/manipogo.de\\\/wp-content\\\/uploads\\\/33083c4c52515c98baf73bfb8f9aa0f6-saint-francis-el-greco-192x300.jpg\",\"keywords\":[\"Assisi\",\"Francesco\"],\"articleSection\":[\"Mystik\"],\"inLanguage\":\"de\"},{\"@type\":\"WebPage\",\"@id\":\"https:\\\/\\\/manipogo.de\\\/?p=23727\",\"url\":\"https:\\\/\\\/manipogo.de\\\/?p=23727\",\"name\":\"Franz von Assisi - manipogo\",\"isPartOf\":{\"@id\":\"https:\\\/\\\/manipogo.de\\\/#website\"},\"primaryImageOfPage\":{\"@id\":\"https:\\\/\\\/manipogo.de\\\/?p=23727#primaryimage\"},\"image\":{\"@id\":\"https:\\\/\\\/manipogo.de\\\/?p=23727#primaryimage\"},\"thumbnailUrl\":\"http:\\\/\\\/manipogo.de\\\/wp-content\\\/uploads\\\/33083c4c52515c98baf73bfb8f9aa0f6-saint-francis-el-greco-192x300.jpg\",\"datePublished\":\"2021-11-22T22:42:45+00:00\",\"author\":{\"@id\":\"https:\\\/\\\/manipogo.de\\\/#\\\/schema\\\/person\\\/991913de0e39267877f234553fd7f58d\"},\"breadcrumb\":{\"@id\":\"https:\\\/\\\/manipogo.de\\\/?p=23727#breadcrumb\"},\"inLanguage\":\"de\",\"potentialAction\":[{\"@type\":\"ReadAction\",\"target\":[\"https:\\\/\\\/manipogo.de\\\/?p=23727\"]}]},{\"@type\":\"ImageObject\",\"inLanguage\":\"de\",\"@id\":\"https:\\\/\\\/manipogo.de\\\/?p=23727#primaryimage\",\"url\":\"https:\\\/\\\/manipogo.de\\\/wp-content\\\/uploads\\\/33083c4c52515c98baf73bfb8f9aa0f6-saint-francis-el-greco.jpg\",\"contentUrl\":\"https:\\\/\\\/manipogo.de\\\/wp-content\\\/uploads\\\/33083c4c52515c98baf73bfb8f9aa0f6-saint-francis-el-greco.jpg\",\"width\":540,\"height\":843},{\"@type\":\"BreadcrumbList\",\"@id\":\"https:\\\/\\\/manipogo.de\\\/?p=23727#breadcrumb\",\"itemListElement\":[{\"@type\":\"ListItem\",\"position\":1,\"name\":\"Startseite\",\"item\":\"https:\\\/\\\/manipogo.de\\\/\"},{\"@type\":\"ListItem\",\"position\":2,\"name\":\"Franz von Assisi\"}]},{\"@type\":\"WebSite\",\"@id\":\"https:\\\/\\\/manipogo.de\\\/#website\",\"url\":\"https:\\\/\\\/manipogo.de\\\/\",\"name\":\"manipogo\",\"description\":\"Gott und die Welt\",\"potentialAction\":[{\"@type\":\"SearchAction\",\"target\":{\"@type\":\"EntryPoint\",\"urlTemplate\":\"https:\\\/\\\/manipogo.de\\\/?s={search_term_string}\"},\"query-input\":{\"@type\":\"PropertyValueSpecification\",\"valueRequired\":true,\"valueName\":\"search_term_string\"}}],\"inLanguage\":\"de\"},{\"@type\":\"Person\",\"@id\":\"https:\\\/\\\/manipogo.de\\\/#\\\/schema\\\/person\\\/991913de0e39267877f234553fd7f58d\",\"name\":\"web108\",\"url\":\"https:\\\/\\\/manipogo.de\\\/?author=1\"}]}<\/script>\n<!-- \/ Yoast SEO plugin. -->","yoast_head_json":{"title":"Franz von Assisi - manipogo","robots":{"index":"index","follow":"follow","max-snippet":"max-snippet:-1","max-image-preview":"max-image-preview:large","max-video-preview":"max-video-preview:-1"},"canonical":"https:\/\/manipogo.de\/?p=23727","og_locale":"de_DE","og_type":"article","og_title":"Franz von Assisi - manipogo","og_description":"Da wir gestern Franz von Assisi als Bild von der Hand El Grecos hatten, heute ein paar Anmerkungen zu ihm und Zitate von ihm. Der Gr\u00fcnder der Franziskanerbr\u00fcder lebte von 1181 bis 1226. Heute wird er gern als erster Umweltsch\u00fctzer bezeichnet. Ob ihm das recht w\u00e4re? Vermutlich h\u00e4tte er nichts dagegen.","og_url":"https:\/\/manipogo.de\/?p=23727","og_site_name":"manipogo","article_published_time":"2021-11-22T22:42:45+00:00","og_image":[{"url":"http:\/\/manipogo.de\/wp-content\/uploads\/33083c4c52515c98baf73bfb8f9aa0f6-saint-francis-el-greco-192x300.jpg","type":"","width":"","height":""}],"author":"web108","twitter_card":"summary_large_image","twitter_misc":{"Verfasst von":"web108","Gesch\u00e4tzte Lesezeit":"2\u00a0Minuten"},"schema":{"@context":"https:\/\/schema.org","@graph":[{"@type":"Article","@id":"https:\/\/manipogo.de\/?p=23727#article","isPartOf":{"@id":"https:\/\/manipogo.de\/?p=23727"},"author":{"name":"web108","@id":"https:\/\/manipogo.de\/#\/schema\/person\/991913de0e39267877f234553fd7f58d"},"headline":"Franz von Assisi","datePublished":"2021-11-22T22:42:45+00:00","mainEntityOfPage":{"@id":"https:\/\/manipogo.de\/?p=23727"},"wordCount":347,"image":{"@id":"https:\/\/manipogo.de\/?p=23727#primaryimage"},"thumbnailUrl":"http:\/\/manipogo.de\/wp-content\/uploads\/33083c4c52515c98baf73bfb8f9aa0f6-saint-francis-el-greco-192x300.jpg","keywords":["Assisi","Francesco"],"articleSection":["Mystik"],"inLanguage":"de"},{"@type":"WebPage","@id":"https:\/\/manipogo.de\/?p=23727","url":"https:\/\/manipogo.de\/?p=23727","name":"Franz von Assisi - manipogo","isPartOf":{"@id":"https:\/\/manipogo.de\/#website"},"primaryImageOfPage":{"@id":"https:\/\/manipogo.de\/?p=23727#primaryimage"},"image":{"@id":"https:\/\/manipogo.de\/?p=23727#primaryimage"},"thumbnailUrl":"http:\/\/manipogo.de\/wp-content\/uploads\/33083c4c52515c98baf73bfb8f9aa0f6-saint-francis-el-greco-192x300.jpg","datePublished":"2021-11-22T22:42:45+00:00","author":{"@id":"https:\/\/manipogo.de\/#\/schema\/person\/991913de0e39267877f234553fd7f58d"},"breadcrumb":{"@id":"https:\/\/manipogo.de\/?p=23727#breadcrumb"},"inLanguage":"de","potentialAction":[{"@type":"ReadAction","target":["https:\/\/manipogo.de\/?p=23727"]}]},{"@type":"ImageObject","inLanguage":"de","@id":"https:\/\/manipogo.de\/?p=23727#primaryimage","url":"https:\/\/manipogo.de\/wp-content\/uploads\/33083c4c52515c98baf73bfb8f9aa0f6-saint-francis-el-greco.jpg","contentUrl":"https:\/\/manipogo.de\/wp-content\/uploads\/33083c4c52515c98baf73bfb8f9aa0f6-saint-francis-el-greco.jpg","width":540,"height":843},{"@type":"BreadcrumbList","@id":"https:\/\/manipogo.de\/?p=23727#breadcrumb","itemListElement":[{"@type":"ListItem","position":1,"name":"Startseite","item":"https:\/\/manipogo.de\/"},{"@type":"ListItem","position":2,"name":"Franz von Assisi"}]},{"@type":"WebSite","@id":"https:\/\/manipogo.de\/#website","url":"https:\/\/manipogo.de\/","name":"manipogo","description":"Gott und die Welt","potentialAction":[{"@type":"SearchAction","target":{"@type":"EntryPoint","urlTemplate":"https:\/\/manipogo.de\/?s={search_term_string}"},"query-input":{"@type":"PropertyValueSpecification","valueRequired":true,"valueName":"search_term_string"}}],"inLanguage":"de"},{"@type":"Person","@id":"https:\/\/manipogo.de\/#\/schema\/person\/991913de0e39267877f234553fd7f58d","name":"web108","url":"https:\/\/manipogo.de\/?author=1"}]}},"_links":{"self":[{"href":"https:\/\/manipogo.de\/index.php?rest_route=\/wp\/v2\/posts\/23727","targetHints":{"allow":["GET"]}}],"collection":[{"href":"https:\/\/manipogo.de\/index.php?rest_route=\/wp\/v2\/posts"}],"about":[{"href":"https:\/\/manipogo.de\/index.php?rest_route=\/wp\/v2\/types\/post"}],"author":[{"embeddable":true,"href":"https:\/\/manipogo.de\/index.php?rest_route=\/wp\/v2\/users\/1"}],"replies":[{"embeddable":true,"href":"https:\/\/manipogo.de\/index.php?rest_route=%2Fwp%2Fv2%2Fcomments&post=23727"}],"version-history":[{"count":7,"href":"https:\/\/manipogo.de\/index.php?rest_route=\/wp\/v2\/posts\/23727\/revisions"}],"predecessor-version":[{"id":23823,"href":"https:\/\/manipogo.de\/index.php?rest_route=\/wp\/v2\/posts\/23727\/revisions\/23823"}],"wp:attachment":[{"href":"https:\/\/manipogo.de\/index.php?rest_route=%2Fwp%2Fv2%2Fmedia&parent=23727"}],"wp:term":[{"taxonomy":"category","embeddable":true,"href":"https:\/\/manipogo.de\/index.php?rest_route=%2Fwp%2Fv2%2Fcategories&post=23727"},{"taxonomy":"post_tag","embeddable":true,"href":"https:\/\/manipogo.de\/index.php?rest_route=%2Fwp%2Fv2%2Ftags&post=23727"}],"curies":[{"name":"wp","href":"https:\/\/api.w.org\/{rel}","templated":true}]}}