{"id":25720,"date":"2022-04-15T00:07:25","date_gmt":"2022-04-14T22:07:25","guid":{"rendered":"http:\/\/manipogo.de\/?p=25720"},"modified":"2022-04-11T21:19:11","modified_gmt":"2022-04-11T19:19:11","slug":"der-tod-am-berg","status":"publish","type":"post","link":"https:\/\/manipogo.de\/?p=25720","title":{"rendered":"Der Tod am Berg"},"content":{"rendered":"<p>Heute Karfreitag. Da kann es schon mal etwas traurig sein, aber dann, nach Ostern, hat der Tod mal eine Weile nichts zu suchen auf <em>manipogo<\/em>. Ich kann nichts f\u00fcr meine morbide Ader (und kann nichts dagegen tun), und Friedh\u00f6fe besuche ich auch gern. Aber wie sagt der Mexikaner: Wer das Leben liebt, liebt auch den Tod. Zumindest l\u00e4sst er ihn dasein und leugnet ihn nicht.\u00a0<!--more--><\/p>\n<p><a href=\"https:\/\/manipogo.de\/wp-content\/uploads\/2108.jpg\" rel=\"attachment wp-att-25726\"><img loading=\"lazy\" decoding=\"async\" class=\"alignleft size-medium wp-image-25726\" src=\"https:\/\/manipogo.de\/wp-content\/uploads\/2108-244x300.jpg\" alt=\"Maeder Herbert\" width=\"244\" height=\"300\" \/><\/a>Herbert Maeder (1930-2017) war ein viel pr\u00e4mierter Fotograf, der sein Leben in den Bergen zubrachte. Er setzte sich f\u00fcr den Landschaftsschutz ein und war 12 Jahre (von 1983 bis 1995) Mitglied des Schweizer Nationalrats. Das ist, wie ich gerade lernte (und schon vergessen hatte) die gro\u00dfe Kammer des Schweizeer Parlaments mit 200 Delegierten (Deutschland leistet sich 700 im Bundestag). Die kleine Kammer ist der St\u00e4nderat mit 46 Vertretern der Kantone. \u00dcbrigens lebte Maeder in seinen letzten Lebensjahren in Rehetobel bei St. Gallen, bekannt auf <em>manipogo<\/em> als Sitz des Velovereins <a href=\"https:\/\/www.velomuseum-rehetobel.ch\/verein\/\" target=\"_blank\">Old Bicycle Fan Club<\/a>.<\/p>\n<p>In seinem 1980 erschienenen Bildband <em>Gipfel und Grate<\/em> erz\u00e4hlt Maeder von einer Tour 1975 zum Dritten Kreuzberg mit seiner damals zehnj\u00e4hrigen Tochter Andrea, auf der sie einen Todesfall aus der Ferne miterleben:<\/p>\n<p><em>Da st\u00fcrzt es vom Gipfel: Felsbrocken, aufschlagend wie Geschosse, hinabpfeifend durch die S\u00fcdwand, und ein Buntes, Farbiges, ein Mensch, aufschlagend auf einem Felsvorsprung, sich \u00fcberschlagend in der Luft, weggeworfen in den Abgrund \u2014 ein Geolter, mehr und mehr aus der Tiefe, ein paar nachrollende Steine \u2014 und dann Stille, unheimliche Stille.<\/em><\/p>\n<p>Pl\u00f6tzlich macht die Tour keine Freude mehr. Sp\u00e4ter erfahren sie:<\/p>\n<p><em>Das Opfer ist ein M\u00e4dchen, kaum zwanzig Jahre alt. Es hatte sich auf dem Gipfel losgeseilt, weil der Abstieg ja leicht ist. Aus Neugierde ist es wenige Schritte westw\u00e4rts abgestiegen, wollte schauen, ob die Kameraden nachkommen. Dabei auf einem losen Block gestanden, das Gleichgewicht verloren &#8230;<\/em><\/p>\n<p><a href=\"https:\/\/manipogo.de\/wp-content\/uploads\/SDC10827.jpg\" rel=\"attachment wp-att-25721\"><img loading=\"lazy\" decoding=\"async\" class=\"alignleft size-full wp-image-25721\" src=\"https:\/\/manipogo.de\/wp-content\/uploads\/SDC10827.jpg\" alt=\"SDC10827\" width=\"540\" height=\"720\" srcset=\"https:\/\/manipogo.de\/wp-content\/uploads\/SDC10827.jpg 540w, https:\/\/manipogo.de\/wp-content\/uploads\/SDC10827-225x300.jpg 225w\" sizes=\"auto, (max-width: 540px) 100vw, 540px\" \/><\/a><\/p>\n<p>Ein falscher Tritt kann einem in gro\u00dfer H\u00f6he das Leben kosten. Man muss immer konzentriert sein. Bergsteigen schenkt einem gro\u00dfe Freuden, ist aber auch gef\u00e4hrlich. Auch Radfahren ist gef\u00e4hrlich, unsere schnelle Fortbewegung fordert eine Menge Opfer. Doch es sollte uns nicht von Unternehmungen zur\u00fcckhalten. Unser Lebensende ist vorgezeichnet.<\/p>\n<p>Ich erinnere mich, wie ich einmal den Friedhof Sulzburg besuchte, der sich neben der 1000 Jahre alten Kirche St. Cyriak erstreckt. Eine Frau deutete auf einen Grabstein mit zwei Namen und sagte:\u00a0\u00bbMein Mann, bei einer Bergtour am Herzinfarkt gestorben.\u00a0\u2014 Und mein Sohn, t\u00f6dlich abgest\u00fcrzt. Man vermutete, dass sich sein Schn\u00fcrsenkel irgendwo verhakt hat.\u00ab<\/p>\n<p><a href=\"https:\/\/manipogo.de\/wp-content\/uploads\/SDC10828.jpg\" rel=\"attachment wp-att-25722\"><img loading=\"lazy\" decoding=\"async\" class=\"alignleft size-full wp-image-25722\" src=\"https:\/\/manipogo.de\/wp-content\/uploads\/SDC10828.jpg\" alt=\"SDC10828\" width=\"540\" height=\"570\" srcset=\"https:\/\/manipogo.de\/wp-content\/uploads\/SDC10828.jpg 540w, https:\/\/manipogo.de\/wp-content\/uploads\/SDC10828-284x300.jpg 284w\" sizes=\"auto, (max-width: 540px) 100vw, 540px\" \/><\/a><\/p>\n<p>Die alpine Geschichte ist reich an Trag\u00f6dien. Die Ausr\u00fcstung ist immer besser geworden, doch das Wetter bleibt eine Unw\u00e4gbarkeit. Vorsicht ist immer anzuraten. Mein Vater sagte einmal, was absurd klingt: \u00bbLieber eine Minute feig als das ganze Leben lang tot.\u00ab<\/p>\n<p>Die Fotos habe ich auf dem Grindelwalder Friedhof gemacht, der unterhalb des Heimatmuseums liegt. Auch erfahrene Bergsteiger und sogar Bergf\u00fchrer sind am Berg geblieben. Sie kannten das Risiko. Doch es macht den Menschen aus, das Unbedingte zu suchen und sein Schicksal herauszufordern.<\/p>\n<p><a href=\"https:\/\/manipogo.de\/wp-content\/uploads\/SDC10826.jpg\" rel=\"attachment wp-att-25723\"><img loading=\"lazy\" decoding=\"async\" class=\"alignleft size-full wp-image-25723\" src=\"https:\/\/manipogo.de\/wp-content\/uploads\/SDC10826.jpg\" alt=\"SDC10826\" width=\"540\" height=\"405\" srcset=\"https:\/\/manipogo.de\/wp-content\/uploads\/SDC10826.jpg 540w, https:\/\/manipogo.de\/wp-content\/uploads\/SDC10826-300x225.jpg 300w\" sizes=\"auto, (max-width: 540px) 100vw, 540px\" \/><\/a><\/p>\n<p>&nbsp;<\/p>\n<p>Herbert Maeder schrieb in seinem Buch auch \u00fcber seinen Schwiegervater Harry Siegerist, der nicht zu altern schien und gern seine Bassstimme ert\u00f6nen lie\u00df. Er kannte und liebte seine Berge und plante jede Tour genau. 1978 noch, mit 84 Jahren, schaffte er t\u00e4glich einen mehrst\u00fcndigen Aufstieg in der N\u00e4he der Cristallina-H\u00fctte.<\/p>\n<p>Maeder bedauerte:<\/p>\n<p><em>Ich h\u00e4tte gern noch viele Touren mit Harry gemacht, aber der Scherenspitz sollte unser letzter gemeinsamer Gipfel sein. Im September brach er mit einem seiner besten Freunde zum Rheinwaldhorn auf. An einem makellosen Bergtag wurde ihm der steile Firnhang unter der Lental\u00fccke zum Verh\u00e4ngnis; er glitt aus, prallte auf Fels, war tot. Harry fehlt uns sehr, aber er hatte, geistig und k\u00f6rperlich frisch, in einem hohen Alter einen raschen Tod gefunden. Was kann ein Bergsteiger sich Besseres w\u00fcnschen, als nach einem reichen, erf\u00fcllten Leben mitten in den geliebten Bergen abzutreten von der B\u00fchne dieses Welttheaters? Harrys Bergsteigerart bleibt mir ein Vorbild. Er hatte nie die ganz gro\u00dfen Touren gemacht, er war nicht einmal auf dem Matterhorn. Aber er hat in den Bergen, auf seinen Touren, eine vollkommene Liebe und Hingabe gezeigt und wurde belohnt durch ein hohes Ma\u00df an Gl\u00fcck und Zufriedenheit.<\/em><\/p>\n<p>&nbsp;<\/p>\n<p><a href=\"https:\/\/manipogo.de\/wp-content\/uploads\/SDC10829.jpg\" rel=\"attachment wp-att-25724\"><img loading=\"lazy\" decoding=\"async\" class=\"alignleft size-full wp-image-25724\" src=\"https:\/\/manipogo.de\/wp-content\/uploads\/SDC10829.jpg\" alt=\"SDC10829\" width=\"540\" height=\"518\" srcset=\"https:\/\/manipogo.de\/wp-content\/uploads\/SDC10829.jpg 540w, https:\/\/manipogo.de\/wp-content\/uploads\/SDC10829-300x288.jpg 300w\" sizes=\"auto, (max-width: 540px) 100vw, 540px\" \/><\/a><\/p>\n<p>&nbsp;<\/p>\n<p>&nbsp;<\/p>\n<p>&nbsp;<\/p>\n<p>&nbsp;<\/p>\n<p>&nbsp;<\/p>\n<p>&nbsp;<\/p>\n","protected":false},"excerpt":{"rendered":"<p>Heute Karfreitag. Da kann es schon mal etwas traurig sein, aber dann, nach Ostern, hat der Tod mal eine Weile nichts zu suchen auf manipogo. Ich kann nichts f\u00fcr meine morbide Ader (und kann nichts dagegen tun), und Friedh\u00f6fe besuche ich auch gern. Aber wie sagt der Mexikaner: Wer das Leben liebt, liebt auch den [&hellip;]<\/p>\n","protected":false},"author":1,"featured_media":0,"comment_status":"closed","ping_status":"closed","sticky":false,"template":"","format":"standard","meta":{"footnotes":""},"categories":[1227],"tags":[849,154],"class_list":["post-25720","post","type-post","status-publish","format-standard","hentry","category-reisen","tag-berge","tag-tod"],"yoast_head":"<!-- This site is optimized with the Yoast SEO plugin v27.3 - https:\/\/yoast.com\/product\/yoast-seo-wordpress\/ -->\n<title>Der Tod am Berg - manipogo<\/title>\n<meta name=\"robots\" content=\"index, follow, max-snippet:-1, max-image-preview:large, max-video-preview:-1\" \/>\n<link rel=\"canonical\" href=\"https:\/\/manipogo.de\/?p=25720\" \/>\n<meta property=\"og:locale\" content=\"de_DE\" \/>\n<meta property=\"og:type\" content=\"article\" \/>\n<meta property=\"og:title\" content=\"Der Tod am Berg - manipogo\" \/>\n<meta property=\"og:description\" content=\"Heute Karfreitag. Da kann es schon mal etwas traurig sein, aber dann, nach Ostern, hat der Tod mal eine Weile nichts zu suchen auf manipogo. Ich kann nichts f\u00fcr meine morbide Ader (und kann nichts dagegen tun), und Friedh\u00f6fe besuche ich auch gern. Aber wie sagt der Mexikaner: Wer das Leben liebt, liebt auch den [&hellip;]\" \/>\n<meta property=\"og:url\" content=\"https:\/\/manipogo.de\/?p=25720\" \/>\n<meta property=\"og:site_name\" content=\"manipogo\" \/>\n<meta property=\"article:published_time\" content=\"2022-04-14T22:07:25+00:00\" \/>\n<meta property=\"og:image\" content=\"http:\/\/manipogo.de\/wp-content\/uploads\/2108-244x300.jpg\" \/>\n<meta name=\"author\" content=\"web108\" \/>\n<meta name=\"twitter:card\" content=\"summary_large_image\" \/>\n<meta name=\"twitter:label1\" content=\"Verfasst von\" \/>\n\t<meta name=\"twitter:data1\" content=\"web108\" \/>\n\t<meta name=\"twitter:label2\" content=\"Gesch\u00e4tzte Lesezeit\" \/>\n\t<meta name=\"twitter:data2\" content=\"4\u00a0Minuten\" \/>\n<script type=\"application\/ld+json\" class=\"yoast-schema-graph\">{\"@context\":\"https:\\\/\\\/schema.org\",\"@graph\":[{\"@type\":\"Article\",\"@id\":\"https:\\\/\\\/manipogo.de\\\/?p=25720#article\",\"isPartOf\":{\"@id\":\"https:\\\/\\\/manipogo.de\\\/?p=25720\"},\"author\":{\"name\":\"web108\",\"@id\":\"https:\\\/\\\/manipogo.de\\\/#\\\/schema\\\/person\\\/991913de0e39267877f234553fd7f58d\"},\"headline\":\"Der Tod am Berg\",\"datePublished\":\"2022-04-14T22:07:25+00:00\",\"mainEntityOfPage\":{\"@id\":\"https:\\\/\\\/manipogo.de\\\/?p=25720\"},\"wordCount\":715,\"image\":{\"@id\":\"https:\\\/\\\/manipogo.de\\\/?p=25720#primaryimage\"},\"thumbnailUrl\":\"http:\\\/\\\/manipogo.de\\\/wp-content\\\/uploads\\\/2108-244x300.jpg\",\"keywords\":[\"Berge\",\"Tod\"],\"articleSection\":[\"Reisen\"],\"inLanguage\":\"de\"},{\"@type\":\"WebPage\",\"@id\":\"https:\\\/\\\/manipogo.de\\\/?p=25720\",\"url\":\"https:\\\/\\\/manipogo.de\\\/?p=25720\",\"name\":\"Der Tod am Berg - manipogo\",\"isPartOf\":{\"@id\":\"https:\\\/\\\/manipogo.de\\\/#website\"},\"primaryImageOfPage\":{\"@id\":\"https:\\\/\\\/manipogo.de\\\/?p=25720#primaryimage\"},\"image\":{\"@id\":\"https:\\\/\\\/manipogo.de\\\/?p=25720#primaryimage\"},\"thumbnailUrl\":\"http:\\\/\\\/manipogo.de\\\/wp-content\\\/uploads\\\/2108-244x300.jpg\",\"datePublished\":\"2022-04-14T22:07:25+00:00\",\"author\":{\"@id\":\"https:\\\/\\\/manipogo.de\\\/#\\\/schema\\\/person\\\/991913de0e39267877f234553fd7f58d\"},\"breadcrumb\":{\"@id\":\"https:\\\/\\\/manipogo.de\\\/?p=25720#breadcrumb\"},\"inLanguage\":\"de\",\"potentialAction\":[{\"@type\":\"ReadAction\",\"target\":[\"https:\\\/\\\/manipogo.de\\\/?p=25720\"]}]},{\"@type\":\"ImageObject\",\"inLanguage\":\"de\",\"@id\":\"https:\\\/\\\/manipogo.de\\\/?p=25720#primaryimage\",\"url\":\"\",\"contentUrl\":\"\"},{\"@type\":\"BreadcrumbList\",\"@id\":\"https:\\\/\\\/manipogo.de\\\/?p=25720#breadcrumb\",\"itemListElement\":[{\"@type\":\"ListItem\",\"position\":1,\"name\":\"Startseite\",\"item\":\"https:\\\/\\\/manipogo.de\\\/\"},{\"@type\":\"ListItem\",\"position\":2,\"name\":\"Der Tod am Berg\"}]},{\"@type\":\"WebSite\",\"@id\":\"https:\\\/\\\/manipogo.de\\\/#website\",\"url\":\"https:\\\/\\\/manipogo.de\\\/\",\"name\":\"manipogo\",\"description\":\"Gott und die Welt\",\"potentialAction\":[{\"@type\":\"SearchAction\",\"target\":{\"@type\":\"EntryPoint\",\"urlTemplate\":\"https:\\\/\\\/manipogo.de\\\/?s={search_term_string}\"},\"query-input\":{\"@type\":\"PropertyValueSpecification\",\"valueRequired\":true,\"valueName\":\"search_term_string\"}}],\"inLanguage\":\"de\"},{\"@type\":\"Person\",\"@id\":\"https:\\\/\\\/manipogo.de\\\/#\\\/schema\\\/person\\\/991913de0e39267877f234553fd7f58d\",\"name\":\"web108\",\"url\":\"https:\\\/\\\/manipogo.de\\\/?author=1\"}]}<\/script>\n<!-- \/ Yoast SEO plugin. -->","yoast_head_json":{"title":"Der Tod am Berg - manipogo","robots":{"index":"index","follow":"follow","max-snippet":"max-snippet:-1","max-image-preview":"max-image-preview:large","max-video-preview":"max-video-preview:-1"},"canonical":"https:\/\/manipogo.de\/?p=25720","og_locale":"de_DE","og_type":"article","og_title":"Der Tod am Berg - manipogo","og_description":"Heute Karfreitag. Da kann es schon mal etwas traurig sein, aber dann, nach Ostern, hat der Tod mal eine Weile nichts zu suchen auf manipogo. Ich kann nichts f\u00fcr meine morbide Ader (und kann nichts dagegen tun), und Friedh\u00f6fe besuche ich auch gern. Aber wie sagt der Mexikaner: Wer das Leben liebt, liebt auch den [&hellip;]","og_url":"https:\/\/manipogo.de\/?p=25720","og_site_name":"manipogo","article_published_time":"2022-04-14T22:07:25+00:00","og_image":[{"url":"http:\/\/manipogo.de\/wp-content\/uploads\/2108-244x300.jpg","type":"","width":"","height":""}],"author":"web108","twitter_card":"summary_large_image","twitter_misc":{"Verfasst von":"web108","Gesch\u00e4tzte Lesezeit":"4\u00a0Minuten"},"schema":{"@context":"https:\/\/schema.org","@graph":[{"@type":"Article","@id":"https:\/\/manipogo.de\/?p=25720#article","isPartOf":{"@id":"https:\/\/manipogo.de\/?p=25720"},"author":{"name":"web108","@id":"https:\/\/manipogo.de\/#\/schema\/person\/991913de0e39267877f234553fd7f58d"},"headline":"Der Tod am Berg","datePublished":"2022-04-14T22:07:25+00:00","mainEntityOfPage":{"@id":"https:\/\/manipogo.de\/?p=25720"},"wordCount":715,"image":{"@id":"https:\/\/manipogo.de\/?p=25720#primaryimage"},"thumbnailUrl":"http:\/\/manipogo.de\/wp-content\/uploads\/2108-244x300.jpg","keywords":["Berge","Tod"],"articleSection":["Reisen"],"inLanguage":"de"},{"@type":"WebPage","@id":"https:\/\/manipogo.de\/?p=25720","url":"https:\/\/manipogo.de\/?p=25720","name":"Der Tod am Berg - manipogo","isPartOf":{"@id":"https:\/\/manipogo.de\/#website"},"primaryImageOfPage":{"@id":"https:\/\/manipogo.de\/?p=25720#primaryimage"},"image":{"@id":"https:\/\/manipogo.de\/?p=25720#primaryimage"},"thumbnailUrl":"http:\/\/manipogo.de\/wp-content\/uploads\/2108-244x300.jpg","datePublished":"2022-04-14T22:07:25+00:00","author":{"@id":"https:\/\/manipogo.de\/#\/schema\/person\/991913de0e39267877f234553fd7f58d"},"breadcrumb":{"@id":"https:\/\/manipogo.de\/?p=25720#breadcrumb"},"inLanguage":"de","potentialAction":[{"@type":"ReadAction","target":["https:\/\/manipogo.de\/?p=25720"]}]},{"@type":"ImageObject","inLanguage":"de","@id":"https:\/\/manipogo.de\/?p=25720#primaryimage","url":"","contentUrl":""},{"@type":"BreadcrumbList","@id":"https:\/\/manipogo.de\/?p=25720#breadcrumb","itemListElement":[{"@type":"ListItem","position":1,"name":"Startseite","item":"https:\/\/manipogo.de\/"},{"@type":"ListItem","position":2,"name":"Der Tod am Berg"}]},{"@type":"WebSite","@id":"https:\/\/manipogo.de\/#website","url":"https:\/\/manipogo.de\/","name":"manipogo","description":"Gott und die Welt","potentialAction":[{"@type":"SearchAction","target":{"@type":"EntryPoint","urlTemplate":"https:\/\/manipogo.de\/?s={search_term_string}"},"query-input":{"@type":"PropertyValueSpecification","valueRequired":true,"valueName":"search_term_string"}}],"inLanguage":"de"},{"@type":"Person","@id":"https:\/\/manipogo.de\/#\/schema\/person\/991913de0e39267877f234553fd7f58d","name":"web108","url":"https:\/\/manipogo.de\/?author=1"}]}},"_links":{"self":[{"href":"https:\/\/manipogo.de\/index.php?rest_route=\/wp\/v2\/posts\/25720","targetHints":{"allow":["GET"]}}],"collection":[{"href":"https:\/\/manipogo.de\/index.php?rest_route=\/wp\/v2\/posts"}],"about":[{"href":"https:\/\/manipogo.de\/index.php?rest_route=\/wp\/v2\/types\/post"}],"author":[{"embeddable":true,"href":"https:\/\/manipogo.de\/index.php?rest_route=\/wp\/v2\/users\/1"}],"replies":[{"embeddable":true,"href":"https:\/\/manipogo.de\/index.php?rest_route=%2Fwp%2Fv2%2Fcomments&post=25720"}],"version-history":[{"count":7,"href":"https:\/\/manipogo.de\/index.php?rest_route=\/wp\/v2\/posts\/25720\/revisions"}],"predecessor-version":[{"id":25981,"href":"https:\/\/manipogo.de\/index.php?rest_route=\/wp\/v2\/posts\/25720\/revisions\/25981"}],"wp:attachment":[{"href":"https:\/\/manipogo.de\/index.php?rest_route=%2Fwp%2Fv2%2Fmedia&parent=25720"}],"wp:term":[{"taxonomy":"category","embeddable":true,"href":"https:\/\/manipogo.de\/index.php?rest_route=%2Fwp%2Fv2%2Fcategories&post=25720"},{"taxonomy":"post_tag","embeddable":true,"href":"https:\/\/manipogo.de\/index.php?rest_route=%2Fwp%2Fv2%2Ftags&post=25720"}],"curies":[{"name":"wp","href":"https:\/\/api.w.org\/{rel}","templated":true}]}}