{"id":26650,"date":"2022-07-04T00:44:53","date_gmt":"2022-07-03T22:44:53","guid":{"rendered":"http:\/\/manipogo.de\/?p=26650"},"modified":"2022-06-30T22:25:39","modified_gmt":"2022-06-30T20:25:39","slug":"flugverkehr-143-der-wind","status":"publish","type":"post","link":"https:\/\/manipogo.de\/?p=26650","title":{"rendered":"Flugverkehr (143): Der Wind"},"content":{"rendered":"<p>Vom Himmel her ein Brausen entstand in dem Haus, \u00bbwie wenn ein gewaltiger Sturm daherf\u00fchre, alleluja\u00ab. So steht&#8217;s in der Apostelgeschichte \u00fcber Pfingsten, das vor einem Monat. Auf das Thema des Windes hatte mich jedoch ein anderes Zitat gebracht, das ich bei Robert Crookall las, und von dort an sammelte ich ein wenig Material, damit die Geschichte rund w\u00fcrde.\u00a0<!--more--><\/p>\n<p><a href=\"https:\/\/manipogo.de\/wp-content\/uploads\/300px-Boeing_Stearman_N67193-1.jpg\" rel=\"attachment wp-att-26653\"><img loading=\"lazy\" decoding=\"async\" class=\"alignright size-full wp-image-26653\" src=\"https:\/\/manipogo.de\/wp-content\/uploads\/300px-Boeing_Stearman_N67193-1.jpg\" alt=\"\" width=\"300\" height=\"200\" \/><\/a>Miss Johnson schilderte da aus eine ihrer Astralprojektionen:<\/p>\n<p><em>Diese Reisen waren immer gekennzeichnet durch kalte \u00bbLuft\u00ab und durch die Empfindung eines rauschenden \u00bbGeists des Winds\u00ab, gefolgt von einer Sch\u00e4rfung der F\u00e4higkeiten sowie unbeschreiblichem Frieden und einem erhebenden Gef\u00fchl.<\/em><\/p>\n<p>Ein Mann namens Hives glitt durch grauen Nebel und nahm rauschenden Wind wahr, bevor er ins Licht eintrat.<\/p>\n<p>Crookall kommentiert, das windartige Rauschen sei die Bewegung des Vitalk\u00f6rpers, der das Bewusstsein hochtransportiert. Er ist als Double des physischen Leibs nur die Tr\u00e4gerrakete, die dann beiseite tritt, bevor der Astralk\u00f6rper das Bewusstsein mitnimmt. Auch viele Zeugen von Todeserfahrungen beschreiben, wie sie in hohem Tempo durch den Tunnel flogen, angezogen oder angesaugt von etwas dahinter, und manchmal scheinen sie innezuhalten, w\u00e4hrend die W\u00e4nde des Tunnels an ihnen vorbeigezogen werden.<\/p>\n<p>Friedrich Doucet erkl\u00e4rt uns, dass schon das Urchristentum den Astralk\u00f6rper kannte, und zwar<\/p>\n<p><em>als Vorstellung von der Geburt des pneumatischen Menschen, also einer Luft- oder Hauch-Person. &#8230; Diese Vorstellung st\u00fctzt sich auf die nat\u00fcrliche Erfahrung, dass der Mensch ohne Atem nicht leben kann. Damit verbindet sich der Gedanke, dass der Mensch aus der Luft, die er einatmet, auch seine Lebenskraft \u2014 und seinen Geist \u2014 bezieht. Die Antike kannte ja nur vier Elemente: Feuer, Wasser, Erde und Luft. Und die Luft ist gleichzeitig jene Dimension, die bis an den Himmel reicht und nach damaliger Ansicht die Verbindung zwischen dem gestirnten Universum und der Erde herstellt.\u00a0<\/em><\/p>\n<p>Die Luft war immer der Geist &#8230; \u00bbDer Geist Gottes schwebte \u00fcber dem Wasser\u00ab, hei\u00dft es zu Beginn der Sch\u00f6pfungsgeschichte. Die Erde war das Solide, das Empfangende, die Geb\u00e4rerin; das Wasser hatte mit den Emotionen zu tun und der Seele (<em>beides, Erde und Wasser, eher weiblich<\/em>), w\u00e4hrend das Feuer die Transformation bewirkt: Es frisst auf und verwandelt auch.<\/p>\n<p>In Victor Hugos Roman <em>Les Mis\u00e9rables<\/em> (Die Elenden) las ich k\u00fcrzlich \u00fcber das geistige Projekt von Bischof Bienvenu Myriel, der uns bald wieder entgegentreten wird (<em>in meiner \u00dcbersetzung<\/em>):<\/p>\n<p><em>Er war belesen und ein wenig ein Wissenschaftler. Er hinterlie\u00df f\u00fcnf oder sechs ziemlich merkw\u00fcrdige Manuskripte; darunter war eine Abhandlung \u00fcber den Satz der Genesis \u00bb&#8230; und Gottes Geist schwebte \u00fcber dem Wasser\u00ab. Er stellte diesem Spruch drei Texte gegen\u00fcber: die arabische Version, die sagt\u00a0\u00bbDie Winde Gottes bliesen\u00ab; den Satz von Flavius Josephus, der lautet\u00a0\u00bbEin Wind von oben warf sich auf die Erde\u00ab; und schlie\u00dflich die chald\u00e4ische Paraphrase von Onkelos, die so \u00fcberliefert ist:\u00a0\u00bbEin Wind, von Gott kommend, blies \u00fcber das Antlitz der Wasser\u00ab.\u00a0 \u00a0<\/em><\/p>\n<p>Im Koran erscheint der Wind (al-rihya) oft als g\u00fcnstiges Vorzeichen, als Segen von oben.<\/p>\n<p>Albert Camus (1907-1960), der algerische Schriftsteller, hat in seinem Essay <em>Der Wind in Djemila<\/em> einmal eindrucksvoll geschildert, wie der Wind ihn zerrieb und nackt zur\u00fccklie\u00df: ihn verwandelte. (<em>Unten Djemila 1978; k\u00f6nnte auch Tipasa gewesen sein, aber wir waren dort<\/em>.)<\/p>\n<p><a href=\"https:\/\/manipogo.de\/wp-content\/uploads\/antikkita-1.jpg\" rel=\"attachment wp-att-26651\"><img loading=\"lazy\" decoding=\"async\" class=\"alignleft size-full wp-image-26651\" src=\"https:\/\/manipogo.de\/wp-content\/uploads\/antikkita-1.jpg\" alt=\"antikkita\" width=\"540\" height=\"192\" srcset=\"https:\/\/manipogo.de\/wp-content\/uploads\/antikkita-1.jpg 540w, https:\/\/manipogo.de\/wp-content\/uploads\/antikkita-1-300x107.jpg 300w\" sizes=\"auto, (max-width: 540px) 100vw, 540px\" \/><\/a><\/p>\n<p>&nbsp;<\/p>\n<p><em>Langsam schien der Wind &#8230;. mit jeder Stunde zu wachsen und das ganze Land zu f\u00fcllen. Er kam von weither aus einer L\u00fccke zwischen den \u00f6stlichen Bergen, eilte vom Horizont herbei und warf sich in j\u00e4hen Spr\u00fcngen zwischen die sonnengl\u00fchenden Tr\u00fcmmer. Unerm\u00fcdlich blies und jagte er durch die Ruinen, drehte sich in einer Kies- und Saubwolke im Kreise, &#8230; schlang sich br\u00fcnstig um jede S\u00e4ule und st\u00fcrmte mit gellem Geheul \u00fcber das Forum, das wehrlos unterm Himmel lag. Ich flatterte wie ein Segel im Wind. &#8230; Jetzt &#8230;, stundenlang vom Wind gepeitscht und gesch\u00fcttelt, bet\u00e4ubt und ermattet, ging mir das Gef\u00fchl f\u00fcr die Oberfl\u00e4che, die meinen Leib zusammenhielt, verloren. <\/em><\/p>\n<p><em>Der Wind hatte mich geschliffen wie Flut und Ebbe einen Kiesel und hatte mich bis zur nackten Seele verbraucht. Ich war nur noch ein Teil jener Kraft, die mit mir tat, was sie wollte, und mich immer entschiedener in Besitz nahm, bis ich ihr schlie\u00dflich ganz geh\u00f6rte, so dass mein Blut im gleichen Rhythmus pulste und dr\u00f6hnte wie das allgegenw\u00e4rtige Herz der Natur. Der Wind verwandelte mich in ein Zubeh\u00f6r meiner kahlen und verdorrten Umgebung; seine fl\u00fcchtige Umarmung versteinerte mich, bis ich, Stein unter Steinen, einsam wie eine S\u00e4ule oder ein \u00d6lbaum unter dem Sommerhimmel stand. \u00a0 \u00a0<\/em><\/p>\n","protected":false},"excerpt":{"rendered":"<p>Vom Himmel her ein Brausen entstand in dem Haus, \u00bbwie wenn ein gewaltiger Sturm daherf\u00fchre, alleluja\u00ab. So steht&#8217;s in der Apostelgeschichte \u00fcber Pfingsten, das vor einem Monat. Auf das Thema des Windes hatte mich jedoch ein anderes Zitat gebracht, das ich bei Robert Crookall las, und von dort an sammelte ich ein wenig Material, damit [&hellip;]<\/p>\n","protected":false},"author":1,"featured_media":0,"comment_status":"closed","ping_status":"closed","sticky":false,"template":"","format":"standard","meta":{"footnotes":""},"categories":[45],"tags":[2288,2287],"class_list":["post-26650","post","type-post","status-publish","format-standard","hentry","category-phaenomene","tag-verwandlung","tag-wind"],"yoast_head":"<!-- This site is optimized with the Yoast SEO plugin v27.3 - https:\/\/yoast.com\/product\/yoast-seo-wordpress\/ -->\n<title>Flugverkehr (143): Der Wind - manipogo<\/title>\n<meta name=\"robots\" content=\"index, follow, max-snippet:-1, max-image-preview:large, max-video-preview:-1\" \/>\n<link rel=\"canonical\" href=\"https:\/\/manipogo.de\/?p=26650\" \/>\n<meta property=\"og:locale\" content=\"de_DE\" \/>\n<meta property=\"og:type\" content=\"article\" \/>\n<meta property=\"og:title\" content=\"Flugverkehr (143): Der Wind - manipogo\" \/>\n<meta property=\"og:description\" content=\"Vom Himmel her ein Brausen entstand in dem Haus, \u00bbwie wenn ein gewaltiger Sturm daherf\u00fchre, alleluja\u00ab. So steht&#8217;s in der Apostelgeschichte \u00fcber Pfingsten, das vor einem Monat. Auf das Thema des Windes hatte mich jedoch ein anderes Zitat gebracht, das ich bei Robert Crookall las, und von dort an sammelte ich ein wenig Material, damit [&hellip;]\" \/>\n<meta property=\"og:url\" content=\"https:\/\/manipogo.de\/?p=26650\" \/>\n<meta property=\"og:site_name\" content=\"manipogo\" \/>\n<meta property=\"article:published_time\" content=\"2022-07-03T22:44:53+00:00\" \/>\n<meta property=\"og:image\" content=\"http:\/\/manipogo.de\/wp-content\/uploads\/300px-Boeing_Stearman_N67193-1.jpg\" \/>\n<meta name=\"author\" content=\"web108\" \/>\n<meta name=\"twitter:card\" content=\"summary_large_image\" \/>\n<meta name=\"twitter:label1\" content=\"Verfasst von\" \/>\n\t<meta name=\"twitter:data1\" content=\"web108\" \/>\n\t<meta name=\"twitter:label2\" content=\"Gesch\u00e4tzte Lesezeit\" \/>\n\t<meta name=\"twitter:data2\" content=\"4\u00a0Minuten\" \/>\n<script type=\"application\/ld+json\" class=\"yoast-schema-graph\">{\"@context\":\"https:\\\/\\\/schema.org\",\"@graph\":[{\"@type\":\"Article\",\"@id\":\"https:\\\/\\\/manipogo.de\\\/?p=26650#article\",\"isPartOf\":{\"@id\":\"https:\\\/\\\/manipogo.de\\\/?p=26650\"},\"author\":{\"name\":\"web108\",\"@id\":\"https:\\\/\\\/manipogo.de\\\/#\\\/schema\\\/person\\\/991913de0e39267877f234553fd7f58d\"},\"headline\":\"Flugverkehr (143): Der Wind\",\"datePublished\":\"2022-07-03T22:44:53+00:00\",\"mainEntityOfPage\":{\"@id\":\"https:\\\/\\\/manipogo.de\\\/?p=26650\"},\"wordCount\":765,\"image\":{\"@id\":\"https:\\\/\\\/manipogo.de\\\/?p=26650#primaryimage\"},\"thumbnailUrl\":\"http:\\\/\\\/manipogo.de\\\/wp-content\\\/uploads\\\/300px-Boeing_Stearman_N67193-1.jpg\",\"keywords\":[\"Verwandlung\",\"Wind\"],\"articleSection\":[\"Ph\u00e4nomene\"],\"inLanguage\":\"de\"},{\"@type\":\"WebPage\",\"@id\":\"https:\\\/\\\/manipogo.de\\\/?p=26650\",\"url\":\"https:\\\/\\\/manipogo.de\\\/?p=26650\",\"name\":\"Flugverkehr (143): Der Wind - manipogo\",\"isPartOf\":{\"@id\":\"https:\\\/\\\/manipogo.de\\\/#website\"},\"primaryImageOfPage\":{\"@id\":\"https:\\\/\\\/manipogo.de\\\/?p=26650#primaryimage\"},\"image\":{\"@id\":\"https:\\\/\\\/manipogo.de\\\/?p=26650#primaryimage\"},\"thumbnailUrl\":\"http:\\\/\\\/manipogo.de\\\/wp-content\\\/uploads\\\/300px-Boeing_Stearman_N67193-1.jpg\",\"datePublished\":\"2022-07-03T22:44:53+00:00\",\"author\":{\"@id\":\"https:\\\/\\\/manipogo.de\\\/#\\\/schema\\\/person\\\/991913de0e39267877f234553fd7f58d\"},\"breadcrumb\":{\"@id\":\"https:\\\/\\\/manipogo.de\\\/?p=26650#breadcrumb\"},\"inLanguage\":\"de\",\"potentialAction\":[{\"@type\":\"ReadAction\",\"target\":[\"https:\\\/\\\/manipogo.de\\\/?p=26650\"]}]},{\"@type\":\"ImageObject\",\"inLanguage\":\"de\",\"@id\":\"https:\\\/\\\/manipogo.de\\\/?p=26650#primaryimage\",\"url\":\"http:\\\/\\\/manipogo.de\\\/wp-content\\\/uploads\\\/300px-Boeing_Stearman_N67193-1.jpg\",\"contentUrl\":\"http:\\\/\\\/manipogo.de\\\/wp-content\\\/uploads\\\/300px-Boeing_Stearman_N67193-1.jpg\"},{\"@type\":\"BreadcrumbList\",\"@id\":\"https:\\\/\\\/manipogo.de\\\/?p=26650#breadcrumb\",\"itemListElement\":[{\"@type\":\"ListItem\",\"position\":1,\"name\":\"Startseite\",\"item\":\"https:\\\/\\\/manipogo.de\\\/\"},{\"@type\":\"ListItem\",\"position\":2,\"name\":\"Flugverkehr (143): Der Wind\"}]},{\"@type\":\"WebSite\",\"@id\":\"https:\\\/\\\/manipogo.de\\\/#website\",\"url\":\"https:\\\/\\\/manipogo.de\\\/\",\"name\":\"manipogo\",\"description\":\"Gott und die Welt\",\"potentialAction\":[{\"@type\":\"SearchAction\",\"target\":{\"@type\":\"EntryPoint\",\"urlTemplate\":\"https:\\\/\\\/manipogo.de\\\/?s={search_term_string}\"},\"query-input\":{\"@type\":\"PropertyValueSpecification\",\"valueRequired\":true,\"valueName\":\"search_term_string\"}}],\"inLanguage\":\"de\"},{\"@type\":\"Person\",\"@id\":\"https:\\\/\\\/manipogo.de\\\/#\\\/schema\\\/person\\\/991913de0e39267877f234553fd7f58d\",\"name\":\"web108\",\"url\":\"https:\\\/\\\/manipogo.de\\\/?author=1\"}]}<\/script>\n<!-- \/ Yoast SEO plugin. -->","yoast_head_json":{"title":"Flugverkehr (143): Der Wind - manipogo","robots":{"index":"index","follow":"follow","max-snippet":"max-snippet:-1","max-image-preview":"max-image-preview:large","max-video-preview":"max-video-preview:-1"},"canonical":"https:\/\/manipogo.de\/?p=26650","og_locale":"de_DE","og_type":"article","og_title":"Flugverkehr (143): Der Wind - manipogo","og_description":"Vom Himmel her ein Brausen entstand in dem Haus, \u00bbwie wenn ein gewaltiger Sturm daherf\u00fchre, alleluja\u00ab. So steht&#8217;s in der Apostelgeschichte \u00fcber Pfingsten, das vor einem Monat. Auf das Thema des Windes hatte mich jedoch ein anderes Zitat gebracht, das ich bei Robert Crookall las, und von dort an sammelte ich ein wenig Material, damit [&hellip;]","og_url":"https:\/\/manipogo.de\/?p=26650","og_site_name":"manipogo","article_published_time":"2022-07-03T22:44:53+00:00","og_image":[{"url":"http:\/\/manipogo.de\/wp-content\/uploads\/300px-Boeing_Stearman_N67193-1.jpg","type":"","width":"","height":""}],"author":"web108","twitter_card":"summary_large_image","twitter_misc":{"Verfasst von":"web108","Gesch\u00e4tzte Lesezeit":"4\u00a0Minuten"},"schema":{"@context":"https:\/\/schema.org","@graph":[{"@type":"Article","@id":"https:\/\/manipogo.de\/?p=26650#article","isPartOf":{"@id":"https:\/\/manipogo.de\/?p=26650"},"author":{"name":"web108","@id":"https:\/\/manipogo.de\/#\/schema\/person\/991913de0e39267877f234553fd7f58d"},"headline":"Flugverkehr (143): Der Wind","datePublished":"2022-07-03T22:44:53+00:00","mainEntityOfPage":{"@id":"https:\/\/manipogo.de\/?p=26650"},"wordCount":765,"image":{"@id":"https:\/\/manipogo.de\/?p=26650#primaryimage"},"thumbnailUrl":"http:\/\/manipogo.de\/wp-content\/uploads\/300px-Boeing_Stearman_N67193-1.jpg","keywords":["Verwandlung","Wind"],"articleSection":["Ph\u00e4nomene"],"inLanguage":"de"},{"@type":"WebPage","@id":"https:\/\/manipogo.de\/?p=26650","url":"https:\/\/manipogo.de\/?p=26650","name":"Flugverkehr (143): Der Wind - manipogo","isPartOf":{"@id":"https:\/\/manipogo.de\/#website"},"primaryImageOfPage":{"@id":"https:\/\/manipogo.de\/?p=26650#primaryimage"},"image":{"@id":"https:\/\/manipogo.de\/?p=26650#primaryimage"},"thumbnailUrl":"http:\/\/manipogo.de\/wp-content\/uploads\/300px-Boeing_Stearman_N67193-1.jpg","datePublished":"2022-07-03T22:44:53+00:00","author":{"@id":"https:\/\/manipogo.de\/#\/schema\/person\/991913de0e39267877f234553fd7f58d"},"breadcrumb":{"@id":"https:\/\/manipogo.de\/?p=26650#breadcrumb"},"inLanguage":"de","potentialAction":[{"@type":"ReadAction","target":["https:\/\/manipogo.de\/?p=26650"]}]},{"@type":"ImageObject","inLanguage":"de","@id":"https:\/\/manipogo.de\/?p=26650#primaryimage","url":"http:\/\/manipogo.de\/wp-content\/uploads\/300px-Boeing_Stearman_N67193-1.jpg","contentUrl":"http:\/\/manipogo.de\/wp-content\/uploads\/300px-Boeing_Stearman_N67193-1.jpg"},{"@type":"BreadcrumbList","@id":"https:\/\/manipogo.de\/?p=26650#breadcrumb","itemListElement":[{"@type":"ListItem","position":1,"name":"Startseite","item":"https:\/\/manipogo.de\/"},{"@type":"ListItem","position":2,"name":"Flugverkehr (143): Der Wind"}]},{"@type":"WebSite","@id":"https:\/\/manipogo.de\/#website","url":"https:\/\/manipogo.de\/","name":"manipogo","description":"Gott und die Welt","potentialAction":[{"@type":"SearchAction","target":{"@type":"EntryPoint","urlTemplate":"https:\/\/manipogo.de\/?s={search_term_string}"},"query-input":{"@type":"PropertyValueSpecification","valueRequired":true,"valueName":"search_term_string"}}],"inLanguage":"de"},{"@type":"Person","@id":"https:\/\/manipogo.de\/#\/schema\/person\/991913de0e39267877f234553fd7f58d","name":"web108","url":"https:\/\/manipogo.de\/?author=1"}]}},"_links":{"self":[{"href":"https:\/\/manipogo.de\/index.php?rest_route=\/wp\/v2\/posts\/26650","targetHints":{"allow":["GET"]}}],"collection":[{"href":"https:\/\/manipogo.de\/index.php?rest_route=\/wp\/v2\/posts"}],"about":[{"href":"https:\/\/manipogo.de\/index.php?rest_route=\/wp\/v2\/types\/post"}],"author":[{"embeddable":true,"href":"https:\/\/manipogo.de\/index.php?rest_route=\/wp\/v2\/users\/1"}],"replies":[{"embeddable":true,"href":"https:\/\/manipogo.de\/index.php?rest_route=%2Fwp%2Fv2%2Fcomments&post=26650"}],"version-history":[{"count":8,"href":"https:\/\/manipogo.de\/index.php?rest_route=\/wp\/v2\/posts\/26650\/revisions"}],"predecessor-version":[{"id":26839,"href":"https:\/\/manipogo.de\/index.php?rest_route=\/wp\/v2\/posts\/26650\/revisions\/26839"}],"wp:attachment":[{"href":"https:\/\/manipogo.de\/index.php?rest_route=%2Fwp%2Fv2%2Fmedia&parent=26650"}],"wp:term":[{"taxonomy":"category","embeddable":true,"href":"https:\/\/manipogo.de\/index.php?rest_route=%2Fwp%2Fv2%2Fcategories&post=26650"},{"taxonomy":"post_tag","embeddable":true,"href":"https:\/\/manipogo.de\/index.php?rest_route=%2Fwp%2Fv2%2Ftags&post=26650"}],"curies":[{"name":"wp","href":"https:\/\/api.w.org\/{rel}","templated":true}]}}