{"id":26735,"date":"2022-07-09T00:27:13","date_gmt":"2022-07-08T22:27:13","guid":{"rendered":"http:\/\/manipogo.de\/?p=26735"},"modified":"2022-06-30T22:37:55","modified_gmt":"2022-06-30T20:37:55","slug":"calixtus-der-mann-aus-quingey","status":"publish","type":"post","link":"https:\/\/manipogo.de\/?p=26735","title":{"rendered":"Calixtus, der Mann aus Quingey"},"content":{"rendered":"<p>Klaus schlug mir vor, mit ihm bis Quingey zu fahren, und das war ein Einfall! Ich w\u00fcrde von dort \u00fcber Pontarlier und Neufchatel zur\u00fcckradeln. Mir waren so viele Rennradler entgegengekommen, und ich hatte Lust, selber wieder auf ein paar Berge zu fahren, leicht wie eine Feder und schnell wie der Wind. Doch zun\u00e4chst wieder Hitze und der Fluss und dann noch 500 H\u00f6henmeter zu \u00fcberwinden, bis das Ziel erreicht war.\u00a0 <!--more--><\/p>\n<p>Das Ortsschild. Ich wusste es gleich: Dieser Calixtus II. hatte doch die Abtei Fontevraud besucht, war von der 26-j\u00e4hrigen \u00c4btissin Petronille de Chemill\u00e9 empfangen worden und hatte den Altar eingeweiht, <a href=\"https:\/\/manipogo.de\/?p=26134\" target=\"_blank\">wie <em>manipogo<\/em> am 23. Mai erz\u00e4hlte<\/a>.<\/p>\n<p><a href=\"https:\/\/manipogo.de\/wp-content\/uploads\/IMG_20220613_124605.jpg\" rel=\"attachment wp-att-26737\"><img loading=\"lazy\" decoding=\"async\" class=\"alignright size-full wp-image-26737\" src=\"https:\/\/manipogo.de\/wp-content\/uploads\/IMG_20220613_124605.jpg\" alt=\"IMG_20220613_124605\" width=\"540\" height=\"932\" srcset=\"https:\/\/manipogo.de\/wp-content\/uploads\/IMG_20220613_124605.jpg 540w, https:\/\/manipogo.de\/wp-content\/uploads\/IMG_20220613_124605-174x300.jpg 174w\" sizes=\"auto, (max-width: 540px) 100vw, 540px\" \/><\/a>Das ist nun kein Wunder, aber doch eine h\u00fcbsches Zusammentreffen (Koinzidenz). Klaus fand sogar den Ort, wo der Kleine, der sp\u00e4ter Papst werden sollte, geboren wurde.<\/p>\n<p><a href=\"https:\/\/manipogo.de\/wp-content\/uploads\/IMG_20220613_164322.jpg\" rel=\"attachment wp-att-26738\"><img loading=\"lazy\" decoding=\"async\" class=\"alignright size-full wp-image-26738\" src=\"https:\/\/manipogo.de\/wp-content\/uploads\/IMG_20220613_164322.jpg\" alt=\"IMG_20220613_164322\" width=\"540\" height=\"718\" srcset=\"https:\/\/manipogo.de\/wp-content\/uploads\/IMG_20220613_164322.jpg 540w, https:\/\/manipogo.de\/wp-content\/uploads\/IMG_20220613_164322-226x300.jpg 226w\" sizes=\"auto, (max-width: 540px) 100vw, 540px\" \/><\/a>Die kirchlichen W\u00fcrdentr\u00e4ger entstammten damals alle dem Adel. Guido von Burgund hie\u00df der, der 1052 in der alten burgundischen Burg geboren wurde. Sein Vater war Graf Wilhelm I. von Burgund (1020-1087), sein Bruder Hugo Erzbischof von Besan\u00e7on. Und Guido (Guy) wurde 1119 Papst, musste nach Rom.<\/p>\n<p><a href=\"https:\/\/manipogo.de\/wp-content\/uploads\/SDC10965.jpg\" rel=\"attachment wp-att-26739\"><img loading=\"lazy\" decoding=\"async\" class=\"alignright size-full wp-image-26739\" src=\"https:\/\/manipogo.de\/wp-content\/uploads\/SDC10965.jpg\" alt=\"SDC10965\" width=\"540\" height=\"538\" srcset=\"https:\/\/manipogo.de\/wp-content\/uploads\/SDC10965.jpg 540w, https:\/\/manipogo.de\/wp-content\/uploads\/SDC10965-150x150.jpg 150w, https:\/\/manipogo.de\/wp-content\/uploads\/SDC10965-300x300.jpg 300w\" sizes=\"auto, (max-width: 540px) 100vw, 540px\" \/><\/a><a href=\"https:\/\/manipogo.de\/wp-content\/uploads\/SDC10967.jpg\" rel=\"attachment wp-att-26740\"><img loading=\"lazy\" decoding=\"async\" class=\"alignright size-full wp-image-26740\" src=\"https:\/\/manipogo.de\/wp-content\/uploads\/SDC10967.jpg\" alt=\"SDC10967\" width=\"540\" height=\"405\" srcset=\"https:\/\/manipogo.de\/wp-content\/uploads\/SDC10967.jpg 540w, https:\/\/manipogo.de\/wp-content\/uploads\/SDC10967-300x225.jpg 300w\" sizes=\"auto, (max-width: 540px) 100vw, 540px\" \/><\/a>Oben das Bildnis des Calixtus in der Pfarrkirche Quingey (auszusprechen <em>K\u00e4ngsch\u00e9e<\/em>), die stolz vermeldet, sie sei die Pfarrei Calixtus&#8216; II., und das fast 900 Jahre nach dessen Zeit als Papst. 900 Jahre vor ihm regierte \u00fcbrigens der erste Calixtus (218-223), und die\u00a0 Katakomben, die seinen Namen tragen (Callisto), kann man heute noch an der Via Appia antica besuchen.<\/p>\n<p><a href=\"https:\/\/de.wikipedia.org\/wiki\/Calixt_II.\" target=\"_blank\">Der Mann aus Quingey<\/a> schloss das <em>Wormser Konkordat<\/em> ab, das der Kirche das Recht gab, Bisch\u00f6fe und \u00c4bte selbst auszuw\u00e4hlen, und verbot Kleriker-Ehen. Als Calixtus II. zu regieren begann, war er fast 70 Jahre alt, und f\u00fcnf Jahre sp\u00e4ter starb er, am 13. Dezember 1124. Bestattet ist er im Lateranpalast in Rom.<\/p>\n","protected":false},"excerpt":{"rendered":"<p>Klaus schlug mir vor, mit ihm bis Quingey zu fahren, und das war ein Einfall! Ich w\u00fcrde von dort \u00fcber Pontarlier und Neufchatel zur\u00fcckradeln. Mir waren so viele Rennradler entgegengekommen, und ich hatte Lust, selber wieder auf ein paar Berge zu fahren, leicht wie eine Feder und schnell wie der Wind. Doch zun\u00e4chst wieder Hitze [&hellip;]<\/p>\n","protected":false},"author":1,"featured_media":0,"comment_status":"closed","ping_status":"closed","sticky":false,"template":"","format":"standard","meta":{"footnotes":""},"categories":[1227],"tags":[81,354],"class_list":["post-26735","post","type-post","status-publish","format-standard","hentry","category-reisen","tag-fahrrad","tag-papst"],"yoast_head":"<!-- This site is optimized with the Yoast SEO plugin v27.3 - https:\/\/yoast.com\/product\/yoast-seo-wordpress\/ -->\n<title>Calixtus, der Mann aus Quingey - manipogo<\/title>\n<meta name=\"robots\" content=\"index, follow, max-snippet:-1, max-image-preview:large, max-video-preview:-1\" \/>\n<link rel=\"canonical\" href=\"https:\/\/manipogo.de\/?p=26735\" \/>\n<meta property=\"og:locale\" content=\"de_DE\" \/>\n<meta property=\"og:type\" content=\"article\" \/>\n<meta property=\"og:title\" content=\"Calixtus, der Mann aus Quingey - manipogo\" \/>\n<meta property=\"og:description\" content=\"Klaus schlug mir vor, mit ihm bis Quingey zu fahren, und das war ein Einfall! Ich w\u00fcrde von dort \u00fcber Pontarlier und Neufchatel zur\u00fcckradeln. Mir waren so viele Rennradler entgegengekommen, und ich hatte Lust, selber wieder auf ein paar Berge zu fahren, leicht wie eine Feder und schnell wie der Wind. Doch zun\u00e4chst wieder Hitze [&hellip;]\" \/>\n<meta property=\"og:url\" content=\"https:\/\/manipogo.de\/?p=26735\" \/>\n<meta property=\"og:site_name\" content=\"manipogo\" \/>\n<meta property=\"article:published_time\" content=\"2022-07-08T22:27:13+00:00\" \/>\n<meta property=\"og:image\" content=\"http:\/\/manipogo.de\/wp-content\/uploads\/IMG_20220613_124605.jpg\" \/>\n<meta name=\"author\" content=\"web108\" \/>\n<meta name=\"twitter:card\" content=\"summary_large_image\" \/>\n<meta name=\"twitter:label1\" content=\"Verfasst von\" \/>\n\t<meta name=\"twitter:data1\" content=\"web108\" \/>\n\t<meta name=\"twitter:label2\" content=\"Gesch\u00e4tzte Lesezeit\" \/>\n\t<meta name=\"twitter:data2\" content=\"1\u00a0Minute\" \/>\n<script type=\"application\/ld+json\" class=\"yoast-schema-graph\">{\"@context\":\"https:\\\/\\\/schema.org\",\"@graph\":[{\"@type\":\"Article\",\"@id\":\"https:\\\/\\\/manipogo.de\\\/?p=26735#article\",\"isPartOf\":{\"@id\":\"https:\\\/\\\/manipogo.de\\\/?p=26735\"},\"author\":{\"name\":\"web108\",\"@id\":\"https:\\\/\\\/manipogo.de\\\/#\\\/schema\\\/person\\\/991913de0e39267877f234553fd7f58d\"},\"headline\":\"Calixtus, der Mann aus Quingey\",\"datePublished\":\"2022-07-08T22:27:13+00:00\",\"mainEntityOfPage\":{\"@id\":\"https:\\\/\\\/manipogo.de\\\/?p=26735\"},\"wordCount\":301,\"image\":{\"@id\":\"https:\\\/\\\/manipogo.de\\\/?p=26735#primaryimage\"},\"thumbnailUrl\":\"http:\\\/\\\/manipogo.de\\\/wp-content\\\/uploads\\\/IMG_20220613_124605.jpg\",\"keywords\":[\"Fahrrad\",\"Papst\"],\"articleSection\":[\"Reisen\"],\"inLanguage\":\"de\"},{\"@type\":\"WebPage\",\"@id\":\"https:\\\/\\\/manipogo.de\\\/?p=26735\",\"url\":\"https:\\\/\\\/manipogo.de\\\/?p=26735\",\"name\":\"Calixtus, der Mann aus Quingey - manipogo\",\"isPartOf\":{\"@id\":\"https:\\\/\\\/manipogo.de\\\/#website\"},\"primaryImageOfPage\":{\"@id\":\"https:\\\/\\\/manipogo.de\\\/?p=26735#primaryimage\"},\"image\":{\"@id\":\"https:\\\/\\\/manipogo.de\\\/?p=26735#primaryimage\"},\"thumbnailUrl\":\"http:\\\/\\\/manipogo.de\\\/wp-content\\\/uploads\\\/IMG_20220613_124605.jpg\",\"datePublished\":\"2022-07-08T22:27:13+00:00\",\"author\":{\"@id\":\"https:\\\/\\\/manipogo.de\\\/#\\\/schema\\\/person\\\/991913de0e39267877f234553fd7f58d\"},\"breadcrumb\":{\"@id\":\"https:\\\/\\\/manipogo.de\\\/?p=26735#breadcrumb\"},\"inLanguage\":\"de\",\"potentialAction\":[{\"@type\":\"ReadAction\",\"target\":[\"https:\\\/\\\/manipogo.de\\\/?p=26735\"]}]},{\"@type\":\"ImageObject\",\"inLanguage\":\"de\",\"@id\":\"https:\\\/\\\/manipogo.de\\\/?p=26735#primaryimage\",\"url\":\"http:\\\/\\\/manipogo.de\\\/wp-content\\\/uploads\\\/IMG_20220613_124605.jpg\",\"contentUrl\":\"http:\\\/\\\/manipogo.de\\\/wp-content\\\/uploads\\\/IMG_20220613_124605.jpg\"},{\"@type\":\"BreadcrumbList\",\"@id\":\"https:\\\/\\\/manipogo.de\\\/?p=26735#breadcrumb\",\"itemListElement\":[{\"@type\":\"ListItem\",\"position\":1,\"name\":\"Startseite\",\"item\":\"https:\\\/\\\/manipogo.de\\\/\"},{\"@type\":\"ListItem\",\"position\":2,\"name\":\"Calixtus, der Mann aus Quingey\"}]},{\"@type\":\"WebSite\",\"@id\":\"https:\\\/\\\/manipogo.de\\\/#website\",\"url\":\"https:\\\/\\\/manipogo.de\\\/\",\"name\":\"manipogo\",\"description\":\"Gott und die Welt\",\"potentialAction\":[{\"@type\":\"SearchAction\",\"target\":{\"@type\":\"EntryPoint\",\"urlTemplate\":\"https:\\\/\\\/manipogo.de\\\/?s={search_term_string}\"},\"query-input\":{\"@type\":\"PropertyValueSpecification\",\"valueRequired\":true,\"valueName\":\"search_term_string\"}}],\"inLanguage\":\"de\"},{\"@type\":\"Person\",\"@id\":\"https:\\\/\\\/manipogo.de\\\/#\\\/schema\\\/person\\\/991913de0e39267877f234553fd7f58d\",\"name\":\"web108\",\"url\":\"https:\\\/\\\/manipogo.de\\\/?author=1\"}]}<\/script>\n<!-- \/ Yoast SEO plugin. -->","yoast_head_json":{"title":"Calixtus, der Mann aus Quingey - manipogo","robots":{"index":"index","follow":"follow","max-snippet":"max-snippet:-1","max-image-preview":"max-image-preview:large","max-video-preview":"max-video-preview:-1"},"canonical":"https:\/\/manipogo.de\/?p=26735","og_locale":"de_DE","og_type":"article","og_title":"Calixtus, der Mann aus Quingey - manipogo","og_description":"Klaus schlug mir vor, mit ihm bis Quingey zu fahren, und das war ein Einfall! Ich w\u00fcrde von dort \u00fcber Pontarlier und Neufchatel zur\u00fcckradeln. Mir waren so viele Rennradler entgegengekommen, und ich hatte Lust, selber wieder auf ein paar Berge zu fahren, leicht wie eine Feder und schnell wie der Wind. Doch zun\u00e4chst wieder Hitze [&hellip;]","og_url":"https:\/\/manipogo.de\/?p=26735","og_site_name":"manipogo","article_published_time":"2022-07-08T22:27:13+00:00","og_image":[{"url":"http:\/\/manipogo.de\/wp-content\/uploads\/IMG_20220613_124605.jpg","type":"","width":"","height":""}],"author":"web108","twitter_card":"summary_large_image","twitter_misc":{"Verfasst von":"web108","Gesch\u00e4tzte Lesezeit":"1\u00a0Minute"},"schema":{"@context":"https:\/\/schema.org","@graph":[{"@type":"Article","@id":"https:\/\/manipogo.de\/?p=26735#article","isPartOf":{"@id":"https:\/\/manipogo.de\/?p=26735"},"author":{"name":"web108","@id":"https:\/\/manipogo.de\/#\/schema\/person\/991913de0e39267877f234553fd7f58d"},"headline":"Calixtus, der Mann aus Quingey","datePublished":"2022-07-08T22:27:13+00:00","mainEntityOfPage":{"@id":"https:\/\/manipogo.de\/?p=26735"},"wordCount":301,"image":{"@id":"https:\/\/manipogo.de\/?p=26735#primaryimage"},"thumbnailUrl":"http:\/\/manipogo.de\/wp-content\/uploads\/IMG_20220613_124605.jpg","keywords":["Fahrrad","Papst"],"articleSection":["Reisen"],"inLanguage":"de"},{"@type":"WebPage","@id":"https:\/\/manipogo.de\/?p=26735","url":"https:\/\/manipogo.de\/?p=26735","name":"Calixtus, der Mann aus Quingey - manipogo","isPartOf":{"@id":"https:\/\/manipogo.de\/#website"},"primaryImageOfPage":{"@id":"https:\/\/manipogo.de\/?p=26735#primaryimage"},"image":{"@id":"https:\/\/manipogo.de\/?p=26735#primaryimage"},"thumbnailUrl":"http:\/\/manipogo.de\/wp-content\/uploads\/IMG_20220613_124605.jpg","datePublished":"2022-07-08T22:27:13+00:00","author":{"@id":"https:\/\/manipogo.de\/#\/schema\/person\/991913de0e39267877f234553fd7f58d"},"breadcrumb":{"@id":"https:\/\/manipogo.de\/?p=26735#breadcrumb"},"inLanguage":"de","potentialAction":[{"@type":"ReadAction","target":["https:\/\/manipogo.de\/?p=26735"]}]},{"@type":"ImageObject","inLanguage":"de","@id":"https:\/\/manipogo.de\/?p=26735#primaryimage","url":"http:\/\/manipogo.de\/wp-content\/uploads\/IMG_20220613_124605.jpg","contentUrl":"http:\/\/manipogo.de\/wp-content\/uploads\/IMG_20220613_124605.jpg"},{"@type":"BreadcrumbList","@id":"https:\/\/manipogo.de\/?p=26735#breadcrumb","itemListElement":[{"@type":"ListItem","position":1,"name":"Startseite","item":"https:\/\/manipogo.de\/"},{"@type":"ListItem","position":2,"name":"Calixtus, der Mann aus Quingey"}]},{"@type":"WebSite","@id":"https:\/\/manipogo.de\/#website","url":"https:\/\/manipogo.de\/","name":"manipogo","description":"Gott und die Welt","potentialAction":[{"@type":"SearchAction","target":{"@type":"EntryPoint","urlTemplate":"https:\/\/manipogo.de\/?s={search_term_string}"},"query-input":{"@type":"PropertyValueSpecification","valueRequired":true,"valueName":"search_term_string"}}],"inLanguage":"de"},{"@type":"Person","@id":"https:\/\/manipogo.de\/#\/schema\/person\/991913de0e39267877f234553fd7f58d","name":"web108","url":"https:\/\/manipogo.de\/?author=1"}]}},"_links":{"self":[{"href":"https:\/\/manipogo.de\/index.php?rest_route=\/wp\/v2\/posts\/26735","targetHints":{"allow":["GET"]}}],"collection":[{"href":"https:\/\/manipogo.de\/index.php?rest_route=\/wp\/v2\/posts"}],"about":[{"href":"https:\/\/manipogo.de\/index.php?rest_route=\/wp\/v2\/types\/post"}],"author":[{"embeddable":true,"href":"https:\/\/manipogo.de\/index.php?rest_route=\/wp\/v2\/users\/1"}],"replies":[{"embeddable":true,"href":"https:\/\/manipogo.de\/index.php?rest_route=%2Fwp%2Fv2%2Fcomments&post=26735"}],"version-history":[{"count":5,"href":"https:\/\/manipogo.de\/index.php?rest_route=\/wp\/v2\/posts\/26735\/revisions"}],"predecessor-version":[{"id":26849,"href":"https:\/\/manipogo.de\/index.php?rest_route=\/wp\/v2\/posts\/26735\/revisions\/26849"}],"wp:attachment":[{"href":"https:\/\/manipogo.de\/index.php?rest_route=%2Fwp%2Fv2%2Fmedia&parent=26735"}],"wp:term":[{"taxonomy":"category","embeddable":true,"href":"https:\/\/manipogo.de\/index.php?rest_route=%2Fwp%2Fv2%2Fcategories&post=26735"},{"taxonomy":"post_tag","embeddable":true,"href":"https:\/\/manipogo.de\/index.php?rest_route=%2Fwp%2Fv2%2Ftags&post=26735"}],"curies":[{"name":"wp","href":"https:\/\/api.w.org\/{rel}","templated":true}]}}