{"id":26743,"date":"2022-07-10T00:59:43","date_gmt":"2022-07-09T22:59:43","guid":{"rendered":"http:\/\/manipogo.de\/?p=26743"},"modified":"2022-06-30T22:39:36","modified_gmt":"2022-06-30T20:39:36","slug":"die-hebel-bueste-in-basel","status":"publish","type":"post","link":"https:\/\/manipogo.de\/?p=26743","title":{"rendered":"Die Hebel-B\u00fcste in Basel"},"content":{"rendered":"<p>Ich beendete meine einw\u00f6chige Radtour im Juni mit dem Zug, weil die letzten beiden Tage anstrengend waren &#8230; und nach der Anstrengung bestellst du dir Pasta und kriegst in der Schweiz einen kleinen Teller f\u00fcr 25 Franken, von dem niemand satt wird; ich h\u00e4tte das Dreifache essen m\u00f6gen. In Basel suchte ich die Hebel-B\u00fcste vor dem Peterskirchlein und fand sie.\u00a0<!--more--><\/p>\n<p>Johann Peter Hebel ist bei <em>manipogo<\/em> ausgiebig zu Wort gekommen, und das ist richtig so. Geboren wurde er ja 1760 in Basel, bevor er im Wiesental zur Schule ging und in Karlsruhe Schulleiter und Pr\u00e4lat wurde. Doch das Alemannische geht \u00fcber Landesgrenzen. Vor kurzem las ich einen Vortrag von Carl Jakob Burckhardt (1891-1974), dem Basler Historiker, den er <em>Der treue Hebel<\/em> nannte. Er sagte darin:<\/p>\n<p><em>Eine tief ernste Ordnung herrscht \u00fcber Hebels Welt. Die Worte, nach deren Gehalt wir vorhin fragten, haben bei ihm ihren v\u00f6lligen Sinn bewahrt, in Einfachheit und Selbstverst\u00e4ndlichkeit leuchten sie. &#8230; An dieses\u00a0\u00bbSey getreu bis in den Tod!\u00ab hat sich der Dichter gehalten, lebensl\u00e4nglich, Tag f\u00fcr Tag, und sein ganzes Werk richtet diese Aufforderung immer aufs neue an die kommenden Geschlechter. \u00a0 \u00a0<\/em><\/p>\n<p>Wenn er an der B\u00fcste vorbeigehe, sagte Burckhardt, habe er zuweilen das Gef\u00fchl, der Poet zwinkere ihm zu, und wirklich, etwas ironisch wirkt Hebels Gesichtsausdruck.<\/p>\n<p><a href=\"https:\/\/manipogo.de\/wp-content\/uploads\/SDC10992.jpg\" rel=\"attachment wp-att-26744\"><img loading=\"lazy\" decoding=\"async\" class=\"alignright size-full wp-image-26744\" src=\"https:\/\/manipogo.de\/wp-content\/uploads\/SDC10992.jpg\" alt=\"SDC10992\" width=\"540\" height=\"852\" srcset=\"https:\/\/manipogo.de\/wp-content\/uploads\/SDC10992.jpg 540w, https:\/\/manipogo.de\/wp-content\/uploads\/SDC10992-190x300.jpg 190w\" sizes=\"auto, (max-width: 540px) 100vw, 540px\" \/><\/a><\/p>\n<p>Unten die Gesamtansicht, vor der Peterskirche in der N\u00e4he der Universit\u00e4t.<\/p>\n<p><a href=\"https:\/\/manipogo.de\/wp-content\/uploads\/SDC10991.jpg\" rel=\"attachment wp-att-26745\"><img loading=\"lazy\" decoding=\"async\" class=\"alignright size-full wp-image-26745\" src=\"https:\/\/manipogo.de\/wp-content\/uploads\/SDC10991.jpg\" alt=\"SDC10991\" width=\"540\" height=\"462\" srcset=\"https:\/\/manipogo.de\/wp-content\/uploads\/SDC10991.jpg 540w, https:\/\/manipogo.de\/wp-content\/uploads\/SDC10991-300x257.jpg 300w\" sizes=\"auto, (max-width: 540px) 100vw, 540px\" \/><\/a>Gestiftet hat die B\u00fcste eine Gruppe von Verehrern in Basel 1899, nachdem Hebel schon 1826 gestorben war. \u00dcbrigens schrieb er f\u00fcr seine Heimatstadt ein Gedicht, das im Rhythmus genau dem ber\u00fchmten <a href=\"https:\/\/manipogo.de\/?p=14612\" target=\"_blank\"><em>Der Schwarzw\u00e4lder im Breisgau<\/em><\/a> entspricht. Das kann man vor der Lekt\u00fcre von <em>Erinnerung an Basel<\/em> lesen.<\/p>\n<p><strong><em>Erinnerung an Basel<\/em><\/strong><\/p>\n<p><em>Z&#8217;Basel an mim Rhi,<\/em><br \/>\n<em>jo d\u00f6rt m\u00f6chti si!<\/em><br \/>\n<em>Weiht nit d&#8217;Luft so mild und lau,<\/em><br \/>\n<em>und der Himmel ist so blau<\/em><br \/>\n<em>an mim liebe Rhi!<\/em><br \/>\n<em>In der M\u00fcnsterschuel<\/em><br \/>\n<em>uf mim harte Stuehl<\/em><br \/>\n<em>magi zwor jez n\u00fct meh ha,<\/em><br \/>\n<em>d&#8217;T\u00f6pli st\u00f6hn ner n\u00fcmmen a<\/em><br \/>\n<em>in der Basler Schuel. <\/em><br \/>\n<em>Aber uf der Pfalz<\/em><br \/>\n<em>alle L\u00fcte gfallt&#8217;s. <\/em><br \/>\n<em>O wie wechsle Berg und Tal,<\/em><br \/>\n<em>Land und Wasser \u00fcberall<\/em><br \/>\n<em>vor der Basler Pfalz!<\/em><br \/>\n<em>Uf der breite Bruck;<\/em><br \/>\n<em>f\u00fcrsi hin und zruck,<\/em><br \/>\n<em>nei was sieht me Here stoh,<\/em><br \/>\n<em>nei, was sieht me Jumpfere goh<\/em><br \/>\n<em>uf der Basler Bruck!<\/em><br \/>\n<em>(&#8230;) <\/em><br \/>\n<em>Wie ne freie Spatz<\/em><br \/>\n<em>uffem Petersplatz<\/em><br \/>\n<em>fliegi um, und&#8217;s wird mer wohl<\/em><br \/>\n<em>wie im Buebekamisol<\/em><br \/>\n<em>uffem Petersplatz.<\/em><br \/>\n<em>Uf der gr\u00fcne Schanz,<\/em><br \/>\n<em>in der Sunne Glanz,<\/em><br \/>\n<em>woni Sinn und Auge ha,<\/em><br \/>\n<em>lacht&#8217;s mi nit so lieblig a<\/em><br \/>\n<em>bis go Sante Hans.<\/em><br \/>\n<em>&#8217;s Seilers R\u00e4dli springt;<\/em><br \/>\n<em>los, der Vogel singt.<\/em><br \/>\n<em>Summerv\u00f6geli jung und froh<\/em><br \/>\n<em>ziehn de blaue Blueme no.<\/em><br \/>\n<em>Alles singt und springt.<\/em><br \/>\n<em>Und e bravi Frau<\/em><br \/>\n<em>wohnt dort aussen au.<\/em><br \/>\n<em>\u00bbGunnich Gott e frohe Muet!<\/em><br \/>\n<em>Nehmich Gott in treui Huet,<\/em><br \/>\n<em>liebi Basler Frau!\u00ab<\/em><\/p>\n<p>&nbsp;<\/p>\n<p>Andere Beitr\u00e4ge \u00fcber Johann Peter Hebel:<\/p>\n<p><a href=\"https:\/\/manipogo.de\/?p=18467\" target=\"_blank\">Andreas Hertzeg<\/a> \u2014 <a href=\"https:\/\/manipogo.de\/?p=18456\" target=\"_blank\">Wieder vor der Weserei<\/a> \u2014 <a href=\"https:\/\/manipogo.de\/?p=15818\" target=\"_blank\">Die Verg\u00e4nglichkeit <\/a>\u2014\u00a0 <a href=\"https:\/\/manipogo.de\/?p=14696\" target=\"_blank\">Das Hexlein<\/a> \u2014 <a href=\"https:\/\/manipogo.de\/?p=15521\" target=\"_blank\">Hebelsche Katastrophen<\/a> \u2014 <a href=\"https:\/\/manipogo.de\/?p=23078\" target=\"_blank\">E Pfifli Rauchtubak <\/a>\u2014 <a href=\"https:\/\/manipogo.de\/?p=18997\" target=\"_blank\">Der K\u00e4fer <\/a><\/p>\n<p>&nbsp;<\/p>\n","protected":false},"excerpt":{"rendered":"<p>Ich beendete meine einw\u00f6chige Radtour im Juni mit dem Zug, weil die letzten beiden Tage anstrengend waren &#8230; und nach der Anstrengung bestellst du dir Pasta und kriegst in der Schweiz einen kleinen Teller f\u00fcr 25 Franken, von dem niemand satt wird; ich h\u00e4tte das Dreifache essen m\u00f6gen. In Basel suchte ich die Hebel-B\u00fcste vor [&hellip;]<\/p>\n","protected":false},"author":1,"featured_media":0,"comment_status":"closed","ping_status":"closed","sticky":false,"template":"","format":"standard","meta":{"footnotes":""},"categories":[1224],"tags":[331,1480],"class_list":["post-26743","post","type-post","status-publish","format-standard","hentry","category-literatur","tag-basel","tag-hebel"],"yoast_head":"<!-- This site is optimized with the Yoast SEO plugin v27.3 - https:\/\/yoast.com\/product\/yoast-seo-wordpress\/ -->\n<title>Die Hebel-B\u00fcste in Basel - manipogo<\/title>\n<meta name=\"robots\" content=\"index, follow, max-snippet:-1, max-image-preview:large, max-video-preview:-1\" \/>\n<link rel=\"canonical\" href=\"https:\/\/manipogo.de\/?p=26743\" \/>\n<meta property=\"og:locale\" content=\"de_DE\" \/>\n<meta property=\"og:type\" content=\"article\" \/>\n<meta property=\"og:title\" content=\"Die Hebel-B\u00fcste in Basel - manipogo\" \/>\n<meta property=\"og:description\" content=\"Ich beendete meine einw\u00f6chige Radtour im Juni mit dem Zug, weil die letzten beiden Tage anstrengend waren &#8230; und nach der Anstrengung bestellst du dir Pasta und kriegst in der Schweiz einen kleinen Teller f\u00fcr 25 Franken, von dem niemand satt wird; ich h\u00e4tte das Dreifache essen m\u00f6gen. In Basel suchte ich die Hebel-B\u00fcste vor [&hellip;]\" \/>\n<meta property=\"og:url\" content=\"https:\/\/manipogo.de\/?p=26743\" \/>\n<meta property=\"og:site_name\" content=\"manipogo\" \/>\n<meta property=\"article:published_time\" content=\"2022-07-09T22:59:43+00:00\" \/>\n<meta property=\"og:image\" content=\"http:\/\/manipogo.de\/wp-content\/uploads\/SDC10992.jpg\" \/>\n<meta name=\"author\" content=\"web108\" \/>\n<meta name=\"twitter:card\" content=\"summary_large_image\" \/>\n<meta name=\"twitter:label1\" content=\"Verfasst von\" \/>\n\t<meta name=\"twitter:data1\" content=\"web108\" \/>\n\t<meta name=\"twitter:label2\" content=\"Gesch\u00e4tzte Lesezeit\" \/>\n\t<meta name=\"twitter:data2\" content=\"2\u00a0Minuten\" \/>\n<script type=\"application\/ld+json\" class=\"yoast-schema-graph\">{\"@context\":\"https:\\\/\\\/schema.org\",\"@graph\":[{\"@type\":\"Article\",\"@id\":\"https:\\\/\\\/manipogo.de\\\/?p=26743#article\",\"isPartOf\":{\"@id\":\"https:\\\/\\\/manipogo.de\\\/?p=26743\"},\"author\":{\"name\":\"web108\",\"@id\":\"https:\\\/\\\/manipogo.de\\\/#\\\/schema\\\/person\\\/991913de0e39267877f234553fd7f58d\"},\"headline\":\"Die Hebel-B\u00fcste in Basel\",\"datePublished\":\"2022-07-09T22:59:43+00:00\",\"mainEntityOfPage\":{\"@id\":\"https:\\\/\\\/manipogo.de\\\/?p=26743\"},\"wordCount\":510,\"image\":{\"@id\":\"https:\\\/\\\/manipogo.de\\\/?p=26743#primaryimage\"},\"thumbnailUrl\":\"http:\\\/\\\/manipogo.de\\\/wp-content\\\/uploads\\\/SDC10992.jpg\",\"keywords\":[\"Basel\",\"Hebel\"],\"articleSection\":[\"Literatur\"],\"inLanguage\":\"de\"},{\"@type\":\"WebPage\",\"@id\":\"https:\\\/\\\/manipogo.de\\\/?p=26743\",\"url\":\"https:\\\/\\\/manipogo.de\\\/?p=26743\",\"name\":\"Die Hebel-B\u00fcste in Basel - manipogo\",\"isPartOf\":{\"@id\":\"https:\\\/\\\/manipogo.de\\\/#website\"},\"primaryImageOfPage\":{\"@id\":\"https:\\\/\\\/manipogo.de\\\/?p=26743#primaryimage\"},\"image\":{\"@id\":\"https:\\\/\\\/manipogo.de\\\/?p=26743#primaryimage\"},\"thumbnailUrl\":\"http:\\\/\\\/manipogo.de\\\/wp-content\\\/uploads\\\/SDC10992.jpg\",\"datePublished\":\"2022-07-09T22:59:43+00:00\",\"author\":{\"@id\":\"https:\\\/\\\/manipogo.de\\\/#\\\/schema\\\/person\\\/991913de0e39267877f234553fd7f58d\"},\"breadcrumb\":{\"@id\":\"https:\\\/\\\/manipogo.de\\\/?p=26743#breadcrumb\"},\"inLanguage\":\"de\",\"potentialAction\":[{\"@type\":\"ReadAction\",\"target\":[\"https:\\\/\\\/manipogo.de\\\/?p=26743\"]}]},{\"@type\":\"ImageObject\",\"inLanguage\":\"de\",\"@id\":\"https:\\\/\\\/manipogo.de\\\/?p=26743#primaryimage\",\"url\":\"http:\\\/\\\/manipogo.de\\\/wp-content\\\/uploads\\\/SDC10992.jpg\",\"contentUrl\":\"http:\\\/\\\/manipogo.de\\\/wp-content\\\/uploads\\\/SDC10992.jpg\"},{\"@type\":\"BreadcrumbList\",\"@id\":\"https:\\\/\\\/manipogo.de\\\/?p=26743#breadcrumb\",\"itemListElement\":[{\"@type\":\"ListItem\",\"position\":1,\"name\":\"Startseite\",\"item\":\"https:\\\/\\\/manipogo.de\\\/\"},{\"@type\":\"ListItem\",\"position\":2,\"name\":\"Die Hebel-B\u00fcste in Basel\"}]},{\"@type\":\"WebSite\",\"@id\":\"https:\\\/\\\/manipogo.de\\\/#website\",\"url\":\"https:\\\/\\\/manipogo.de\\\/\",\"name\":\"manipogo\",\"description\":\"Gott und die Welt\",\"potentialAction\":[{\"@type\":\"SearchAction\",\"target\":{\"@type\":\"EntryPoint\",\"urlTemplate\":\"https:\\\/\\\/manipogo.de\\\/?s={search_term_string}\"},\"query-input\":{\"@type\":\"PropertyValueSpecification\",\"valueRequired\":true,\"valueName\":\"search_term_string\"}}],\"inLanguage\":\"de\"},{\"@type\":\"Person\",\"@id\":\"https:\\\/\\\/manipogo.de\\\/#\\\/schema\\\/person\\\/991913de0e39267877f234553fd7f58d\",\"name\":\"web108\",\"url\":\"https:\\\/\\\/manipogo.de\\\/?author=1\"}]}<\/script>\n<!-- \/ Yoast SEO plugin. -->","yoast_head_json":{"title":"Die Hebel-B\u00fcste in Basel - manipogo","robots":{"index":"index","follow":"follow","max-snippet":"max-snippet:-1","max-image-preview":"max-image-preview:large","max-video-preview":"max-video-preview:-1"},"canonical":"https:\/\/manipogo.de\/?p=26743","og_locale":"de_DE","og_type":"article","og_title":"Die Hebel-B\u00fcste in Basel - manipogo","og_description":"Ich beendete meine einw\u00f6chige Radtour im Juni mit dem Zug, weil die letzten beiden Tage anstrengend waren &#8230; und nach der Anstrengung bestellst du dir Pasta und kriegst in der Schweiz einen kleinen Teller f\u00fcr 25 Franken, von dem niemand satt wird; ich h\u00e4tte das Dreifache essen m\u00f6gen. In Basel suchte ich die Hebel-B\u00fcste vor [&hellip;]","og_url":"https:\/\/manipogo.de\/?p=26743","og_site_name":"manipogo","article_published_time":"2022-07-09T22:59:43+00:00","og_image":[{"url":"http:\/\/manipogo.de\/wp-content\/uploads\/SDC10992.jpg","type":"","width":"","height":""}],"author":"web108","twitter_card":"summary_large_image","twitter_misc":{"Verfasst von":"web108","Gesch\u00e4tzte Lesezeit":"2\u00a0Minuten"},"schema":{"@context":"https:\/\/schema.org","@graph":[{"@type":"Article","@id":"https:\/\/manipogo.de\/?p=26743#article","isPartOf":{"@id":"https:\/\/manipogo.de\/?p=26743"},"author":{"name":"web108","@id":"https:\/\/manipogo.de\/#\/schema\/person\/991913de0e39267877f234553fd7f58d"},"headline":"Die Hebel-B\u00fcste in Basel","datePublished":"2022-07-09T22:59:43+00:00","mainEntityOfPage":{"@id":"https:\/\/manipogo.de\/?p=26743"},"wordCount":510,"image":{"@id":"https:\/\/manipogo.de\/?p=26743#primaryimage"},"thumbnailUrl":"http:\/\/manipogo.de\/wp-content\/uploads\/SDC10992.jpg","keywords":["Basel","Hebel"],"articleSection":["Literatur"],"inLanguage":"de"},{"@type":"WebPage","@id":"https:\/\/manipogo.de\/?p=26743","url":"https:\/\/manipogo.de\/?p=26743","name":"Die Hebel-B\u00fcste in Basel - manipogo","isPartOf":{"@id":"https:\/\/manipogo.de\/#website"},"primaryImageOfPage":{"@id":"https:\/\/manipogo.de\/?p=26743#primaryimage"},"image":{"@id":"https:\/\/manipogo.de\/?p=26743#primaryimage"},"thumbnailUrl":"http:\/\/manipogo.de\/wp-content\/uploads\/SDC10992.jpg","datePublished":"2022-07-09T22:59:43+00:00","author":{"@id":"https:\/\/manipogo.de\/#\/schema\/person\/991913de0e39267877f234553fd7f58d"},"breadcrumb":{"@id":"https:\/\/manipogo.de\/?p=26743#breadcrumb"},"inLanguage":"de","potentialAction":[{"@type":"ReadAction","target":["https:\/\/manipogo.de\/?p=26743"]}]},{"@type":"ImageObject","inLanguage":"de","@id":"https:\/\/manipogo.de\/?p=26743#primaryimage","url":"http:\/\/manipogo.de\/wp-content\/uploads\/SDC10992.jpg","contentUrl":"http:\/\/manipogo.de\/wp-content\/uploads\/SDC10992.jpg"},{"@type":"BreadcrumbList","@id":"https:\/\/manipogo.de\/?p=26743#breadcrumb","itemListElement":[{"@type":"ListItem","position":1,"name":"Startseite","item":"https:\/\/manipogo.de\/"},{"@type":"ListItem","position":2,"name":"Die Hebel-B\u00fcste in Basel"}]},{"@type":"WebSite","@id":"https:\/\/manipogo.de\/#website","url":"https:\/\/manipogo.de\/","name":"manipogo","description":"Gott und die Welt","potentialAction":[{"@type":"SearchAction","target":{"@type":"EntryPoint","urlTemplate":"https:\/\/manipogo.de\/?s={search_term_string}"},"query-input":{"@type":"PropertyValueSpecification","valueRequired":true,"valueName":"search_term_string"}}],"inLanguage":"de"},{"@type":"Person","@id":"https:\/\/manipogo.de\/#\/schema\/person\/991913de0e39267877f234553fd7f58d","name":"web108","url":"https:\/\/manipogo.de\/?author=1"}]}},"_links":{"self":[{"href":"https:\/\/manipogo.de\/index.php?rest_route=\/wp\/v2\/posts\/26743","targetHints":{"allow":["GET"]}}],"collection":[{"href":"https:\/\/manipogo.de\/index.php?rest_route=\/wp\/v2\/posts"}],"about":[{"href":"https:\/\/manipogo.de\/index.php?rest_route=\/wp\/v2\/types\/post"}],"author":[{"embeddable":true,"href":"https:\/\/manipogo.de\/index.php?rest_route=\/wp\/v2\/users\/1"}],"replies":[{"embeddable":true,"href":"https:\/\/manipogo.de\/index.php?rest_route=%2Fwp%2Fv2%2Fcomments&post=26743"}],"version-history":[{"count":6,"href":"https:\/\/manipogo.de\/index.php?rest_route=\/wp\/v2\/posts\/26743\/revisions"}],"predecessor-version":[{"id":26850,"href":"https:\/\/manipogo.de\/index.php?rest_route=\/wp\/v2\/posts\/26743\/revisions\/26850"}],"wp:attachment":[{"href":"https:\/\/manipogo.de\/index.php?rest_route=%2Fwp%2Fv2%2Fmedia&parent=26743"}],"wp:term":[{"taxonomy":"category","embeddable":true,"href":"https:\/\/manipogo.de\/index.php?rest_route=%2Fwp%2Fv2%2Fcategories&post=26743"},{"taxonomy":"post_tag","embeddable":true,"href":"https:\/\/manipogo.de\/index.php?rest_route=%2Fwp%2Fv2%2Ftags&post=26743"}],"curies":[{"name":"wp","href":"https:\/\/api.w.org\/{rel}","templated":true}]}}