{"id":26815,"date":"2022-07-11T00:38:09","date_gmt":"2022-07-10T22:38:09","guid":{"rendered":"http:\/\/manipogo.de\/?p=26815"},"modified":"2022-07-03T22:23:09","modified_gmt":"2022-07-03T20:23:09","slug":"velozipedisches","status":"publish","type":"post","link":"https:\/\/manipogo.de\/?p=26815","title":{"rendered":"Velozipedisches"},"content":{"rendered":"<div>Unser Veloziped! Von einer Fahrradtour will man auch \u00fcbers Rad und Radfahrer schreiben; ach, recht bedacht war es eine kleine Tour, 5 Tage mit 450 Kilometern (aber 5 manipogo-Beitr\u00e4ge, ordentlich!), doch man trifft andere auf dem Zweirad, und so fange ich mal an zu erz\u00e4hlen. \u00dcbrigens schreibt Fran\u00e7ois Cauderay aus Rehetobel zum Schluss einer Mail immer: <em>Mit velozipedalen Gr\u00fcssen.<\/em> Stilvoll ist das.<\/div>\n<p><!--more--><\/p>\n<div>\n<p>Solo-Radfahrer sind immer sympathisch. Neben Klaus traf ich in L&#8217;Isle-sur-le-Doubs noch einen in Bern lebenden Radler meines Alters, der sein Gep\u00e4ck auf einem kleinen Anh\u00e4nger mit sich f\u00fchrte. Dann f\u00fchlt man ich etwas freier, nur am Berg wird&#8217;s nat\u00fcrlich schwer. A propos Berg: Ich wollte von Quingey zum Neufchateler See, nach Yverdon. Dachte mir, dass es etwas raufgehen w\u00fcrde und dann bald wieder runter. Es ging aber andauernd rauf, den ganzen Tag, und das ist schon demoralisierend. Eine Schlucht ging es hoch, immer h\u00f6her bis Pontarlier, und dann weiter hoch bis Sainte Croix, bis auf 1155 Meter! Das ist der Jura, den man \u00fcberwinden muss, der zwischen S\u00fcdostfrankreich und der Schweiz liegt. Ich fuhr also fluchend die 40 Kilo hoch, mit 2 Croissants, 3 Bananen und ein paar Litern Wasser.<\/p>\n<\/div>\n<div><\/div>\n<div>Auf dem Campingplatz in Yverdon traf ich Ralf, der ein Lastenrad bewegte mit Verst\u00e4rker, Mikrofonst\u00e4nder und Gitarre. Verr\u00fcckt! Damit wollte er \u00fcber die Berge nach S\u00fcdfrankreich und mit der F\u00e4hre nach Mallorca, wo er ein M\u00e4del kennengelernt hatte. Die Liebe verleiht bekanntlich Fl\u00fcgel, hoffentlich aber auch B\u00e4renkr\u00e4fte, die er eher gebraucht haben wird.<\/div>\n<div><a href=\"https:\/\/manipogo.de\/wp-content\/uploads\/SDC10987.jpg\" rel=\"attachment wp-att-26816\"><img loading=\"lazy\" decoding=\"async\" class=\"alignleft size-full wp-image-26816\" src=\"https:\/\/manipogo.de\/wp-content\/uploads\/SDC10987.jpg\" alt=\"SDC10987\" width=\"540\" height=\"520\" srcset=\"https:\/\/manipogo.de\/wp-content\/uploads\/SDC10987.jpg 540w, https:\/\/manipogo.de\/wp-content\/uploads\/SDC10987-300x289.jpg 300w\" sizes=\"auto, (max-width: 540px) 100vw, 540px\" \/><\/a>Zwischendurch darf es auch mal ein Foto vom Autor sein, wof\u00fcr Klaus verantwortlich zeichnete.<\/div>\n<div><\/div>\n<div><a href=\"https:\/\/manipogo.de\/wp-content\/uploads\/IMG_20220612_091443-1.jpg\" rel=\"attachment wp-att-26818\"><img loading=\"lazy\" decoding=\"async\" class=\"alignleft size-full wp-image-26818\" src=\"https:\/\/manipogo.de\/wp-content\/uploads\/IMG_20220612_091443-1.jpg\" alt=\"IMG_20220612_091443\" width=\"540\" height=\"782\" srcset=\"https:\/\/manipogo.de\/wp-content\/uploads\/IMG_20220612_091443-1.jpg 540w, https:\/\/manipogo.de\/wp-content\/uploads\/IMG_20220612_091443-1-207x300.jpg 207w\" sizes=\"auto, (max-width: 540px) 100vw, 540px\" \/><\/a>Zur\u00fcck zum Weg entlang dem Fluss Doubs. Es ist der EuroVelo-Radweg Nummer 6, und in Mulhouse steht ein Schild, das ank\u00fcndigt: <em>Nantes 1287 km<\/em>. Wenn man nicht viele Pausen macht, kann man das in zwei Wochen machen. Dann ist man am Atlantik und hat kaum Begegnungen mit Autos. Es gibt viele Campingpl\u00e4tze, und EuroVelo 6 ist gut ausgezeichnet. Viele Radfahrer sind auf ihm unterwegs, auch viele Rennradler, die ich nat\u00fcrlich beneidete: Nur Fliegen ist sch\u00f6ner, so bewarb BMW vor 60 Jahren seine Sportwagen. Noch ein Bild: vor der Einfahrt in den Tunnel mit Kanal, eine Art Ausfallstra\u00dfe, um die Stadt Besan\u00e7on vermeiden zu k\u00f6nnen.<\/div>\n<div><\/div>\n<div><a href=\"https:\/\/manipogo.de\/wp-content\/uploads\/IMG_20220612_160840.jpg\" rel=\"attachment wp-att-26819\"><img loading=\"lazy\" decoding=\"async\" class=\"alignleft size-full wp-image-26819\" src=\"https:\/\/manipogo.de\/wp-content\/uploads\/IMG_20220612_160840.jpg\" alt=\"IMG_20220612_160840\" width=\"540\" height=\"522\" srcset=\"https:\/\/manipogo.de\/wp-content\/uploads\/IMG_20220612_160840.jpg 540w, https:\/\/manipogo.de\/wp-content\/uploads\/IMG_20220612_160840-300x290.jpg 300w\" sizes=\"auto, (max-width: 540px) 100vw, 540px\" \/><\/a><\/div>\n<div>\n<p>Nach der Tour begab ich mich nach Z\u00fcrich und fuhr ein wenig mit dem Rennrad herum. F\u00fcr Freitag 24. Juni sollte unser Verein in Rehetobel (der Old Bicycle Fan Club) eine Abordnung stellen, um mit historischen Fahrr\u00e4dern die Er\u00f6ffnung des Kantonalen Musikfests in Appenzell (Heiden) zu begleiten. Es regnete den ganzen Tag. Ich fuhr trotzdem hin.<\/p>\n<\/div>\n<div>Die T\u00fcr unseres Museums war nur angelehnt, ich trat ein \u2014 und da sa\u00dfen sie um einen Tisch bei einem kleinen Bier, die ich 3 Jahre nicht gesehen hatte: Dani, Marcel, Wally, Peter und Fran\u00e7ois. Da passte ich hin. Gro\u00dfe Freude! Der Umzug war abgesagt: Gewitterwarnung. Sehr gut. Viel Spa\u00df macht es nicht, bei Regen durchs sch\u00f6ne Heiden zu rollen. Im Museum ist viel umgebaut worden: eine Toilette, viel Holz, neue T\u00fcren, neues Portal &#8230; Ich machte oben im Ausstellungsraum des ehemaligen Feuerwehrhauses ein paar (wie immer schlechte) Aufnahmen.<\/div>\n<div><\/div>\n<div><a href=\"https:\/\/manipogo.de\/wp-content\/uploads\/SDC11007.jpg\" rel=\"attachment wp-att-26820\"><img loading=\"lazy\" decoding=\"async\" class=\"alignleft size-full wp-image-26820\" src=\"https:\/\/manipogo.de\/wp-content\/uploads\/SDC11007.jpg\" alt=\"SDC11007\" width=\"540\" height=\"405\" srcset=\"https:\/\/manipogo.de\/wp-content\/uploads\/SDC11007.jpg 540w, https:\/\/manipogo.de\/wp-content\/uploads\/SDC11007-300x225.jpg 300w\" sizes=\"auto, (max-width: 540px) 100vw, 540px\" \/><\/a><a href=\"https:\/\/manipogo.de\/wp-content\/uploads\/SDC11008.jpg\" rel=\"attachment wp-att-26821\"><img loading=\"lazy\" decoding=\"async\" class=\"alignleft size-full wp-image-26821\" src=\"https:\/\/manipogo.de\/wp-content\/uploads\/SDC11008.jpg\" alt=\"SDC11008\" width=\"540\" height=\"405\" srcset=\"https:\/\/manipogo.de\/wp-content\/uploads\/SDC11008.jpg 540w, https:\/\/manipogo.de\/wp-content\/uploads\/SDC11008-300x225.jpg 300w\" sizes=\"auto, (max-width: 540px) 100vw, 540px\" \/><\/a><a href=\"https:\/\/manipogo.de\/wp-content\/uploads\/SDC11010.jpg\" rel=\"attachment wp-att-26822\"><img loading=\"lazy\" decoding=\"async\" class=\"alignleft size-full wp-image-26822\" src=\"https:\/\/manipogo.de\/wp-content\/uploads\/SDC11010.jpg\" alt=\"SDC11010\" width=\"540\" height=\"405\" srcset=\"https:\/\/manipogo.de\/wp-content\/uploads\/SDC11010.jpg 540w, https:\/\/manipogo.de\/wp-content\/uploads\/SDC11010-300x225.jpg 300w\" sizes=\"auto, (max-width: 540px) 100vw, 540px\" \/><\/a><\/div>\n<div>Das Thema der aktuellen Ausstellung war: Fahrradvereine in der Schweiz vor 110 Jahren. Gegen Abend sah ich noch unsere Rennrad-Sammlung in einem extra Raum. Das ist die Reichmuth-Sammlung, benannt nach einem M\u00e4zen, der ein Fahrradgesch\u00e4ft am Z\u00fcrisee hatte und herumreiste, um spektakul\u00e4re Rennr\u00e4der zu kaufen. Es m\u00f6gen 100 sein, und darunter sind Zeitfahrmaschinen und solche, mit denen die Tour de Suisse gewonnen wurde. (Leider sind meine Fotos unscharf.)<\/div>\n<div><\/div>\n<div><\/div>\n<div>Dann lieh mir Fran\u00e7ois nach das Buch <em>Im Seitenwind<\/em> von Urs Zimmermann, nach seinem Urteil eines der schr\u00e4gsten Fahrradb\u00fccher \u00fcberhaupt. Ihr werdet davon lesen! \u00bbZimmi\u00ab setzte 1986 den unbesiegbar scheinenden Bernard Hinault unter Druck und wurde Dritter der \u00bbTour\u00ab \u2014 was die <em>Wikipedia<\/em> <a href=\"https:\/\/de.wikipedia.org\/wiki\/Urs_Zimmermann\" target=\"_blank\">in ihrem Artikel<\/a> \u00fcber ihn nicht kapierte und Zimmermanns gr\u00f6\u00dften Erfolg verschwieg.<\/div>\n","protected":false},"excerpt":{"rendered":"<p>Unser Veloziped! Von einer Fahrradtour will man auch \u00fcbers Rad und Radfahrer schreiben; ach, recht bedacht war es eine kleine Tour, 5 Tage mit 450 Kilometern (aber 5 manipogo-Beitr\u00e4ge, ordentlich!), doch man trifft andere auf dem Zweirad, und so fange ich mal an zu erz\u00e4hlen. \u00dcbrigens schreibt Fran\u00e7ois Cauderay aus Rehetobel zum Schluss einer Mail [&hellip;]<\/p>\n","protected":false},"author":1,"featured_media":0,"comment_status":"closed","ping_status":"closed","sticky":false,"template":"","format":"standard","meta":{"footnotes":""},"categories":[1222],"tags":[2295,2296],"class_list":["post-26815","post","type-post","status-publish","format-standard","hentry","category-fahrrad","tag-fahrradtour","tag-velozipedisches"],"yoast_head":"<!-- This site is optimized with the Yoast SEO plugin v27.3 - https:\/\/yoast.com\/product\/yoast-seo-wordpress\/ -->\n<title>Velozipedisches - manipogo<\/title>\n<meta name=\"robots\" content=\"index, follow, max-snippet:-1, max-image-preview:large, max-video-preview:-1\" \/>\n<link rel=\"canonical\" href=\"https:\/\/manipogo.de\/?p=26815\" \/>\n<meta property=\"og:locale\" content=\"de_DE\" \/>\n<meta property=\"og:type\" content=\"article\" \/>\n<meta property=\"og:title\" content=\"Velozipedisches - manipogo\" \/>\n<meta property=\"og:description\" content=\"Unser Veloziped! Von einer Fahrradtour will man auch \u00fcbers Rad und Radfahrer schreiben; ach, recht bedacht war es eine kleine Tour, 5 Tage mit 450 Kilometern (aber 5 manipogo-Beitr\u00e4ge, ordentlich!), doch man trifft andere auf dem Zweirad, und so fange ich mal an zu erz\u00e4hlen. \u00dcbrigens schreibt Fran\u00e7ois Cauderay aus Rehetobel zum Schluss einer Mail [&hellip;]\" \/>\n<meta property=\"og:url\" content=\"https:\/\/manipogo.de\/?p=26815\" \/>\n<meta property=\"og:site_name\" content=\"manipogo\" \/>\n<meta property=\"article:published_time\" content=\"2022-07-10T22:38:09+00:00\" \/>\n<meta property=\"og:image\" content=\"http:\/\/manipogo.de\/wp-content\/uploads\/SDC10987.jpg\" \/>\n<meta name=\"author\" content=\"web108\" \/>\n<meta name=\"twitter:card\" content=\"summary_large_image\" \/>\n<meta name=\"twitter:label1\" content=\"Verfasst von\" \/>\n\t<meta name=\"twitter:data1\" content=\"web108\" \/>\n\t<meta name=\"twitter:label2\" content=\"Gesch\u00e4tzte Lesezeit\" \/>\n\t<meta name=\"twitter:data2\" content=\"3\u00a0Minuten\" \/>\n<script type=\"application\/ld+json\" class=\"yoast-schema-graph\">{\"@context\":\"https:\\\/\\\/schema.org\",\"@graph\":[{\"@type\":\"Article\",\"@id\":\"https:\\\/\\\/manipogo.de\\\/?p=26815#article\",\"isPartOf\":{\"@id\":\"https:\\\/\\\/manipogo.de\\\/?p=26815\"},\"author\":{\"name\":\"web108\",\"@id\":\"https:\\\/\\\/manipogo.de\\\/#\\\/schema\\\/person\\\/991913de0e39267877f234553fd7f58d\"},\"headline\":\"Velozipedisches\",\"datePublished\":\"2022-07-10T22:38:09+00:00\",\"mainEntityOfPage\":{\"@id\":\"https:\\\/\\\/manipogo.de\\\/?p=26815\"},\"wordCount\":665,\"image\":{\"@id\":\"https:\\\/\\\/manipogo.de\\\/?p=26815#primaryimage\"},\"thumbnailUrl\":\"http:\\\/\\\/manipogo.de\\\/wp-content\\\/uploads\\\/SDC10987.jpg\",\"keywords\":[\"Fahrradtour\",\"Velozipedisches\"],\"articleSection\":[\"Fahrrad\"],\"inLanguage\":\"de\"},{\"@type\":\"WebPage\",\"@id\":\"https:\\\/\\\/manipogo.de\\\/?p=26815\",\"url\":\"https:\\\/\\\/manipogo.de\\\/?p=26815\",\"name\":\"Velozipedisches - manipogo\",\"isPartOf\":{\"@id\":\"https:\\\/\\\/manipogo.de\\\/#website\"},\"primaryImageOfPage\":{\"@id\":\"https:\\\/\\\/manipogo.de\\\/?p=26815#primaryimage\"},\"image\":{\"@id\":\"https:\\\/\\\/manipogo.de\\\/?p=26815#primaryimage\"},\"thumbnailUrl\":\"http:\\\/\\\/manipogo.de\\\/wp-content\\\/uploads\\\/SDC10987.jpg\",\"datePublished\":\"2022-07-10T22:38:09+00:00\",\"author\":{\"@id\":\"https:\\\/\\\/manipogo.de\\\/#\\\/schema\\\/person\\\/991913de0e39267877f234553fd7f58d\"},\"breadcrumb\":{\"@id\":\"https:\\\/\\\/manipogo.de\\\/?p=26815#breadcrumb\"},\"inLanguage\":\"de\",\"potentialAction\":[{\"@type\":\"ReadAction\",\"target\":[\"https:\\\/\\\/manipogo.de\\\/?p=26815\"]}]},{\"@type\":\"ImageObject\",\"inLanguage\":\"de\",\"@id\":\"https:\\\/\\\/manipogo.de\\\/?p=26815#primaryimage\",\"url\":\"http:\\\/\\\/manipogo.de\\\/wp-content\\\/uploads\\\/SDC10987.jpg\",\"contentUrl\":\"http:\\\/\\\/manipogo.de\\\/wp-content\\\/uploads\\\/SDC10987.jpg\"},{\"@type\":\"BreadcrumbList\",\"@id\":\"https:\\\/\\\/manipogo.de\\\/?p=26815#breadcrumb\",\"itemListElement\":[{\"@type\":\"ListItem\",\"position\":1,\"name\":\"Startseite\",\"item\":\"https:\\\/\\\/manipogo.de\\\/\"},{\"@type\":\"ListItem\",\"position\":2,\"name\":\"Velozipedisches\"}]},{\"@type\":\"WebSite\",\"@id\":\"https:\\\/\\\/manipogo.de\\\/#website\",\"url\":\"https:\\\/\\\/manipogo.de\\\/\",\"name\":\"manipogo\",\"description\":\"Gott und die Welt\",\"potentialAction\":[{\"@type\":\"SearchAction\",\"target\":{\"@type\":\"EntryPoint\",\"urlTemplate\":\"https:\\\/\\\/manipogo.de\\\/?s={search_term_string}\"},\"query-input\":{\"@type\":\"PropertyValueSpecification\",\"valueRequired\":true,\"valueName\":\"search_term_string\"}}],\"inLanguage\":\"de\"},{\"@type\":\"Person\",\"@id\":\"https:\\\/\\\/manipogo.de\\\/#\\\/schema\\\/person\\\/991913de0e39267877f234553fd7f58d\",\"name\":\"web108\",\"url\":\"https:\\\/\\\/manipogo.de\\\/?author=1\"}]}<\/script>\n<!-- \/ Yoast SEO plugin. -->","yoast_head_json":{"title":"Velozipedisches - manipogo","robots":{"index":"index","follow":"follow","max-snippet":"max-snippet:-1","max-image-preview":"max-image-preview:large","max-video-preview":"max-video-preview:-1"},"canonical":"https:\/\/manipogo.de\/?p=26815","og_locale":"de_DE","og_type":"article","og_title":"Velozipedisches - manipogo","og_description":"Unser Veloziped! Von einer Fahrradtour will man auch \u00fcbers Rad und Radfahrer schreiben; ach, recht bedacht war es eine kleine Tour, 5 Tage mit 450 Kilometern (aber 5 manipogo-Beitr\u00e4ge, ordentlich!), doch man trifft andere auf dem Zweirad, und so fange ich mal an zu erz\u00e4hlen. \u00dcbrigens schreibt Fran\u00e7ois Cauderay aus Rehetobel zum Schluss einer Mail [&hellip;]","og_url":"https:\/\/manipogo.de\/?p=26815","og_site_name":"manipogo","article_published_time":"2022-07-10T22:38:09+00:00","og_image":[{"url":"http:\/\/manipogo.de\/wp-content\/uploads\/SDC10987.jpg","type":"","width":"","height":""}],"author":"web108","twitter_card":"summary_large_image","twitter_misc":{"Verfasst von":"web108","Gesch\u00e4tzte Lesezeit":"3\u00a0Minuten"},"schema":{"@context":"https:\/\/schema.org","@graph":[{"@type":"Article","@id":"https:\/\/manipogo.de\/?p=26815#article","isPartOf":{"@id":"https:\/\/manipogo.de\/?p=26815"},"author":{"name":"web108","@id":"https:\/\/manipogo.de\/#\/schema\/person\/991913de0e39267877f234553fd7f58d"},"headline":"Velozipedisches","datePublished":"2022-07-10T22:38:09+00:00","mainEntityOfPage":{"@id":"https:\/\/manipogo.de\/?p=26815"},"wordCount":665,"image":{"@id":"https:\/\/manipogo.de\/?p=26815#primaryimage"},"thumbnailUrl":"http:\/\/manipogo.de\/wp-content\/uploads\/SDC10987.jpg","keywords":["Fahrradtour","Velozipedisches"],"articleSection":["Fahrrad"],"inLanguage":"de"},{"@type":"WebPage","@id":"https:\/\/manipogo.de\/?p=26815","url":"https:\/\/manipogo.de\/?p=26815","name":"Velozipedisches - manipogo","isPartOf":{"@id":"https:\/\/manipogo.de\/#website"},"primaryImageOfPage":{"@id":"https:\/\/manipogo.de\/?p=26815#primaryimage"},"image":{"@id":"https:\/\/manipogo.de\/?p=26815#primaryimage"},"thumbnailUrl":"http:\/\/manipogo.de\/wp-content\/uploads\/SDC10987.jpg","datePublished":"2022-07-10T22:38:09+00:00","author":{"@id":"https:\/\/manipogo.de\/#\/schema\/person\/991913de0e39267877f234553fd7f58d"},"breadcrumb":{"@id":"https:\/\/manipogo.de\/?p=26815#breadcrumb"},"inLanguage":"de","potentialAction":[{"@type":"ReadAction","target":["https:\/\/manipogo.de\/?p=26815"]}]},{"@type":"ImageObject","inLanguage":"de","@id":"https:\/\/manipogo.de\/?p=26815#primaryimage","url":"http:\/\/manipogo.de\/wp-content\/uploads\/SDC10987.jpg","contentUrl":"http:\/\/manipogo.de\/wp-content\/uploads\/SDC10987.jpg"},{"@type":"BreadcrumbList","@id":"https:\/\/manipogo.de\/?p=26815#breadcrumb","itemListElement":[{"@type":"ListItem","position":1,"name":"Startseite","item":"https:\/\/manipogo.de\/"},{"@type":"ListItem","position":2,"name":"Velozipedisches"}]},{"@type":"WebSite","@id":"https:\/\/manipogo.de\/#website","url":"https:\/\/manipogo.de\/","name":"manipogo","description":"Gott und die Welt","potentialAction":[{"@type":"SearchAction","target":{"@type":"EntryPoint","urlTemplate":"https:\/\/manipogo.de\/?s={search_term_string}"},"query-input":{"@type":"PropertyValueSpecification","valueRequired":true,"valueName":"search_term_string"}}],"inLanguage":"de"},{"@type":"Person","@id":"https:\/\/manipogo.de\/#\/schema\/person\/991913de0e39267877f234553fd7f58d","name":"web108","url":"https:\/\/manipogo.de\/?author=1"}]}},"_links":{"self":[{"href":"https:\/\/manipogo.de\/index.php?rest_route=\/wp\/v2\/posts\/26815","targetHints":{"allow":["GET"]}}],"collection":[{"href":"https:\/\/manipogo.de\/index.php?rest_route=\/wp\/v2\/posts"}],"about":[{"href":"https:\/\/manipogo.de\/index.php?rest_route=\/wp\/v2\/types\/post"}],"author":[{"embeddable":true,"href":"https:\/\/manipogo.de\/index.php?rest_route=\/wp\/v2\/users\/1"}],"replies":[{"embeddable":true,"href":"https:\/\/manipogo.de\/index.php?rest_route=%2Fwp%2Fv2%2Fcomments&post=26815"}],"version-history":[{"count":9,"href":"https:\/\/manipogo.de\/index.php?rest_route=\/wp\/v2\/posts\/26815\/revisions"}],"predecessor-version":[{"id":26851,"href":"https:\/\/manipogo.de\/index.php?rest_route=\/wp\/v2\/posts\/26815\/revisions\/26851"}],"wp:attachment":[{"href":"https:\/\/manipogo.de\/index.php?rest_route=%2Fwp%2Fv2%2Fmedia&parent=26815"}],"wp:term":[{"taxonomy":"category","embeddable":true,"href":"https:\/\/manipogo.de\/index.php?rest_route=%2Fwp%2Fv2%2Fcategories&post=26815"},{"taxonomy":"post_tag","embeddable":true,"href":"https:\/\/manipogo.de\/index.php?rest_route=%2Fwp%2Fv2%2Ftags&post=26815"}],"curies":[{"name":"wp","href":"https:\/\/api.w.org\/{rel}","templated":true}]}}