{"id":27268,"date":"2022-09-16T00:42:24","date_gmt":"2022-09-15T22:42:24","guid":{"rendered":"http:\/\/manipogo.de\/?p=27268"},"modified":"2022-08-30T22:58:35","modified_gmt":"2022-08-30T20:58:35","slug":"5-kurze-gedichte","status":"publish","type":"post","link":"https:\/\/manipogo.de\/?p=27268","title":{"rendered":"5 kurze Gedichte"},"content":{"rendered":"<p>Ich habe etwas f\u00fcr kurze Gedichte \u00fcbrig; auch, weil sie sich schnell abschreiben und schnell lesen lassen. Wir denken ja unausgesetzt; aber ist ein Satz, den ich niederschreibe, schon ein Gedicht? Ich finde, ein Gedicht liegt vor, wenn es \u00bbartig\u00ab (Goethe; da steckt auch art drin, die Kunst) klingt und sich zwischen den Zeilen eine zweite Ebene zu erkennen gibt. Kurze Gedichte wirken immer wie hingeworfen. <!--more--><\/p>\n<p><strong>Fitzgerald Kusz<\/strong>, der fr\u00e4nikische Dichter (geboren 1944):<\/p>\n<p><strong><em>lezd\u00e4 omnibuss<\/em><\/strong><\/p>\n<p><em>du<\/em><br \/>\n<em>koosdm\u00e4 nu \u00e4<\/em><br \/>\n<em>zigareddn gehm<\/em><br \/>\n<em>dassi nedd \u00e4su<\/em><br \/>\n<em>allaans bin<\/em><br \/>\n<em>affem haamwech?<\/em><\/p>\n<p><strong>Ernst Jandl<\/strong>, der Wiener (1925-2000):<\/p>\n<p><strong><em>rilke, reimlos<\/em><\/strong><\/p>\n<p><em>rilke<\/em><br \/>\n<em>sagte er<\/em><\/p>\n<p><em>dann sagte er<\/em><br \/>\n<em>gurke<\/em><\/p>\n<p><em>leise dann<\/em><br \/>\n<em>wolke<\/em><\/p>\n<p><strong>Octavio Paz<\/strong> (1914-1998), Nobelpreistr\u00e4ger aus Mexiko:<\/p>\n<p><strong><em>Aqui<\/em><\/strong><\/p>\n<p><em>Mis pasos en esta calle<\/em><br \/>\n<em> Resuenan<\/em><br \/>\n<em> \u2014 \u00a0 \u00a0 \u00a0 \u00a0\u00a0 En otra calle<\/em><br \/>\n<em> Donde<\/em><br \/>\n<em> \u2014\u00a0\u00a0\u00a0\u00a0\u00a0\u00a0\u00a0\u00a0\u00a0\u00a0 Oigo mis pasos<\/em><br \/>\n<em>Pasar en esta calle<\/em><br \/>\n<em>Donde<\/em><\/p>\n<p>Solo es real la niebia.<\/p>\n<p>Hier<\/p>\n<p>Meine Schritte in dieser Stra\u00dfe<br \/>\nwiderhallen<br \/>\n\u2014\u00a0\u00a0\u00a0\u00a0\u00a0\u00a0\u00a0\u00a0\u00a0 in der anderen Stra\u00dfe<br \/>\nWo<br \/>\n\u2014\u00a0\u00a0\u00a0\u00a0\u00a0\u00a0\u00a0\u00a0\u00a0 ich meine Schritte<br \/>\nin dieser Stra\u00dfe vorbeikommen h\u00f6re<br \/>\nWo<\/p>\n<p>Wirklich nur der Nebel ist.<\/p>\n<p><strong>G\u00fcnter Eich<\/strong>, Deutschland (1907-1972):<\/p>\n<p><strong><em>Fortschritt<\/em><\/strong><\/p>\n<p><em>Entleert von Ged\u00e4chtnis,<\/em><br \/>\n<em>ich war f\u00fcnf Glaskugeln,<\/em><br \/>\n<em>ohne Laub, ohne Ausblicke:<\/em><br \/>\n<em>Gestern w\u00e4r ein guter<\/em><br \/>\n<em>Tag zum Sterben gewesen.<\/em><br \/>\n<em>Heute bei\u00dfen<\/em><br \/>\n<em>den letzten die Hunde.<\/em><\/p>\n<p><strong>Eugenio Montale<\/strong> (1896-1981), auch er Nobelpreistr\u00e4ger:<\/p>\n<p><em>Non ha nulla a che fare col tempo, \u00e8 qualcosa che dice<\/em><br \/>\n<em>che ci fa dire siamo qui, \u00e8 un miracolo<\/em><br \/>\n<em>che non si pu\u00f2 ripetere. Al confronto<\/em><br \/>\n<em>la giovent\u00f9 \u00e8 il pi\u00f9 vile degl&#8217;inganni.<\/em><\/p>\n<p>Nichts hat es zu tun mit der Zeit, es ist etwas das sagt<br \/>\nund das uns sagen l\u00e4sst wir sind hier, es ist ein Wunder<br \/>\ndas sich nicht wiederholen l\u00e4sst. Im Vergleich dazu<br \/>\nist die Jugend die gr\u00f6\u00dfte aller T\u00e4uschungen.<\/p>\n<p>&nbsp;<\/p>\n<p><span style=\"text-decoration: underline;\">Verwandte Beitr\u00e4ge:<\/span><\/p>\n<p><a href=\"https:\/\/manipogo.de\/?p=5634\" target=\"_blank\">Flugverkehr (20): Schmetterlings-Haikus<\/a> \u2014 <a href=\"https:\/\/manipogo.de\/?p=4481\" target=\"_blank\">Knast-Haikus<\/a> \u2014 <a href=\"https:\/\/manipogo.de\/?p=18235\" target=\"_blank\">Kurzes aus Osteuropa<\/a> \u2014 <a href=\"https:\/\/manipogo.de\/?p=17945\" target=\"_blank\">O tsuki! <\/a>\u2014 <a href=\"https:\/\/manipogo.de\/?p=4447\" target=\"_blank\">Seestille<\/a><\/p>\n<p>&nbsp;<\/p>\n<p>&nbsp;<\/p>\n<p>&nbsp;<\/p>\n<p>&nbsp;<\/p>\n","protected":false},"excerpt":{"rendered":"<p>Ich habe etwas f\u00fcr kurze Gedichte \u00fcbrig; auch, weil sie sich schnell abschreiben und schnell lesen lassen. Wir denken ja unausgesetzt; aber ist ein Satz, den ich niederschreibe, schon ein Gedicht? Ich finde, ein Gedicht liegt vor, wenn es \u00bbartig\u00ab (Goethe; da steckt auch art drin, die Kunst) klingt und sich zwischen den Zeilen eine [&hellip;]<\/p>\n","protected":false},"author":1,"featured_media":0,"comment_status":"closed","ping_status":"closed","sticky":false,"template":"","format":"standard","meta":{"footnotes":""},"categories":[1224],"tags":[506,2318],"class_list":["post-27268","post","type-post","status-publish","format-standard","hentry","category-literatur","tag-gedichte","tag-kuerze"],"yoast_head":"<!-- This site is optimized with the Yoast SEO plugin v27.3 - https:\/\/yoast.com\/product\/yoast-seo-wordpress\/ -->\n<title>5 kurze Gedichte - manipogo<\/title>\n<meta name=\"robots\" content=\"index, follow, max-snippet:-1, max-image-preview:large, max-video-preview:-1\" \/>\n<link rel=\"canonical\" href=\"https:\/\/manipogo.de\/?p=27268\" \/>\n<meta property=\"og:locale\" content=\"de_DE\" \/>\n<meta property=\"og:type\" content=\"article\" \/>\n<meta property=\"og:title\" content=\"5 kurze Gedichte - manipogo\" \/>\n<meta property=\"og:description\" content=\"Ich habe etwas f\u00fcr kurze Gedichte \u00fcbrig; auch, weil sie sich schnell abschreiben und schnell lesen lassen. Wir denken ja unausgesetzt; aber ist ein Satz, den ich niederschreibe, schon ein Gedicht? Ich finde, ein Gedicht liegt vor, wenn es \u00bbartig\u00ab (Goethe; da steckt auch art drin, die Kunst) klingt und sich zwischen den Zeilen eine [&hellip;]\" \/>\n<meta property=\"og:url\" content=\"https:\/\/manipogo.de\/?p=27268\" \/>\n<meta property=\"og:site_name\" content=\"manipogo\" \/>\n<meta property=\"article:published_time\" content=\"2022-09-15T22:42:24+00:00\" \/>\n<meta name=\"author\" content=\"web108\" \/>\n<meta name=\"twitter:card\" content=\"summary_large_image\" \/>\n<meta name=\"twitter:label1\" content=\"Verfasst von\" \/>\n\t<meta name=\"twitter:data1\" content=\"web108\" \/>\n\t<meta name=\"twitter:label2\" content=\"Gesch\u00e4tzte Lesezeit\" \/>\n\t<meta name=\"twitter:data2\" content=\"2\u00a0Minuten\" \/>\n<script type=\"application\/ld+json\" class=\"yoast-schema-graph\">{\"@context\":\"https:\\\/\\\/schema.org\",\"@graph\":[{\"@type\":\"Article\",\"@id\":\"https:\\\/\\\/manipogo.de\\\/?p=27268#article\",\"isPartOf\":{\"@id\":\"https:\\\/\\\/manipogo.de\\\/?p=27268\"},\"author\":{\"name\":\"web108\",\"@id\":\"https:\\\/\\\/manipogo.de\\\/#\\\/schema\\\/person\\\/991913de0e39267877f234553fd7f58d\"},\"headline\":\"5 kurze Gedichte\",\"datePublished\":\"2022-09-15T22:42:24+00:00\",\"mainEntityOfPage\":{\"@id\":\"https:\\\/\\\/manipogo.de\\\/?p=27268\"},\"wordCount\":304,\"keywords\":[\"Gedichte\",\"K\u00fcrze\"],\"articleSection\":[\"Literatur\"],\"inLanguage\":\"de\"},{\"@type\":\"WebPage\",\"@id\":\"https:\\\/\\\/manipogo.de\\\/?p=27268\",\"url\":\"https:\\\/\\\/manipogo.de\\\/?p=27268\",\"name\":\"5 kurze Gedichte - manipogo\",\"isPartOf\":{\"@id\":\"https:\\\/\\\/manipogo.de\\\/#website\"},\"datePublished\":\"2022-09-15T22:42:24+00:00\",\"author\":{\"@id\":\"https:\\\/\\\/manipogo.de\\\/#\\\/schema\\\/person\\\/991913de0e39267877f234553fd7f58d\"},\"breadcrumb\":{\"@id\":\"https:\\\/\\\/manipogo.de\\\/?p=27268#breadcrumb\"},\"inLanguage\":\"de\",\"potentialAction\":[{\"@type\":\"ReadAction\",\"target\":[\"https:\\\/\\\/manipogo.de\\\/?p=27268\"]}]},{\"@type\":\"BreadcrumbList\",\"@id\":\"https:\\\/\\\/manipogo.de\\\/?p=27268#breadcrumb\",\"itemListElement\":[{\"@type\":\"ListItem\",\"position\":1,\"name\":\"Startseite\",\"item\":\"https:\\\/\\\/manipogo.de\\\/\"},{\"@type\":\"ListItem\",\"position\":2,\"name\":\"5 kurze Gedichte\"}]},{\"@type\":\"WebSite\",\"@id\":\"https:\\\/\\\/manipogo.de\\\/#website\",\"url\":\"https:\\\/\\\/manipogo.de\\\/\",\"name\":\"manipogo\",\"description\":\"Gott und die Welt\",\"potentialAction\":[{\"@type\":\"SearchAction\",\"target\":{\"@type\":\"EntryPoint\",\"urlTemplate\":\"https:\\\/\\\/manipogo.de\\\/?s={search_term_string}\"},\"query-input\":{\"@type\":\"PropertyValueSpecification\",\"valueRequired\":true,\"valueName\":\"search_term_string\"}}],\"inLanguage\":\"de\"},{\"@type\":\"Person\",\"@id\":\"https:\\\/\\\/manipogo.de\\\/#\\\/schema\\\/person\\\/991913de0e39267877f234553fd7f58d\",\"name\":\"web108\",\"url\":\"https:\\\/\\\/manipogo.de\\\/?author=1\"}]}<\/script>\n<!-- \/ Yoast SEO plugin. -->","yoast_head_json":{"title":"5 kurze Gedichte - manipogo","robots":{"index":"index","follow":"follow","max-snippet":"max-snippet:-1","max-image-preview":"max-image-preview:large","max-video-preview":"max-video-preview:-1"},"canonical":"https:\/\/manipogo.de\/?p=27268","og_locale":"de_DE","og_type":"article","og_title":"5 kurze Gedichte - manipogo","og_description":"Ich habe etwas f\u00fcr kurze Gedichte \u00fcbrig; auch, weil sie sich schnell abschreiben und schnell lesen lassen. Wir denken ja unausgesetzt; aber ist ein Satz, den ich niederschreibe, schon ein Gedicht? Ich finde, ein Gedicht liegt vor, wenn es \u00bbartig\u00ab (Goethe; da steckt auch art drin, die Kunst) klingt und sich zwischen den Zeilen eine [&hellip;]","og_url":"https:\/\/manipogo.de\/?p=27268","og_site_name":"manipogo","article_published_time":"2022-09-15T22:42:24+00:00","author":"web108","twitter_card":"summary_large_image","twitter_misc":{"Verfasst von":"web108","Gesch\u00e4tzte Lesezeit":"2\u00a0Minuten"},"schema":{"@context":"https:\/\/schema.org","@graph":[{"@type":"Article","@id":"https:\/\/manipogo.de\/?p=27268#article","isPartOf":{"@id":"https:\/\/manipogo.de\/?p=27268"},"author":{"name":"web108","@id":"https:\/\/manipogo.de\/#\/schema\/person\/991913de0e39267877f234553fd7f58d"},"headline":"5 kurze Gedichte","datePublished":"2022-09-15T22:42:24+00:00","mainEntityOfPage":{"@id":"https:\/\/manipogo.de\/?p=27268"},"wordCount":304,"keywords":["Gedichte","K\u00fcrze"],"articleSection":["Literatur"],"inLanguage":"de"},{"@type":"WebPage","@id":"https:\/\/manipogo.de\/?p=27268","url":"https:\/\/manipogo.de\/?p=27268","name":"5 kurze Gedichte - manipogo","isPartOf":{"@id":"https:\/\/manipogo.de\/#website"},"datePublished":"2022-09-15T22:42:24+00:00","author":{"@id":"https:\/\/manipogo.de\/#\/schema\/person\/991913de0e39267877f234553fd7f58d"},"breadcrumb":{"@id":"https:\/\/manipogo.de\/?p=27268#breadcrumb"},"inLanguage":"de","potentialAction":[{"@type":"ReadAction","target":["https:\/\/manipogo.de\/?p=27268"]}]},{"@type":"BreadcrumbList","@id":"https:\/\/manipogo.de\/?p=27268#breadcrumb","itemListElement":[{"@type":"ListItem","position":1,"name":"Startseite","item":"https:\/\/manipogo.de\/"},{"@type":"ListItem","position":2,"name":"5 kurze Gedichte"}]},{"@type":"WebSite","@id":"https:\/\/manipogo.de\/#website","url":"https:\/\/manipogo.de\/","name":"manipogo","description":"Gott und die Welt","potentialAction":[{"@type":"SearchAction","target":{"@type":"EntryPoint","urlTemplate":"https:\/\/manipogo.de\/?s={search_term_string}"},"query-input":{"@type":"PropertyValueSpecification","valueRequired":true,"valueName":"search_term_string"}}],"inLanguage":"de"},{"@type":"Person","@id":"https:\/\/manipogo.de\/#\/schema\/person\/991913de0e39267877f234553fd7f58d","name":"web108","url":"https:\/\/manipogo.de\/?author=1"}]}},"_links":{"self":[{"href":"https:\/\/manipogo.de\/index.php?rest_route=\/wp\/v2\/posts\/27268","targetHints":{"allow":["GET"]}}],"collection":[{"href":"https:\/\/manipogo.de\/index.php?rest_route=\/wp\/v2\/posts"}],"about":[{"href":"https:\/\/manipogo.de\/index.php?rest_route=\/wp\/v2\/types\/post"}],"author":[{"embeddable":true,"href":"https:\/\/manipogo.de\/index.php?rest_route=\/wp\/v2\/users\/1"}],"replies":[{"embeddable":true,"href":"https:\/\/manipogo.de\/index.php?rest_route=%2Fwp%2Fv2%2Fcomments&post=27268"}],"version-history":[{"count":5,"href":"https:\/\/manipogo.de\/index.php?rest_route=\/wp\/v2\/posts\/27268\/revisions"}],"predecessor-version":[{"id":27365,"href":"https:\/\/manipogo.de\/index.php?rest_route=\/wp\/v2\/posts\/27268\/revisions\/27365"}],"wp:attachment":[{"href":"https:\/\/manipogo.de\/index.php?rest_route=%2Fwp%2Fv2%2Fmedia&parent=27268"}],"wp:term":[{"taxonomy":"category","embeddable":true,"href":"https:\/\/manipogo.de\/index.php?rest_route=%2Fwp%2Fv2%2Fcategories&post=27268"},{"taxonomy":"post_tag","embeddable":true,"href":"https:\/\/manipogo.de\/index.php?rest_route=%2Fwp%2Fv2%2Ftags&post=27268"}],"curies":[{"name":"wp","href":"https:\/\/api.w.org\/{rel}","templated":true}]}}