{"id":27602,"date":"2022-10-03T00:18:28","date_gmt":"2022-10-02T22:18:28","guid":{"rendered":"http:\/\/manipogo.de\/?p=27602"},"modified":"2022-10-02T23:03:31","modified_gmt":"2022-10-02T21:03:31","slug":"italien-in-der-rechtskurve","status":"publish","type":"post","link":"https:\/\/manipogo.de\/?p=27602","title":{"rendered":"Italien in der Rechtskurve"},"content":{"rendered":"<p>Unser Nationalfeiertag: Vor 33 Jahren wurde Deutschland wieder ein Ganzes. In Italien geschah das 1870. Giuseppe Garibaldi mit seinen Rebellen brachte das zustande. Sie entmachteten auch den Papst mit seinen Steuereintreibern und dr\u00e4ngte sie in den Vatikanstaat zur\u00fcck. Italien wurde ein Zentralstaat aus vielen verschiedenen Regionen mit ihren Dialekten. Dieser Staat bekommt nur eine rechte Regierung.\u00a0<!--more--><\/p>\n<p>Vor einem Jahr hatte <em>manipogo<\/em> geschrieben: <a href=\"https:\/\/manipogo.de\/?p=23517\" target=\"_blank\">Kalabrien ging an Rechts<\/a>. Da waren die drei Gruppierungen schon genannt: die Lega, Berlusconis Forza Italia und Melonis Fratelli d&#8217;Italia. Sie haben nun auf Landesebene triumphiert. Blicken wir kurz zur\u00fcck:<\/p>\n<p>Nach dem Zweiten Weltkrieg regierte lange Zeit die <em>Democrazia Christiana<\/em> (DC), die sich als christlich verstand und stramm konservativ war, also rechts \u2014 etwa wie die CSU in Bayern zu ihrer besten Zeit. Jedoch gab es auf der anderen Seite einen gro\u00dfen Anteil eingeschworener Kommunisten. Deren Partei, die PCI, holte noch Anfang der 1970-er Jahre 30 Prozent der Stimmen. Dieses Jahrzehnt war (noch mehr als in Deutschland) von terroristischen Anschl\u00e4gen gepr\u00e4gt, die <em>bleiernen Jahre<\/em> nannte man das. Die Bombe auf dem Hauptbahnhof Bologna 1980 forderte 80 Menschenleben.<\/p>\n<div id=\"attachment_27620\" style=\"width: 550px\" class=\"wp-caption alignleft\"><a href=\"https:\/\/manipogo.de\/wp-content\/uploads\/prodi_pertini_andreotti.jpg\" rel=\"attachment wp-att-27620\"><img loading=\"lazy\" decoding=\"async\" aria-describedby=\"caption-attachment-27620\" class=\"size-full wp-image-27620\" src=\"https:\/\/manipogo.de\/wp-content\/uploads\/prodi_pertini_andreotti.jpg\" alt=\"Drei wichtige Politiker: Romano Prodi (zwei Mal Ministerpr\u00e4sident), Sandro Pertini (Pr\u00e4sident) und Giulio Andreotti (oft Ministerpr\u00e4sident von 1972 bis 1990) \" width=\"540\" height=\"276\" \/><\/a><p id=\"caption-attachment-27620\" class=\"wp-caption-text\"><em>Drei wichtige Politiker: Romano Prodi (zwei Mal Ministerpr\u00e4sident), Sandro Pertini (Pr\u00e4sident) und Giulio Andreotti (oft Ministerpr\u00e4sident von 1972 bis 1990)<\/em><\/p><\/div>\n<p>Anfang der 1990-er Jahre wurden Korruptionsaff\u00e4ren bekannt, und die traditionellen Parteien zerbrachen; die Kommunisten litten unter dem Zusammenbruch des Ostblocks. 1994 gewann erstmals die Partei unter Medienunternehmer Silvio Berlusconi, und 2001 gewann sie nochmals, und Berlusconi konnte 5 Jahre regieren \u2014 eine Rekordzeit im traditionell instabilen Italien.<\/p>\n<p>Warum traditionell instabil? Da muss man subjektiv werden und \u2014 werten. In Italien gilt der Staat von jeher nicht viel. Er wird eher als Feind des B\u00fcrgers betrachtet. Der Dienst am Staat ging bei den Politikern und \u00fcbrigen Funktion\u00e4ren leider oft mit Selbstbedienung und Selbstbereicherung einher. Auch in den Parteien hielt man nicht viel von Disziplin. Die gr\u00f6\u00dfte linke Partei schaffte es unter wechselnden Namen nie, ihre F\u00fchrungsfigur zu unterst\u00fctzen; hinter den Kulissen lieferte man sich intrigantenreiche Machtk\u00e4mpfe, weil es immer nur um Macht f\u00fcr einzelne ging und selten um das Wohl des Staates. Munter sprangen andere Politiker zwischen den Parteien hin und her oder gr\u00fcndeten neue kleine Gruppen, was Koalitionen schwierig und eben instabil machte.<\/p>\n<p>Ich erinnere mich noch, wie im Jahr 2000 (oder um die Zeit) vor meiner Tankstelle in Rom jeden Abend auf drei St\u00fchlchen drei \u00e4ltere Herren sa\u00dfen, alle leidenschaftliche Radfahrer und Plaudertaschen. Mich konnten sie gut leiden, und als ich anfing, \u00fcber Politik zu reden, sagte einer zu mir: \u00bbPolitik in Italien, das politische System? Erkl\u00e4r es uns bitte!\u00ab<\/p>\n<p><a href=\"https:\/\/manipogo.de\/wp-content\/uploads\/012-36.jpg\" rel=\"attachment wp-att-27622\"><img loading=\"lazy\" decoding=\"async\" class=\"alignleft size-medium wp-image-27622\" src=\"https:\/\/manipogo.de\/wp-content\/uploads\/012-36-300x202.jpg\" alt=\"012\" width=\"300\" height=\"202\" srcset=\"https:\/\/manipogo.de\/wp-content\/uploads\/012-36-300x202.jpg 300w, https:\/\/manipogo.de\/wp-content\/uploads\/012-36.jpg 540w\" sizes=\"auto, (max-width: 300px) 100vw, 300px\" \/><\/a>Die Lage in diesem Jahrhundert war immer un\u00fcbersichtlich und die einzige Konstante das stetige Wachstum der rechten Gruppierungen. Das war in den Nachbarl\u00e4ndern \u00e4hnlich. Die <em>Lega<\/em> von Umberto Bossi wollte gleich Norditalien vom S\u00fcden abtrennen, um dessen ineffektives System (und, nicht ausgesprochen: die Faulenzer) nicht finanziell unterst\u00fctzen zu m\u00fcssen. Eine gute Sache waren die \u00bbtechnischen\u00ab Regierungen unter F\u00fchrung eines \u00fcber den Dingen stehenden Experten, aber auch sie hielten sich nicht lange.<\/p>\n<p>Im Wahlkampf markieren die Rechten immer die Starken und die K\u00e4mpfer. Das tr\u00e4gt ihnen Stimmen ein. Aber regieren ist etwas Anderes. Wie schnell man in der Regierung zerrieben wird, haben wir am <em>Movimento Cinque Stelle<\/em> gesehen. Sie waren 2018 noch die \u00dcberraschungspartei, und nichts schien sie stoppen zu k\u00f6nnen. Doch die Bewegung zerlegte sich selbst durch die \u00fcblichen Scharm\u00fctzel im Hintergrund. Matteo Salvini, der Chef der Lega, muss auch vorsichtig sein: Nicht einmal 10 Prozent erreichte seine Partei.<\/p>\n<p>Sie streiten sich ja jetzt schon, und die Lega-Leute, als Rechte nat\u00fcrlich typische Machos, k\u00f6nnen sich keine Ministerpr\u00e4sidentin vorstellen. Und stellen wir uns erst den Kampf um die wichtigsten Ministerposten vor! Doch sie m\u00fcssen jetzt ran, arbeiten und schauen, dass sie die Milliarden abgreifen k\u00f6nnen, die die Europ\u00e4ische Union f\u00fcr sie bereith\u00e4lt. Daf\u00fcr muss man gut ausgearbeitete und realisierbare Projekte vorlegen, da reichen markige Worte nicht. Geben wir der neuen Regierung etwas Zeit. Ende des Jahres, nach den \u00fcblichen 100 Tagen, kann man mehr dazu sagen.<\/p>\n","protected":false},"excerpt":{"rendered":"<p>Unser Nationalfeiertag: Vor 33 Jahren wurde Deutschland wieder ein Ganzes. In Italien geschah das 1870. Giuseppe Garibaldi mit seinen Rebellen brachte das zustande. Sie entmachteten auch den Papst mit seinen Steuereintreibern und dr\u00e4ngte sie in den Vatikanstaat zur\u00fcck. Italien wurde ein Zentralstaat aus vielen verschiedenen Regionen mit ihren Dialekten. Dieser Staat bekommt nur eine rechte [&hellip;]<\/p>\n","protected":false},"author":1,"featured_media":0,"comment_status":"closed","ping_status":"closed","sticky":false,"template":"","format":"standard","meta":{"footnotes":""},"categories":[45],"tags":[150,1532],"class_list":["post-27602","post","type-post","status-publish","format-standard","hentry","category-phaenomene","tag-italien","tag-politik"],"yoast_head":"<!-- This site is optimized with the Yoast SEO plugin v27.3 - https:\/\/yoast.com\/product\/yoast-seo-wordpress\/ -->\n<title>Italien in der Rechtskurve - manipogo<\/title>\n<meta name=\"robots\" content=\"index, follow, max-snippet:-1, max-image-preview:large, max-video-preview:-1\" \/>\n<link rel=\"canonical\" href=\"https:\/\/manipogo.de\/?p=27602\" \/>\n<meta property=\"og:locale\" content=\"de_DE\" \/>\n<meta property=\"og:type\" content=\"article\" \/>\n<meta property=\"og:title\" content=\"Italien in der Rechtskurve - manipogo\" \/>\n<meta property=\"og:description\" content=\"Unser Nationalfeiertag: Vor 33 Jahren wurde Deutschland wieder ein Ganzes. In Italien geschah das 1870. Giuseppe Garibaldi mit seinen Rebellen brachte das zustande. Sie entmachteten auch den Papst mit seinen Steuereintreibern und dr\u00e4ngte sie in den Vatikanstaat zur\u00fcck. Italien wurde ein Zentralstaat aus vielen verschiedenen Regionen mit ihren Dialekten. Dieser Staat bekommt nur eine rechte [&hellip;]\" \/>\n<meta property=\"og:url\" content=\"https:\/\/manipogo.de\/?p=27602\" \/>\n<meta property=\"og:site_name\" content=\"manipogo\" \/>\n<meta property=\"article:published_time\" content=\"2022-10-02T22:18:28+00:00\" \/>\n<meta property=\"og:image\" content=\"http:\/\/manipogo.de\/wp-content\/uploads\/prodi_pertini_andreotti.jpg\" \/>\n<meta name=\"author\" content=\"web108\" \/>\n<meta name=\"twitter:card\" content=\"summary_large_image\" \/>\n<meta name=\"twitter:label1\" content=\"Verfasst von\" \/>\n\t<meta name=\"twitter:data1\" content=\"web108\" \/>\n\t<meta name=\"twitter:label2\" content=\"Gesch\u00e4tzte Lesezeit\" \/>\n\t<meta name=\"twitter:data2\" content=\"3\u00a0Minuten\" \/>\n<script type=\"application\/ld+json\" class=\"yoast-schema-graph\">{\"@context\":\"https:\\\/\\\/schema.org\",\"@graph\":[{\"@type\":\"Article\",\"@id\":\"https:\\\/\\\/manipogo.de\\\/?p=27602#article\",\"isPartOf\":{\"@id\":\"https:\\\/\\\/manipogo.de\\\/?p=27602\"},\"author\":{\"name\":\"web108\",\"@id\":\"https:\\\/\\\/manipogo.de\\\/#\\\/schema\\\/person\\\/991913de0e39267877f234553fd7f58d\"},\"headline\":\"Italien in der Rechtskurve\",\"datePublished\":\"2022-10-02T22:18:28+00:00\",\"mainEntityOfPage\":{\"@id\":\"https:\\\/\\\/manipogo.de\\\/?p=27602\"},\"wordCount\":690,\"image\":{\"@id\":\"https:\\\/\\\/manipogo.de\\\/?p=27602#primaryimage\"},\"thumbnailUrl\":\"http:\\\/\\\/manipogo.de\\\/wp-content\\\/uploads\\\/prodi_pertini_andreotti.jpg\",\"keywords\":[\"Italien\",\"Politik\"],\"articleSection\":[\"Ph\u00e4nomene\"],\"inLanguage\":\"de\"},{\"@type\":\"WebPage\",\"@id\":\"https:\\\/\\\/manipogo.de\\\/?p=27602\",\"url\":\"https:\\\/\\\/manipogo.de\\\/?p=27602\",\"name\":\"Italien in der Rechtskurve - manipogo\",\"isPartOf\":{\"@id\":\"https:\\\/\\\/manipogo.de\\\/#website\"},\"primaryImageOfPage\":{\"@id\":\"https:\\\/\\\/manipogo.de\\\/?p=27602#primaryimage\"},\"image\":{\"@id\":\"https:\\\/\\\/manipogo.de\\\/?p=27602#primaryimage\"},\"thumbnailUrl\":\"http:\\\/\\\/manipogo.de\\\/wp-content\\\/uploads\\\/prodi_pertini_andreotti.jpg\",\"datePublished\":\"2022-10-02T22:18:28+00:00\",\"author\":{\"@id\":\"https:\\\/\\\/manipogo.de\\\/#\\\/schema\\\/person\\\/991913de0e39267877f234553fd7f58d\"},\"breadcrumb\":{\"@id\":\"https:\\\/\\\/manipogo.de\\\/?p=27602#breadcrumb\"},\"inLanguage\":\"de\",\"potentialAction\":[{\"@type\":\"ReadAction\",\"target\":[\"https:\\\/\\\/manipogo.de\\\/?p=27602\"]}]},{\"@type\":\"ImageObject\",\"inLanguage\":\"de\",\"@id\":\"https:\\\/\\\/manipogo.de\\\/?p=27602#primaryimage\",\"url\":\"http:\\\/\\\/manipogo.de\\\/wp-content\\\/uploads\\\/prodi_pertini_andreotti.jpg\",\"contentUrl\":\"http:\\\/\\\/manipogo.de\\\/wp-content\\\/uploads\\\/prodi_pertini_andreotti.jpg\"},{\"@type\":\"BreadcrumbList\",\"@id\":\"https:\\\/\\\/manipogo.de\\\/?p=27602#breadcrumb\",\"itemListElement\":[{\"@type\":\"ListItem\",\"position\":1,\"name\":\"Startseite\",\"item\":\"https:\\\/\\\/manipogo.de\\\/\"},{\"@type\":\"ListItem\",\"position\":2,\"name\":\"Italien in der Rechtskurve\"}]},{\"@type\":\"WebSite\",\"@id\":\"https:\\\/\\\/manipogo.de\\\/#website\",\"url\":\"https:\\\/\\\/manipogo.de\\\/\",\"name\":\"manipogo\",\"description\":\"Gott und die Welt\",\"potentialAction\":[{\"@type\":\"SearchAction\",\"target\":{\"@type\":\"EntryPoint\",\"urlTemplate\":\"https:\\\/\\\/manipogo.de\\\/?s={search_term_string}\"},\"query-input\":{\"@type\":\"PropertyValueSpecification\",\"valueRequired\":true,\"valueName\":\"search_term_string\"}}],\"inLanguage\":\"de\"},{\"@type\":\"Person\",\"@id\":\"https:\\\/\\\/manipogo.de\\\/#\\\/schema\\\/person\\\/991913de0e39267877f234553fd7f58d\",\"name\":\"web108\",\"url\":\"https:\\\/\\\/manipogo.de\\\/?author=1\"}]}<\/script>\n<!-- \/ Yoast SEO plugin. -->","yoast_head_json":{"title":"Italien in der Rechtskurve - manipogo","robots":{"index":"index","follow":"follow","max-snippet":"max-snippet:-1","max-image-preview":"max-image-preview:large","max-video-preview":"max-video-preview:-1"},"canonical":"https:\/\/manipogo.de\/?p=27602","og_locale":"de_DE","og_type":"article","og_title":"Italien in der Rechtskurve - manipogo","og_description":"Unser Nationalfeiertag: Vor 33 Jahren wurde Deutschland wieder ein Ganzes. In Italien geschah das 1870. Giuseppe Garibaldi mit seinen Rebellen brachte das zustande. Sie entmachteten auch den Papst mit seinen Steuereintreibern und dr\u00e4ngte sie in den Vatikanstaat zur\u00fcck. Italien wurde ein Zentralstaat aus vielen verschiedenen Regionen mit ihren Dialekten. Dieser Staat bekommt nur eine rechte [&hellip;]","og_url":"https:\/\/manipogo.de\/?p=27602","og_site_name":"manipogo","article_published_time":"2022-10-02T22:18:28+00:00","og_image":[{"url":"http:\/\/manipogo.de\/wp-content\/uploads\/prodi_pertini_andreotti.jpg","type":"","width":"","height":""}],"author":"web108","twitter_card":"summary_large_image","twitter_misc":{"Verfasst von":"web108","Gesch\u00e4tzte Lesezeit":"3\u00a0Minuten"},"schema":{"@context":"https:\/\/schema.org","@graph":[{"@type":"Article","@id":"https:\/\/manipogo.de\/?p=27602#article","isPartOf":{"@id":"https:\/\/manipogo.de\/?p=27602"},"author":{"name":"web108","@id":"https:\/\/manipogo.de\/#\/schema\/person\/991913de0e39267877f234553fd7f58d"},"headline":"Italien in der Rechtskurve","datePublished":"2022-10-02T22:18:28+00:00","mainEntityOfPage":{"@id":"https:\/\/manipogo.de\/?p=27602"},"wordCount":690,"image":{"@id":"https:\/\/manipogo.de\/?p=27602#primaryimage"},"thumbnailUrl":"http:\/\/manipogo.de\/wp-content\/uploads\/prodi_pertini_andreotti.jpg","keywords":["Italien","Politik"],"articleSection":["Ph\u00e4nomene"],"inLanguage":"de"},{"@type":"WebPage","@id":"https:\/\/manipogo.de\/?p=27602","url":"https:\/\/manipogo.de\/?p=27602","name":"Italien in der Rechtskurve - manipogo","isPartOf":{"@id":"https:\/\/manipogo.de\/#website"},"primaryImageOfPage":{"@id":"https:\/\/manipogo.de\/?p=27602#primaryimage"},"image":{"@id":"https:\/\/manipogo.de\/?p=27602#primaryimage"},"thumbnailUrl":"http:\/\/manipogo.de\/wp-content\/uploads\/prodi_pertini_andreotti.jpg","datePublished":"2022-10-02T22:18:28+00:00","author":{"@id":"https:\/\/manipogo.de\/#\/schema\/person\/991913de0e39267877f234553fd7f58d"},"breadcrumb":{"@id":"https:\/\/manipogo.de\/?p=27602#breadcrumb"},"inLanguage":"de","potentialAction":[{"@type":"ReadAction","target":["https:\/\/manipogo.de\/?p=27602"]}]},{"@type":"ImageObject","inLanguage":"de","@id":"https:\/\/manipogo.de\/?p=27602#primaryimage","url":"http:\/\/manipogo.de\/wp-content\/uploads\/prodi_pertini_andreotti.jpg","contentUrl":"http:\/\/manipogo.de\/wp-content\/uploads\/prodi_pertini_andreotti.jpg"},{"@type":"BreadcrumbList","@id":"https:\/\/manipogo.de\/?p=27602#breadcrumb","itemListElement":[{"@type":"ListItem","position":1,"name":"Startseite","item":"https:\/\/manipogo.de\/"},{"@type":"ListItem","position":2,"name":"Italien in der Rechtskurve"}]},{"@type":"WebSite","@id":"https:\/\/manipogo.de\/#website","url":"https:\/\/manipogo.de\/","name":"manipogo","description":"Gott und die Welt","potentialAction":[{"@type":"SearchAction","target":{"@type":"EntryPoint","urlTemplate":"https:\/\/manipogo.de\/?s={search_term_string}"},"query-input":{"@type":"PropertyValueSpecification","valueRequired":true,"valueName":"search_term_string"}}],"inLanguage":"de"},{"@type":"Person","@id":"https:\/\/manipogo.de\/#\/schema\/person\/991913de0e39267877f234553fd7f58d","name":"web108","url":"https:\/\/manipogo.de\/?author=1"}]}},"_links":{"self":[{"href":"https:\/\/manipogo.de\/index.php?rest_route=\/wp\/v2\/posts\/27602","targetHints":{"allow":["GET"]}}],"collection":[{"href":"https:\/\/manipogo.de\/index.php?rest_route=\/wp\/v2\/posts"}],"about":[{"href":"https:\/\/manipogo.de\/index.php?rest_route=\/wp\/v2\/types\/post"}],"author":[{"embeddable":true,"href":"https:\/\/manipogo.de\/index.php?rest_route=\/wp\/v2\/users\/1"}],"replies":[{"embeddable":true,"href":"https:\/\/manipogo.de\/index.php?rest_route=%2Fwp%2Fv2%2Fcomments&post=27602"}],"version-history":[{"count":10,"href":"https:\/\/manipogo.de\/index.php?rest_route=\/wp\/v2\/posts\/27602\/revisions"}],"predecessor-version":[{"id":27696,"href":"https:\/\/manipogo.de\/index.php?rest_route=\/wp\/v2\/posts\/27602\/revisions\/27696"}],"wp:attachment":[{"href":"https:\/\/manipogo.de\/index.php?rest_route=%2Fwp%2Fv2%2Fmedia&parent=27602"}],"wp:term":[{"taxonomy":"category","embeddable":true,"href":"https:\/\/manipogo.de\/index.php?rest_route=%2Fwp%2Fv2%2Fcategories&post=27602"},{"taxonomy":"post_tag","embeddable":true,"href":"https:\/\/manipogo.de\/index.php?rest_route=%2Fwp%2Fv2%2Ftags&post=27602"}],"curies":[{"name":"wp","href":"https:\/\/api.w.org\/{rel}","templated":true}]}}