{"id":28255,"date":"2022-11-18T00:29:18","date_gmt":"2022-11-17T22:29:18","guid":{"rendered":"http:\/\/manipogo.de\/?p=28255"},"modified":"2022-11-11T00:58:02","modified_gmt":"2022-11-10T22:58:02","slug":"ende-einer-diktatur","status":"publish","type":"post","link":"https:\/\/manipogo.de\/?p=28255","title":{"rendered":"Ende einer Diktatur"},"content":{"rendered":"<p><a href=\"https:\/\/manipogo.de\/wp-content\/uploads\/service-pnp-cph-3b10000-3b15000-3b15300-3b15310_150px.jpg\" rel=\"attachment wp-att-28260\"><img loading=\"lazy\" decoding=\"async\" class=\"alignright size-full wp-image-28260\" src=\"https:\/\/manipogo.de\/wp-content\/uploads\/service-pnp-cph-3b10000-3b15000-3b15300-3b15310_150px.jpg\" alt=\"\" width=\"150\" height=\"121\" \/><\/a>Nach fast 21 Jahren kam <a href=\"https:\/\/manipogo.de\/?p=27996\" target=\"_blank\">Mussolinis <\/a>D\u00e4mmerung. Die Alliierten waren am 9. und 10. Juli auf Sizilien gelandet und hatten die Insel genommen. Der <em>Faschistische Gro\u00dfrat<\/em> wollte den \u00bbDuce\u00ab etwas eind\u00e4mmen und empfahl dem K\u00f6nig dessen Entlassung. Victor Emmanuel setzte also am 25. Juli 1943 einen \u00fcberraschten Mussolini ab, der sogleich verhaftet wurde.\u00a0 <!--more--><\/p>\n<p>Badoglio \u00fcbernahm die Regierung, und nach sechs Wochen\u00a0\u2014 am 8. September 1943\u00a0\u2014 schloss Italien einen Waffenstillstand mit den Alliierten. Die Botschaft an die Soldaten war undeutlich formuliert, aber eines war klar: Nun waren die Italiener von Deutschlands Verb\u00fcndeten zu dessen Feinden geworden. Die alten Faschisten krochen wieder aus ihren L\u00f6chern und trachteten, mit den Deutschen gemeinsame Sache zu machen, die Mitte September die Besetzung Italiens beschlossen hatten.<\/p>\n<p><a href=\"https:\/\/manipogo.de\/wp-content\/uploads\/DSCN5173-1.jpg\" rel=\"attachment wp-att-28259\"><img loading=\"lazy\" decoding=\"async\" class=\"alignright wp-image-28259 size-medium\" src=\"https:\/\/manipogo.de\/wp-content\/uploads\/DSCN5173-1-300x155.jpg\" alt=\"DSCN5173\" width=\"300\" height=\"155\" srcset=\"https:\/\/manipogo.de\/wp-content\/uploads\/DSCN5173-1-300x155.jpg 300w, https:\/\/manipogo.de\/wp-content\/uploads\/DSCN5173-1.jpg 540w\" sizes=\"auto, (max-width: 300px) 100vw, 300px\" \/><\/a>In dieser Phase spielt sich die Handlung des Romans <em>Medusa<\/em> von Mario Tobino ab. Auf Italienisch hei\u00dft das Buch <em>Il clandestino<\/em>, etwa: Der Mann im Untergrund. Tobino (1910-1991) war Arzt und leitete sp\u00e4ter psychiatrische Kliniken. Er stammte aus Viareggio am Tyrrhenischen Meer (nahe bei Pisa), und diese Stadt nannte er f\u00fcr seinen Roman Medusa \u2014 wie die altgriechische Sagengestalt, die Schlangen ums Haupt trug und jeden, der sie betrachtete, zu Stein erstarren lie\u00df. Dabei ist das Medusa des Romans nicht schlimmer als andere St\u00e4dte: Die B\u00fcrger halten still und halten alles aus; oder sie denunzieren einander, \u00bbvon Angst und Eigennutz getrieben\u00ab.<\/p>\n<p><a href=\"https:\/\/manipogo.de\/wp-content\/uploads\/Velotag09-073-2.jpg\" rel=\"attachment wp-att-28257\"><img loading=\"lazy\" decoding=\"async\" class=\"alignleft size-medium wp-image-28257\" src=\"https:\/\/manipogo.de\/wp-content\/uploads\/Velotag09-073-2-300x222.jpg\" alt=\"Velotag09 073\" width=\"300\" height=\"222\" srcset=\"https:\/\/manipogo.de\/wp-content\/uploads\/Velotag09-073-2-300x222.jpg 300w, https:\/\/manipogo.de\/wp-content\/uploads\/Velotag09-073-2.jpg 540w\" sizes=\"auto, (max-width: 300px) 100vw, 300px\" \/><\/a>In Medusa bildet sich eine Untergrundorganisation um den Admiral Saverio, um den \u00bbroten Priester\u00ab Summonti, Mosca, Adriatico und den Arzt Anselmo, unschwer als Alter ego Tobinos zu erkennen. Damals, 1943, fuhren alle Fahrrad, und 19 Mann begeben sich also auf Fahrr\u00e4dern in die Berge und nehmen dann auch Kontakt zu den Amerikanern auf, die ihnen sp\u00e4ter auf dem Luftweg Waffen zukommen lassen. Die Untergrundk\u00e4mpfer verstanden sich als Kommunisten.<\/p>\n<p>Nach dem Krieg wurde der Kommunismus zum Schreckgespenst des Westens, und pl\u00f6tzlich waren, da es gegen einen gemeinsamen Feind ging, die Untaten der Deutschen nicht mehr so schlimm; man lie\u00df sogar vielfache M\u00f6rder entkommen, und die katholische Kirche half mit, dass diese (wie Mengele und Eichmann) nach S\u00fcdamerika fliehen konnten. D\u00fcrrenmatt meinte einmal, f\u00fcr die Kirche sei der Kommunismus, da er eine Art Religion war, eine gef\u00e4hrliche Konkurrenz gewesen.<\/p>\n<p>Tobino beschreibt sehr anschaulich, wie die jungen Leute dachten:<\/p>\n<p><em>Nat\u00fcrlich wussten sie von den Schriften des Marxismus, vom leninistischen Gedankengut recht wenig &#8230; Daf\u00fcr loderte in ihrem Inneren die feurige Leidenschaft dieser heiligen und unverstandenen Werke: in ihnen brannte das Verlangen nach Gerechtigkeit, und in dem Wort \u00bbKommunismus\u00ab war all das enthalten, was sie empfanden und was sie erstrebten: die Hoffnung auf die Zukunft, das Vertrauen in die Menschheit und deren Weiterentwicklung, den Sieg des Guten \u00fcber das B\u00f6se, die \u00dcberwindung des Egoismus durch den Gro\u00dfmut.<\/em><\/p>\n<p>Die Partei gab die Befehle aus. Doch auch die Faschisten formierten sich neu und taten sich mit den Deutschen zusammen, die in Italien nun einen Rachefeldzug begannen. Mario Tobino schreibt \u00fcber die Deutschen, ihre \u00bbkaltbl\u00fctige Grausamkeit\u00ab h\u00e4tten manche B\u00fcrger bewundert, und wenn die Deutschen Befehle erhielten, seien sie \u00bbzu wilden Tieren\u00ab geworden. Auf der anderen Seite gab die Partei die Parole aus: \u00bbFaschisten und Deutsche sind umzubringen.\u00ab<\/p>\n<p>Der Krieg. Viele Antifaschisten werden eingekerkert, wieder freigelassen, und einige sterben. Aus Rache erschie\u00dft man dann ein paar Faschisten.<\/p>\n<p>Am 22. Januar 1944 landete das VI. Corps der Alliierten in Anzio und Nettuno unweit von Rom. Doch General John P. Lucas z\u00f6gerte und befestigte lieber einen Br\u00fcckenkopf, statt rasch nach Rom marschieren zu lassen (einen Monat sp\u00e4ter wurde er <a href=\"https:\/\/manipogo.de\/wp-content\/uploads\/DSCN4011-2.jpg\" rel=\"attachment wp-att-28262\"><img loading=\"lazy\" decoding=\"async\" class=\"alignright size-medium wp-image-28262\" src=\"https:\/\/manipogo.de\/wp-content\/uploads\/DSCN4011-2-300x225.jpg\" alt=\"DSCN4011\" width=\"300\" height=\"225\" srcset=\"https:\/\/manipogo.de\/wp-content\/uploads\/DSCN4011-2-300x225.jpg 300w, https:\/\/manipogo.de\/wp-content\/uploads\/DSCN4011-2.jpg 540w\" sizes=\"auto, (max-width: 300px) 100vw, 300px\" \/><\/a>abgel\u00f6st). Er h\u00e4tte nicht viel Gegenwehr angetroffen, die Deutschen waren \u00fcberrascht. Nun aber holten sie zum Gegenschlag aus, es gab blutige Gefechte um Monte Cassino, und endlich, sp\u00e4t, am 4. Juni 1944, marschierten die Amerikaner in Rom ein. Erst fast ein Jahr sp\u00e4ter, am 20. April 1945, fiel die letzte Verteidigungslinie der Deutschen bei Bologna, und so feiert Italien allj\u00e4hrlich den 25. April, an dem es 1945 Aufst\u00e4nde gab, als den Tag der Befreiung.<\/p>\n<p><em>Dazu kann man auch lesen:<\/em><\/p>\n<p><a href=\"https:\/\/manipogo.de\/?p=2341\" target=\"_blank\">Der Partisan Johnny<\/a><\/p>\n<p>&nbsp;<\/p>\n<p>&nbsp;<\/p>\n","protected":false},"excerpt":{"rendered":"<p>Nach fast 21 Jahren kam Mussolinis D\u00e4mmerung. Die Alliierten waren am 9. und 10. Juli auf Sizilien gelandet und hatten die Insel genommen. Der Faschistische Gro\u00dfrat wollte den \u00bbDuce\u00ab etwas eind\u00e4mmen und empfahl dem K\u00f6nig dessen Entlassung. Victor Emmanuel setzte also am 25. Juli 1943 einen \u00fcberraschten Mussolini ab, der sogleich verhaftet wurde.\u00a0<\/p>\n","protected":false},"author":1,"featured_media":0,"comment_status":"closed","ping_status":"closed","sticky":false,"template":"","format":"standard","meta":{"footnotes":""},"categories":[6],"tags":[150,171],"class_list":["post-28255","post","type-post","status-publish","format-standard","hentry","category-alte-wege","tag-italien","tag-weltkrieg"],"yoast_head":"<!-- This site is optimized with the Yoast SEO plugin v27.3 - https:\/\/yoast.com\/product\/yoast-seo-wordpress\/ -->\n<title>Ende einer Diktatur - manipogo<\/title>\n<meta name=\"robots\" content=\"index, follow, max-snippet:-1, max-image-preview:large, max-video-preview:-1\" \/>\n<link rel=\"canonical\" href=\"https:\/\/manipogo.de\/?p=28255\" \/>\n<meta property=\"og:locale\" content=\"de_DE\" \/>\n<meta property=\"og:type\" content=\"article\" \/>\n<meta property=\"og:title\" content=\"Ende einer Diktatur - manipogo\" \/>\n<meta property=\"og:description\" content=\"Nach fast 21 Jahren kam Mussolinis D\u00e4mmerung. Die Alliierten waren am 9. und 10. Juli auf Sizilien gelandet und hatten die Insel genommen. Der Faschistische Gro\u00dfrat wollte den \u00bbDuce\u00ab etwas eind\u00e4mmen und empfahl dem K\u00f6nig dessen Entlassung. Victor Emmanuel setzte also am 25. Juli 1943 einen \u00fcberraschten Mussolini ab, der sogleich verhaftet wurde.\u00a0\" \/>\n<meta property=\"og:url\" content=\"https:\/\/manipogo.de\/?p=28255\" \/>\n<meta property=\"og:site_name\" content=\"manipogo\" \/>\n<meta property=\"article:published_time\" content=\"2022-11-17T22:29:18+00:00\" \/>\n<meta property=\"og:image\" content=\"http:\/\/manipogo.de\/wp-content\/uploads\/service-pnp-cph-3b10000-3b15000-3b15300-3b15310_150px.jpg\" \/>\n<meta name=\"author\" content=\"web108\" \/>\n<meta name=\"twitter:card\" content=\"summary_large_image\" \/>\n<meta name=\"twitter:label1\" content=\"Verfasst von\" \/>\n\t<meta name=\"twitter:data1\" content=\"web108\" \/>\n\t<meta name=\"twitter:label2\" content=\"Gesch\u00e4tzte Lesezeit\" \/>\n\t<meta name=\"twitter:data2\" content=\"3\u00a0Minuten\" \/>\n<script type=\"application\/ld+json\" class=\"yoast-schema-graph\">{\"@context\":\"https:\\\/\\\/schema.org\",\"@graph\":[{\"@type\":\"Article\",\"@id\":\"https:\\\/\\\/manipogo.de\\\/?p=28255#article\",\"isPartOf\":{\"@id\":\"https:\\\/\\\/manipogo.de\\\/?p=28255\"},\"author\":{\"name\":\"web108\",\"@id\":\"https:\\\/\\\/manipogo.de\\\/#\\\/schema\\\/person\\\/991913de0e39267877f234553fd7f58d\"},\"headline\":\"Ende einer Diktatur\",\"datePublished\":\"2022-11-17T22:29:18+00:00\",\"mainEntityOfPage\":{\"@id\":\"https:\\\/\\\/manipogo.de\\\/?p=28255\"},\"wordCount\":675,\"image\":{\"@id\":\"https:\\\/\\\/manipogo.de\\\/?p=28255#primaryimage\"},\"thumbnailUrl\":\"http:\\\/\\\/manipogo.de\\\/wp-content\\\/uploads\\\/service-pnp-cph-3b10000-3b15000-3b15300-3b15310_150px.jpg\",\"keywords\":[\"Italien\",\"Weltkrieg\"],\"articleSection\":[\"Alte Wege\"],\"inLanguage\":\"de\"},{\"@type\":\"WebPage\",\"@id\":\"https:\\\/\\\/manipogo.de\\\/?p=28255\",\"url\":\"https:\\\/\\\/manipogo.de\\\/?p=28255\",\"name\":\"Ende einer Diktatur - manipogo\",\"isPartOf\":{\"@id\":\"https:\\\/\\\/manipogo.de\\\/#website\"},\"primaryImageOfPage\":{\"@id\":\"https:\\\/\\\/manipogo.de\\\/?p=28255#primaryimage\"},\"image\":{\"@id\":\"https:\\\/\\\/manipogo.de\\\/?p=28255#primaryimage\"},\"thumbnailUrl\":\"http:\\\/\\\/manipogo.de\\\/wp-content\\\/uploads\\\/service-pnp-cph-3b10000-3b15000-3b15300-3b15310_150px.jpg\",\"datePublished\":\"2022-11-17T22:29:18+00:00\",\"author\":{\"@id\":\"https:\\\/\\\/manipogo.de\\\/#\\\/schema\\\/person\\\/991913de0e39267877f234553fd7f58d\"},\"breadcrumb\":{\"@id\":\"https:\\\/\\\/manipogo.de\\\/?p=28255#breadcrumb\"},\"inLanguage\":\"de\",\"potentialAction\":[{\"@type\":\"ReadAction\",\"target\":[\"https:\\\/\\\/manipogo.de\\\/?p=28255\"]}]},{\"@type\":\"ImageObject\",\"inLanguage\":\"de\",\"@id\":\"https:\\\/\\\/manipogo.de\\\/?p=28255#primaryimage\",\"url\":\"http:\\\/\\\/manipogo.de\\\/wp-content\\\/uploads\\\/service-pnp-cph-3b10000-3b15000-3b15300-3b15310_150px.jpg\",\"contentUrl\":\"http:\\\/\\\/manipogo.de\\\/wp-content\\\/uploads\\\/service-pnp-cph-3b10000-3b15000-3b15300-3b15310_150px.jpg\"},{\"@type\":\"BreadcrumbList\",\"@id\":\"https:\\\/\\\/manipogo.de\\\/?p=28255#breadcrumb\",\"itemListElement\":[{\"@type\":\"ListItem\",\"position\":1,\"name\":\"Startseite\",\"item\":\"https:\\\/\\\/manipogo.de\\\/\"},{\"@type\":\"ListItem\",\"position\":2,\"name\":\"Ende einer Diktatur\"}]},{\"@type\":\"WebSite\",\"@id\":\"https:\\\/\\\/manipogo.de\\\/#website\",\"url\":\"https:\\\/\\\/manipogo.de\\\/\",\"name\":\"manipogo\",\"description\":\"Gott und die Welt\",\"potentialAction\":[{\"@type\":\"SearchAction\",\"target\":{\"@type\":\"EntryPoint\",\"urlTemplate\":\"https:\\\/\\\/manipogo.de\\\/?s={search_term_string}\"},\"query-input\":{\"@type\":\"PropertyValueSpecification\",\"valueRequired\":true,\"valueName\":\"search_term_string\"}}],\"inLanguage\":\"de\"},{\"@type\":\"Person\",\"@id\":\"https:\\\/\\\/manipogo.de\\\/#\\\/schema\\\/person\\\/991913de0e39267877f234553fd7f58d\",\"name\":\"web108\",\"url\":\"https:\\\/\\\/manipogo.de\\\/?author=1\"}]}<\/script>\n<!-- \/ Yoast SEO plugin. -->","yoast_head_json":{"title":"Ende einer Diktatur - manipogo","robots":{"index":"index","follow":"follow","max-snippet":"max-snippet:-1","max-image-preview":"max-image-preview:large","max-video-preview":"max-video-preview:-1"},"canonical":"https:\/\/manipogo.de\/?p=28255","og_locale":"de_DE","og_type":"article","og_title":"Ende einer Diktatur - manipogo","og_description":"Nach fast 21 Jahren kam Mussolinis D\u00e4mmerung. Die Alliierten waren am 9. und 10. Juli auf Sizilien gelandet und hatten die Insel genommen. Der Faschistische Gro\u00dfrat wollte den \u00bbDuce\u00ab etwas eind\u00e4mmen und empfahl dem K\u00f6nig dessen Entlassung. Victor Emmanuel setzte also am 25. Juli 1943 einen \u00fcberraschten Mussolini ab, der sogleich verhaftet wurde.\u00a0","og_url":"https:\/\/manipogo.de\/?p=28255","og_site_name":"manipogo","article_published_time":"2022-11-17T22:29:18+00:00","og_image":[{"url":"http:\/\/manipogo.de\/wp-content\/uploads\/service-pnp-cph-3b10000-3b15000-3b15300-3b15310_150px.jpg","type":"","width":"","height":""}],"author":"web108","twitter_card":"summary_large_image","twitter_misc":{"Verfasst von":"web108","Gesch\u00e4tzte Lesezeit":"3\u00a0Minuten"},"schema":{"@context":"https:\/\/schema.org","@graph":[{"@type":"Article","@id":"https:\/\/manipogo.de\/?p=28255#article","isPartOf":{"@id":"https:\/\/manipogo.de\/?p=28255"},"author":{"name":"web108","@id":"https:\/\/manipogo.de\/#\/schema\/person\/991913de0e39267877f234553fd7f58d"},"headline":"Ende einer Diktatur","datePublished":"2022-11-17T22:29:18+00:00","mainEntityOfPage":{"@id":"https:\/\/manipogo.de\/?p=28255"},"wordCount":675,"image":{"@id":"https:\/\/manipogo.de\/?p=28255#primaryimage"},"thumbnailUrl":"http:\/\/manipogo.de\/wp-content\/uploads\/service-pnp-cph-3b10000-3b15000-3b15300-3b15310_150px.jpg","keywords":["Italien","Weltkrieg"],"articleSection":["Alte Wege"],"inLanguage":"de"},{"@type":"WebPage","@id":"https:\/\/manipogo.de\/?p=28255","url":"https:\/\/manipogo.de\/?p=28255","name":"Ende einer Diktatur - manipogo","isPartOf":{"@id":"https:\/\/manipogo.de\/#website"},"primaryImageOfPage":{"@id":"https:\/\/manipogo.de\/?p=28255#primaryimage"},"image":{"@id":"https:\/\/manipogo.de\/?p=28255#primaryimage"},"thumbnailUrl":"http:\/\/manipogo.de\/wp-content\/uploads\/service-pnp-cph-3b10000-3b15000-3b15300-3b15310_150px.jpg","datePublished":"2022-11-17T22:29:18+00:00","author":{"@id":"https:\/\/manipogo.de\/#\/schema\/person\/991913de0e39267877f234553fd7f58d"},"breadcrumb":{"@id":"https:\/\/manipogo.de\/?p=28255#breadcrumb"},"inLanguage":"de","potentialAction":[{"@type":"ReadAction","target":["https:\/\/manipogo.de\/?p=28255"]}]},{"@type":"ImageObject","inLanguage":"de","@id":"https:\/\/manipogo.de\/?p=28255#primaryimage","url":"http:\/\/manipogo.de\/wp-content\/uploads\/service-pnp-cph-3b10000-3b15000-3b15300-3b15310_150px.jpg","contentUrl":"http:\/\/manipogo.de\/wp-content\/uploads\/service-pnp-cph-3b10000-3b15000-3b15300-3b15310_150px.jpg"},{"@type":"BreadcrumbList","@id":"https:\/\/manipogo.de\/?p=28255#breadcrumb","itemListElement":[{"@type":"ListItem","position":1,"name":"Startseite","item":"https:\/\/manipogo.de\/"},{"@type":"ListItem","position":2,"name":"Ende einer Diktatur"}]},{"@type":"WebSite","@id":"https:\/\/manipogo.de\/#website","url":"https:\/\/manipogo.de\/","name":"manipogo","description":"Gott und die Welt","potentialAction":[{"@type":"SearchAction","target":{"@type":"EntryPoint","urlTemplate":"https:\/\/manipogo.de\/?s={search_term_string}"},"query-input":{"@type":"PropertyValueSpecification","valueRequired":true,"valueName":"search_term_string"}}],"inLanguage":"de"},{"@type":"Person","@id":"https:\/\/manipogo.de\/#\/schema\/person\/991913de0e39267877f234553fd7f58d","name":"web108","url":"https:\/\/manipogo.de\/?author=1"}]}},"_links":{"self":[{"href":"https:\/\/manipogo.de\/index.php?rest_route=\/wp\/v2\/posts\/28255","targetHints":{"allow":["GET"]}}],"collection":[{"href":"https:\/\/manipogo.de\/index.php?rest_route=\/wp\/v2\/posts"}],"about":[{"href":"https:\/\/manipogo.de\/index.php?rest_route=\/wp\/v2\/types\/post"}],"author":[{"embeddable":true,"href":"https:\/\/manipogo.de\/index.php?rest_route=\/wp\/v2\/users\/1"}],"replies":[{"embeddable":true,"href":"https:\/\/manipogo.de\/index.php?rest_route=%2Fwp%2Fv2%2Fcomments&post=28255"}],"version-history":[{"count":9,"href":"https:\/\/manipogo.de\/index.php?rest_route=\/wp\/v2\/posts\/28255\/revisions"}],"predecessor-version":[{"id":28327,"href":"https:\/\/manipogo.de\/index.php?rest_route=\/wp\/v2\/posts\/28255\/revisions\/28327"}],"wp:attachment":[{"href":"https:\/\/manipogo.de\/index.php?rest_route=%2Fwp%2Fv2%2Fmedia&parent=28255"}],"wp:term":[{"taxonomy":"category","embeddable":true,"href":"https:\/\/manipogo.de\/index.php?rest_route=%2Fwp%2Fv2%2Fcategories&post=28255"},{"taxonomy":"post_tag","embeddable":true,"href":"https:\/\/manipogo.de\/index.php?rest_route=%2Fwp%2Fv2%2Ftags&post=28255"}],"curies":[{"name":"wp","href":"https:\/\/api.w.org\/{rel}","templated":true}]}}