{"id":29063,"date":"2023-01-26T00:01:16","date_gmt":"2023-01-25T23:01:16","guid":{"rendered":"http:\/\/manipogo.de\/?p=29063"},"modified":"2023-01-16T22:09:27","modified_gmt":"2023-01-16T21:09:27","slug":"flugverkehr-151-huchels-voegel","status":"publish","type":"post","link":"https:\/\/manipogo.de\/?p=29063","title":{"rendered":"Flugverkehr (151): Huchels V\u00f6gel"},"content":{"rendered":"<p>Peter Huchel hat schon <a href=\"https:\/\/manipogo.de\/?p=6967\" target=\"_blank\">seinen ihm geb\u00fchrenden Platz <\/a>bei <em>manipogo<\/em>.\u00a0 Aber da in einem Monat wenigstens ein Fahrrad-Beitrag und ein Flugverkehr eingestellt werden sollen, kommt er nochmal dran. In seiner Heimat, der M\u00e4rkischen Heide, sah er viele V\u00f6gel und brachte sie in seinen schonungslosen Gedichten unter. <!--more--><\/p>\n<p><a href=\"https:\/\/manipogo.de\/wp-content\/uploads\/v\u00f6gel-1.jpg\" rel=\"attachment wp-att-29064\"><img loading=\"lazy\" decoding=\"async\" class=\"alignright size-medium wp-image-29064\" src=\"https:\/\/manipogo.de\/wp-content\/uploads\/v\u00f6gel-1-181x300.jpg\" alt=\"v\u00f6gel\" width=\"181\" height=\"300\" srcset=\"https:\/\/manipogo.de\/wp-content\/uploads\/v\u00f6gel-1-181x300.jpg 181w, https:\/\/manipogo.de\/wp-content\/uploads\/v\u00f6gel-1.jpg 540w\" sizes=\"auto, (max-width: 181px) 100vw, 181px\" \/><\/a>Ein Gedicht (\u00bbZeichen\u00ab) f\u00e4ngt so an:<\/p>\n<p><em>Baumkahler H\u00fcgel,<\/em><br \/>\n<em>noch einmal flog<\/em><br \/>\n<em>am Abend die Wildentenkette<\/em><br \/>\n<em>durch w\u00e4ssrige Herbstluft.<\/em><\/p>\n<p>Den n\u00e4chsten Anfang <a href=\"https:\/\/manipogo.de\/?p=6964\" target=\"_blank\">kennen wir (vielleicht<\/a>;<br \/>\nes hei\u00dft: \u00bbIn der Bretagne\u00ab):<\/p>\n<p><em>Wohin, ihr Wolken, ihr Vogelschw\u00e4rme?<\/em><br \/>\n<em>Kalt weht die Chaussee ins Jahr<\/em><br \/>\n<em>wo einst der Acker warm von der W\u00e4rme<\/em><br \/>\n<em>des br\u00fctenden Rebhuhns war.<\/em><\/p>\n<p>Sch\u00f6n auch die folgenden Zeilen (aus \u00bbEine Herbstnacht\u00ab):<\/p>\n<p><em>O ferne Stunde, dich will ich loben<\/em><br \/>\n<em>Langhalsig flogen die gro\u00dfen V\u00f6gel dort oben<\/em><br \/>\n<em>Sie schrieen gell, ich rief ein Wort.<\/em><br \/>\n<em>Sie zogen \u00fcber den Seen fort.<\/em><\/p>\n<p>Das n\u00e4chste ist die zweite H\u00e4lfte von \u00bbAuffliegende Schw\u00e4ne\u00ab:<\/p>\n<p><em>Ein j\u00e4hes Wei\u00df,<\/em><br \/>\n<em>mit F\u00fc\u00dfen und Fl\u00fcgeln das Wasser peitschend,<\/em><br \/>\n<em>facht an den Wind. Sie fliegen auf,<\/em><br \/>\n<em>die winterb\u00f6sen Majest\u00e4ten.<\/em><br \/>\n<em>Es pfeift metallen<\/em><br \/>\n<em>Duck dich ins R\u00f6hricht.<\/em><br \/>\n<em>Schneidende Degen<\/em><br \/>\n<em>sind ihre Federn.<\/em><\/p>\n<p>Der Beginn von \u00bbKeine Antwort\u00ab:<\/p>\n<p><em><a href=\"https:\/\/manipogo.de\/wp-content\/uploads\/SDC11198-1.jpg\" rel=\"attachment wp-att-29069\"><img loading=\"lazy\" decoding=\"async\" class=\"alignright size-medium wp-image-29069\" src=\"https:\/\/manipogo.de\/wp-content\/uploads\/SDC11198-1-300x175.jpg\" alt=\"SDC11198\" width=\"300\" height=\"175\" srcset=\"https:\/\/manipogo.de\/wp-content\/uploads\/SDC11198-1-300x175.jpg 300w, https:\/\/manipogo.de\/wp-content\/uploads\/SDC11198-1.jpg 540w\" sizes=\"auto, (max-width: 300px) 100vw, 300px\" \/><\/a>Aufs schwimmende Nebelhaupt<\/em><br \/>\n<em>der Eiche<\/em><br \/>\n<em>setzt sich die Kr\u00e4he. <\/em><br \/>\n<em>Der Katzenbalken ist leer.<\/em><\/p>\n<p>In \u00bbAristeas\u00ab lesen wir:<\/p>\n<p><em>Der Vogel flog,<\/em><br \/>\n<em>sein Fittich schlug das Licht<\/em><br \/>\n<em>im Erlengrau,<\/em><br \/>\n<em>die milchige Haut der Steppe.<\/em><\/p>\n<p>\u00bbAm Wildenbruch\u00ab endet mit einem Vogel:<\/p>\n<p><em><a href=\"https:\/\/manipogo.de\/wp-content\/uploads\/2022-02-15-0002.jpg\" rel=\"attachment wp-att-29074\"><img loading=\"lazy\" decoding=\"async\" class=\"alignright size-medium wp-image-29074\" src=\"https:\/\/manipogo.de\/wp-content\/uploads\/2022-02-15-0002-300x186.jpg\" alt=\"2022-02-15-0002\" width=\"300\" height=\"186\" srcset=\"https:\/\/manipogo.de\/wp-content\/uploads\/2022-02-15-0002-300x186.jpg 300w, https:\/\/manipogo.de\/wp-content\/uploads\/2022-02-15-0002.jpg 540w\" sizes=\"auto, (max-width: 300px) 100vw, 300px\" \/><\/a>Das Gest\u00e4ndnis des Jahrs, die Kr\u00e4hen<\/em><br \/>\n<em>tragen es in die weite Finsternis des Himmels.<\/em><\/p>\n<p>Zuletzt: Der Titel steht im Text, am Anfang:<\/p>\n<p><em>AM TAGE MEINES FORTGEHNS<\/em><br \/>\n<em>entweichen die Dohlen<\/em><br \/>\n<em>durchs glitzernde Netz der M\u00fccken.<\/em><\/p>\n<p>Wir gehn ja immer mal wieder von wo fort, um wo-anders anzukommen.<\/p>\n<p>&nbsp;<\/p>\n<p>&nbsp;<\/p>\n<p>&nbsp;<\/p>\n<p>&nbsp;<\/p>\n<p>&nbsp;<\/p>\n","protected":false},"excerpt":{"rendered":"<p>Peter Huchel hat schon seinen ihm geb\u00fchrenden Platz bei manipogo.\u00a0 Aber da in einem Monat wenigstens ein Fahrrad-Beitrag und ein Flugverkehr eingestellt werden sollen, kommt er nochmal dran. In seiner Heimat, der M\u00e4rkischen Heide, sah er viele V\u00f6gel und brachte sie in seinen schonungslosen Gedichten unter.<\/p>\n","protected":false},"author":1,"featured_media":0,"comment_status":"closed","ping_status":"closed","sticky":false,"template":"","format":"standard","meta":{"footnotes":""},"categories":[1581],"tags":[200,19],"class_list":["post-29063","post","type-post","status-publish","format-standard","hentry","category-flugverkehr","tag-lyrik","tag-voegel"],"yoast_head":"<!-- This site is optimized with the Yoast SEO plugin v27.3 - https:\/\/yoast.com\/product\/yoast-seo-wordpress\/ -->\n<title>Flugverkehr (151): Huchels V\u00f6gel - manipogo<\/title>\n<meta name=\"robots\" content=\"index, follow, max-snippet:-1, max-image-preview:large, max-video-preview:-1\" \/>\n<link rel=\"canonical\" href=\"https:\/\/manipogo.de\/?p=29063\" \/>\n<meta property=\"og:locale\" content=\"de_DE\" \/>\n<meta property=\"og:type\" content=\"article\" \/>\n<meta property=\"og:title\" content=\"Flugverkehr (151): Huchels V\u00f6gel - manipogo\" \/>\n<meta property=\"og:description\" content=\"Peter Huchel hat schon seinen ihm geb\u00fchrenden Platz bei manipogo.\u00a0 Aber da in einem Monat wenigstens ein Fahrrad-Beitrag und ein Flugverkehr eingestellt werden sollen, kommt er nochmal dran. In seiner Heimat, der M\u00e4rkischen Heide, sah er viele V\u00f6gel und brachte sie in seinen schonungslosen Gedichten unter.\" \/>\n<meta property=\"og:url\" content=\"https:\/\/manipogo.de\/?p=29063\" \/>\n<meta property=\"og:site_name\" content=\"manipogo\" \/>\n<meta property=\"article:published_time\" content=\"2023-01-25T23:01:16+00:00\" \/>\n<meta property=\"og:image\" content=\"http:\/\/manipogo.de\/wp-content\/uploads\/SDC11198-1-300x175.jpg\" \/>\n<meta name=\"author\" content=\"web108\" \/>\n<meta name=\"twitter:card\" content=\"summary_large_image\" \/>\n<meta name=\"twitter:label1\" content=\"Verfasst von\" \/>\n\t<meta name=\"twitter:data1\" content=\"web108\" \/>\n\t<meta name=\"twitter:label2\" content=\"Gesch\u00e4tzte Lesezeit\" \/>\n\t<meta name=\"twitter:data2\" content=\"1\u00a0Minute\" \/>\n<script type=\"application\/ld+json\" class=\"yoast-schema-graph\">{\"@context\":\"https:\\\/\\\/schema.org\",\"@graph\":[{\"@type\":\"Article\",\"@id\":\"https:\\\/\\\/manipogo.de\\\/?p=29063#article\",\"isPartOf\":{\"@id\":\"https:\\\/\\\/manipogo.de\\\/?p=29063\"},\"author\":{\"name\":\"web108\",\"@id\":\"https:\\\/\\\/manipogo.de\\\/#\\\/schema\\\/person\\\/991913de0e39267877f234553fd7f58d\"},\"headline\":\"Flugverkehr (151): Huchels V\u00f6gel\",\"datePublished\":\"2023-01-25T23:01:16+00:00\",\"mainEntityOfPage\":{\"@id\":\"https:\\\/\\\/manipogo.de\\\/?p=29063\"},\"wordCount\":299,\"image\":{\"@id\":\"https:\\\/\\\/manipogo.de\\\/?p=29063#primaryimage\"},\"thumbnailUrl\":\"http:\\\/\\\/manipogo.de\\\/wp-content\\\/uploads\\\/SDC11198-1-300x175.jpg\",\"keywords\":[\"Lyrik\",\"V\u00f6gel\"],\"articleSection\":[\"Flugverkehr\"],\"inLanguage\":\"de\"},{\"@type\":\"WebPage\",\"@id\":\"https:\\\/\\\/manipogo.de\\\/?p=29063\",\"url\":\"https:\\\/\\\/manipogo.de\\\/?p=29063\",\"name\":\"Flugverkehr (151): Huchels V\u00f6gel - manipogo\",\"isPartOf\":{\"@id\":\"https:\\\/\\\/manipogo.de\\\/#website\"},\"primaryImageOfPage\":{\"@id\":\"https:\\\/\\\/manipogo.de\\\/?p=29063#primaryimage\"},\"image\":{\"@id\":\"https:\\\/\\\/manipogo.de\\\/?p=29063#primaryimage\"},\"thumbnailUrl\":\"http:\\\/\\\/manipogo.de\\\/wp-content\\\/uploads\\\/SDC11198-1-300x175.jpg\",\"datePublished\":\"2023-01-25T23:01:16+00:00\",\"author\":{\"@id\":\"https:\\\/\\\/manipogo.de\\\/#\\\/schema\\\/person\\\/991913de0e39267877f234553fd7f58d\"},\"breadcrumb\":{\"@id\":\"https:\\\/\\\/manipogo.de\\\/?p=29063#breadcrumb\"},\"inLanguage\":\"de\",\"potentialAction\":[{\"@type\":\"ReadAction\",\"target\":[\"https:\\\/\\\/manipogo.de\\\/?p=29063\"]}]},{\"@type\":\"ImageObject\",\"inLanguage\":\"de\",\"@id\":\"https:\\\/\\\/manipogo.de\\\/?p=29063#primaryimage\",\"url\":\"https:\\\/\\\/manipogo.de\\\/wp-content\\\/uploads\\\/SDC11198-1.jpg\",\"contentUrl\":\"https:\\\/\\\/manipogo.de\\\/wp-content\\\/uploads\\\/SDC11198-1.jpg\",\"width\":540,\"height\":315},{\"@type\":\"BreadcrumbList\",\"@id\":\"https:\\\/\\\/manipogo.de\\\/?p=29063#breadcrumb\",\"itemListElement\":[{\"@type\":\"ListItem\",\"position\":1,\"name\":\"Startseite\",\"item\":\"https:\\\/\\\/manipogo.de\\\/\"},{\"@type\":\"ListItem\",\"position\":2,\"name\":\"Flugverkehr (151): Huchels V\u00f6gel\"}]},{\"@type\":\"WebSite\",\"@id\":\"https:\\\/\\\/manipogo.de\\\/#website\",\"url\":\"https:\\\/\\\/manipogo.de\\\/\",\"name\":\"manipogo\",\"description\":\"Gott und die Welt\",\"potentialAction\":[{\"@type\":\"SearchAction\",\"target\":{\"@type\":\"EntryPoint\",\"urlTemplate\":\"https:\\\/\\\/manipogo.de\\\/?s={search_term_string}\"},\"query-input\":{\"@type\":\"PropertyValueSpecification\",\"valueRequired\":true,\"valueName\":\"search_term_string\"}}],\"inLanguage\":\"de\"},{\"@type\":\"Person\",\"@id\":\"https:\\\/\\\/manipogo.de\\\/#\\\/schema\\\/person\\\/991913de0e39267877f234553fd7f58d\",\"name\":\"web108\",\"url\":\"https:\\\/\\\/manipogo.de\\\/?author=1\"}]}<\/script>\n<!-- \/ Yoast SEO plugin. -->","yoast_head_json":{"title":"Flugverkehr (151): Huchels V\u00f6gel - manipogo","robots":{"index":"index","follow":"follow","max-snippet":"max-snippet:-1","max-image-preview":"max-image-preview:large","max-video-preview":"max-video-preview:-1"},"canonical":"https:\/\/manipogo.de\/?p=29063","og_locale":"de_DE","og_type":"article","og_title":"Flugverkehr (151): Huchels V\u00f6gel - manipogo","og_description":"Peter Huchel hat schon seinen ihm geb\u00fchrenden Platz bei manipogo.\u00a0 Aber da in einem Monat wenigstens ein Fahrrad-Beitrag und ein Flugverkehr eingestellt werden sollen, kommt er nochmal dran. In seiner Heimat, der M\u00e4rkischen Heide, sah er viele V\u00f6gel und brachte sie in seinen schonungslosen Gedichten unter.","og_url":"https:\/\/manipogo.de\/?p=29063","og_site_name":"manipogo","article_published_time":"2023-01-25T23:01:16+00:00","og_image":[{"url":"http:\/\/manipogo.de\/wp-content\/uploads\/SDC11198-1-300x175.jpg","type":"","width":"","height":""}],"author":"web108","twitter_card":"summary_large_image","twitter_misc":{"Verfasst von":"web108","Gesch\u00e4tzte Lesezeit":"1\u00a0Minute"},"schema":{"@context":"https:\/\/schema.org","@graph":[{"@type":"Article","@id":"https:\/\/manipogo.de\/?p=29063#article","isPartOf":{"@id":"https:\/\/manipogo.de\/?p=29063"},"author":{"name":"web108","@id":"https:\/\/manipogo.de\/#\/schema\/person\/991913de0e39267877f234553fd7f58d"},"headline":"Flugverkehr (151): Huchels V\u00f6gel","datePublished":"2023-01-25T23:01:16+00:00","mainEntityOfPage":{"@id":"https:\/\/manipogo.de\/?p=29063"},"wordCount":299,"image":{"@id":"https:\/\/manipogo.de\/?p=29063#primaryimage"},"thumbnailUrl":"http:\/\/manipogo.de\/wp-content\/uploads\/SDC11198-1-300x175.jpg","keywords":["Lyrik","V\u00f6gel"],"articleSection":["Flugverkehr"],"inLanguage":"de"},{"@type":"WebPage","@id":"https:\/\/manipogo.de\/?p=29063","url":"https:\/\/manipogo.de\/?p=29063","name":"Flugverkehr (151): Huchels V\u00f6gel - manipogo","isPartOf":{"@id":"https:\/\/manipogo.de\/#website"},"primaryImageOfPage":{"@id":"https:\/\/manipogo.de\/?p=29063#primaryimage"},"image":{"@id":"https:\/\/manipogo.de\/?p=29063#primaryimage"},"thumbnailUrl":"http:\/\/manipogo.de\/wp-content\/uploads\/SDC11198-1-300x175.jpg","datePublished":"2023-01-25T23:01:16+00:00","author":{"@id":"https:\/\/manipogo.de\/#\/schema\/person\/991913de0e39267877f234553fd7f58d"},"breadcrumb":{"@id":"https:\/\/manipogo.de\/?p=29063#breadcrumb"},"inLanguage":"de","potentialAction":[{"@type":"ReadAction","target":["https:\/\/manipogo.de\/?p=29063"]}]},{"@type":"ImageObject","inLanguage":"de","@id":"https:\/\/manipogo.de\/?p=29063#primaryimage","url":"https:\/\/manipogo.de\/wp-content\/uploads\/SDC11198-1.jpg","contentUrl":"https:\/\/manipogo.de\/wp-content\/uploads\/SDC11198-1.jpg","width":540,"height":315},{"@type":"BreadcrumbList","@id":"https:\/\/manipogo.de\/?p=29063#breadcrumb","itemListElement":[{"@type":"ListItem","position":1,"name":"Startseite","item":"https:\/\/manipogo.de\/"},{"@type":"ListItem","position":2,"name":"Flugverkehr (151): Huchels V\u00f6gel"}]},{"@type":"WebSite","@id":"https:\/\/manipogo.de\/#website","url":"https:\/\/manipogo.de\/","name":"manipogo","description":"Gott und die Welt","potentialAction":[{"@type":"SearchAction","target":{"@type":"EntryPoint","urlTemplate":"https:\/\/manipogo.de\/?s={search_term_string}"},"query-input":{"@type":"PropertyValueSpecification","valueRequired":true,"valueName":"search_term_string"}}],"inLanguage":"de"},{"@type":"Person","@id":"https:\/\/manipogo.de\/#\/schema\/person\/991913de0e39267877f234553fd7f58d","name":"web108","url":"https:\/\/manipogo.de\/?author=1"}]}},"_links":{"self":[{"href":"https:\/\/manipogo.de\/index.php?rest_route=\/wp\/v2\/posts\/29063","targetHints":{"allow":["GET"]}}],"collection":[{"href":"https:\/\/manipogo.de\/index.php?rest_route=\/wp\/v2\/posts"}],"about":[{"href":"https:\/\/manipogo.de\/index.php?rest_route=\/wp\/v2\/types\/post"}],"author":[{"embeddable":true,"href":"https:\/\/manipogo.de\/index.php?rest_route=\/wp\/v2\/users\/1"}],"replies":[{"embeddable":true,"href":"https:\/\/manipogo.de\/index.php?rest_route=%2Fwp%2Fv2%2Fcomments&post=29063"}],"version-history":[{"count":7,"href":"https:\/\/manipogo.de\/index.php?rest_route=\/wp\/v2\/posts\/29063\/revisions"}],"predecessor-version":[{"id":29075,"href":"https:\/\/manipogo.de\/index.php?rest_route=\/wp\/v2\/posts\/29063\/revisions\/29075"}],"wp:attachment":[{"href":"https:\/\/manipogo.de\/index.php?rest_route=%2Fwp%2Fv2%2Fmedia&parent=29063"}],"wp:term":[{"taxonomy":"category","embeddable":true,"href":"https:\/\/manipogo.de\/index.php?rest_route=%2Fwp%2Fv2%2Fcategories&post=29063"},{"taxonomy":"post_tag","embeddable":true,"href":"https:\/\/manipogo.de\/index.php?rest_route=%2Fwp%2Fv2%2Ftags&post=29063"}],"curies":[{"name":"wp","href":"https:\/\/api.w.org\/{rel}","templated":true}]}}