{"id":29255,"date":"2023-02-09T00:58:28","date_gmt":"2023-02-08T23:58:28","guid":{"rendered":"http:\/\/manipogo.de\/?p=29255"},"modified":"2023-02-08T22:55:55","modified_gmt":"2023-02-08T21:55:55","slug":"das-pflegeheim","status":"publish","type":"post","link":"https:\/\/manipogo.de\/?p=29255","title":{"rendered":"Das Pflegeheim"},"content":{"rendered":"<p>Da ich nun angesichts meines bevorstehenden 66. Geburtstags in Rente geschickt wurde, kann ich auf eine f\u00fcnfj\u00e4hrige T\u00e4tigkeit in einem Pflegeheim zur\u00fcckblicken. Ich war als Animateur zwar nur ein kleines R\u00e4dchen im Betrieb, habe ich aber n\u00fctzlich machen k\u00f6nnen und bin \u00fcberaus beliebt gewesen. Darum ein kleines Fazit. <!--more--><\/p>\n<p><a href=\"https:\/\/manipogo.de\/wp-content\/uploads\/002-30.jpg\" rel=\"attachment wp-att-29256\"><img loading=\"lazy\" decoding=\"async\" class=\"alignright size-medium wp-image-29256\" src=\"https:\/\/manipogo.de\/wp-content\/uploads\/002-30-300x225.jpg\" alt=\"002\" width=\"300\" height=\"225\" srcset=\"https:\/\/manipogo.de\/wp-content\/uploads\/002-30-300x225.jpg 300w, https:\/\/manipogo.de\/wp-content\/uploads\/002-30-768x576.jpg 768w, https:\/\/manipogo.de\/wp-content\/uploads\/002-30-1024x768.jpg 1024w\" sizes=\"auto, (max-width: 300px) 100vw, 300px\" \/><\/a>Ich werde nichts \u00fcber unser kleines Pflegeheim in Sulzburg schreiben, das am Rand des S\u00fcdschwarzwalds liegt und 35 Bewohnerinnen und Bewohner hat. Nein, ich werde mich allgemein \u00fcber das Heim f\u00fcr alte Menschen verbreiten.<\/p>\n<p>In Deutschland gibt es 4 Millionen pflegebed\u00fcrftige Menschen. Von diesen leben knapp 800.000 in den 11.000 Pflegeheimen unseres Landes, und 3,2 Millionen werden zu Hause gepflegt, vom Sozialdienst oder von Angeh\u00f6rigen. Auf einen Menschen im Heim kommen also 4, die in den eigenen vier W\u00e4nden blieben.<\/p>\n<p>Fr\u00fcher, sagte mir die betagte Mutter meines Winzers, habe es auf dem Land in jedem Haus einen bettl\u00e4gerigen Menschen gegeben. Man pflegte die Alten daheim. Manchmal aber geht das nicht mehr. Dann erhebt sich die Frage: Geben wir die Oma ins Pflegeheim? Abschreckend sind nat\u00fcrlich die hohen Kosten (auch wenn die \u00bbPolin\u00ab, die zu Hause wohnt, kaum f\u00fcr weniger zu haben ist). 4000 Euro pro Monat kostet das Heim f\u00fcr einen Bewohner. Meist zahlt die Pflegeversicherung 2000, und f\u00fcr 2000 muss man selber aufkommen. Die exakten Summen h\u00e4ngen vom Pflegegrad ab.<\/p>\n<p>Ich habe selber einmal nachgerechnet. Nehmen wir die 35 Bewohner unseres Heims. Im Fr\u00fchdienst (bis 14 Uhr) sollten es 6 Mitarbeiter sein, im Sp\u00e4tdienst mindestens 4, und dann braucht man noch einen Nachtdienst. Die 11 Mitarbeiterinnen und Mitarbeiter sind insgesamt 100 Stunden besch\u00e4ftigt, und rechnen wir mit 12 Euro pro Stunde, dann macht das am Tag 1200 Euro. Wir brauchen aber noch 4 in der K\u00fcche und 2 Reinigungskr\u00e4fte, zus\u00e4tzlich die Chefs, vergessen wir die nicht, und so kommen wir mit Sozialabgaben sicher auf 3000 Euro am Tag. Dann versteht man, dass Rundum-Pflege pro Bewohner 100 Euro am Tag und 3000 im Monat kosten kann. Nehmen wir W\u00e4sche und Essen und Miete des Zimmers dazu, dann erscheinen 4000 im Monat nicht mehr astronomisch.<\/p>\n<p>Daf\u00fcr geht im Grunde alles drauf, was ein Mensch im Laufe seines Lebens verdient hat. Gut und richtig ist das nicht.In Baden-W\u00fcrttemberg kann ein Dritttel der Bewohner f\u00fcr dasHeim finanziell nicht aufkommen und braaucht staatliche Hilfe. Es ist ja eigentlich eine unheimliche Masse Geldes da, doch die Politiker bevorzugen die Autobauer und die R\u00fcstungsindustrie, die Medien, die Banken und die Beamten. Und dann gab man sich dem Liberalismus hin und \u00fcberantwortete Post und Bahn, Krankenh\u00e4user und Pflegeheime dem freien Markt. Investoren pumpten Geld in Projekte, erwarteten daf\u00fcr aber Rendite. Der Druck wurde auch die Chefs weitergegeben, die sparen mussten.<\/p>\n<p>Viele Pflegekr\u00e4fte waren \u00fcberlastet und stiegen aus. 1,4 Millionen Menschen pflegen die 4 Millionen Kranken. In den Heimen fehlen 140.000 Fachkr\u00e4fte und wer wei\u00df wie viele Pflegehelfer. Die ersten Pflegeheime m\u00fcssen schon schlie\u00dfen, weil kein Personal zu haben ist. Wir brauchen Helfer aus anderen L\u00e4ndern, die dann eben nicht mit den Bewohnerinnen plaudern k\u00f6nnen, weil es ihnen an Sprachkenntnissen fehlt.<\/p>\n<p>Eine repr\u00e4sentative Studie der <em>Deutschen Stiftung Patientenschutz<\/em> ergab k\u00fcrzlich, dass 89 Prozent nicht in ein Pflegeheim wollen. Wenn&#8217;s gar nicht anders ginge als ins Heim, w\u00fcrden 30 Prozent sogar einen assistierten Suizid vorziehen. Das ist erschreckend. Warum haben die Heime nur so ein schlechtes Image?<\/p>\n<p><a href=\"https:\/\/manipogo.de\/wp-content\/uploads\/SDC10701.jpg\" rel=\"attachment wp-att-29258\"><img loading=\"lazy\" decoding=\"async\" class=\"alignleft size-medium wp-image-29258\" src=\"https:\/\/manipogo.de\/wp-content\/uploads\/SDC10701-300x225.jpg\" alt=\"SDC10701\" width=\"300\" height=\"225\" srcset=\"https:\/\/manipogo.de\/wp-content\/uploads\/SDC10701-300x225.jpg 300w, https:\/\/manipogo.de\/wp-content\/uploads\/SDC10701-768x576.jpg 768w, https:\/\/manipogo.de\/wp-content\/uploads\/SDC10701-1024x768.jpg 1024w\" sizes=\"auto, (max-width: 300px) 100vw, 300px\" \/><\/a>Ich verstehe das nicht, sage ich nach meinen f\u00fcnf Jahren im Pflegeheim. In den eigenen vier W\u00e4nden ist es ja sch\u00f6n, aber, wie es ein Heimleiter einmal ausdr\u00fcckte:\u00a0\u00bbZu Hause kann man auch vereinsamen.\u00ab Im Heim kommt man mit anderen zusammen, isst gemeinsam, man wird sorgsam gepflegt, und wir Alltagsbegleiter tun unser M\u00f6glichstes, f\u00fcr Kurzweil zu sorgen. Auch Freundschaften k\u00f6nnen im Heim entstehen. Wer mit anderen Menschen zusammen ist, kann auch im hohen Alter noch sch\u00f6ne Erfahrungen machen.<\/p>\n<p>Im Grunde war f\u00fcr mich jeder Tag anders und voller \u00dcberraschungen. Es war eigentlich die beste Arbeit, die ich je gemacht habe.<\/p>\n<p>\u2297 \u2295 \u2297<\/p>\n<p>Ich wurde verabschiedet. Das war vorgestern. Alle waren ger\u00fchrt, alle w\u00fcnschten mir Gl\u00fcck. Ich wurde beschenkt. Als ich am Abend wieder zu Hause war, dachte ich mir: so viel Liebe. Das kommt dem gleich, was unsere Zeugen von der anderen Welt berichten: der wei\u00dfen Wolke, dem Licht, der unendlichen Liebe; du wirst geliebt f\u00fcr das, was du bist. Wie habe ich je an mir zweifeln k\u00f6nnen? Alles ist gut.<\/p>\n<p>Freilich, solch ein Abschied nach f\u00fcnf Jahren, in denen die Arbeit Freude gemacht hat, ist ein symbolischer Tod und \u00e4hnelt einer Nahtod-Erfahrung. Du hast dich in dieser Liebe gebadet, jedoch: Du musst zur\u00fcck und weitermachen, immer besser werden. Vielleicht eine Hymne zum Abschied und einem Neubeginn? Wir <a href=\"https:\/\/manipogo.de\/?p=27425\" target=\"_blank\">haben von ihr geh\u00f6rt<\/a>, sie <a href=\"https:\/\/www.youtube.com\/watch?v=4xjPODksI08\" target=\"_blank\">greift uns ans Herz<\/a>. 64 Millionen Abrufe.<\/p>\n<p>&nbsp;<\/p>\n","protected":false},"excerpt":{"rendered":"<p>Da ich nun angesichts meines bevorstehenden 66. Geburtstags in Rente geschickt wurde, kann ich auf eine f\u00fcnfj\u00e4hrige T\u00e4tigkeit in einem Pflegeheim zur\u00fcckblicken. Ich war als Animateur zwar nur ein kleines R\u00e4dchen im Betrieb, habe ich aber n\u00fctzlich machen k\u00f6nnen und bin \u00fcberaus beliebt gewesen. Darum ein kleines Fazit.<\/p>\n","protected":false},"author":1,"featured_media":0,"comment_status":"closed","ping_status":"closed","sticky":false,"template":"","format":"standard","meta":{"footnotes":""},"categories":[5],"tags":[442,2408],"class_list":["post-29255","post","type-post","status-publish","format-standard","hentry","category-leben-heute","tag-alter","tag-pflegeheim"],"yoast_head":"<!-- This site is optimized with the Yoast SEO plugin v27.3 - https:\/\/yoast.com\/product\/yoast-seo-wordpress\/ -->\n<title>Das Pflegeheim - manipogo<\/title>\n<meta name=\"robots\" content=\"index, follow, max-snippet:-1, max-image-preview:large, max-video-preview:-1\" \/>\n<link rel=\"canonical\" href=\"https:\/\/manipogo.de\/?p=29255\" \/>\n<meta property=\"og:locale\" content=\"de_DE\" \/>\n<meta property=\"og:type\" content=\"article\" \/>\n<meta property=\"og:title\" content=\"Das Pflegeheim - manipogo\" \/>\n<meta property=\"og:description\" content=\"Da ich nun angesichts meines bevorstehenden 66. Geburtstags in Rente geschickt wurde, kann ich auf eine f\u00fcnfj\u00e4hrige T\u00e4tigkeit in einem Pflegeheim zur\u00fcckblicken. Ich war als Animateur zwar nur ein kleines R\u00e4dchen im Betrieb, habe ich aber n\u00fctzlich machen k\u00f6nnen und bin \u00fcberaus beliebt gewesen. Darum ein kleines Fazit.\" \/>\n<meta property=\"og:url\" content=\"https:\/\/manipogo.de\/?p=29255\" \/>\n<meta property=\"og:site_name\" content=\"manipogo\" \/>\n<meta property=\"article:published_time\" content=\"2023-02-08T23:58:28+00:00\" \/>\n<meta property=\"og:image\" content=\"http:\/\/manipogo.de\/wp-content\/uploads\/002-30-300x225.jpg\" \/>\n<meta name=\"author\" content=\"web108\" \/>\n<meta name=\"twitter:card\" content=\"summary_large_image\" \/>\n<meta name=\"twitter:label1\" content=\"Verfasst von\" \/>\n\t<meta name=\"twitter:data1\" content=\"web108\" \/>\n\t<meta name=\"twitter:label2\" content=\"Gesch\u00e4tzte Lesezeit\" \/>\n\t<meta name=\"twitter:data2\" content=\"4\u00a0Minuten\" \/>\n<script type=\"application\/ld+json\" class=\"yoast-schema-graph\">{\"@context\":\"https:\\\/\\\/schema.org\",\"@graph\":[{\"@type\":\"Article\",\"@id\":\"https:\\\/\\\/manipogo.de\\\/?p=29255#article\",\"isPartOf\":{\"@id\":\"https:\\\/\\\/manipogo.de\\\/?p=29255\"},\"author\":{\"name\":\"web108\",\"@id\":\"https:\\\/\\\/manipogo.de\\\/#\\\/schema\\\/person\\\/991913de0e39267877f234553fd7f58d\"},\"headline\":\"Das Pflegeheim\",\"datePublished\":\"2023-02-08T23:58:28+00:00\",\"mainEntityOfPage\":{\"@id\":\"https:\\\/\\\/manipogo.de\\\/?p=29255\"},\"wordCount\":808,\"image\":{\"@id\":\"https:\\\/\\\/manipogo.de\\\/?p=29255#primaryimage\"},\"thumbnailUrl\":\"http:\\\/\\\/manipogo.de\\\/wp-content\\\/uploads\\\/002-30-300x225.jpg\",\"keywords\":[\"Alter\",\"Pflegeheim\"],\"articleSection\":[\"Leben heute\"],\"inLanguage\":\"de\"},{\"@type\":\"WebPage\",\"@id\":\"https:\\\/\\\/manipogo.de\\\/?p=29255\",\"url\":\"https:\\\/\\\/manipogo.de\\\/?p=29255\",\"name\":\"Das Pflegeheim - manipogo\",\"isPartOf\":{\"@id\":\"https:\\\/\\\/manipogo.de\\\/#website\"},\"primaryImageOfPage\":{\"@id\":\"https:\\\/\\\/manipogo.de\\\/?p=29255#primaryimage\"},\"image\":{\"@id\":\"https:\\\/\\\/manipogo.de\\\/?p=29255#primaryimage\"},\"thumbnailUrl\":\"http:\\\/\\\/manipogo.de\\\/wp-content\\\/uploads\\\/002-30-300x225.jpg\",\"datePublished\":\"2023-02-08T23:58:28+00:00\",\"author\":{\"@id\":\"https:\\\/\\\/manipogo.de\\\/#\\\/schema\\\/person\\\/991913de0e39267877f234553fd7f58d\"},\"breadcrumb\":{\"@id\":\"https:\\\/\\\/manipogo.de\\\/?p=29255#breadcrumb\"},\"inLanguage\":\"de\",\"potentialAction\":[{\"@type\":\"ReadAction\",\"target\":[\"https:\\\/\\\/manipogo.de\\\/?p=29255\"]}]},{\"@type\":\"ImageObject\",\"inLanguage\":\"de\",\"@id\":\"https:\\\/\\\/manipogo.de\\\/?p=29255#primaryimage\",\"url\":\"https:\\\/\\\/manipogo.de\\\/wp-content\\\/uploads\\\/002-30.jpg\",\"contentUrl\":\"https:\\\/\\\/manipogo.de\\\/wp-content\\\/uploads\\\/002-30.jpg\",\"width\":2592,\"height\":1944},{\"@type\":\"BreadcrumbList\",\"@id\":\"https:\\\/\\\/manipogo.de\\\/?p=29255#breadcrumb\",\"itemListElement\":[{\"@type\":\"ListItem\",\"position\":1,\"name\":\"Startseite\",\"item\":\"https:\\\/\\\/manipogo.de\\\/\"},{\"@type\":\"ListItem\",\"position\":2,\"name\":\"Das Pflegeheim\"}]},{\"@type\":\"WebSite\",\"@id\":\"https:\\\/\\\/manipogo.de\\\/#website\",\"url\":\"https:\\\/\\\/manipogo.de\\\/\",\"name\":\"manipogo\",\"description\":\"Gott und die Welt\",\"potentialAction\":[{\"@type\":\"SearchAction\",\"target\":{\"@type\":\"EntryPoint\",\"urlTemplate\":\"https:\\\/\\\/manipogo.de\\\/?s={search_term_string}\"},\"query-input\":{\"@type\":\"PropertyValueSpecification\",\"valueRequired\":true,\"valueName\":\"search_term_string\"}}],\"inLanguage\":\"de\"},{\"@type\":\"Person\",\"@id\":\"https:\\\/\\\/manipogo.de\\\/#\\\/schema\\\/person\\\/991913de0e39267877f234553fd7f58d\",\"name\":\"web108\",\"url\":\"https:\\\/\\\/manipogo.de\\\/?author=1\"}]}<\/script>\n<!-- \/ Yoast SEO plugin. -->","yoast_head_json":{"title":"Das Pflegeheim - manipogo","robots":{"index":"index","follow":"follow","max-snippet":"max-snippet:-1","max-image-preview":"max-image-preview:large","max-video-preview":"max-video-preview:-1"},"canonical":"https:\/\/manipogo.de\/?p=29255","og_locale":"de_DE","og_type":"article","og_title":"Das Pflegeheim - manipogo","og_description":"Da ich nun angesichts meines bevorstehenden 66. Geburtstags in Rente geschickt wurde, kann ich auf eine f\u00fcnfj\u00e4hrige T\u00e4tigkeit in einem Pflegeheim zur\u00fcckblicken. Ich war als Animateur zwar nur ein kleines R\u00e4dchen im Betrieb, habe ich aber n\u00fctzlich machen k\u00f6nnen und bin \u00fcberaus beliebt gewesen. Darum ein kleines Fazit.","og_url":"https:\/\/manipogo.de\/?p=29255","og_site_name":"manipogo","article_published_time":"2023-02-08T23:58:28+00:00","og_image":[{"url":"http:\/\/manipogo.de\/wp-content\/uploads\/002-30-300x225.jpg","type":"","width":"","height":""}],"author":"web108","twitter_card":"summary_large_image","twitter_misc":{"Verfasst von":"web108","Gesch\u00e4tzte Lesezeit":"4\u00a0Minuten"},"schema":{"@context":"https:\/\/schema.org","@graph":[{"@type":"Article","@id":"https:\/\/manipogo.de\/?p=29255#article","isPartOf":{"@id":"https:\/\/manipogo.de\/?p=29255"},"author":{"name":"web108","@id":"https:\/\/manipogo.de\/#\/schema\/person\/991913de0e39267877f234553fd7f58d"},"headline":"Das Pflegeheim","datePublished":"2023-02-08T23:58:28+00:00","mainEntityOfPage":{"@id":"https:\/\/manipogo.de\/?p=29255"},"wordCount":808,"image":{"@id":"https:\/\/manipogo.de\/?p=29255#primaryimage"},"thumbnailUrl":"http:\/\/manipogo.de\/wp-content\/uploads\/002-30-300x225.jpg","keywords":["Alter","Pflegeheim"],"articleSection":["Leben heute"],"inLanguage":"de"},{"@type":"WebPage","@id":"https:\/\/manipogo.de\/?p=29255","url":"https:\/\/manipogo.de\/?p=29255","name":"Das Pflegeheim - manipogo","isPartOf":{"@id":"https:\/\/manipogo.de\/#website"},"primaryImageOfPage":{"@id":"https:\/\/manipogo.de\/?p=29255#primaryimage"},"image":{"@id":"https:\/\/manipogo.de\/?p=29255#primaryimage"},"thumbnailUrl":"http:\/\/manipogo.de\/wp-content\/uploads\/002-30-300x225.jpg","datePublished":"2023-02-08T23:58:28+00:00","author":{"@id":"https:\/\/manipogo.de\/#\/schema\/person\/991913de0e39267877f234553fd7f58d"},"breadcrumb":{"@id":"https:\/\/manipogo.de\/?p=29255#breadcrumb"},"inLanguage":"de","potentialAction":[{"@type":"ReadAction","target":["https:\/\/manipogo.de\/?p=29255"]}]},{"@type":"ImageObject","inLanguage":"de","@id":"https:\/\/manipogo.de\/?p=29255#primaryimage","url":"https:\/\/manipogo.de\/wp-content\/uploads\/002-30.jpg","contentUrl":"https:\/\/manipogo.de\/wp-content\/uploads\/002-30.jpg","width":2592,"height":1944},{"@type":"BreadcrumbList","@id":"https:\/\/manipogo.de\/?p=29255#breadcrumb","itemListElement":[{"@type":"ListItem","position":1,"name":"Startseite","item":"https:\/\/manipogo.de\/"},{"@type":"ListItem","position":2,"name":"Das Pflegeheim"}]},{"@type":"WebSite","@id":"https:\/\/manipogo.de\/#website","url":"https:\/\/manipogo.de\/","name":"manipogo","description":"Gott und die Welt","potentialAction":[{"@type":"SearchAction","target":{"@type":"EntryPoint","urlTemplate":"https:\/\/manipogo.de\/?s={search_term_string}"},"query-input":{"@type":"PropertyValueSpecification","valueRequired":true,"valueName":"search_term_string"}}],"inLanguage":"de"},{"@type":"Person","@id":"https:\/\/manipogo.de\/#\/schema\/person\/991913de0e39267877f234553fd7f58d","name":"web108","url":"https:\/\/manipogo.de\/?author=1"}]}},"_links":{"self":[{"href":"https:\/\/manipogo.de\/index.php?rest_route=\/wp\/v2\/posts\/29255","targetHints":{"allow":["GET"]}}],"collection":[{"href":"https:\/\/manipogo.de\/index.php?rest_route=\/wp\/v2\/posts"}],"about":[{"href":"https:\/\/manipogo.de\/index.php?rest_route=\/wp\/v2\/types\/post"}],"author":[{"embeddable":true,"href":"https:\/\/manipogo.de\/index.php?rest_route=\/wp\/v2\/users\/1"}],"replies":[{"embeddable":true,"href":"https:\/\/manipogo.de\/index.php?rest_route=%2Fwp%2Fv2%2Fcomments&post=29255"}],"version-history":[{"count":7,"href":"https:\/\/manipogo.de\/index.php?rest_route=\/wp\/v2\/posts\/29255\/revisions"}],"predecessor-version":[{"id":29341,"href":"https:\/\/manipogo.de\/index.php?rest_route=\/wp\/v2\/posts\/29255\/revisions\/29341"}],"wp:attachment":[{"href":"https:\/\/manipogo.de\/index.php?rest_route=%2Fwp%2Fv2%2Fmedia&parent=29255"}],"wp:term":[{"taxonomy":"category","embeddable":true,"href":"https:\/\/manipogo.de\/index.php?rest_route=%2Fwp%2Fv2%2Fcategories&post=29255"},{"taxonomy":"post_tag","embeddable":true,"href":"https:\/\/manipogo.de\/index.php?rest_route=%2Fwp%2Fv2%2Ftags&post=29255"}],"curies":[{"name":"wp","href":"https:\/\/api.w.org\/{rel}","templated":true}]}}