{"id":30731,"date":"2023-07-06T00:25:40","date_gmt":"2023-07-05T22:25:40","guid":{"rendered":"http:\/\/manipogo.de\/?p=30731"},"modified":"2023-06-29T23:42:03","modified_gmt":"2023-06-29T21:42:03","slug":"vormaerz-lyrik","status":"publish","type":"post","link":"https:\/\/manipogo.de\/?p=30731","title":{"rendered":"Das Volk &#8222;muss schweigen&#8220;"},"content":{"rendered":"<p>Ein halbes Jahrhundert nach Lessing und Schiller, um 1840, g\u00e4rte es in Deutschland. Ja, wirklich! Das Volk wollte geh\u00f6rt werden, doch der Frankfurter Bundestag hatte 1835 \u00bbTendenzpoesie\u00ab verboten. Kritik war unerw\u00fcnscht. Ein neuer Preu\u00dfenk\u00f6nig lie\u00df Hoffnung sch\u00f6pfen, die Dichter wurden grimmig, doch 1848 war alles vorbei, der Aufschwung der revolution\u00e4ren Kr\u00e4fte gebrochen. Doch einige Gedichte sind Zeugnis f\u00fcr die erste Erhebung deutschen Volkswillens.\u00a0<!--more--><\/p>\n<p><a href=\"https:\/\/manipogo.de\/wp-content\/uploads\/RobertPrutz.jpg\" rel=\"attachment wp-att-30732\"><img loading=\"lazy\" decoding=\"async\" class=\"alignright size-medium wp-image-30732\" src=\"https:\/\/manipogo.de\/wp-content\/uploads\/RobertPrutz-222x300.jpg\" alt=\"RobertPrutz\" width=\"222\" height=\"300\" srcset=\"https:\/\/manipogo.de\/wp-content\/uploads\/RobertPrutz-222x300.jpg 222w, https:\/\/manipogo.de\/wp-content\/uploads\/RobertPrutz.jpg 330w\" sizes=\"auto, (max-width: 222px) 100vw, 222px\" \/><\/a>Die Jahre unmittelbar vor 1848 nannte man den \u00bbVorm\u00e4rz\u00ab. 1842 schrieb der Stettiner Robert Prutz (1816-1872) das Gedicht <strong><em>Der Minister<\/em><\/strong>. Das war schon ziemlich scharf. Der Autor war Dramaturg und auch Professor f\u00fcr Literatur in Halle, wurde aber 1841 aus Jena vertrieben, weil er die Zensur kritisiert hatte, und 1845 bekam er eine Anzeige wegen Majest\u00e4tsbeleidigung.<\/p>\n<p><strong><em>Der Minister<\/em><\/strong><\/p>\n<p><em>Alles um des Volkes willen!<\/em><br \/>\n<em>Seht, ich lache selbst im stillen<\/em><br \/>\n<em>Dieser Bibeln und Postillen<\/em><br \/>\n<em>Und dass man so gl\u00e4ubig ist:<\/em><br \/>\n<em>Ich, f\u00fcr mich, bin Atheist!<\/em><br \/>\n<em>Doch das Volk, das Volk muss glauben!<\/em><br \/>\n<em>Glauben hei\u00dft der Talisman,<\/em><br \/>\n<em>Dem die Erde untertan.<\/em><br \/>\n<em>Wir die Adler, sie die Tauben!<\/em><br \/>\n<em>Und das Volk, das Volk muss glauben,<\/em><br \/>\n<em>Glauben \u2014 oder doch so tun.<\/em><\/p>\n<p><em>T\u00e4glich in die Kirche laufen,<\/em><br \/>\n<em>Himmlische Trakt\u00e4tchen kaufen<\/em><br \/>\n<em>Und mit Jordanwasser taufen,<\/em><br \/>\n<em>Samt dem christlichen Verein \u2014<\/em><br \/>\n<em>Nun, f\u00fcr mich sind&#8217;s Faselein,<\/em><br \/>\n<em>Doch das Volk, das Volk muss beten!<\/em><br \/>\n<em>Denkt, o denkt nur den Skandal,<\/em><br \/>\n<em>Wenn die B\u00fcrger auch einmal<\/em><br \/>\n<em>Gottlos wie der Adel t\u00e4ten!<\/em><br \/>\n<em>Nein, das Volk, das Volk muss beten,<\/em><br \/>\n<em>Beten \u2014 oder doch so tun.<\/em><\/p>\n<p><em>Ja, wenn ich es recht ermesse,<\/em><br \/>\n<em>Kann vielleicht sogar die Presse<\/em><br \/>\n<em>F\u00fcr Beamte und Noblesse<\/em><br \/>\n<em>Schon ein wenig freier sein.<\/em><br \/>\n<em>Aber f\u00fcr die andern? Nein!<\/em><br \/>\n<em>Nein f\u00fcrwahr, das Volk muss schweigen,<\/em><br \/>\n<em>Wer gehorchen will, sei stumm;<\/em><br \/>\n<em>Schweigend wird das Publikum<\/em><br \/>\n<em>Stets sich am loyalsten zeigen.<\/em><br \/>\n<em>Drum das Volk, das Volk muss schweigen,<\/em><br \/>\n<em>Schweigen \u2014 oder doch so tun.<\/em><\/p>\n<p><a href=\"https:\/\/manipogo.de\/wp-content\/uploads\/Georg_Weerth.jpg\" rel=\"attachment wp-att-30733\"><img loading=\"lazy\" decoding=\"async\" class=\"alignright size-medium wp-image-30733\" src=\"https:\/\/manipogo.de\/wp-content\/uploads\/Georg_Weerth-227x300.jpg\" alt=\"Georg_Weerth\" width=\"227\" height=\"300\" srcset=\"https:\/\/manipogo.de\/wp-content\/uploads\/Georg_Weerth-227x300.jpg 227w, https:\/\/manipogo.de\/wp-content\/uploads\/Georg_Weerth.jpg 229w\" sizes=\"auto, (max-width: 227px) 100vw, 227px\" \/><\/a>Georg Weerth wurde 1822 in Detmold geboren. Als junger Mann ging er nach Yorkshire und lernte <a href=\"https:\/\/manipogo.de\/?p=11605\" target=\"_blank\">Friedrich Engels und 1845 Karl Marx<\/a> kennen. Er wurde Kommunist. 1850 kam Weerth wegen einer Satire \u00fcber den Adel f\u00fcr drei Monate ins Gef\u00e4ngnis, danach reiste er viel, landete auf der Karibikinsel St. Thomas und starb mit 34 Jahren in Havanna am Fieber.<\/p>\n<p>Ein gro\u00dfes Problem heutzutage ist der obsz\u00f6ne Reichtum weniger Menschen in vielen L\u00e4ndern (Russland, die USA, Indien), w\u00e4hrend f\u00fcr die \u00c4rmsten wenig geschieht. Das wird sich auch nicht \u00e4ndern, so lange niemand hungert. In Deutschland wurde 1845 gehungert, und das Hungerlied von Georg Weerth aus jenem Jahr ist w\u00fctend und radikal.<\/p>\n<p><strong><em>Das Hungerlied<\/em><\/strong><\/p>\n<p><em>Verehrter Herr und K\u00f6nig,<\/em><br \/>\n<em>Wei\u00dft du die schlimme Geschicht?<\/em><br \/>\n<em>Am Montag a\u00dfen wir wenig, <\/em><br \/>\n<em>Und am Dienstag a\u00dfen wir nicht.<\/em><\/p>\n<p><em>Und am Mittwoch mussten wir darben,<\/em><br \/>\n<em>Und am Donnerstag litten wir Not;<\/em><br \/>\n<em>Und ach, am Freitag starben<\/em><br \/>\n<em>Wir fast den Hungertod!<\/em><\/p>\n<p><em>Drum lass am Samstag backen<\/em><br \/>\n<em>Das Brot, fein s\u00e4uberlich \u2014 <\/em><br \/>\n<em>Sonst werden wir sonntags packen<\/em><br \/>\n<em>Und fressen, o K\u00f6nig, dich!<\/em><\/p>\n<p>&nbsp;<\/p>\n<p>Die Gedichte sind aus dem Band <em>Vorm\u00e4rz Lyrik<\/em>, Hg.: Dietrich Steinbach, Verlag Ernst Klett, Stuttgart, 1980.<\/p>\n<p>&nbsp;<\/p>\n<p>&nbsp;<\/p>\n","protected":false},"excerpt":{"rendered":"<p>Ein halbes Jahrhundert nach Lessing und Schiller, um 1840, g\u00e4rte es in Deutschland. Ja, wirklich! Das Volk wollte geh\u00f6rt werden, doch der Frankfurter Bundestag hatte 1835 \u00bbTendenzpoesie\u00ab verboten. Kritik war unerw\u00fcnscht. Ein neuer Preu\u00dfenk\u00f6nig lie\u00df Hoffnung sch\u00f6pfen, die Dichter wurden grimmig, doch 1848 war alles vorbei, der Aufschwung der revolution\u00e4ren Kr\u00e4fte gebrochen. Doch einige Gedichte [&hellip;]<\/p>\n","protected":false},"author":1,"featured_media":0,"comment_status":"closed","ping_status":"closed","sticky":false,"template":"","format":"standard","meta":{"footnotes":""},"categories":[1224],"tags":[506,2463],"class_list":["post-30731","post","type-post","status-publish","format-standard","hentry","category-literatur","tag-gedichte","tag-vormaerz"],"yoast_head":"<!-- This site is optimized with the Yoast SEO plugin v27.3 - https:\/\/yoast.com\/product\/yoast-seo-wordpress\/ -->\n<title>Das Volk &quot;muss schweigen&quot; - manipogo<\/title>\n<meta name=\"robots\" content=\"index, follow, max-snippet:-1, max-image-preview:large, max-video-preview:-1\" \/>\n<link rel=\"canonical\" href=\"https:\/\/manipogo.de\/?p=30731\" \/>\n<meta property=\"og:locale\" content=\"de_DE\" \/>\n<meta property=\"og:type\" content=\"article\" \/>\n<meta property=\"og:title\" content=\"Das Volk &quot;muss schweigen&quot; - manipogo\" \/>\n<meta property=\"og:description\" content=\"Ein halbes Jahrhundert nach Lessing und Schiller, um 1840, g\u00e4rte es in Deutschland. Ja, wirklich! Das Volk wollte geh\u00f6rt werden, doch der Frankfurter Bundestag hatte 1835 \u00bbTendenzpoesie\u00ab verboten. Kritik war unerw\u00fcnscht. Ein neuer Preu\u00dfenk\u00f6nig lie\u00df Hoffnung sch\u00f6pfen, die Dichter wurden grimmig, doch 1848 war alles vorbei, der Aufschwung der revolution\u00e4ren Kr\u00e4fte gebrochen. Doch einige Gedichte [&hellip;]\" \/>\n<meta property=\"og:url\" content=\"https:\/\/manipogo.de\/?p=30731\" \/>\n<meta property=\"og:site_name\" content=\"manipogo\" \/>\n<meta property=\"article:published_time\" content=\"2023-07-05T22:25:40+00:00\" \/>\n<meta property=\"og:image\" content=\"http:\/\/manipogo.de\/wp-content\/uploads\/RobertPrutz-222x300.jpg\" \/>\n<meta name=\"author\" content=\"web108\" \/>\n<meta name=\"twitter:card\" content=\"summary_large_image\" \/>\n<meta name=\"twitter:label1\" content=\"Verfasst von\" \/>\n\t<meta name=\"twitter:data1\" content=\"web108\" \/>\n\t<meta name=\"twitter:label2\" content=\"Gesch\u00e4tzte Lesezeit\" \/>\n\t<meta name=\"twitter:data2\" content=\"3\u00a0Minuten\" \/>\n<script type=\"application\/ld+json\" class=\"yoast-schema-graph\">{\"@context\":\"https:\\\/\\\/schema.org\",\"@graph\":[{\"@type\":\"Article\",\"@id\":\"https:\\\/\\\/manipogo.de\\\/?p=30731#article\",\"isPartOf\":{\"@id\":\"https:\\\/\\\/manipogo.de\\\/?p=30731\"},\"author\":{\"name\":\"web108\",\"@id\":\"https:\\\/\\\/manipogo.de\\\/#\\\/schema\\\/person\\\/991913de0e39267877f234553fd7f58d\"},\"headline\":\"Das Volk &#8222;muss schweigen&#8220;\",\"datePublished\":\"2023-07-05T22:25:40+00:00\",\"mainEntityOfPage\":{\"@id\":\"https:\\\/\\\/manipogo.de\\\/?p=30731\"},\"wordCount\":514,\"image\":{\"@id\":\"https:\\\/\\\/manipogo.de\\\/?p=30731#primaryimage\"},\"thumbnailUrl\":\"http:\\\/\\\/manipogo.de\\\/wp-content\\\/uploads\\\/RobertPrutz-222x300.jpg\",\"keywords\":[\"Gedichte\",\"Vorm\u00e4rz\"],\"articleSection\":[\"Literatur\"],\"inLanguage\":\"de\"},{\"@type\":\"WebPage\",\"@id\":\"https:\\\/\\\/manipogo.de\\\/?p=30731\",\"url\":\"https:\\\/\\\/manipogo.de\\\/?p=30731\",\"name\":\"Das Volk \\\"muss schweigen\\\" - manipogo\",\"isPartOf\":{\"@id\":\"https:\\\/\\\/manipogo.de\\\/#website\"},\"primaryImageOfPage\":{\"@id\":\"https:\\\/\\\/manipogo.de\\\/?p=30731#primaryimage\"},\"image\":{\"@id\":\"https:\\\/\\\/manipogo.de\\\/?p=30731#primaryimage\"},\"thumbnailUrl\":\"http:\\\/\\\/manipogo.de\\\/wp-content\\\/uploads\\\/RobertPrutz-222x300.jpg\",\"datePublished\":\"2023-07-05T22:25:40+00:00\",\"author\":{\"@id\":\"https:\\\/\\\/manipogo.de\\\/#\\\/schema\\\/person\\\/991913de0e39267877f234553fd7f58d\"},\"breadcrumb\":{\"@id\":\"https:\\\/\\\/manipogo.de\\\/?p=30731#breadcrumb\"},\"inLanguage\":\"de\",\"potentialAction\":[{\"@type\":\"ReadAction\",\"target\":[\"https:\\\/\\\/manipogo.de\\\/?p=30731\"]}]},{\"@type\":\"ImageObject\",\"inLanguage\":\"de\",\"@id\":\"https:\\\/\\\/manipogo.de\\\/?p=30731#primaryimage\",\"url\":\"https:\\\/\\\/manipogo.de\\\/wp-content\\\/uploads\\\/RobertPrutz.jpg\",\"contentUrl\":\"https:\\\/\\\/manipogo.de\\\/wp-content\\\/uploads\\\/RobertPrutz.jpg\",\"width\":330,\"height\":445},{\"@type\":\"BreadcrumbList\",\"@id\":\"https:\\\/\\\/manipogo.de\\\/?p=30731#breadcrumb\",\"itemListElement\":[{\"@type\":\"ListItem\",\"position\":1,\"name\":\"Startseite\",\"item\":\"https:\\\/\\\/manipogo.de\\\/\"},{\"@type\":\"ListItem\",\"position\":2,\"name\":\"Das Volk &#8222;muss schweigen&#8220;\"}]},{\"@type\":\"WebSite\",\"@id\":\"https:\\\/\\\/manipogo.de\\\/#website\",\"url\":\"https:\\\/\\\/manipogo.de\\\/\",\"name\":\"manipogo\",\"description\":\"Gott und die Welt\",\"potentialAction\":[{\"@type\":\"SearchAction\",\"target\":{\"@type\":\"EntryPoint\",\"urlTemplate\":\"https:\\\/\\\/manipogo.de\\\/?s={search_term_string}\"},\"query-input\":{\"@type\":\"PropertyValueSpecification\",\"valueRequired\":true,\"valueName\":\"search_term_string\"}}],\"inLanguage\":\"de\"},{\"@type\":\"Person\",\"@id\":\"https:\\\/\\\/manipogo.de\\\/#\\\/schema\\\/person\\\/991913de0e39267877f234553fd7f58d\",\"name\":\"web108\",\"url\":\"https:\\\/\\\/manipogo.de\\\/?author=1\"}]}<\/script>\n<!-- \/ Yoast SEO plugin. -->","yoast_head_json":{"title":"Das Volk \"muss schweigen\" - manipogo","robots":{"index":"index","follow":"follow","max-snippet":"max-snippet:-1","max-image-preview":"max-image-preview:large","max-video-preview":"max-video-preview:-1"},"canonical":"https:\/\/manipogo.de\/?p=30731","og_locale":"de_DE","og_type":"article","og_title":"Das Volk \"muss schweigen\" - manipogo","og_description":"Ein halbes Jahrhundert nach Lessing und Schiller, um 1840, g\u00e4rte es in Deutschland. Ja, wirklich! Das Volk wollte geh\u00f6rt werden, doch der Frankfurter Bundestag hatte 1835 \u00bbTendenzpoesie\u00ab verboten. Kritik war unerw\u00fcnscht. Ein neuer Preu\u00dfenk\u00f6nig lie\u00df Hoffnung sch\u00f6pfen, die Dichter wurden grimmig, doch 1848 war alles vorbei, der Aufschwung der revolution\u00e4ren Kr\u00e4fte gebrochen. Doch einige Gedichte [&hellip;]","og_url":"https:\/\/manipogo.de\/?p=30731","og_site_name":"manipogo","article_published_time":"2023-07-05T22:25:40+00:00","og_image":[{"url":"http:\/\/manipogo.de\/wp-content\/uploads\/RobertPrutz-222x300.jpg","type":"","width":"","height":""}],"author":"web108","twitter_card":"summary_large_image","twitter_misc":{"Verfasst von":"web108","Gesch\u00e4tzte Lesezeit":"3\u00a0Minuten"},"schema":{"@context":"https:\/\/schema.org","@graph":[{"@type":"Article","@id":"https:\/\/manipogo.de\/?p=30731#article","isPartOf":{"@id":"https:\/\/manipogo.de\/?p=30731"},"author":{"name":"web108","@id":"https:\/\/manipogo.de\/#\/schema\/person\/991913de0e39267877f234553fd7f58d"},"headline":"Das Volk &#8222;muss schweigen&#8220;","datePublished":"2023-07-05T22:25:40+00:00","mainEntityOfPage":{"@id":"https:\/\/manipogo.de\/?p=30731"},"wordCount":514,"image":{"@id":"https:\/\/manipogo.de\/?p=30731#primaryimage"},"thumbnailUrl":"http:\/\/manipogo.de\/wp-content\/uploads\/RobertPrutz-222x300.jpg","keywords":["Gedichte","Vorm\u00e4rz"],"articleSection":["Literatur"],"inLanguage":"de"},{"@type":"WebPage","@id":"https:\/\/manipogo.de\/?p=30731","url":"https:\/\/manipogo.de\/?p=30731","name":"Das Volk \"muss schweigen\" - manipogo","isPartOf":{"@id":"https:\/\/manipogo.de\/#website"},"primaryImageOfPage":{"@id":"https:\/\/manipogo.de\/?p=30731#primaryimage"},"image":{"@id":"https:\/\/manipogo.de\/?p=30731#primaryimage"},"thumbnailUrl":"http:\/\/manipogo.de\/wp-content\/uploads\/RobertPrutz-222x300.jpg","datePublished":"2023-07-05T22:25:40+00:00","author":{"@id":"https:\/\/manipogo.de\/#\/schema\/person\/991913de0e39267877f234553fd7f58d"},"breadcrumb":{"@id":"https:\/\/manipogo.de\/?p=30731#breadcrumb"},"inLanguage":"de","potentialAction":[{"@type":"ReadAction","target":["https:\/\/manipogo.de\/?p=30731"]}]},{"@type":"ImageObject","inLanguage":"de","@id":"https:\/\/manipogo.de\/?p=30731#primaryimage","url":"https:\/\/manipogo.de\/wp-content\/uploads\/RobertPrutz.jpg","contentUrl":"https:\/\/manipogo.de\/wp-content\/uploads\/RobertPrutz.jpg","width":330,"height":445},{"@type":"BreadcrumbList","@id":"https:\/\/manipogo.de\/?p=30731#breadcrumb","itemListElement":[{"@type":"ListItem","position":1,"name":"Startseite","item":"https:\/\/manipogo.de\/"},{"@type":"ListItem","position":2,"name":"Das Volk &#8222;muss schweigen&#8220;"}]},{"@type":"WebSite","@id":"https:\/\/manipogo.de\/#website","url":"https:\/\/manipogo.de\/","name":"manipogo","description":"Gott und die Welt","potentialAction":[{"@type":"SearchAction","target":{"@type":"EntryPoint","urlTemplate":"https:\/\/manipogo.de\/?s={search_term_string}"},"query-input":{"@type":"PropertyValueSpecification","valueRequired":true,"valueName":"search_term_string"}}],"inLanguage":"de"},{"@type":"Person","@id":"https:\/\/manipogo.de\/#\/schema\/person\/991913de0e39267877f234553fd7f58d","name":"web108","url":"https:\/\/manipogo.de\/?author=1"}]}},"_links":{"self":[{"href":"https:\/\/manipogo.de\/index.php?rest_route=\/wp\/v2\/posts\/30731","targetHints":{"allow":["GET"]}}],"collection":[{"href":"https:\/\/manipogo.de\/index.php?rest_route=\/wp\/v2\/posts"}],"about":[{"href":"https:\/\/manipogo.de\/index.php?rest_route=\/wp\/v2\/types\/post"}],"author":[{"embeddable":true,"href":"https:\/\/manipogo.de\/index.php?rest_route=\/wp\/v2\/users\/1"}],"replies":[{"embeddable":true,"href":"https:\/\/manipogo.de\/index.php?rest_route=%2Fwp%2Fv2%2Fcomments&post=30731"}],"version-history":[{"count":4,"href":"https:\/\/manipogo.de\/index.php?rest_route=\/wp\/v2\/posts\/30731\/revisions"}],"predecessor-version":[{"id":31377,"href":"https:\/\/manipogo.de\/index.php?rest_route=\/wp\/v2\/posts\/30731\/revisions\/31377"}],"wp:attachment":[{"href":"https:\/\/manipogo.de\/index.php?rest_route=%2Fwp%2Fv2%2Fmedia&parent=30731"}],"wp:term":[{"taxonomy":"category","embeddable":true,"href":"https:\/\/manipogo.de\/index.php?rest_route=%2Fwp%2Fv2%2Fcategories&post=30731"},{"taxonomy":"post_tag","embeddable":true,"href":"https:\/\/manipogo.de\/index.php?rest_route=%2Fwp%2Fv2%2Ftags&post=30731"}],"curies":[{"name":"wp","href":"https:\/\/api.w.org\/{rel}","templated":true}]}}