{"id":30864,"date":"2023-07-19T00:02:02","date_gmt":"2023-07-18T22:02:02","guid":{"rendered":"http:\/\/manipogo.de\/?p=30864"},"modified":"2023-07-18T22:58:36","modified_gmt":"2023-07-18T20:58:36","slug":"am-tiber-mit-musik","status":"publish","type":"post","link":"https:\/\/manipogo.de\/?p=30864","title":{"rendered":"Am Tiber mit Musik"},"content":{"rendered":"<p>Anfang Mai veranstaltete ich eine \u00bbSession\u00ab mit einem fr\u00fcheren Rockmusiker, der eine Weile im Pflegeheim leben musste und mit dem mich vieles verbindet. Ich spielte ihm Titel von King Crimson vor und las aus meinem Roman &#8230; und dachte mir: Das ist gut, man sollte mal wieder an \u00bbTod am Tiber\u00ab erinnern, meinen Roman, der im August vor neun Jahren erschienen ist.\u00a0 <!--more--><\/p>\n<p><a href=\"https:\/\/manipogo.de\/wp-content\/uploads\/CIMG0088.jpg\" rel=\"attachment wp-att-30867\"><img loading=\"lazy\" decoding=\"async\" class=\"alignright size-medium wp-image-30867\" src=\"https:\/\/manipogo.de\/wp-content\/uploads\/CIMG0088-300x223.jpg\" alt=\"CIMG0088\" width=\"300\" height=\"223\" srcset=\"https:\/\/manipogo.de\/wp-content\/uploads\/CIMG0088-300x223.jpg 300w, https:\/\/manipogo.de\/wp-content\/uploads\/CIMG0088.jpg 640w\" sizes=\"auto, (max-width: 300px) 100vw, 300px\" \/><\/a><em>Der Erz\u00e4hler lebt in einem alten, ungenutzten Schulhaus am Tiber. Der Feuertod eines Obdachlosen bringt ihn dazu, herausbringen zu wollen, was dahintersteckt. (Das zumindest ist autobiografisch: Ich sah die Ruine des Wohnwagens und f\u00fchlte mich verpflichtet, mit dem Schreiben zu beginnen.) Vor dem verbrannten Wohnwagen fand man einen Zettel, den sich Rudi ansieht, als er \u00fcber den Tiber blickt und am Himmel den Mond sieht. <\/em><\/p>\n<p><em>Nun der Auszug aus \u00bbTod am Tiber\u00ab:\u00a0<\/em><\/p>\n<p>9<\/p>\n<p>Ich greife mir eine Flasche Wei\u00dfwein aus einem Karton, Verdicchio aus den Marken. Korkenzieher gibt\u2019s ja noch, und nehme mir nun Paolos Dossier vor statt Dostojewskis \u00bbBr\u00fcder Karamasow\u00ab. Sonntag Leszek, Dienstag Wojciech, Donnerstag Ludwik. Die Kopien der Bl\u00e4tter wirken verschwommen und verzerrt, als sei man schon nach dem ersten Schluck betrunken, aber lesen kann man sie noch. Sogar das Blatt, das vor Ludwiks verbrannter Bude lag, hat Paolo mir noch kopiert. Hat es vermutlich glattgestreift, den schweren Deckel des Kopierers daraufgepresst, und ab.<\/p>\n<p>Mal reinlesen.<\/p>\n<p><em>Ihre Reform bestand in der R\u00fcckkehr zum Ideal entsagender Armut, aber auch in der Abwendung von einer blo\u00df eremitischen Lebensweise. Das neue M\u00f6nchtum stellte sich mitten in den St\u00e4dten unter das Gew\u00fchl des Volkes. <\/em><\/p>\n<p>Also eine neue Bewegung<em>. <\/em><\/p>\n<p><em>Das gedr\u00fcckte Volk sah die verachtete Armut auf einem Altar erh\u00f6ht und in die Glorie des Himmels gestellt. Der Zudrang zu den neuen Orden war daher sehr gro\u00df. <\/em><\/p>\n<p>Hm, ein Triumph der Armen also.<\/p>\n<p><em>Die Bettelbr\u00fcder beeinflussten alle Schichten der Gesellschaft. Sie verdr\u00e4ngten die Weltgeistlichen von den Beichtst\u00fchlen und Kanzeln; sie besetzten die Katheder der Universit\u00e4ten. <\/em><\/p>\n<p>Sch\u00f6nes M\u00e4rchen<em>. <\/em><\/p>\n<p><em>Sie sahen und h\u00f6rten alles. Sie wanderten wie die ersten J\u00fcnger\u201a ohne Stab, ohne Sack, ohne Brot, ohne Geld\u2019 und barf\u00fc\u00dfig durch das Land; aber diese Bettelscharen waren zugleich in Hunderten von Kl\u00f6stern nach Provinzen organisiert und von einem Minister-General befehligt, auf dessen Gebot jeder einzelne Bruder bereit war, ein Missionar zu sein und ein M\u00e4rtyrer, ein Kreuz- und Bannprediger, ein Friedensrichter, ein Truppenwerber f\u00fcr den Papst, ein Ketzerrrichter und Inquisitor. <\/em><\/p>\n<p>Eine Anspielung auf die Obdachlosen, ein Wunschtraum?<\/p>\n<p><em>Die P\u00e4pste machten aus ihnen immer kampffertige Heere, deren Unterhalt sie nichts kostete. Die Grunds\u00e4tze von der g\u00f6ttlichen Gewalt des Papsttums wurden von diesen Bettelm\u00f6nchen auf tausend Wegen in das Vorstellen der Menschheit geleitet, deren Gem\u00fct durch Gewissensangst und Schw\u00e4rmerei, durch Wohlwollen, Hingebung und Aufopferung zum duldenden Gehorsam unter die Gebote des unfehlbaren Papstes gebeugt ward. <\/em><\/p>\n<p>Klingt nach Mittelalter. Der Papst hatte ja keine Soldaten, nur seinen Bannfluch hatte er, aber nun diese Bettelm\u00f6nche.<\/p>\n<p>Das ist eindeutig ein Auszug aus einem seri\u00f6sen geschichtlichen Werk. Der Stil ist klassisch; so hat man im 19. Jahrhundert geschrieben, vielleicht noch in der ersten H\u00e4lfte des zwanzigsten.<\/p>\n<p>Es ist jedenfalls weder die Luther-Bibel noch Nietzsche noch Hitler, da wird Paolo ganz sch\u00f6n entt\u00e4uscht sein. Wer ist der Autor? Ich trete durch den Vorhang auf den Balkon und nehme ein paar Atemz\u00fcge Nachtluft. Nicht besonders erfrischend. Am Tiberufer schimmern verh\u00e4ngt ein paar Lichter. In den H\u00fctten sitzen Menschen, was tun sie da? Wie leben sie, die Bettelm\u00f6nche? Bin ich nicht selber einer? \u00dcbrigens, so viel wei\u00df ich: Aus der Askese der M\u00f6nche entstand die h\u00f6fische Liebe, orientiert an der Zuwendung zu einem h\u00f6chsten Wesen; die Strenge der M\u00f6nche lebte im Ritter, im Soldaten, im preu\u00dfischen Beamten und wohl auch im Jogger weiter.<\/p>\n<p>Unten auf dem Blatt steht \u00fcbrigens steht als Seitenzahl 1302. Das ist also ein richtig dickes Werk, ein Klassiker vermutlich. Kenne ich nicht schon alles?<\/p>\n<p>Jetzt aber Schluss. Warum lese ich nicht mal etwas Nettes? Es ist windig geworden. Ich f\u00fchle mich pl\u00f6tzlich alleine und wie jemand, der im Nachthemd im Wind steht: nichts hinter mir, nichts vor mir. Es ist ein Gef\u00fchl, als h\u00e4tte sich in allen Ecken das Unheil versteckt. Dr\u00e4uendes Unheil. Impending doom. Ich halte mich an der schlanken Verdicchio-Flasche fest, gie\u00dfe mir noch ein Glas voll und setze mich in einen durchgesessenen Brauncord-Freischwinger. Es ist elf Uhr.<\/p>\n<p>Besser ich lege mich hin. Ich muss mir die Arbeit einteilen. Ein Blatt pro Tag.<\/p>\n<p>Wirre Tr\u00e4umen nicht vom Schulleben, sondern von brennenden Propheten und Dornb\u00fcschen, schreienden Menschen und zuklappenden T\u00fcren haben mich gequ\u00e4lt. Und ich h\u00f6rte jemanden laut und deutlich \u00bbKaschmir\u00ab sagen. Ich mache Licht an und suche die alte Led-Zeppelin-LP heraus, schlie\u00dfe den Plattenspieler an, und dann dr\u00f6hnen laut und stampfend die Kl\u00e4nge von <em>Kashmir<\/em> hinaus in die Nacht. Ein Zweidrittelmond ist an den Himmel geheftet. Ich bin der einzige in diesem graubrauen Palazzo, der bei Tageslicht aussieht wie zerbombt.<\/p>\n<p>Die Trommelschl\u00e4ge fallen schwerf\u00e4llig und unerbittlich in die schw\u00fcle Luft. Das Cello spielt im Stakkato, hypnotisch, zieht die Melodie in Schleifen hoch, dann schmettert das Orchester los und jagt eine Breitseite hin\u00fcber zum anderen Ufer. \u00bbOh baby, I been flying. Lord, yeah. Mama, ain\u2019t no denying. Oh. Mama. Ain\u2019t no denying.\u00ab Dann wird die Musik orientalisch bet\u00f6rend, tritt auf der Stelle, f\u00fcllt sich mit Spannung \u2026 \u00bbAll I see turns to brown \/ As the sun burns the ground \/ And my eyes fill with sand \/ As I scan this razor line \/ Can I find, can I find where I beeeeen \u2026\u00ab Der S\u00e4nger verl\u00e4ngert dieses \u00bbbeen\u00ab, schier unertr\u00e4glich ist das, bis es sich vereint mit dem trimphalen Klang des Orchesters, das anschwillt wie ein startender D\u00fcsenjet.<\/p>\n<p><strong><a href=\"https:\/\/www.youtube.com\/watch?v=PD-MdiUm1_Y\" target=\"_blank\">Hier eine Live-Aufnahme von Led Zeppelin 2014: Kashmir!<\/a><br \/>\n<\/strong><\/p>\n<p>Die Autos bahnen sich mit leuchtenden Augen ihren Weg durch die Nachtluft. Sie folgen einander auf der langen Br\u00fccke \u00fcber den Tiber wie Flugzeuge auf Landeanflug. Sie schweben \u00fcber das Tal wie von einem Kontinent zum anderen: von der Magliana hin\u00fcber zum Viertel EUR, Esposizione Universale Romano mit dem Pavillon der Kirche Peter und Paul und dem \u00bbColosseo quadrato\u00ab daneben mit den vielen Bogenfenstern, schwarzen Augenh\u00f6hlen. Der Mond sieht in Schr\u00e4glage von oben zu.<\/p>\n<p>Schon zwei Mal hat sich seine Sichel mit Licht gef\u00fcllt, w\u00fcrde Vergil sagen, seit ich dieses Leben der Wildnis und der H\u00fctten pflege. Der Mond steht scheinbar still. Auch \u00bbKashmir\u00ab ist zu Ende. Als w\u00e4re ein Karussell zum Stehen gekommen.<\/p>\n<p>&nbsp;<\/p>\n","protected":false},"excerpt":{"rendered":"<p>Anfang Mai veranstaltete ich eine \u00bbSession\u00ab mit einem fr\u00fcheren Rockmusiker, der eine Weile im Pflegeheim leben musste und mit dem mich vieles verbindet. Ich spielte ihm Titel von King Crimson vor und las aus meinem Roman &#8230; und dachte mir: Das ist gut, man sollte mal wieder an \u00bbTod am Tiber\u00ab erinnern, meinen Roman, der [&hellip;]<\/p>\n","protected":false},"author":1,"featured_media":0,"comment_status":"closed","ping_status":"closed","sticky":false,"template":"","format":"standard","meta":{"footnotes":""},"categories":[1224],"tags":[16,456],"class_list":["post-30864","post","type-post","status-publish","format-standard","hentry","category-literatur","tag-rom","tag-roman"],"yoast_head":"<!-- This site is optimized with the Yoast SEO plugin v27.3 - https:\/\/yoast.com\/product\/yoast-seo-wordpress\/ -->\n<title>Am Tiber mit Musik - manipogo<\/title>\n<meta name=\"robots\" content=\"index, follow, max-snippet:-1, max-image-preview:large, max-video-preview:-1\" \/>\n<link rel=\"canonical\" href=\"https:\/\/manipogo.de\/?p=30864\" \/>\n<meta property=\"og:locale\" content=\"de_DE\" \/>\n<meta property=\"og:type\" content=\"article\" \/>\n<meta property=\"og:title\" content=\"Am Tiber mit Musik - manipogo\" \/>\n<meta property=\"og:description\" content=\"Anfang Mai veranstaltete ich eine \u00bbSession\u00ab mit einem fr\u00fcheren Rockmusiker, der eine Weile im Pflegeheim leben musste und mit dem mich vieles verbindet. Ich spielte ihm Titel von King Crimson vor und las aus meinem Roman &#8230; und dachte mir: Das ist gut, man sollte mal wieder an \u00bbTod am Tiber\u00ab erinnern, meinen Roman, der [&hellip;]\" \/>\n<meta property=\"og:url\" content=\"https:\/\/manipogo.de\/?p=30864\" \/>\n<meta property=\"og:site_name\" content=\"manipogo\" \/>\n<meta property=\"article:published_time\" content=\"2023-07-18T22:02:02+00:00\" \/>\n<meta property=\"og:image\" content=\"http:\/\/manipogo.de\/wp-content\/uploads\/CIMG0088-300x223.jpg\" \/>\n<meta name=\"author\" content=\"web108\" \/>\n<meta name=\"twitter:card\" content=\"summary_large_image\" \/>\n<meta name=\"twitter:label1\" content=\"Verfasst von\" \/>\n\t<meta name=\"twitter:data1\" content=\"web108\" \/>\n\t<meta name=\"twitter:label2\" content=\"Gesch\u00e4tzte Lesezeit\" \/>\n\t<meta name=\"twitter:data2\" content=\"6\u00a0Minuten\" \/>\n<script type=\"application\/ld+json\" class=\"yoast-schema-graph\">{\"@context\":\"https:\\\/\\\/schema.org\",\"@graph\":[{\"@type\":\"Article\",\"@id\":\"https:\\\/\\\/manipogo.de\\\/?p=30864#article\",\"isPartOf\":{\"@id\":\"https:\\\/\\\/manipogo.de\\\/?p=30864\"},\"author\":{\"name\":\"web108\",\"@id\":\"https:\\\/\\\/manipogo.de\\\/#\\\/schema\\\/person\\\/991913de0e39267877f234553fd7f58d\"},\"headline\":\"Am Tiber mit Musik\",\"datePublished\":\"2023-07-18T22:02:02+00:00\",\"mainEntityOfPage\":{\"@id\":\"https:\\\/\\\/manipogo.de\\\/?p=30864\"},\"wordCount\":1118,\"image\":{\"@id\":\"https:\\\/\\\/manipogo.de\\\/?p=30864#primaryimage\"},\"thumbnailUrl\":\"http:\\\/\\\/manipogo.de\\\/wp-content\\\/uploads\\\/CIMG0088-300x223.jpg\",\"keywords\":[\"Rom\",\"Roman\"],\"articleSection\":[\"Literatur\"],\"inLanguage\":\"de\"},{\"@type\":\"WebPage\",\"@id\":\"https:\\\/\\\/manipogo.de\\\/?p=30864\",\"url\":\"https:\\\/\\\/manipogo.de\\\/?p=30864\",\"name\":\"Am Tiber mit Musik - manipogo\",\"isPartOf\":{\"@id\":\"https:\\\/\\\/manipogo.de\\\/#website\"},\"primaryImageOfPage\":{\"@id\":\"https:\\\/\\\/manipogo.de\\\/?p=30864#primaryimage\"},\"image\":{\"@id\":\"https:\\\/\\\/manipogo.de\\\/?p=30864#primaryimage\"},\"thumbnailUrl\":\"http:\\\/\\\/manipogo.de\\\/wp-content\\\/uploads\\\/CIMG0088-300x223.jpg\",\"datePublished\":\"2023-07-18T22:02:02+00:00\",\"author\":{\"@id\":\"https:\\\/\\\/manipogo.de\\\/#\\\/schema\\\/person\\\/991913de0e39267877f234553fd7f58d\"},\"breadcrumb\":{\"@id\":\"https:\\\/\\\/manipogo.de\\\/?p=30864#breadcrumb\"},\"inLanguage\":\"de\",\"potentialAction\":[{\"@type\":\"ReadAction\",\"target\":[\"https:\\\/\\\/manipogo.de\\\/?p=30864\"]}]},{\"@type\":\"ImageObject\",\"inLanguage\":\"de\",\"@id\":\"https:\\\/\\\/manipogo.de\\\/?p=30864#primaryimage\",\"url\":\"https:\\\/\\\/manipogo.de\\\/wp-content\\\/uploads\\\/CIMG0088.jpg\",\"contentUrl\":\"https:\\\/\\\/manipogo.de\\\/wp-content\\\/uploads\\\/CIMG0088.jpg\",\"width\":640,\"height\":476},{\"@type\":\"BreadcrumbList\",\"@id\":\"https:\\\/\\\/manipogo.de\\\/?p=30864#breadcrumb\",\"itemListElement\":[{\"@type\":\"ListItem\",\"position\":1,\"name\":\"Startseite\",\"item\":\"https:\\\/\\\/manipogo.de\\\/\"},{\"@type\":\"ListItem\",\"position\":2,\"name\":\"Am Tiber mit Musik\"}]},{\"@type\":\"WebSite\",\"@id\":\"https:\\\/\\\/manipogo.de\\\/#website\",\"url\":\"https:\\\/\\\/manipogo.de\\\/\",\"name\":\"manipogo\",\"description\":\"Gott und die Welt\",\"potentialAction\":[{\"@type\":\"SearchAction\",\"target\":{\"@type\":\"EntryPoint\",\"urlTemplate\":\"https:\\\/\\\/manipogo.de\\\/?s={search_term_string}\"},\"query-input\":{\"@type\":\"PropertyValueSpecification\",\"valueRequired\":true,\"valueName\":\"search_term_string\"}}],\"inLanguage\":\"de\"},{\"@type\":\"Person\",\"@id\":\"https:\\\/\\\/manipogo.de\\\/#\\\/schema\\\/person\\\/991913de0e39267877f234553fd7f58d\",\"name\":\"web108\",\"url\":\"https:\\\/\\\/manipogo.de\\\/?author=1\"}]}<\/script>\n<!-- \/ Yoast SEO plugin. -->","yoast_head_json":{"title":"Am Tiber mit Musik - manipogo","robots":{"index":"index","follow":"follow","max-snippet":"max-snippet:-1","max-image-preview":"max-image-preview:large","max-video-preview":"max-video-preview:-1"},"canonical":"https:\/\/manipogo.de\/?p=30864","og_locale":"de_DE","og_type":"article","og_title":"Am Tiber mit Musik - manipogo","og_description":"Anfang Mai veranstaltete ich eine \u00bbSession\u00ab mit einem fr\u00fcheren Rockmusiker, der eine Weile im Pflegeheim leben musste und mit dem mich vieles verbindet. Ich spielte ihm Titel von King Crimson vor und las aus meinem Roman &#8230; und dachte mir: Das ist gut, man sollte mal wieder an \u00bbTod am Tiber\u00ab erinnern, meinen Roman, der [&hellip;]","og_url":"https:\/\/manipogo.de\/?p=30864","og_site_name":"manipogo","article_published_time":"2023-07-18T22:02:02+00:00","og_image":[{"url":"http:\/\/manipogo.de\/wp-content\/uploads\/CIMG0088-300x223.jpg","type":"","width":"","height":""}],"author":"web108","twitter_card":"summary_large_image","twitter_misc":{"Verfasst von":"web108","Gesch\u00e4tzte Lesezeit":"6\u00a0Minuten"},"schema":{"@context":"https:\/\/schema.org","@graph":[{"@type":"Article","@id":"https:\/\/manipogo.de\/?p=30864#article","isPartOf":{"@id":"https:\/\/manipogo.de\/?p=30864"},"author":{"name":"web108","@id":"https:\/\/manipogo.de\/#\/schema\/person\/991913de0e39267877f234553fd7f58d"},"headline":"Am Tiber mit Musik","datePublished":"2023-07-18T22:02:02+00:00","mainEntityOfPage":{"@id":"https:\/\/manipogo.de\/?p=30864"},"wordCount":1118,"image":{"@id":"https:\/\/manipogo.de\/?p=30864#primaryimage"},"thumbnailUrl":"http:\/\/manipogo.de\/wp-content\/uploads\/CIMG0088-300x223.jpg","keywords":["Rom","Roman"],"articleSection":["Literatur"],"inLanguage":"de"},{"@type":"WebPage","@id":"https:\/\/manipogo.de\/?p=30864","url":"https:\/\/manipogo.de\/?p=30864","name":"Am Tiber mit Musik - manipogo","isPartOf":{"@id":"https:\/\/manipogo.de\/#website"},"primaryImageOfPage":{"@id":"https:\/\/manipogo.de\/?p=30864#primaryimage"},"image":{"@id":"https:\/\/manipogo.de\/?p=30864#primaryimage"},"thumbnailUrl":"http:\/\/manipogo.de\/wp-content\/uploads\/CIMG0088-300x223.jpg","datePublished":"2023-07-18T22:02:02+00:00","author":{"@id":"https:\/\/manipogo.de\/#\/schema\/person\/991913de0e39267877f234553fd7f58d"},"breadcrumb":{"@id":"https:\/\/manipogo.de\/?p=30864#breadcrumb"},"inLanguage":"de","potentialAction":[{"@type":"ReadAction","target":["https:\/\/manipogo.de\/?p=30864"]}]},{"@type":"ImageObject","inLanguage":"de","@id":"https:\/\/manipogo.de\/?p=30864#primaryimage","url":"https:\/\/manipogo.de\/wp-content\/uploads\/CIMG0088.jpg","contentUrl":"https:\/\/manipogo.de\/wp-content\/uploads\/CIMG0088.jpg","width":640,"height":476},{"@type":"BreadcrumbList","@id":"https:\/\/manipogo.de\/?p=30864#breadcrumb","itemListElement":[{"@type":"ListItem","position":1,"name":"Startseite","item":"https:\/\/manipogo.de\/"},{"@type":"ListItem","position":2,"name":"Am Tiber mit Musik"}]},{"@type":"WebSite","@id":"https:\/\/manipogo.de\/#website","url":"https:\/\/manipogo.de\/","name":"manipogo","description":"Gott und die Welt","potentialAction":[{"@type":"SearchAction","target":{"@type":"EntryPoint","urlTemplate":"https:\/\/manipogo.de\/?s={search_term_string}"},"query-input":{"@type":"PropertyValueSpecification","valueRequired":true,"valueName":"search_term_string"}}],"inLanguage":"de"},{"@type":"Person","@id":"https:\/\/manipogo.de\/#\/schema\/person\/991913de0e39267877f234553fd7f58d","name":"web108","url":"https:\/\/manipogo.de\/?author=1"}]}},"_links":{"self":[{"href":"https:\/\/manipogo.de\/index.php?rest_route=\/wp\/v2\/posts\/30864","targetHints":{"allow":["GET"]}}],"collection":[{"href":"https:\/\/manipogo.de\/index.php?rest_route=\/wp\/v2\/posts"}],"about":[{"href":"https:\/\/manipogo.de\/index.php?rest_route=\/wp\/v2\/types\/post"}],"author":[{"embeddable":true,"href":"https:\/\/manipogo.de\/index.php?rest_route=\/wp\/v2\/users\/1"}],"replies":[{"embeddable":true,"href":"https:\/\/manipogo.de\/index.php?rest_route=%2Fwp%2Fv2%2Fcomments&post=30864"}],"version-history":[{"count":5,"href":"https:\/\/manipogo.de\/index.php?rest_route=\/wp\/v2\/posts\/30864\/revisions"}],"predecessor-version":[{"id":30905,"href":"https:\/\/manipogo.de\/index.php?rest_route=\/wp\/v2\/posts\/30864\/revisions\/30905"}],"wp:attachment":[{"href":"https:\/\/manipogo.de\/index.php?rest_route=%2Fwp%2Fv2%2Fmedia&parent=30864"}],"wp:term":[{"taxonomy":"category","embeddable":true,"href":"https:\/\/manipogo.de\/index.php?rest_route=%2Fwp%2Fv2%2Fcategories&post=30864"},{"taxonomy":"post_tag","embeddable":true,"href":"https:\/\/manipogo.de\/index.php?rest_route=%2Fwp%2Fv2%2Ftags&post=30864"}],"curies":[{"name":"wp","href":"https:\/\/api.w.org\/{rel}","templated":true}]}}