{"id":31220,"date":"2023-07-25T00:56:36","date_gmt":"2023-07-24T22:56:36","guid":{"rendered":"http:\/\/manipogo.de\/?p=31220"},"modified":"2024-10-11T21:38:45","modified_gmt":"2024-10-11T19:38:45","slug":"andrea-satta-und-die-fahrt-nach-lengenfeld","status":"publish","type":"post","link":"https:\/\/manipogo.de\/?p=31220","title":{"rendered":"Andrea Satta und die Fahrt nach Lengenfeld"},"content":{"rendered":"<p>Wir waren ja f\u00fcnf auf der Fahrt <a href=\"https:\/\/manipogo.de\/?p=31110\" target=\"_blank\" rel=\"noopener\">von Poggio Mirteto nach Tern<\/a>i, und neben Romano, dem Unerm\u00fcdlichen, war auch Andrea Satta dabei, Kinderarzt, Schauspieler und S\u00e4nger der Band <em>T\u00eates de Bois<\/em> (Holzk\u00f6pfe). Andrea will Ende Juli nach Lengenfeld reisen, wo sein Vater im Krieg zwei Jahre in einem Lager der Nazis eingesperrt war, und Romano wird dabei sein. <!--more--><\/p>\n<p><a href=\"https:\/\/manipogo.de\/wp-content\/uploads\/DSCN0412-2.jpg\" rel=\"attachment wp-att-31229\"><img loading=\"lazy\" decoding=\"async\" class=\"alignright size-medium wp-image-31229\" src=\"https:\/\/manipogo.de\/wp-content\/uploads\/DSCN0412-2-300x225.jpg\" alt=\"DSCN0412\" width=\"300\" height=\"225\" srcset=\"https:\/\/manipogo.de\/wp-content\/uploads\/DSCN0412-2-300x225.jpg 300w, https:\/\/manipogo.de\/wp-content\/uploads\/DSCN0412-2.jpg 540w\" sizes=\"auto, (max-width: 300px) 100vw, 300px\" \/><\/a>Schon im M\u00e4rz hat Andrea im Theater Lo Spazio in Rom ein St\u00fcck \u00fcber seinen Vater aufgef\u00fchrt: <em>La fisarmonica verde<\/em> (Das gr\u00fcne Akkordeon). Er wollte den Spuren seines Vaters folgen, des Sarden Gavino Satta, um ihn nach dessen Tod besser zu verstehen. Es liegt ein Dokument vor, das beweist, dass Gavino zwei Jahre in Lengenfeld im Vogtland als politisch Internierter in einem nationalsozialistischen Lager inhaftiert war. Am 14. April 1945 schloss Lagerchef Joseph Hartmann 100 H\u00e4ftlinge in eine H\u00fctte ein und lie\u00df sie in Brand setzen; 40 starben. (<em>Das Bild oben rechts ist aus dem Lager Buchenwald in Th\u00fcringen, das ich mit meiner Mutter 2007 aufsuchte.<\/em>)<\/p>\n<p>Die Pl\u00e4tze, an denen sein Vater in Sardinien lebte, hat Andrea Satta bereits aufgesucht. Nun will er sich im Juli mit Romano Puglisi nach Dresden begeben, danach mit dem Rad nach Lengenfeld fahren und dabei auch Lokalpolitiker treffen. Zur\u00fcck geht es \u2014 nat\u00fcrlich mit dem Rad \u2014 durch Deutschland und \u00d6sterreich bis nach Rom. Die Reise d\u00fcrfte den ganzen August dauern.<\/p>\n<div id=\"attachment_31234\" style=\"width: 550px\" class=\"wp-caption aligncenter\"><a href=\"https:\/\/manipogo.de\/wp-content\/uploads\/20230602_141439.jpg\" rel=\"attachment wp-att-31234\"><img loading=\"lazy\" decoding=\"async\" aria-describedby=\"caption-attachment-31234\" class=\"wp-image-31234\" src=\"https:\/\/manipogo.de\/wp-content\/uploads\/20230602_141439-300x169.jpg\" alt=\"20230602_141439\" width=\"540\" height=\"304\" srcset=\"https:\/\/manipogo.de\/wp-content\/uploads\/20230602_141439-300x169.jpg 300w, https:\/\/manipogo.de\/wp-content\/uploads\/20230602_141439-768x432.jpg 768w, https:\/\/manipogo.de\/wp-content\/uploads\/20230602_141439-1024x576.jpg 1024w\" sizes=\"auto, (max-width: 540px) 100vw, 540px\" \/><\/a><p id=\"caption-attachment-31234\" class=\"wp-caption-text\">Unsere Tour nach Terni: Andrea ist der Zweite von links<\/p><\/div>\n<p>Romano plant schon lange seine Fahrt dorthin. Er l\u00e4sst sein Auto bei Freunden in \u00d6sterreich, f\u00e4hrt mit dem Zug und mehrmaligem Umsteigen nach Dresden, um Andrea dann in Lengenfeld zu treffen.<\/p>\n","protected":false},"excerpt":{"rendered":"<p>Wir waren ja f\u00fcnf auf der Fahrt von Poggio Mirteto nach Terni, und neben Romano, dem Unerm\u00fcdlichen, war auch Andrea Satta dabei, Kinderarzt, Schauspieler und S\u00e4nger der Band T\u00eates de Bois (Holzk\u00f6pfe). Andrea will Ende Juli nach Lengenfeld reisen, wo sein Vater im Krieg zwei Jahre in einem Lager der Nazis eingesperrt war, und Romano [&hellip;]<\/p>\n","protected":false},"author":1,"featured_media":0,"comment_status":"closed","ping_status":"closed","sticky":false,"template":"","format":"standard","meta":{"footnotes":""},"categories":[1222],"tags":[159,921],"class_list":["post-31220","post","type-post","status-publish","format-standard","hentry","category-fahrrad","tag-krieg","tag-lager"],"yoast_head":"<!-- This site is optimized with the Yoast SEO plugin v27.3 - https:\/\/yoast.com\/product\/yoast-seo-wordpress\/ -->\n<title>Andrea Satta und die Fahrt nach Lengenfeld - manipogo<\/title>\n<meta name=\"robots\" content=\"index, follow, max-snippet:-1, max-image-preview:large, max-video-preview:-1\" \/>\n<link rel=\"canonical\" href=\"https:\/\/manipogo.de\/?p=31220\" \/>\n<meta property=\"og:locale\" content=\"de_DE\" \/>\n<meta property=\"og:type\" content=\"article\" \/>\n<meta property=\"og:title\" content=\"Andrea Satta und die Fahrt nach Lengenfeld - manipogo\" \/>\n<meta property=\"og:description\" content=\"Wir waren ja f\u00fcnf auf der Fahrt von Poggio Mirteto nach Terni, und neben Romano, dem Unerm\u00fcdlichen, war auch Andrea Satta dabei, Kinderarzt, Schauspieler und S\u00e4nger der Band T\u00eates de Bois (Holzk\u00f6pfe). Andrea will Ende Juli nach Lengenfeld reisen, wo sein Vater im Krieg zwei Jahre in einem Lager der Nazis eingesperrt war, und Romano [&hellip;]\" \/>\n<meta property=\"og:url\" content=\"https:\/\/manipogo.de\/?p=31220\" \/>\n<meta property=\"og:site_name\" content=\"manipogo\" \/>\n<meta property=\"article:published_time\" content=\"2023-07-24T22:56:36+00:00\" \/>\n<meta property=\"article:modified_time\" content=\"2024-10-11T19:38:45+00:00\" \/>\n<meta property=\"og:image\" content=\"http:\/\/manipogo.de\/wp-content\/uploads\/DSCN0412-2-300x225.jpg\" \/>\n<meta name=\"author\" content=\"web108\" \/>\n<meta name=\"twitter:card\" content=\"summary_large_image\" \/>\n<meta name=\"twitter:label1\" content=\"Verfasst von\" \/>\n\t<meta name=\"twitter:data1\" content=\"web108\" \/>\n\t<meta name=\"twitter:label2\" content=\"Gesch\u00e4tzte Lesezeit\" \/>\n\t<meta name=\"twitter:data2\" content=\"2\u00a0Minuten\" \/>\n<script type=\"application\/ld+json\" class=\"yoast-schema-graph\">{\"@context\":\"https:\\\/\\\/schema.org\",\"@graph\":[{\"@type\":\"Article\",\"@id\":\"https:\\\/\\\/manipogo.de\\\/?p=31220#article\",\"isPartOf\":{\"@id\":\"https:\\\/\\\/manipogo.de\\\/?p=31220\"},\"author\":{\"name\":\"web108\",\"@id\":\"https:\\\/\\\/manipogo.de\\\/#\\\/schema\\\/person\\\/991913de0e39267877f234553fd7f58d\"},\"headline\":\"Andrea Satta und die Fahrt nach Lengenfeld\",\"datePublished\":\"2023-07-24T22:56:36+00:00\",\"dateModified\":\"2024-10-11T19:38:45+00:00\",\"mainEntityOfPage\":{\"@id\":\"https:\\\/\\\/manipogo.de\\\/?p=31220\"},\"wordCount\":291,\"image\":{\"@id\":\"https:\\\/\\\/manipogo.de\\\/?p=31220#primaryimage\"},\"thumbnailUrl\":\"http:\\\/\\\/manipogo.de\\\/wp-content\\\/uploads\\\/DSCN0412-2-300x225.jpg\",\"keywords\":[\"Krieg\",\"Lager\"],\"articleSection\":[\"Fahrrad\"],\"inLanguage\":\"de\"},{\"@type\":\"WebPage\",\"@id\":\"https:\\\/\\\/manipogo.de\\\/?p=31220\",\"url\":\"https:\\\/\\\/manipogo.de\\\/?p=31220\",\"name\":\"Andrea Satta und die Fahrt nach Lengenfeld - manipogo\",\"isPartOf\":{\"@id\":\"https:\\\/\\\/manipogo.de\\\/#website\"},\"primaryImageOfPage\":{\"@id\":\"https:\\\/\\\/manipogo.de\\\/?p=31220#primaryimage\"},\"image\":{\"@id\":\"https:\\\/\\\/manipogo.de\\\/?p=31220#primaryimage\"},\"thumbnailUrl\":\"http:\\\/\\\/manipogo.de\\\/wp-content\\\/uploads\\\/DSCN0412-2-300x225.jpg\",\"datePublished\":\"2023-07-24T22:56:36+00:00\",\"dateModified\":\"2024-10-11T19:38:45+00:00\",\"author\":{\"@id\":\"https:\\\/\\\/manipogo.de\\\/#\\\/schema\\\/person\\\/991913de0e39267877f234553fd7f58d\"},\"breadcrumb\":{\"@id\":\"https:\\\/\\\/manipogo.de\\\/?p=31220#breadcrumb\"},\"inLanguage\":\"de\",\"potentialAction\":[{\"@type\":\"ReadAction\",\"target\":[\"https:\\\/\\\/manipogo.de\\\/?p=31220\"]}]},{\"@type\":\"ImageObject\",\"inLanguage\":\"de\",\"@id\":\"https:\\\/\\\/manipogo.de\\\/?p=31220#primaryimage\",\"url\":\"http:\\\/\\\/manipogo.de\\\/wp-content\\\/uploads\\\/DSCN0412-2-300x225.jpg\",\"contentUrl\":\"http:\\\/\\\/manipogo.de\\\/wp-content\\\/uploads\\\/DSCN0412-2-300x225.jpg\"},{\"@type\":\"BreadcrumbList\",\"@id\":\"https:\\\/\\\/manipogo.de\\\/?p=31220#breadcrumb\",\"itemListElement\":[{\"@type\":\"ListItem\",\"position\":1,\"name\":\"Startseite\",\"item\":\"https:\\\/\\\/manipogo.de\\\/\"},{\"@type\":\"ListItem\",\"position\":2,\"name\":\"Andrea Satta und die Fahrt nach Lengenfeld\"}]},{\"@type\":\"WebSite\",\"@id\":\"https:\\\/\\\/manipogo.de\\\/#website\",\"url\":\"https:\\\/\\\/manipogo.de\\\/\",\"name\":\"manipogo\",\"description\":\"Gott und die Welt\",\"potentialAction\":[{\"@type\":\"SearchAction\",\"target\":{\"@type\":\"EntryPoint\",\"urlTemplate\":\"https:\\\/\\\/manipogo.de\\\/?s={search_term_string}\"},\"query-input\":{\"@type\":\"PropertyValueSpecification\",\"valueRequired\":true,\"valueName\":\"search_term_string\"}}],\"inLanguage\":\"de\"},{\"@type\":\"Person\",\"@id\":\"https:\\\/\\\/manipogo.de\\\/#\\\/schema\\\/person\\\/991913de0e39267877f234553fd7f58d\",\"name\":\"web108\",\"url\":\"https:\\\/\\\/manipogo.de\\\/?author=1\"}]}<\/script>\n<!-- \/ Yoast SEO plugin. -->","yoast_head_json":{"title":"Andrea Satta und die Fahrt nach Lengenfeld - manipogo","robots":{"index":"index","follow":"follow","max-snippet":"max-snippet:-1","max-image-preview":"max-image-preview:large","max-video-preview":"max-video-preview:-1"},"canonical":"https:\/\/manipogo.de\/?p=31220","og_locale":"de_DE","og_type":"article","og_title":"Andrea Satta und die Fahrt nach Lengenfeld - manipogo","og_description":"Wir waren ja f\u00fcnf auf der Fahrt von Poggio Mirteto nach Terni, und neben Romano, dem Unerm\u00fcdlichen, war auch Andrea Satta dabei, Kinderarzt, Schauspieler und S\u00e4nger der Band T\u00eates de Bois (Holzk\u00f6pfe). Andrea will Ende Juli nach Lengenfeld reisen, wo sein Vater im Krieg zwei Jahre in einem Lager der Nazis eingesperrt war, und Romano [&hellip;]","og_url":"https:\/\/manipogo.de\/?p=31220","og_site_name":"manipogo","article_published_time":"2023-07-24T22:56:36+00:00","article_modified_time":"2024-10-11T19:38:45+00:00","og_image":[{"url":"http:\/\/manipogo.de\/wp-content\/uploads\/DSCN0412-2-300x225.jpg","type":"","width":"","height":""}],"author":"web108","twitter_card":"summary_large_image","twitter_misc":{"Verfasst von":"web108","Gesch\u00e4tzte Lesezeit":"2\u00a0Minuten"},"schema":{"@context":"https:\/\/schema.org","@graph":[{"@type":"Article","@id":"https:\/\/manipogo.de\/?p=31220#article","isPartOf":{"@id":"https:\/\/manipogo.de\/?p=31220"},"author":{"name":"web108","@id":"https:\/\/manipogo.de\/#\/schema\/person\/991913de0e39267877f234553fd7f58d"},"headline":"Andrea Satta und die Fahrt nach Lengenfeld","datePublished":"2023-07-24T22:56:36+00:00","dateModified":"2024-10-11T19:38:45+00:00","mainEntityOfPage":{"@id":"https:\/\/manipogo.de\/?p=31220"},"wordCount":291,"image":{"@id":"https:\/\/manipogo.de\/?p=31220#primaryimage"},"thumbnailUrl":"http:\/\/manipogo.de\/wp-content\/uploads\/DSCN0412-2-300x225.jpg","keywords":["Krieg","Lager"],"articleSection":["Fahrrad"],"inLanguage":"de"},{"@type":"WebPage","@id":"https:\/\/manipogo.de\/?p=31220","url":"https:\/\/manipogo.de\/?p=31220","name":"Andrea Satta und die Fahrt nach Lengenfeld - manipogo","isPartOf":{"@id":"https:\/\/manipogo.de\/#website"},"primaryImageOfPage":{"@id":"https:\/\/manipogo.de\/?p=31220#primaryimage"},"image":{"@id":"https:\/\/manipogo.de\/?p=31220#primaryimage"},"thumbnailUrl":"http:\/\/manipogo.de\/wp-content\/uploads\/DSCN0412-2-300x225.jpg","datePublished":"2023-07-24T22:56:36+00:00","dateModified":"2024-10-11T19:38:45+00:00","author":{"@id":"https:\/\/manipogo.de\/#\/schema\/person\/991913de0e39267877f234553fd7f58d"},"breadcrumb":{"@id":"https:\/\/manipogo.de\/?p=31220#breadcrumb"},"inLanguage":"de","potentialAction":[{"@type":"ReadAction","target":["https:\/\/manipogo.de\/?p=31220"]}]},{"@type":"ImageObject","inLanguage":"de","@id":"https:\/\/manipogo.de\/?p=31220#primaryimage","url":"http:\/\/manipogo.de\/wp-content\/uploads\/DSCN0412-2-300x225.jpg","contentUrl":"http:\/\/manipogo.de\/wp-content\/uploads\/DSCN0412-2-300x225.jpg"},{"@type":"BreadcrumbList","@id":"https:\/\/manipogo.de\/?p=31220#breadcrumb","itemListElement":[{"@type":"ListItem","position":1,"name":"Startseite","item":"https:\/\/manipogo.de\/"},{"@type":"ListItem","position":2,"name":"Andrea Satta und die Fahrt nach Lengenfeld"}]},{"@type":"WebSite","@id":"https:\/\/manipogo.de\/#website","url":"https:\/\/manipogo.de\/","name":"manipogo","description":"Gott und die Welt","potentialAction":[{"@type":"SearchAction","target":{"@type":"EntryPoint","urlTemplate":"https:\/\/manipogo.de\/?s={search_term_string}"},"query-input":{"@type":"PropertyValueSpecification","valueRequired":true,"valueName":"search_term_string"}}],"inLanguage":"de"},{"@type":"Person","@id":"https:\/\/manipogo.de\/#\/schema\/person\/991913de0e39267877f234553fd7f58d","name":"web108","url":"https:\/\/manipogo.de\/?author=1"}]}},"_links":{"self":[{"href":"https:\/\/manipogo.de\/index.php?rest_route=\/wp\/v2\/posts\/31220","targetHints":{"allow":["GET"]}}],"collection":[{"href":"https:\/\/manipogo.de\/index.php?rest_route=\/wp\/v2\/posts"}],"about":[{"href":"https:\/\/manipogo.de\/index.php?rest_route=\/wp\/v2\/types\/post"}],"author":[{"embeddable":true,"href":"https:\/\/manipogo.de\/index.php?rest_route=\/wp\/v2\/users\/1"}],"replies":[{"embeddable":true,"href":"https:\/\/manipogo.de\/index.php?rest_route=%2Fwp%2Fv2%2Fcomments&post=31220"}],"version-history":[{"count":8,"href":"https:\/\/manipogo.de\/index.php?rest_route=\/wp\/v2\/posts\/31220\/revisions"}],"predecessor-version":[{"id":38318,"href":"https:\/\/manipogo.de\/index.php?rest_route=\/wp\/v2\/posts\/31220\/revisions\/38318"}],"wp:attachment":[{"href":"https:\/\/manipogo.de\/index.php?rest_route=%2Fwp%2Fv2%2Fmedia&parent=31220"}],"wp:term":[{"taxonomy":"category","embeddable":true,"href":"https:\/\/manipogo.de\/index.php?rest_route=%2Fwp%2Fv2%2Fcategories&post=31220"},{"taxonomy":"post_tag","embeddable":true,"href":"https:\/\/manipogo.de\/index.php?rest_route=%2Fwp%2Fv2%2Ftags&post=31220"}],"curies":[{"name":"wp","href":"https:\/\/api.w.org\/{rel}","templated":true}]}}