{"id":31541,"date":"2023-07-05T00:06:56","date_gmt":"2023-07-04T22:06:56","guid":{"rendered":"http:\/\/manipogo.de\/?p=31541"},"modified":"2023-07-04T22:11:07","modified_gmt":"2023-07-04T20:11:07","slug":"der-n-kutscher-von-haiti","status":"publish","type":"post","link":"https:\/\/manipogo.de\/?p=31541","title":{"rendered":"Der N-Kutscher von Haiti"},"content":{"rendered":"<p>Ich dachte immer, das omin\u00f6se \u00bbN-Wort\u00ab habe etwas mit den Nazis zu tun. Nun begriff ich. In Baden-W\u00fcrttemberg wird das Buch <em>Tauben im Gras<\/em> nicht mehr in die Abi-Lekt\u00fcreliste aufgenommen, weil es angeblich mindestens 100 Mal das N-Wort verwendet. Sagten sie gestern im Radio. Schon Ende M\u00e4rz wurde \u00fcber Koeppensche Buch gesprochen, das rassistische Stereotype wiedergibt: Wie die Leute damals redeten. <!--more--><\/p>\n<p>Demnach d\u00fcrfte man keine Ausz\u00fcge von Reden nationalsozialistischer Politiker mehr verwenden. Koeppen wollte zeigen, wie die Bev\u00f6lkerung damals dachte, und bislang galt das Buch als ein Meisterwerk. Doch ein Buch wird immer neu und anders gelesen, und jetzt\u00a0 \u00fcbt man eben Kritik.<\/p>\n<p>Wir denken an die Rede von Philipp Jenninger am 10. November 1988 zum Gedanken an die Pogromnacht 1938. Er wollte verdeutlichen, wie es zu den Exzessen gekommen war und zitierte im Bundestag direkt h\u00e4ssliche Passsagen; doch die Zitate wurden missverstanden. Man argw\u00f6hnte, Jenninger habe sich die Parolen der Nazis zu eigen gemacht, und er musste sogleich von seinem Amt als Bundestagspr\u00e4sident zur\u00fccktreten. Als man den Redetext las, begriff man, wie es gemeint war. Da reagierten Abgeordnete kurzschlusshaft. Intelligente Leute h\u00f6rten nicht richtig hin und waren entsetzt.<\/p>\n<p>Die Nationalsozialisten lie\u00dfen damals B\u00fccher von j\u00fcdischen Autorinnen und Autoren verbrennen. Wir nun, 80 Jahre sp\u00e4ter, erstellen aus anderen, uns erhaben d\u00fcnkenden Gr\u00fcnden andere schwarze Listen und ver\u00fcben damit ebenfalls einen Anschlag auf die Kultur. Wir bauen uns eine sterile Welt und fangen bei den Abiturienten an.<\/p>\n<p><a href=\"https:\/\/manipogo.de\/wp-content\/uploads\/loreto-2.jpg\" rel=\"attachment wp-att-31544\"><img loading=\"lazy\" decoding=\"async\" class=\"alignright size-medium wp-image-31544\" src=\"https:\/\/manipogo.de\/wp-content\/uploads\/loreto-2-300x196.jpg\" alt=\"loreto\" width=\"300\" height=\"196\" srcset=\"https:\/\/manipogo.de\/wp-content\/uploads\/loreto-2-300x196.jpg 300w, https:\/\/manipogo.de\/wp-content\/uploads\/loreto-2.jpg 540w\" sizes=\"auto, (max-width: 300px) 100vw, 300px\" \/><\/a>Statt <em>Tauben im Gras<\/em> soll nun der Roman<em> Transit<\/em> von Anne Seghers (1900-1983) eingesetzt werden, die sehr gesch\u00e4tzt wird. <em>Das siebte Kreuz<\/em> ist ein anderes gro\u00dfes Buch von ihr.<\/p>\n<p>Freilich s\u00fcndigte sie in ihren \u00bbkaribischen Geschichten\u00ab <em>Die Hochzeit von Haiti<\/em>\u00a0 ebenfalls. In der Titelgeschichte finden wir schon auf Seite 20 das N-Wort vier Mal, und wer wei\u00df, wie oft noch auf den 250 Seiten! Die Geschichten spielen eben in Haiti, und damals \u2014 um 1940 \u2014 nannte man die dort lebenden Menschen so. Wenn das jemand merkt au\u00dfer <em>manipogo<\/em>, ist die Seghers auch aus dem Rennen.<\/p>\n<p>Im Radio sagen sie \u00bbN-Wort\u00ab und beschw\u00f6ren damit das herauf, was sie ignoriert wissen wollen. Denken Sie <em>nicht<\/em> an einen blauen Elefanten! \u2014 Wie absurd das alles ist!<\/p>\n<p>Schon in <em><a href=\"https:\/\/manipogo.de\/?p=30190\" target=\"_blank\">Das Zeitalter der L\u00fcge<\/a><\/em> hatte sich <em>manipogo<\/em> dar\u00fcber verbreitet. Nun entsteht eine breite gesellschaftliche Diskussion, die von Verblendung zeugt. Als n\u00e4chstes wird man B\u00fccher zensieren, in denen das A-Wort verwendet wird, und dann kommt das S-Wort dran, und man braucht nicht viel Fantasie, sich vorzustellen, was ich damit meine. In so einem Klima hat man kene Lust mehr, etwas zu schreiben.<\/p>\n","protected":false},"excerpt":{"rendered":"<p>Ich dachte immer, das omin\u00f6se \u00bbN-Wort\u00ab habe etwas mit den Nazis zu tun. Nun begriff ich. In Baden-W\u00fcrttemberg wird das Buch Tauben im Gras nicht mehr in die Abi-Lekt\u00fcreliste aufgenommen, weil es angeblich mindestens 100 Mal das N-Wort verwendet. Sagten sie gestern im Radio. Schon Ende M\u00e4rz wurde \u00fcber Koeppensche Buch gesprochen, das rassistische Stereotype [&hellip;]<\/p>\n","protected":false},"author":1,"featured_media":0,"comment_status":"closed","ping_status":"closed","sticky":false,"template":"","format":"standard","meta":{"footnotes":""},"categories":[5],"tags":[225,2492],"class_list":["post-31541","post","type-post","status-publish","format-standard","hentry","category-leben-heute","tag-literatur","tag-rassismus"],"yoast_head":"<!-- This site is optimized with the Yoast SEO plugin v27.3 - https:\/\/yoast.com\/product\/yoast-seo-wordpress\/ -->\n<title>Der N-Kutscher von Haiti - manipogo<\/title>\n<meta name=\"robots\" content=\"index, follow, max-snippet:-1, max-image-preview:large, max-video-preview:-1\" \/>\n<link rel=\"canonical\" href=\"https:\/\/manipogo.de\/?p=31541\" \/>\n<meta property=\"og:locale\" content=\"de_DE\" \/>\n<meta property=\"og:type\" content=\"article\" \/>\n<meta property=\"og:title\" content=\"Der N-Kutscher von Haiti - manipogo\" \/>\n<meta property=\"og:description\" content=\"Ich dachte immer, das omin\u00f6se \u00bbN-Wort\u00ab habe etwas mit den Nazis zu tun. Nun begriff ich. In Baden-W\u00fcrttemberg wird das Buch Tauben im Gras nicht mehr in die Abi-Lekt\u00fcreliste aufgenommen, weil es angeblich mindestens 100 Mal das N-Wort verwendet. Sagten sie gestern im Radio. Schon Ende M\u00e4rz wurde \u00fcber Koeppensche Buch gesprochen, das rassistische Stereotype [&hellip;]\" \/>\n<meta property=\"og:url\" content=\"https:\/\/manipogo.de\/?p=31541\" \/>\n<meta property=\"og:site_name\" content=\"manipogo\" \/>\n<meta property=\"article:published_time\" content=\"2023-07-04T22:06:56+00:00\" \/>\n<meta property=\"og:image\" content=\"http:\/\/manipogo.de\/wp-content\/uploads\/loreto-2-300x196.jpg\" \/>\n<meta name=\"author\" content=\"web108\" \/>\n<meta name=\"twitter:card\" content=\"summary_large_image\" \/>\n<meta name=\"twitter:label1\" content=\"Verfasst von\" \/>\n\t<meta name=\"twitter:data1\" content=\"web108\" \/>\n\t<meta name=\"twitter:label2\" content=\"Gesch\u00e4tzte Lesezeit\" \/>\n\t<meta name=\"twitter:data2\" content=\"2\u00a0Minuten\" \/>\n<script type=\"application\/ld+json\" class=\"yoast-schema-graph\">{\"@context\":\"https:\\\/\\\/schema.org\",\"@graph\":[{\"@type\":\"Article\",\"@id\":\"https:\\\/\\\/manipogo.de\\\/?p=31541#article\",\"isPartOf\":{\"@id\":\"https:\\\/\\\/manipogo.de\\\/?p=31541\"},\"author\":{\"name\":\"web108\",\"@id\":\"https:\\\/\\\/manipogo.de\\\/#\\\/schema\\\/person\\\/991913de0e39267877f234553fd7f58d\"},\"headline\":\"Der N-Kutscher von Haiti\",\"datePublished\":\"2023-07-04T22:06:56+00:00\",\"mainEntityOfPage\":{\"@id\":\"https:\\\/\\\/manipogo.de\\\/?p=31541\"},\"wordCount\":444,\"image\":{\"@id\":\"https:\\\/\\\/manipogo.de\\\/?p=31541#primaryimage\"},\"thumbnailUrl\":\"http:\\\/\\\/manipogo.de\\\/wp-content\\\/uploads\\\/loreto-2-300x196.jpg\",\"keywords\":[\"Literatur\",\"Rassismus\"],\"articleSection\":[\"Leben heute\"],\"inLanguage\":\"de\"},{\"@type\":\"WebPage\",\"@id\":\"https:\\\/\\\/manipogo.de\\\/?p=31541\",\"url\":\"https:\\\/\\\/manipogo.de\\\/?p=31541\",\"name\":\"Der N-Kutscher von Haiti - manipogo\",\"isPartOf\":{\"@id\":\"https:\\\/\\\/manipogo.de\\\/#website\"},\"primaryImageOfPage\":{\"@id\":\"https:\\\/\\\/manipogo.de\\\/?p=31541#primaryimage\"},\"image\":{\"@id\":\"https:\\\/\\\/manipogo.de\\\/?p=31541#primaryimage\"},\"thumbnailUrl\":\"http:\\\/\\\/manipogo.de\\\/wp-content\\\/uploads\\\/loreto-2-300x196.jpg\",\"datePublished\":\"2023-07-04T22:06:56+00:00\",\"author\":{\"@id\":\"https:\\\/\\\/manipogo.de\\\/#\\\/schema\\\/person\\\/991913de0e39267877f234553fd7f58d\"},\"breadcrumb\":{\"@id\":\"https:\\\/\\\/manipogo.de\\\/?p=31541#breadcrumb\"},\"inLanguage\":\"de\",\"potentialAction\":[{\"@type\":\"ReadAction\",\"target\":[\"https:\\\/\\\/manipogo.de\\\/?p=31541\"]}]},{\"@type\":\"ImageObject\",\"inLanguage\":\"de\",\"@id\":\"https:\\\/\\\/manipogo.de\\\/?p=31541#primaryimage\",\"url\":\"https:\\\/\\\/manipogo.de\\\/wp-content\\\/uploads\\\/loreto-2.jpg\",\"contentUrl\":\"https:\\\/\\\/manipogo.de\\\/wp-content\\\/uploads\\\/loreto-2.jpg\",\"width\":540,\"height\":353},{\"@type\":\"BreadcrumbList\",\"@id\":\"https:\\\/\\\/manipogo.de\\\/?p=31541#breadcrumb\",\"itemListElement\":[{\"@type\":\"ListItem\",\"position\":1,\"name\":\"Startseite\",\"item\":\"https:\\\/\\\/manipogo.de\\\/\"},{\"@type\":\"ListItem\",\"position\":2,\"name\":\"Der N-Kutscher von Haiti\"}]},{\"@type\":\"WebSite\",\"@id\":\"https:\\\/\\\/manipogo.de\\\/#website\",\"url\":\"https:\\\/\\\/manipogo.de\\\/\",\"name\":\"manipogo\",\"description\":\"Gott und die Welt\",\"potentialAction\":[{\"@type\":\"SearchAction\",\"target\":{\"@type\":\"EntryPoint\",\"urlTemplate\":\"https:\\\/\\\/manipogo.de\\\/?s={search_term_string}\"},\"query-input\":{\"@type\":\"PropertyValueSpecification\",\"valueRequired\":true,\"valueName\":\"search_term_string\"}}],\"inLanguage\":\"de\"},{\"@type\":\"Person\",\"@id\":\"https:\\\/\\\/manipogo.de\\\/#\\\/schema\\\/person\\\/991913de0e39267877f234553fd7f58d\",\"name\":\"web108\",\"url\":\"https:\\\/\\\/manipogo.de\\\/?author=1\"}]}<\/script>\n<!-- \/ Yoast SEO plugin. -->","yoast_head_json":{"title":"Der N-Kutscher von Haiti - manipogo","robots":{"index":"index","follow":"follow","max-snippet":"max-snippet:-1","max-image-preview":"max-image-preview:large","max-video-preview":"max-video-preview:-1"},"canonical":"https:\/\/manipogo.de\/?p=31541","og_locale":"de_DE","og_type":"article","og_title":"Der N-Kutscher von Haiti - manipogo","og_description":"Ich dachte immer, das omin\u00f6se \u00bbN-Wort\u00ab habe etwas mit den Nazis zu tun. Nun begriff ich. In Baden-W\u00fcrttemberg wird das Buch Tauben im Gras nicht mehr in die Abi-Lekt\u00fcreliste aufgenommen, weil es angeblich mindestens 100 Mal das N-Wort verwendet. Sagten sie gestern im Radio. Schon Ende M\u00e4rz wurde \u00fcber Koeppensche Buch gesprochen, das rassistische Stereotype [&hellip;]","og_url":"https:\/\/manipogo.de\/?p=31541","og_site_name":"manipogo","article_published_time":"2023-07-04T22:06:56+00:00","og_image":[{"url":"http:\/\/manipogo.de\/wp-content\/uploads\/loreto-2-300x196.jpg","type":"","width":"","height":""}],"author":"web108","twitter_card":"summary_large_image","twitter_misc":{"Verfasst von":"web108","Gesch\u00e4tzte Lesezeit":"2\u00a0Minuten"},"schema":{"@context":"https:\/\/schema.org","@graph":[{"@type":"Article","@id":"https:\/\/manipogo.de\/?p=31541#article","isPartOf":{"@id":"https:\/\/manipogo.de\/?p=31541"},"author":{"name":"web108","@id":"https:\/\/manipogo.de\/#\/schema\/person\/991913de0e39267877f234553fd7f58d"},"headline":"Der N-Kutscher von Haiti","datePublished":"2023-07-04T22:06:56+00:00","mainEntityOfPage":{"@id":"https:\/\/manipogo.de\/?p=31541"},"wordCount":444,"image":{"@id":"https:\/\/manipogo.de\/?p=31541#primaryimage"},"thumbnailUrl":"http:\/\/manipogo.de\/wp-content\/uploads\/loreto-2-300x196.jpg","keywords":["Literatur","Rassismus"],"articleSection":["Leben heute"],"inLanguage":"de"},{"@type":"WebPage","@id":"https:\/\/manipogo.de\/?p=31541","url":"https:\/\/manipogo.de\/?p=31541","name":"Der N-Kutscher von Haiti - manipogo","isPartOf":{"@id":"https:\/\/manipogo.de\/#website"},"primaryImageOfPage":{"@id":"https:\/\/manipogo.de\/?p=31541#primaryimage"},"image":{"@id":"https:\/\/manipogo.de\/?p=31541#primaryimage"},"thumbnailUrl":"http:\/\/manipogo.de\/wp-content\/uploads\/loreto-2-300x196.jpg","datePublished":"2023-07-04T22:06:56+00:00","author":{"@id":"https:\/\/manipogo.de\/#\/schema\/person\/991913de0e39267877f234553fd7f58d"},"breadcrumb":{"@id":"https:\/\/manipogo.de\/?p=31541#breadcrumb"},"inLanguage":"de","potentialAction":[{"@type":"ReadAction","target":["https:\/\/manipogo.de\/?p=31541"]}]},{"@type":"ImageObject","inLanguage":"de","@id":"https:\/\/manipogo.de\/?p=31541#primaryimage","url":"https:\/\/manipogo.de\/wp-content\/uploads\/loreto-2.jpg","contentUrl":"https:\/\/manipogo.de\/wp-content\/uploads\/loreto-2.jpg","width":540,"height":353},{"@type":"BreadcrumbList","@id":"https:\/\/manipogo.de\/?p=31541#breadcrumb","itemListElement":[{"@type":"ListItem","position":1,"name":"Startseite","item":"https:\/\/manipogo.de\/"},{"@type":"ListItem","position":2,"name":"Der N-Kutscher von Haiti"}]},{"@type":"WebSite","@id":"https:\/\/manipogo.de\/#website","url":"https:\/\/manipogo.de\/","name":"manipogo","description":"Gott und die Welt","potentialAction":[{"@type":"SearchAction","target":{"@type":"EntryPoint","urlTemplate":"https:\/\/manipogo.de\/?s={search_term_string}"},"query-input":{"@type":"PropertyValueSpecification","valueRequired":true,"valueName":"search_term_string"}}],"inLanguage":"de"},{"@type":"Person","@id":"https:\/\/manipogo.de\/#\/schema\/person\/991913de0e39267877f234553fd7f58d","name":"web108","url":"https:\/\/manipogo.de\/?author=1"}]}},"_links":{"self":[{"href":"https:\/\/manipogo.de\/index.php?rest_route=\/wp\/v2\/posts\/31541","targetHints":{"allow":["GET"]}}],"collection":[{"href":"https:\/\/manipogo.de\/index.php?rest_route=\/wp\/v2\/posts"}],"about":[{"href":"https:\/\/manipogo.de\/index.php?rest_route=\/wp\/v2\/types\/post"}],"author":[{"embeddable":true,"href":"https:\/\/manipogo.de\/index.php?rest_route=\/wp\/v2\/users\/1"}],"replies":[{"embeddable":true,"href":"https:\/\/manipogo.de\/index.php?rest_route=%2Fwp%2Fv2%2Fcomments&post=31541"}],"version-history":[{"count":5,"href":"https:\/\/manipogo.de\/index.php?rest_route=\/wp\/v2\/posts\/31541\/revisions"}],"predecessor-version":[{"id":31548,"href":"https:\/\/manipogo.de\/index.php?rest_route=\/wp\/v2\/posts\/31541\/revisions\/31548"}],"wp:attachment":[{"href":"https:\/\/manipogo.de\/index.php?rest_route=%2Fwp%2Fv2%2Fmedia&parent=31541"}],"wp:term":[{"taxonomy":"category","embeddable":true,"href":"https:\/\/manipogo.de\/index.php?rest_route=%2Fwp%2Fv2%2Fcategories&post=31541"},{"taxonomy":"post_tag","embeddable":true,"href":"https:\/\/manipogo.de\/index.php?rest_route=%2Fwp%2Fv2%2Ftags&post=31541"}],"curies":[{"name":"wp","href":"https:\/\/api.w.org\/{rel}","templated":true}]}}