{"id":31655,"date":"2023-08-01T00:27:54","date_gmt":"2023-07-31T22:27:54","guid":{"rendered":"http:\/\/manipogo.de\/?p=31655"},"modified":"2023-07-13T22:37:25","modified_gmt":"2023-07-13T20:37:25","slug":"die-bunte-schweiz","status":"publish","type":"post","link":"https:\/\/manipogo.de\/?p=31655","title":{"rendered":"Die bunte Schweiz"},"content":{"rendered":"<p>Giovanna ist heute, am Schweizer Nationalfeiertag, sicher in L\u00fcsis beim Brunch mit Volksmusik. 1291 entstand die Eidgenossenschaft. Vor 500 Jahren, um 1523, steckte sie in einer Krise und in einem Krieg. Die Reformierten unter Zwingli standen gegen die Katholiken der Innerschweiz, hatten aber auch Probleme mit den Lutheranern und den Calvinisten. Wir versuchen, die Lage zu entwirren.\u00a0 <!--more--><\/p>\n<p>Als ich die Liebesgeschichte <em>Ursula<\/em> von Gottfried Keller (1819-1890) las, diesem begnadeten Erz\u00e4hler, wollte ich pl\u00f6tzlich alles \u00fcber die damalige Lage wissen. Der Hansli Gyr kommt vom Krieg heim und findet seine Jugendliebe Ursula v\u00f6llig verwirrt vor, und alle scheinen durchzudrehen, auf das neue Jerusalem zu warten und halten heilige Reden. Das M\u00e4dchen wurde davon angesteckt. \u00dcbrigens liegt sein Gut am Berg Bachtel am Nordufer des Z\u00fcrisees, wo auch das Buch <em><a href=\"https:\/\/manipogo.de\/?p=19832\" target=\"_blank\">Wenn sie morgen kommen<\/a><\/em> von Arthur Honegger spielt. Und \u00fcbrigens geht <em>Ursula<\/em> gut aus: Der Hansli und sie werden ein Paar.<\/p>\n<p><a href=\"https:\/\/manipogo.de\/wp-content\/uploads\/008-41.jpg\" rel=\"attachment wp-att-31661\"><img loading=\"lazy\" decoding=\"async\" class=\"alignright size-medium wp-image-31661\" src=\"https:\/\/manipogo.de\/wp-content\/uploads\/008-41-300x225.jpg\" alt=\"008\" width=\"300\" height=\"225\" srcset=\"https:\/\/manipogo.de\/wp-content\/uploads\/008-41-300x225.jpg 300w, https:\/\/manipogo.de\/wp-content\/uploads\/008-41.jpg 540w\" sizes=\"auto, (max-width: 300px) 100vw, 300px\" \/><\/a>Vor 500 Jahren taten sich wichtige Dinge. Luther hatte 1515 seine Thesen angeschlagen und Ulrich Zwingli in der Schweiz die Reformierte Kirche gegr\u00fcndet: keine Bildwerke und Statuen, kein Z\u00f6libat und keine Eucharistie in der Messe. Z\u00fcrich \u00fcbernahm den Glauben, weitere gr\u00f6\u00dfere St\u00e4dte folgten, doch die Innerschweiz blieb dem Katholizismus und dem Papst treu. Nach den Kappeler Kriegen 1531 fand man zu einem Kompromiss: Die Kantone durften entscheiden, welcher Glaube in ihren Grenzen gelten sollte. Daher kommt der heutige religi\u00f6se Flickenteppich in der Schweiz. Es war jedoch ein friedlicher Spruch, der f\u00fcr die Eidgenossen spricht.<\/p>\n<p><a href=\"https:\/\/manipogo.de\/wp-content\/uploads\/DSCN4630-3.jpg\" rel=\"attachment wp-att-31663\"><img loading=\"lazy\" decoding=\"async\" class=\"alignleft size-medium wp-image-31663\" src=\"https:\/\/manipogo.de\/wp-content\/uploads\/DSCN4630-3-300x289.jpg\" alt=\"DSCN4630\" width=\"300\" height=\"289\" srcset=\"https:\/\/manipogo.de\/wp-content\/uploads\/DSCN4630-3-300x289.jpg 300w, https:\/\/manipogo.de\/wp-content\/uploads\/DSCN4630-3.jpg 540w\" sizes=\"auto, (max-width: 300px) 100vw, 300px\" \/><\/a>Sp\u00e4ter (1559) schufen sich die Calvinisten in Genf eine Bastion, und auch sie hatten Probleme mit den Reformierten. Doch auch da konnte man sich einigen. Es gab auch Splittergruppen wie die Mennoniten und die Wiedert\u00e4ufer. Sie wurden verfolgt und auch umgebracht, weil sie jegliches Amt ablehnten, denn sie waren absolut gegen Gewalt. Leider muss man erw\u00e4hnen, dass es in der Schweiz im Mittelalter 10.000 Hexenprozesse gab. In der unerleuchteten Zeit damals hatten Demagogen leichtes Spiel, und die Reformierte Kirche trieb es fast noch \u00e4rger als der Katholizismus.<\/p>\n<p>Seien wir froh, dass die Religion keine gro\u00dfe Rolle mehr spielt. Der Wahnwitz, den Namen Gottes f\u00fcr Feldz\u00fcge zu missbrauchen, hat Millionen Menschenleben gekostet. Doch war der Nationalsozialismus auch eine Art Religion, und wir m\u00fcssen uns davor h\u00fcten, ungepr\u00fcft Parolen weiterzugeben, die menschenfeindlich sind. Wir brauchen keine Dogmen und keine Demagogen, nur Liebe und Toleranz dem Mitmenschen gegen\u00fcber.<\/p>\n<p>\u211c \u2111 \u211c<\/p>\n<p>Der Feiertag ist wichtig f\u00fcr die Auslandsschweizer. Walter Widmer erz\u00e4hlt aus dem Jahr 1941:<\/p>\n<p><em><a href=\"https:\/\/manipogo.de\/wp-content\/uploads\/DSCN4612-4.jpg\" rel=\"attachment wp-att-31668\"><img loading=\"lazy\" decoding=\"async\" class=\"alignright size-medium wp-image-31668\" src=\"https:\/\/manipogo.de\/wp-content\/uploads\/DSCN4612-4-300x133.jpg\" alt=\"DSCN4612\" width=\"300\" height=\"133\" srcset=\"https:\/\/manipogo.de\/wp-content\/uploads\/DSCN4612-4-300x133.jpg 300w, https:\/\/manipogo.de\/wp-content\/uploads\/DSCN4612-4.jpg 540w\" sizes=\"auto, (max-width: 300px) 100vw, 300px\" \/><\/a>Zum 1. August hatten wir auf Anstoss eines Schweizer Kameraden eine kleine Feier vorbereitet. Im Kamp \u00bbMorand\u00ab zwischen Boghari und Boghar waren wir Schweizer, mein spanischer Kamerad und einige andere Legion\u00e4re beisammen, um fern unserer Heimat den Bund der Eidgenossen zu feiern. &#8230; Bei Wein und Schnaps und gutem Essen sangen wir Schweizer Lieder und lie\u00dfen die Heimat hochleben. Diejenigen Kameraden, denen die deutsche Sprache fremd war, sangen die Melodie mit. Anschlie\u00dfend trug jeder ein Lied in seiner Muttesrprache vor. Ich wusste, dass es nicht der Alkohol war, der dabei manches Auge feuchter gl\u00e4nzen lie\u00df.<\/em><\/p>\n<p>Der Auszug ist aus dem Buch <em>In der H\u00f6lle der Fremdenlegion<\/em>. Widmer hing 16 Jahre in ihr fest. Wir denken auch an die Schweizer S\u00f6ldner, die vom 13. Jahrhundert an in fremden Diensten standen. Sie waren gute K\u00e4mpfer, und an ihnen wurde verdient. Unternehmer bildeten ganze Regimenter aus und boten diese den Kriegsparteien an \u2014 Spanien oder Italien oder eben jedem, der zahlen konnte. Man kannte unter den S\u00f6ldnern auch die \u00bbSchweizerkrankheit\u00ab: das Heimweh. 1709 war die Schweiz schockiert, als in einer Schlacht 8000 ihrer S\u00f6ldner starben, die sich, da unterschiedlichen Parteien angeh\u00f6rend, meistenteils gegenseitig abgeschlachtet hatten.<\/p>\n<p>Erst 1859 wurden die S\u00f6ldnerdienste verboten. Nur der Vatikan erstritt sich eine Ausnahme, darum gibt es dort heute noch die Schweizergarde.<\/p>\n","protected":false},"excerpt":{"rendered":"<p>Giovanna ist heute, am Schweizer Nationalfeiertag, sicher in L\u00fcsis beim Brunch mit Volksmusik. 1291 entstand die Eidgenossenschaft. Vor 500 Jahren, um 1523, steckte sie in einer Krise und in einem Krieg. Die Reformierten unter Zwingli standen gegen die Katholiken der Innerschweiz, hatten aber auch Probleme mit den Lutheranern und den Calvinisten. Wir versuchen, die Lage [&hellip;]<\/p>\n","protected":false},"author":1,"featured_media":0,"comment_status":"closed","ping_status":"closed","sticky":false,"template":"","format":"standard","meta":{"footnotes":""},"categories":[6],"tags":[53,32],"class_list":["post-31655","post","type-post","status-publish","format-standard","hentry","category-alte-wege","tag-religion","tag-schweiz"],"yoast_head":"<!-- This site is optimized with the Yoast SEO plugin v27.3 - https:\/\/yoast.com\/product\/yoast-seo-wordpress\/ -->\n<title>Die bunte Schweiz - manipogo<\/title>\n<meta name=\"robots\" content=\"index, follow, max-snippet:-1, max-image-preview:large, max-video-preview:-1\" \/>\n<link rel=\"canonical\" href=\"https:\/\/manipogo.de\/?p=31655\" \/>\n<meta property=\"og:locale\" content=\"de_DE\" \/>\n<meta property=\"og:type\" content=\"article\" \/>\n<meta property=\"og:title\" content=\"Die bunte Schweiz - manipogo\" \/>\n<meta property=\"og:description\" content=\"Giovanna ist heute, am Schweizer Nationalfeiertag, sicher in L\u00fcsis beim Brunch mit Volksmusik. 1291 entstand die Eidgenossenschaft. Vor 500 Jahren, um 1523, steckte sie in einer Krise und in einem Krieg. Die Reformierten unter Zwingli standen gegen die Katholiken der Innerschweiz, hatten aber auch Probleme mit den Lutheranern und den Calvinisten. Wir versuchen, die Lage [&hellip;]\" \/>\n<meta property=\"og:url\" content=\"https:\/\/manipogo.de\/?p=31655\" \/>\n<meta property=\"og:site_name\" content=\"manipogo\" \/>\n<meta property=\"article:published_time\" content=\"2023-07-31T22:27:54+00:00\" \/>\n<meta property=\"og:image\" content=\"http:\/\/manipogo.de\/wp-content\/uploads\/008-41-300x225.jpg\" \/>\n<meta name=\"author\" content=\"web108\" \/>\n<meta name=\"twitter:card\" content=\"summary_large_image\" \/>\n<meta name=\"twitter:label1\" content=\"Verfasst von\" \/>\n\t<meta name=\"twitter:data1\" content=\"web108\" \/>\n\t<meta name=\"twitter:label2\" content=\"Gesch\u00e4tzte Lesezeit\" \/>\n\t<meta name=\"twitter:data2\" content=\"3\u00a0Minuten\" \/>\n<script type=\"application\/ld+json\" class=\"yoast-schema-graph\">{\"@context\":\"https:\\\/\\\/schema.org\",\"@graph\":[{\"@type\":\"Article\",\"@id\":\"https:\\\/\\\/manipogo.de\\\/?p=31655#article\",\"isPartOf\":{\"@id\":\"https:\\\/\\\/manipogo.de\\\/?p=31655\"},\"author\":{\"name\":\"web108\",\"@id\":\"https:\\\/\\\/manipogo.de\\\/#\\\/schema\\\/person\\\/991913de0e39267877f234553fd7f58d\"},\"headline\":\"Die bunte Schweiz\",\"datePublished\":\"2023-07-31T22:27:54+00:00\",\"mainEntityOfPage\":{\"@id\":\"https:\\\/\\\/manipogo.de\\\/?p=31655\"},\"wordCount\":637,\"image\":{\"@id\":\"https:\\\/\\\/manipogo.de\\\/?p=31655#primaryimage\"},\"thumbnailUrl\":\"http:\\\/\\\/manipogo.de\\\/wp-content\\\/uploads\\\/008-41-300x225.jpg\",\"keywords\":[\"Religion\",\"Schweiz\"],\"articleSection\":[\"Alte Wege\"],\"inLanguage\":\"de\"},{\"@type\":\"WebPage\",\"@id\":\"https:\\\/\\\/manipogo.de\\\/?p=31655\",\"url\":\"https:\\\/\\\/manipogo.de\\\/?p=31655\",\"name\":\"Die bunte Schweiz - manipogo\",\"isPartOf\":{\"@id\":\"https:\\\/\\\/manipogo.de\\\/#website\"},\"primaryImageOfPage\":{\"@id\":\"https:\\\/\\\/manipogo.de\\\/?p=31655#primaryimage\"},\"image\":{\"@id\":\"https:\\\/\\\/manipogo.de\\\/?p=31655#primaryimage\"},\"thumbnailUrl\":\"http:\\\/\\\/manipogo.de\\\/wp-content\\\/uploads\\\/008-41-300x225.jpg\",\"datePublished\":\"2023-07-31T22:27:54+00:00\",\"author\":{\"@id\":\"https:\\\/\\\/manipogo.de\\\/#\\\/schema\\\/person\\\/991913de0e39267877f234553fd7f58d\"},\"breadcrumb\":{\"@id\":\"https:\\\/\\\/manipogo.de\\\/?p=31655#breadcrumb\"},\"inLanguage\":\"de\",\"potentialAction\":[{\"@type\":\"ReadAction\",\"target\":[\"https:\\\/\\\/manipogo.de\\\/?p=31655\"]}]},{\"@type\":\"ImageObject\",\"inLanguage\":\"de\",\"@id\":\"https:\\\/\\\/manipogo.de\\\/?p=31655#primaryimage\",\"url\":\"https:\\\/\\\/manipogo.de\\\/wp-content\\\/uploads\\\/008-41.jpg\",\"contentUrl\":\"https:\\\/\\\/manipogo.de\\\/wp-content\\\/uploads\\\/008-41.jpg\",\"width\":540,\"height\":405},{\"@type\":\"BreadcrumbList\",\"@id\":\"https:\\\/\\\/manipogo.de\\\/?p=31655#breadcrumb\",\"itemListElement\":[{\"@type\":\"ListItem\",\"position\":1,\"name\":\"Startseite\",\"item\":\"https:\\\/\\\/manipogo.de\\\/\"},{\"@type\":\"ListItem\",\"position\":2,\"name\":\"Die bunte Schweiz\"}]},{\"@type\":\"WebSite\",\"@id\":\"https:\\\/\\\/manipogo.de\\\/#website\",\"url\":\"https:\\\/\\\/manipogo.de\\\/\",\"name\":\"manipogo\",\"description\":\"Gott und die Welt\",\"potentialAction\":[{\"@type\":\"SearchAction\",\"target\":{\"@type\":\"EntryPoint\",\"urlTemplate\":\"https:\\\/\\\/manipogo.de\\\/?s={search_term_string}\"},\"query-input\":{\"@type\":\"PropertyValueSpecification\",\"valueRequired\":true,\"valueName\":\"search_term_string\"}}],\"inLanguage\":\"de\"},{\"@type\":\"Person\",\"@id\":\"https:\\\/\\\/manipogo.de\\\/#\\\/schema\\\/person\\\/991913de0e39267877f234553fd7f58d\",\"name\":\"web108\",\"url\":\"https:\\\/\\\/manipogo.de\\\/?author=1\"}]}<\/script>\n<!-- \/ Yoast SEO plugin. -->","yoast_head_json":{"title":"Die bunte Schweiz - manipogo","robots":{"index":"index","follow":"follow","max-snippet":"max-snippet:-1","max-image-preview":"max-image-preview:large","max-video-preview":"max-video-preview:-1"},"canonical":"https:\/\/manipogo.de\/?p=31655","og_locale":"de_DE","og_type":"article","og_title":"Die bunte Schweiz - manipogo","og_description":"Giovanna ist heute, am Schweizer Nationalfeiertag, sicher in L\u00fcsis beim Brunch mit Volksmusik. 1291 entstand die Eidgenossenschaft. Vor 500 Jahren, um 1523, steckte sie in einer Krise und in einem Krieg. Die Reformierten unter Zwingli standen gegen die Katholiken der Innerschweiz, hatten aber auch Probleme mit den Lutheranern und den Calvinisten. Wir versuchen, die Lage [&hellip;]","og_url":"https:\/\/manipogo.de\/?p=31655","og_site_name":"manipogo","article_published_time":"2023-07-31T22:27:54+00:00","og_image":[{"url":"http:\/\/manipogo.de\/wp-content\/uploads\/008-41-300x225.jpg","type":"","width":"","height":""}],"author":"web108","twitter_card":"summary_large_image","twitter_misc":{"Verfasst von":"web108","Gesch\u00e4tzte Lesezeit":"3\u00a0Minuten"},"schema":{"@context":"https:\/\/schema.org","@graph":[{"@type":"Article","@id":"https:\/\/manipogo.de\/?p=31655#article","isPartOf":{"@id":"https:\/\/manipogo.de\/?p=31655"},"author":{"name":"web108","@id":"https:\/\/manipogo.de\/#\/schema\/person\/991913de0e39267877f234553fd7f58d"},"headline":"Die bunte Schweiz","datePublished":"2023-07-31T22:27:54+00:00","mainEntityOfPage":{"@id":"https:\/\/manipogo.de\/?p=31655"},"wordCount":637,"image":{"@id":"https:\/\/manipogo.de\/?p=31655#primaryimage"},"thumbnailUrl":"http:\/\/manipogo.de\/wp-content\/uploads\/008-41-300x225.jpg","keywords":["Religion","Schweiz"],"articleSection":["Alte Wege"],"inLanguage":"de"},{"@type":"WebPage","@id":"https:\/\/manipogo.de\/?p=31655","url":"https:\/\/manipogo.de\/?p=31655","name":"Die bunte Schweiz - manipogo","isPartOf":{"@id":"https:\/\/manipogo.de\/#website"},"primaryImageOfPage":{"@id":"https:\/\/manipogo.de\/?p=31655#primaryimage"},"image":{"@id":"https:\/\/manipogo.de\/?p=31655#primaryimage"},"thumbnailUrl":"http:\/\/manipogo.de\/wp-content\/uploads\/008-41-300x225.jpg","datePublished":"2023-07-31T22:27:54+00:00","author":{"@id":"https:\/\/manipogo.de\/#\/schema\/person\/991913de0e39267877f234553fd7f58d"},"breadcrumb":{"@id":"https:\/\/manipogo.de\/?p=31655#breadcrumb"},"inLanguage":"de","potentialAction":[{"@type":"ReadAction","target":["https:\/\/manipogo.de\/?p=31655"]}]},{"@type":"ImageObject","inLanguage":"de","@id":"https:\/\/manipogo.de\/?p=31655#primaryimage","url":"https:\/\/manipogo.de\/wp-content\/uploads\/008-41.jpg","contentUrl":"https:\/\/manipogo.de\/wp-content\/uploads\/008-41.jpg","width":540,"height":405},{"@type":"BreadcrumbList","@id":"https:\/\/manipogo.de\/?p=31655#breadcrumb","itemListElement":[{"@type":"ListItem","position":1,"name":"Startseite","item":"https:\/\/manipogo.de\/"},{"@type":"ListItem","position":2,"name":"Die bunte Schweiz"}]},{"@type":"WebSite","@id":"https:\/\/manipogo.de\/#website","url":"https:\/\/manipogo.de\/","name":"manipogo","description":"Gott und die Welt","potentialAction":[{"@type":"SearchAction","target":{"@type":"EntryPoint","urlTemplate":"https:\/\/manipogo.de\/?s={search_term_string}"},"query-input":{"@type":"PropertyValueSpecification","valueRequired":true,"valueName":"search_term_string"}}],"inLanguage":"de"},{"@type":"Person","@id":"https:\/\/manipogo.de\/#\/schema\/person\/991913de0e39267877f234553fd7f58d","name":"web108","url":"https:\/\/manipogo.de\/?author=1"}]}},"_links":{"self":[{"href":"https:\/\/manipogo.de\/index.php?rest_route=\/wp\/v2\/posts\/31655","targetHints":{"allow":["GET"]}}],"collection":[{"href":"https:\/\/manipogo.de\/index.php?rest_route=\/wp\/v2\/posts"}],"about":[{"href":"https:\/\/manipogo.de\/index.php?rest_route=\/wp\/v2\/types\/post"}],"author":[{"embeddable":true,"href":"https:\/\/manipogo.de\/index.php?rest_route=\/wp\/v2\/users\/1"}],"replies":[{"embeddable":true,"href":"https:\/\/manipogo.de\/index.php?rest_route=%2Fwp%2Fv2%2Fcomments&post=31655"}],"version-history":[{"count":7,"href":"https:\/\/manipogo.de\/index.php?rest_route=\/wp\/v2\/posts\/31655\/revisions"}],"predecessor-version":[{"id":31669,"href":"https:\/\/manipogo.de\/index.php?rest_route=\/wp\/v2\/posts\/31655\/revisions\/31669"}],"wp:attachment":[{"href":"https:\/\/manipogo.de\/index.php?rest_route=%2Fwp%2Fv2%2Fmedia&parent=31655"}],"wp:term":[{"taxonomy":"category","embeddable":true,"href":"https:\/\/manipogo.de\/index.php?rest_route=%2Fwp%2Fv2%2Fcategories&post=31655"},{"taxonomy":"post_tag","embeddable":true,"href":"https:\/\/manipogo.de\/index.php?rest_route=%2Fwp%2Fv2%2Ftags&post=31655"}],"curies":[{"name":"wp","href":"https:\/\/api.w.org\/{rel}","templated":true}]}}