{"id":34122,"date":"2024-02-03T02:03:31","date_gmt":"2024-02-03T01:03:31","guid":{"rendered":"http:\/\/manipogo.de\/?p=34122"},"modified":"2024-01-31T21:49:34","modified_gmt":"2024-01-31T20:49:34","slug":"das-rad-auf-dem-aconcagua","status":"publish","type":"post","link":"https:\/\/manipogo.de\/?p=34122","title":{"rendered":"Das Rad auf dem Aconcagua"},"content":{"rendered":"<p>Eine total verr\u00fcckte Fahrrad-Geschichte fand ich in dem gestern vorgestellten Buch <em>F\u00fcr tot erkl\u00e4rt<\/em> von Beck Weathers, der darin (wie wir wissen) seine R\u00fcckkehr vom Mount Everest nach dem Drama vom 10. Mai 1996 schildert. Vorher trainierte er: am Mount McKinley, am Chimborazo und am Aconcagua, der 6959 Meter hoch ist.\u00a0<!--more--><\/p>\n<p>Im Januar 1992 wollte Beck diesen Berg in den argentinischen Anden besteigen. Er war in Form. Am Tag vor dem Weg zum Gipfel, am Abend um 10 Uhr, lernten die 5 Bergsteiger Marty Schmidt aus Neuseeland kennen, der gerade zwei Polizisten hoch zum Berg und wieder hinunter gef\u00fchrt hatte. Schmidt, der ein Fahrrad \u00fcber der Schulter trug, bat um ein paar Stiefel und verschwand. Mit dem Fahrrad. Beck Weathers erz\u00e4hlt:<\/p>\n<p><em>Gegen f\u00fcnf oder sechs Uhr am n\u00e4chsten Morgen kam Marty zur\u00fcck, ohne Fahrrad. Er gab die Stiefel zur\u00fcck, zog wieder die Turnschuhe an und ging zur Plaza de Mulas zur\u00fcck, um dort wieder seine Klienten zu treffen.<\/em><br \/>\n<em> Sp\u00e4ter erfuhren wir die Geschichte von Martys bemerkenswerter zweifacher Besteigung des Aconcagua \u2014 er hatte zwei Tage lang nicht geschlafen. Das Ganze hatte an einer h\u00f6llischen Strecke namens Canaletta begonnen, einem riesigen, 45 Grad steilen Hang aus losem Gestein und Staub knapp unterhalb des Gipfels.<\/em><br \/>\n<em> <a href=\"https:\/\/manipogo.de\/wp-content\/uploads\/bca140dafa6e27675be7b23fb93b9153.jpg\" rel=\"attachment wp-att-34126\"><img loading=\"lazy\" decoding=\"async\" class=\"alignright size-medium wp-image-34126\" src=\"https:\/\/manipogo.de\/wp-content\/uploads\/bca140dafa6e27675be7b23fb93b9153-300x175.jpg\" alt=\"bca140dafa6e27675be7b23fb93b9153\" width=\"300\" height=\"175\" srcset=\"https:\/\/manipogo.de\/wp-content\/uploads\/bca140dafa6e27675be7b23fb93b9153-300x175.jpg 300w, https:\/\/manipogo.de\/wp-content\/uploads\/bca140dafa6e27675be7b23fb93b9153.jpg 540w\" sizes=\"auto, (max-width: 300px) 100vw, 300px\" \/><\/a>Schmidt und die beiden Polizisten hatten Teile eines Fahrrads entdeckt, die \u00fcber die ganze Canaletta verstreut waren: Ein Rad da, Pedale dort, die Lenkstange wieder woanders. Ich wei\u00df nicht, ob Marty lange \u00fcber das R\u00e4tsel nachdachte, das diese \u00e4u\u00dferst unwahrscheinliche Entdeckung aufgab. Da er praktisch veranlagt war, sammelte er die Teile, baute sie wieder zusammen, nahm die Maschine auf den R\u00fccken und trug sie hinunter.<\/em><br \/>\n<em> Die eigentliche \u00dcberraschung kam aber erst noch. Als er mit dem Fahrrad die Plaza de Mulas erreichte, baute sich ein v\u00f6llig Fremder vor ihm auf und beschuldigte ihn w\u00fctend, sein Fahrrad gestohlen zu haben. &#8230;<\/em><br \/>\n<em> Es stellte sich heraus, dass dieser Kerl Leute daf\u00fcr bezahlt hatte, dass sie sein Fahrrad in Einzelteilen den Aconcagua hinauftrugen. Oben wollte er das Fahrrad wieder zusammenschrauben und dann vom Gipfel damit abfahren.<\/em><\/p>\n<p><em>Marty machte ihm einen Vorschlag:<\/em><\/p>\n<p><em>Sie h\u00f6ren auf, mich anzuschreien, dass ich Ihr Fahrrad gestohlen h\u00e4tte, und ich bringe es dahin zur\u00fcck, wo ich es gefunden habe.<\/em><\/p>\n<p><em>Und genau das machte er in jener Nacht. Schmidt schleppte das Fahrrad den ganzen Weg bis kurz unter den Gipfel wieder hinauf, zerlegte es im Dunkeln, warf die Teile in die Gegend, und dann stieg er wieder ab. Von allem anderen abgesehen war das eine physische Tour de force. Marty Schmidt ist ein sehr f\u00e4higer Bergsteiger.<br \/>\n<\/em><\/p>\n<p>\u220f<\/p>\n<p>Das kann man wohl sagen. Ich habe bei Wikipedia nachgelesen: Martin Walter Schmidt wurde 1960 in Kalifornien geboren und bekam 1991 die neuseel\u00e4ndische Staatsb\u00fcrgerschaft. Auf dem Gipfel des Aconcagua stand er 34 Mal, und 29 Mal bestieg er den Denali (Mount McKinley in Alaska). Seinem 1988 geborenen Sohn gab er auch den Namen Denali, und den gleichnamigen Berg bestiegen die beiden auf einer Route, die sie <em>Dad and Son<\/em> nannten. Schmidt gr\u00fcndete eine eigene Bergsteigerfirma und brachte Klienten auf die h\u00f6chsten Gipfel der Erde. Zwei Mal (2012 und im Mai 2013) war Marty Schmidt oben auf dem Mount Everest. Am 27. Juli 2013 versuchte er mit seinem Sohn, den K 2 zu besteigen, doch eine Lawine fegte beide in den Abgrund.<\/p>\n<p><a href=\"https:\/\/manipogo.de\/wp-content\/uploads\/9781942549413_p0_v2_s1200x630.jpg\" rel=\"attachment wp-att-34128\"><img loading=\"lazy\" decoding=\"async\" class=\"alignleft size-medium wp-image-34128\" src=\"https:\/\/manipogo.de\/wp-content\/uploads\/9781942549413_p0_v2_s1200x630-187x300.jpg\" alt=\"9781942549413_p0_v2_s1200x630\" width=\"187\" height=\"300\" \/><\/a>Schmidts Tochter Sequoia ver\u00f6ffentlichte 2015 das preisgekr\u00f6nte Buch <em>Journey of Heart: A Sojourn to K 2<\/em> \u00fcber ihre Reise zu dem Berg, um das Schicksal ihres Vaters und ihres Bruders zu kl\u00e4ren. Sie lebte in Los Angeles und hatte Neuseeland 10 Jahre nicht gesehen. 2018 erkundete sie ihr Geburtsland mit dem Rad und schrieb dar\u00fcber <i>Changing Gears: Ups and Downs on the New Zealand Road<\/i>. Damals sagte sie einer Zeitung, ihre Beziehung zu ihrem Vater sei kompliziert und chaotisch gewesen. Sie sagte, erst sp\u00e4t s\u00e4hen Kinder ein, dass ihre Eltern nur ganz normale Menschen seien und alles t\u00e4ten, was sie k\u00f6nnten. In dem Interview erg\u00e4nzte sie:<\/p>\n<p><em>Leider ist das etwas, das ich erst nach ihrem Tod begriffen habe, und es ist auch etwas, das unsere Beziehung weiter wachsen l\u00e4sst, obwohl er nicht mehr am Leben ist\u00a0\u2014 ich lerne aus dieser Beziehung immer noch f\u00fcrs Leben.\u00a0<\/em><\/p>\n<p>&nbsp;<\/p>\n<p>B<em>ild oben: Ausschnitt aus dem Bild Jacques Tati und sein Fahrrad<\/em><\/p>\n<p>&nbsp;<\/p>\n<p>&nbsp;<\/p>\n","protected":false},"excerpt":{"rendered":"<p>Eine total verr\u00fcckte Fahrrad-Geschichte fand ich in dem gestern vorgestellten Buch F\u00fcr tot erkl\u00e4rt von Beck Weathers, der darin (wie wir wissen) seine R\u00fcckkehr vom Mount Everest nach dem Drama vom 10. Mai 1996 schildert. Vorher trainierte er: am Mount McKinley, am Chimborazo und am Aconcagua, der 6959 Meter hoch ist.\u00a0<\/p>\n","protected":false},"author":1,"featured_media":0,"comment_status":"closed","ping_status":"closed","sticky":false,"template":"","format":"standard","meta":{"footnotes":""},"categories":[1222],"tags":[832,81],"class_list":["post-34122","post","type-post","status-publish","format-standard","hentry","category-fahrrad","tag-berg","tag-fahrrad"],"yoast_head":"<!-- This site is optimized with the Yoast SEO plugin v27.3 - https:\/\/yoast.com\/product\/yoast-seo-wordpress\/ -->\n<title>Das Rad auf dem Aconcagua - manipogo<\/title>\n<meta name=\"robots\" content=\"index, follow, max-snippet:-1, max-image-preview:large, max-video-preview:-1\" \/>\n<link rel=\"canonical\" href=\"https:\/\/manipogo.de\/?p=34122\" \/>\n<meta property=\"og:locale\" content=\"de_DE\" \/>\n<meta property=\"og:type\" content=\"article\" \/>\n<meta property=\"og:title\" content=\"Das Rad auf dem Aconcagua - manipogo\" \/>\n<meta property=\"og:description\" content=\"Eine total verr\u00fcckte Fahrrad-Geschichte fand ich in dem gestern vorgestellten Buch F\u00fcr tot erkl\u00e4rt von Beck Weathers, der darin (wie wir wissen) seine R\u00fcckkehr vom Mount Everest nach dem Drama vom 10. Mai 1996 schildert. Vorher trainierte er: am Mount McKinley, am Chimborazo und am Aconcagua, der 6959 Meter hoch ist.\u00a0\" \/>\n<meta property=\"og:url\" content=\"https:\/\/manipogo.de\/?p=34122\" \/>\n<meta property=\"og:site_name\" content=\"manipogo\" \/>\n<meta property=\"article:published_time\" content=\"2024-02-03T01:03:31+00:00\" \/>\n<meta property=\"og:image\" content=\"http:\/\/manipogo.de\/wp-content\/uploads\/bca140dafa6e27675be7b23fb93b9153-300x175.jpg\" \/>\n<meta name=\"author\" content=\"web108\" \/>\n<meta name=\"twitter:card\" content=\"summary_large_image\" \/>\n<meta name=\"twitter:label1\" content=\"Verfasst von\" \/>\n\t<meta name=\"twitter:data1\" content=\"web108\" \/>\n\t<meta name=\"twitter:label2\" content=\"Gesch\u00e4tzte Lesezeit\" \/>\n\t<meta name=\"twitter:data2\" content=\"4\u00a0Minuten\" \/>\n<script type=\"application\/ld+json\" class=\"yoast-schema-graph\">{\"@context\":\"https:\\\/\\\/schema.org\",\"@graph\":[{\"@type\":\"Article\",\"@id\":\"https:\\\/\\\/manipogo.de\\\/?p=34122#article\",\"isPartOf\":{\"@id\":\"https:\\\/\\\/manipogo.de\\\/?p=34122\"},\"author\":{\"name\":\"web108\",\"@id\":\"https:\\\/\\\/manipogo.de\\\/#\\\/schema\\\/person\\\/991913de0e39267877f234553fd7f58d\"},\"headline\":\"Das Rad auf dem Aconcagua\",\"datePublished\":\"2024-02-03T01:03:31+00:00\",\"mainEntityOfPage\":{\"@id\":\"https:\\\/\\\/manipogo.de\\\/?p=34122\"},\"wordCount\":719,\"image\":{\"@id\":\"https:\\\/\\\/manipogo.de\\\/?p=34122#primaryimage\"},\"thumbnailUrl\":\"http:\\\/\\\/manipogo.de\\\/wp-content\\\/uploads\\\/bca140dafa6e27675be7b23fb93b9153-300x175.jpg\",\"keywords\":[\"Berg\",\"Fahrrad\"],\"articleSection\":[\"Fahrrad\"],\"inLanguage\":\"de\"},{\"@type\":\"WebPage\",\"@id\":\"https:\\\/\\\/manipogo.de\\\/?p=34122\",\"url\":\"https:\\\/\\\/manipogo.de\\\/?p=34122\",\"name\":\"Das Rad auf dem Aconcagua - manipogo\",\"isPartOf\":{\"@id\":\"https:\\\/\\\/manipogo.de\\\/#website\"},\"primaryImageOfPage\":{\"@id\":\"https:\\\/\\\/manipogo.de\\\/?p=34122#primaryimage\"},\"image\":{\"@id\":\"https:\\\/\\\/manipogo.de\\\/?p=34122#primaryimage\"},\"thumbnailUrl\":\"http:\\\/\\\/manipogo.de\\\/wp-content\\\/uploads\\\/bca140dafa6e27675be7b23fb93b9153-300x175.jpg\",\"datePublished\":\"2024-02-03T01:03:31+00:00\",\"author\":{\"@id\":\"https:\\\/\\\/manipogo.de\\\/#\\\/schema\\\/person\\\/991913de0e39267877f234553fd7f58d\"},\"breadcrumb\":{\"@id\":\"https:\\\/\\\/manipogo.de\\\/?p=34122#breadcrumb\"},\"inLanguage\":\"de\",\"potentialAction\":[{\"@type\":\"ReadAction\",\"target\":[\"https:\\\/\\\/manipogo.de\\\/?p=34122\"]}]},{\"@type\":\"ImageObject\",\"inLanguage\":\"de\",\"@id\":\"https:\\\/\\\/manipogo.de\\\/?p=34122#primaryimage\",\"url\":\"https:\\\/\\\/manipogo.de\\\/wp-content\\\/uploads\\\/bca140dafa6e27675be7b23fb93b9153.jpg\",\"contentUrl\":\"https:\\\/\\\/manipogo.de\\\/wp-content\\\/uploads\\\/bca140dafa6e27675be7b23fb93b9153.jpg\",\"width\":540,\"height\":315},{\"@type\":\"BreadcrumbList\",\"@id\":\"https:\\\/\\\/manipogo.de\\\/?p=34122#breadcrumb\",\"itemListElement\":[{\"@type\":\"ListItem\",\"position\":1,\"name\":\"Startseite\",\"item\":\"https:\\\/\\\/manipogo.de\\\/\"},{\"@type\":\"ListItem\",\"position\":2,\"name\":\"Das Rad auf dem Aconcagua\"}]},{\"@type\":\"WebSite\",\"@id\":\"https:\\\/\\\/manipogo.de\\\/#website\",\"url\":\"https:\\\/\\\/manipogo.de\\\/\",\"name\":\"manipogo\",\"description\":\"Gott und die Welt\",\"potentialAction\":[{\"@type\":\"SearchAction\",\"target\":{\"@type\":\"EntryPoint\",\"urlTemplate\":\"https:\\\/\\\/manipogo.de\\\/?s={search_term_string}\"},\"query-input\":{\"@type\":\"PropertyValueSpecification\",\"valueRequired\":true,\"valueName\":\"search_term_string\"}}],\"inLanguage\":\"de\"},{\"@type\":\"Person\",\"@id\":\"https:\\\/\\\/manipogo.de\\\/#\\\/schema\\\/person\\\/991913de0e39267877f234553fd7f58d\",\"name\":\"web108\",\"url\":\"https:\\\/\\\/manipogo.de\\\/?author=1\"}]}<\/script>\n<!-- \/ Yoast SEO plugin. -->","yoast_head_json":{"title":"Das Rad auf dem Aconcagua - manipogo","robots":{"index":"index","follow":"follow","max-snippet":"max-snippet:-1","max-image-preview":"max-image-preview:large","max-video-preview":"max-video-preview:-1"},"canonical":"https:\/\/manipogo.de\/?p=34122","og_locale":"de_DE","og_type":"article","og_title":"Das Rad auf dem Aconcagua - manipogo","og_description":"Eine total verr\u00fcckte Fahrrad-Geschichte fand ich in dem gestern vorgestellten Buch F\u00fcr tot erkl\u00e4rt von Beck Weathers, der darin (wie wir wissen) seine R\u00fcckkehr vom Mount Everest nach dem Drama vom 10. Mai 1996 schildert. Vorher trainierte er: am Mount McKinley, am Chimborazo und am Aconcagua, der 6959 Meter hoch ist.\u00a0","og_url":"https:\/\/manipogo.de\/?p=34122","og_site_name":"manipogo","article_published_time":"2024-02-03T01:03:31+00:00","og_image":[{"url":"http:\/\/manipogo.de\/wp-content\/uploads\/bca140dafa6e27675be7b23fb93b9153-300x175.jpg","type":"","width":"","height":""}],"author":"web108","twitter_card":"summary_large_image","twitter_misc":{"Verfasst von":"web108","Gesch\u00e4tzte Lesezeit":"4\u00a0Minuten"},"schema":{"@context":"https:\/\/schema.org","@graph":[{"@type":"Article","@id":"https:\/\/manipogo.de\/?p=34122#article","isPartOf":{"@id":"https:\/\/manipogo.de\/?p=34122"},"author":{"name":"web108","@id":"https:\/\/manipogo.de\/#\/schema\/person\/991913de0e39267877f234553fd7f58d"},"headline":"Das Rad auf dem Aconcagua","datePublished":"2024-02-03T01:03:31+00:00","mainEntityOfPage":{"@id":"https:\/\/manipogo.de\/?p=34122"},"wordCount":719,"image":{"@id":"https:\/\/manipogo.de\/?p=34122#primaryimage"},"thumbnailUrl":"http:\/\/manipogo.de\/wp-content\/uploads\/bca140dafa6e27675be7b23fb93b9153-300x175.jpg","keywords":["Berg","Fahrrad"],"articleSection":["Fahrrad"],"inLanguage":"de"},{"@type":"WebPage","@id":"https:\/\/manipogo.de\/?p=34122","url":"https:\/\/manipogo.de\/?p=34122","name":"Das Rad auf dem Aconcagua - manipogo","isPartOf":{"@id":"https:\/\/manipogo.de\/#website"},"primaryImageOfPage":{"@id":"https:\/\/manipogo.de\/?p=34122#primaryimage"},"image":{"@id":"https:\/\/manipogo.de\/?p=34122#primaryimage"},"thumbnailUrl":"http:\/\/manipogo.de\/wp-content\/uploads\/bca140dafa6e27675be7b23fb93b9153-300x175.jpg","datePublished":"2024-02-03T01:03:31+00:00","author":{"@id":"https:\/\/manipogo.de\/#\/schema\/person\/991913de0e39267877f234553fd7f58d"},"breadcrumb":{"@id":"https:\/\/manipogo.de\/?p=34122#breadcrumb"},"inLanguage":"de","potentialAction":[{"@type":"ReadAction","target":["https:\/\/manipogo.de\/?p=34122"]}]},{"@type":"ImageObject","inLanguage":"de","@id":"https:\/\/manipogo.de\/?p=34122#primaryimage","url":"https:\/\/manipogo.de\/wp-content\/uploads\/bca140dafa6e27675be7b23fb93b9153.jpg","contentUrl":"https:\/\/manipogo.de\/wp-content\/uploads\/bca140dafa6e27675be7b23fb93b9153.jpg","width":540,"height":315},{"@type":"BreadcrumbList","@id":"https:\/\/manipogo.de\/?p=34122#breadcrumb","itemListElement":[{"@type":"ListItem","position":1,"name":"Startseite","item":"https:\/\/manipogo.de\/"},{"@type":"ListItem","position":2,"name":"Das Rad auf dem Aconcagua"}]},{"@type":"WebSite","@id":"https:\/\/manipogo.de\/#website","url":"https:\/\/manipogo.de\/","name":"manipogo","description":"Gott und die Welt","potentialAction":[{"@type":"SearchAction","target":{"@type":"EntryPoint","urlTemplate":"https:\/\/manipogo.de\/?s={search_term_string}"},"query-input":{"@type":"PropertyValueSpecification","valueRequired":true,"valueName":"search_term_string"}}],"inLanguage":"de"},{"@type":"Person","@id":"https:\/\/manipogo.de\/#\/schema\/person\/991913de0e39267877f234553fd7f58d","name":"web108","url":"https:\/\/manipogo.de\/?author=1"}]}},"_links":{"self":[{"href":"https:\/\/manipogo.de\/index.php?rest_route=\/wp\/v2\/posts\/34122","targetHints":{"allow":["GET"]}}],"collection":[{"href":"https:\/\/manipogo.de\/index.php?rest_route=\/wp\/v2\/posts"}],"about":[{"href":"https:\/\/manipogo.de\/index.php?rest_route=\/wp\/v2\/types\/post"}],"author":[{"embeddable":true,"href":"https:\/\/manipogo.de\/index.php?rest_route=\/wp\/v2\/users\/1"}],"replies":[{"embeddable":true,"href":"https:\/\/manipogo.de\/index.php?rest_route=%2Fwp%2Fv2%2Fcomments&post=34122"}],"version-history":[{"count":11,"href":"https:\/\/manipogo.de\/index.php?rest_route=\/wp\/v2\/posts\/34122\/revisions"}],"predecessor-version":[{"id":34381,"href":"https:\/\/manipogo.de\/index.php?rest_route=\/wp\/v2\/posts\/34122\/revisions\/34381"}],"wp:attachment":[{"href":"https:\/\/manipogo.de\/index.php?rest_route=%2Fwp%2Fv2%2Fmedia&parent=34122"}],"wp:term":[{"taxonomy":"category","embeddable":true,"href":"https:\/\/manipogo.de\/index.php?rest_route=%2Fwp%2Fv2%2Fcategories&post=34122"},{"taxonomy":"post_tag","embeddable":true,"href":"https:\/\/manipogo.de\/index.php?rest_route=%2Fwp%2Fv2%2Ftags&post=34122"}],"curies":[{"name":"wp","href":"https:\/\/api.w.org\/{rel}","templated":true}]}}