{"id":34603,"date":"2024-04-02T01:46:21","date_gmt":"2024-04-02T00:46:21","guid":{"rendered":"http:\/\/manipogo.de\/?p=34603"},"modified":"2024-05-22T19:05:22","modified_gmt":"2024-05-22T17:05:22","slug":"beginn-der-edda","status":"publish","type":"post","link":"https:\/\/manipogo.de\/?p=34603","title":{"rendered":"Die Volva erz\u00e4hlt"},"content":{"rendered":"<p>Vor drei Jahren hatte <em>manipogo<\/em> <a href=\"https:\/\/manipogo.de\/?p=21331\" target=\"_blank\" rel=\"noopener\">Odin vorgestellt, den Obersten der germanischen G\u00f6tter, der der Volva lauscht<\/a>, die ihm die G\u00f6tterd\u00e4mmerung und eine neue Welt prophezeit. Zuvor jedoch schilderte sie die Entstehung der Welt: in den Versen der Voluspa, dem ersten Kapitel der poetischen Edda.\u00a0<!--more--><\/p>\n<p><a href=\"https:\/\/manipogo.de\/wp-content\/uploads\/024-5-2.jpg\" rel=\"attachment wp-att-34646\"><img loading=\"lazy\" decoding=\"async\" class=\"alignright size-thumbnail wp-image-34646\" src=\"https:\/\/manipogo.de\/wp-content\/uploads\/024-5-2-150x150.jpg\" alt=\"024-5\" width=\"150\" height=\"150\" \/><\/a><em>Die Voluspa ist der ber\u00fchmteste Abschnitt der Edda, die zwischen 1000 und 1300 entstanden sein soll. Ich hatte Lust, die Strophen ins Deutsche zu \u00fcbersetzen. Es gibt 66 davon, aber wir haben ja Zeit. Die Volva (oder V\u00f6lva), die Weise aus dem unterirdischen Reich (hat mein Volvo was mit ihr zu tun?) deklamiert also:<\/em><\/p>\n<p>1<br \/>\nIch h\u00f6rte alles \/ von den heiligen Rassen,<br \/>\nvon Heimdalls S\u00f6hnen \/ hochgesinnt und gern bereit.<br \/>\nDu willst, Val-Vater \/ dir erz\u00e4hlen lassen<br \/>\nAlte Geschichten \/ von M\u00e4nnern aus alter Zeit.<\/p>\n<p>2<br \/>\nIch entsinne mich \/der Riesen im heiligen Traum<br \/>\nDie Brot mir gaben \/ in vergangenen Tagen.<br \/>\nNeun Welten kannt&#8216; ich, \/ die neun in dem Baum,<br \/>\ndie m\u00e4chtigen Wurzeln in der Erde vergraben.<\/p>\n<p><em><span style=\"text-decoration: underline;\"><a href=\"https:\/\/manipogo.de\/wp-content\/uploads\/descubre-todo-sobre-las-volvas-personajes-mitologicos-4-1.jpg\" rel=\"attachment wp-att-34912\"><img loading=\"lazy\" decoding=\"async\" class=\"alignright size-full wp-image-34912\" src=\"https:\/\/manipogo.de\/wp-content\/uploads\/descubre-todo-sobre-las-volvas-personajes-mitologicos-4-1.jpg\" alt=\"descubre-todo-sobre-las-volvas-personajes-mitologicos-4\" width=\"246\" height=\"424\" srcset=\"https:\/\/manipogo.de\/wp-content\/uploads\/descubre-todo-sobre-las-volvas-personajes-mitologicos-4-1.jpg 246w, https:\/\/manipogo.de\/wp-content\/uploads\/descubre-todo-sobre-las-volvas-personajes-mitologicos-4-1-174x300.jpg 174w\" sizes=\"auto, (max-width: 246px) 100vw, 246px\" \/><\/a>Die neun Welten:<\/span><\/em><br \/>\n<em>Asgarth (die G\u00f6tter)<\/em><br \/>\n<em>Alfheim (Elfen)<\/em><br \/>\n<em>Midgard (Menschen)<\/em><br \/>\n<em>Jotunheim (Riesen)<\/em><br \/>\n<em>Muspellsheim (Feuer)<\/em><br \/>\n<em>Svartalgaheim (die dunklen Elfen)<\/em><br \/>\n<em>Niflheim (nochmal Elfen)<\/em><br \/>\n<em>Nitharvellir (Zwerge);<br \/>\ndie neunte Welt ist unklar.<\/em><\/p>\n<p><em>Der m\u00e4chtige Baum ist Yggdrasil, der Baum der Welt.<br \/>\nRechts im Bild: die Volva (auf lacunademagni.blogspot.com)<br \/>\n<\/em><br \/>\n3<br \/>\nIn der Zeit \/ als Ymir lebte:<br \/>\nKein Meer, keine Wellen \/ und auch kein Sand.<br \/>\nUnd keine Erde, \/ kein Himmel, der hochstrebte,<br \/>\nNur ein g\u00e4hnender Abgrund \/ Nichts Gr\u00fcnes man fand.<\/p>\n<p>4<br \/>\nDann hoben Burs S\u00f6hne \/ das Land empor,<br \/>\ndas m\u00e4chtige Midgard \/ erschufen sie auch.<br \/>\nVom S\u00fcden kam Sonne \/ der Stein nicht mehr fror.<br \/>\nUnd gr\u00fcn war der Boden, \/ voll Flechten und Lauch.<\/p>\n<p>5<br \/>\nDie Sonne im S\u00fcden, \/ die Schwester vom Mond<br \/>\nReicht mit der rechten Hand \/ \u00fcber den Himmelsrand.<br \/>\nDoch wusste sie nicht, \/ wo sie nun wohnt.<br \/>\nDer Mond indessen \/ seine Macht nicht verstand,<br \/>\nUnd die Sterne nicht wussten, \/ wo ihr Ort sich befand.<\/p>\n<p>6<br \/>\nDie G\u00f6tter nahmen \/ ein ihre Sitze<br \/>\nDie Heiligen \/ und hielten Rat dieses Mal.<br \/>\nNamen gaben sie \/ dem D\u00e4mmer, dem Mittag, der Hitze<br \/>\nSie nannten den Morgen \/ und den Mond, der wird schmal<br \/>\nNacht und den Morgen, \/ gaben jedem Jahr eine Zahl.<\/p>\n<p>7<br \/>\nIn Ithavoll bauten \/ die G\u00f6tter alle<br \/>\nSchreine und Tempel \/ von hoher Gestalt.<br \/>\nSie entz\u00fcndeten Feuer \/ und schufen Metalle,<br \/>\nSchmiedeten Zangen \/ und Beile mit gro\u00dfer Gewalt.<\/p>\n<p>8<br \/>\nIm Frieden sa\u00dfen sie, \/ auf den Tischen das Spiel,<br \/>\nEs fehlt&#8216; nicht an Gold, \/ sie wussten ja nicht &#8230; (da geheim)<br \/>\nDrei riesige M\u00e4dchen erschienen, \/ was keinem gefiel.<br \/>\nSie kamen direkt \/ aus Jotunheim.<\/p>\n<p><em>Mit den riesigen M\u00e4dchen waren vermutlich die drei Schicksalg\u00f6ttinnen gemeint, die Nornen. Nach dem 8. Abschnitt gibt es einen Bruch; vermutlich war etwas verlorengegangen, das Gedicht ist ja fast 1000 Jahre alt. Die Volva z\u00e4hlt in den n\u00e4chsten 8 Abschnitten die Namen von Zwergen herunter, und danach kommt man wieder klar. In Teil 17 wird das erste Menschenpaar erschaffen, Ask und Embla.<br \/>\n<\/em><\/p>\n<p>17<br \/>\nDann aus der Menge \/ zwei hervorkamen,<br \/>\nAus der G\u00f6tter Heim, \/ mit Gnaden gebracht.<br \/>\nZwei ohne Schicksal, \/ das Land sie sich nahmen:<br \/>\nAsk und Embla, \/ ohn&#8216; jede Macht.<\/p>\n<p>18<br \/>\nIhnen fehlten die Seele \/ und auch die Sinne,<br \/>\ndie W\u00e4rme, das Wache, \/ die lebhafte Farbe.<br \/>\nDie Seele gab Odin, \/ und H\u00f6nir die Sinne,<br \/>\nHitze gab Lothur (Loki) \/ und die lebhafte Farbe.<\/p>\n<p>19<br \/>\nIch kenne die Eiche, ihr Name Yggdrasil,<br \/>\nMan gibt viel \/ wei\u00dfes Wasser dem Baum.<br \/>\nIn die T\u00e4ler \/ f\u00e4llt kostbarer Tau viel,<br \/>\nGr\u00fcn bei Urths Quelle, \/ w\u00e4chst er hoch in den Raum.<\/p>\n<p>20<br \/>\nDann kommen die M\u00e4dchen \/ an Weisheit reich<br \/>\nDrei aus den Wurzeln \/ in Baumes Mitte.<br \/>\nUrth hei\u00dft eine, \/ Verthandi folgt gleich<br \/>\nIn Holz schnitten sie \/ \u2014 Skuld war die dritte,<br \/>\nGesetze den Menschen \/ f\u00fcr alle gleich,<br \/>\nUnd ihr Schicksal, ihr Leben \/ und deren Sitte.<\/p>\n<p>21<br \/>\nDer erste Krieg auf der Welt \/ den wir erkannten<br \/>\nAls die G\u00f6tter mit Speeren \/ Gollveig trafen<br \/>\nUnd in der Halle von Hor \/ sie verbrannten.<br \/>\nDrei Mal verbrannt \/ drei Mal entschlafen<br \/>\nStets wiedergeboren \/ und auferstanden.<\/p>\n<p>22<br \/>\nHeith nannten sie sie \/ und suchten nach ihr<br \/>\nDer Seherin, Hexe \/ geschult in Magie<br \/>\nDie Sinne bet\u00f6rt&#8216; sie \/ und macht alle wirr<br \/>\nF\u00fcr b\u00f6se Frauen \/ eine Freude war sie.<\/p>\n<p><em>Gollveig k\u00f6nnte Freija sein, die germanische Liebesg\u00f6ttin. Und Heith nannte man damals die weisen Frauen.<\/em><\/p>\n<p><em>Damit w\u00e4ren wir bis Stanza 22 gelangt, und morgen geht es weiter.\u00a0<\/em><\/p>\n","protected":false},"excerpt":{"rendered":"<p>Vor drei Jahren hatte manipogo Odin vorgestellt, den Obersten der germanischen G\u00f6tter, der der Volva lauscht, die ihm die G\u00f6tterd\u00e4mmerung und eine neue Welt prophezeit. Zuvor jedoch schilderte sie die Entstehung der Welt: in den Versen der Voluspa, dem ersten Kapitel der poetischen Edda.\u00a0<\/p>\n","protected":false},"author":1,"featured_media":0,"comment_status":"closed","ping_status":"closed","sticky":false,"template":"","format":"standard","meta":{"footnotes":""},"categories":[1347],"tags":[2575,971],"class_list":["post-34603","post","type-post","status-publish","format-standard","hentry","category-mystik","tag-edda","tag-mythos"],"yoast_head":"<!-- This site is optimized with the Yoast SEO plugin v27.3 - https:\/\/yoast.com\/product\/yoast-seo-wordpress\/ -->\n<title>Die Volva erz\u00e4hlt - manipogo<\/title>\n<meta name=\"description\" content=\"Die &quot;Edda&quot; ist eine ber\u00fchmte isl\u00e4ndische Dichtung aus dem zehnteb Jahrhundert und erz\u00e4hlt von Odin und seiner Familie, der Zerst\u00f6rung der welt im Krieg und ihre Neugeburt.\" \/>\n<meta name=\"robots\" content=\"index, follow, max-snippet:-1, max-image-preview:large, max-video-preview:-1\" \/>\n<link rel=\"canonical\" href=\"https:\/\/manipogo.de\/?p=34603\" \/>\n<meta property=\"og:locale\" content=\"de_DE\" \/>\n<meta property=\"og:type\" content=\"article\" \/>\n<meta property=\"og:title\" content=\"Die Volva erz\u00e4hlt - manipogo\" \/>\n<meta property=\"og:description\" content=\"Die &quot;Edda&quot; ist eine ber\u00fchmte isl\u00e4ndische Dichtung aus dem zehnteb Jahrhundert und erz\u00e4hlt von Odin und seiner Familie, der Zerst\u00f6rung der welt im Krieg und ihre Neugeburt.\" \/>\n<meta property=\"og:url\" content=\"https:\/\/manipogo.de\/?p=34603\" \/>\n<meta property=\"og:site_name\" content=\"manipogo\" \/>\n<meta property=\"article:published_time\" content=\"2024-04-02T00:46:21+00:00\" \/>\n<meta property=\"article:modified_time\" content=\"2024-05-22T17:05:22+00:00\" \/>\n<meta property=\"og:image\" content=\"http:\/\/manipogo.de\/wp-content\/uploads\/024-5-2-150x150.jpg\" \/>\n<meta name=\"author\" content=\"web108\" \/>\n<meta name=\"twitter:card\" content=\"summary_large_image\" \/>\n<meta name=\"twitter:label1\" content=\"Verfasst von\" \/>\n\t<meta name=\"twitter:data1\" content=\"web108\" \/>\n\t<meta name=\"twitter:label2\" content=\"Gesch\u00e4tzte Lesezeit\" \/>\n\t<meta name=\"twitter:data2\" content=\"5\u00a0Minuten\" \/>\n<script type=\"application\/ld+json\" class=\"yoast-schema-graph\">{\"@context\":\"https:\\\/\\\/schema.org\",\"@graph\":[{\"@type\":\"Article\",\"@id\":\"https:\\\/\\\/manipogo.de\\\/?p=34603#article\",\"isPartOf\":{\"@id\":\"https:\\\/\\\/manipogo.de\\\/?p=34603\"},\"author\":{\"name\":\"web108\",\"@id\":\"https:\\\/\\\/manipogo.de\\\/#\\\/schema\\\/person\\\/991913de0e39267877f234553fd7f58d\"},\"headline\":\"Die Volva erz\u00e4hlt\",\"datePublished\":\"2024-04-02T00:46:21+00:00\",\"dateModified\":\"2024-05-22T17:05:22+00:00\",\"mainEntityOfPage\":{\"@id\":\"https:\\\/\\\/manipogo.de\\\/?p=34603\"},\"wordCount\":728,\"image\":{\"@id\":\"https:\\\/\\\/manipogo.de\\\/?p=34603#primaryimage\"},\"thumbnailUrl\":\"http:\\\/\\\/manipogo.de\\\/wp-content\\\/uploads\\\/024-5-2-150x150.jpg\",\"keywords\":[\"Edda\",\"Mythos\"],\"articleSection\":[\"Mystik\"],\"inLanguage\":\"de\"},{\"@type\":\"WebPage\",\"@id\":\"https:\\\/\\\/manipogo.de\\\/?p=34603\",\"url\":\"https:\\\/\\\/manipogo.de\\\/?p=34603\",\"name\":\"Die Volva erz\u00e4hlt - manipogo\",\"isPartOf\":{\"@id\":\"https:\\\/\\\/manipogo.de\\\/#website\"},\"primaryImageOfPage\":{\"@id\":\"https:\\\/\\\/manipogo.de\\\/?p=34603#primaryimage\"},\"image\":{\"@id\":\"https:\\\/\\\/manipogo.de\\\/?p=34603#primaryimage\"},\"thumbnailUrl\":\"http:\\\/\\\/manipogo.de\\\/wp-content\\\/uploads\\\/024-5-2-150x150.jpg\",\"datePublished\":\"2024-04-02T00:46:21+00:00\",\"dateModified\":\"2024-05-22T17:05:22+00:00\",\"author\":{\"@id\":\"https:\\\/\\\/manipogo.de\\\/#\\\/schema\\\/person\\\/991913de0e39267877f234553fd7f58d\"},\"description\":\"Die \\\"Edda\\\" ist eine ber\u00fchmte isl\u00e4ndische Dichtung aus dem zehnteb Jahrhundert und erz\u00e4hlt von Odin und seiner Familie, der Zerst\u00f6rung der welt im Krieg und ihre Neugeburt.\",\"breadcrumb\":{\"@id\":\"https:\\\/\\\/manipogo.de\\\/?p=34603#breadcrumb\"},\"inLanguage\":\"de\",\"potentialAction\":[{\"@type\":\"ReadAction\",\"target\":[\"https:\\\/\\\/manipogo.de\\\/?p=34603\"]}]},{\"@type\":\"ImageObject\",\"inLanguage\":\"de\",\"@id\":\"https:\\\/\\\/manipogo.de\\\/?p=34603#primaryimage\",\"url\":\"http:\\\/\\\/manipogo.de\\\/wp-content\\\/uploads\\\/024-5-2-150x150.jpg\",\"contentUrl\":\"http:\\\/\\\/manipogo.de\\\/wp-content\\\/uploads\\\/024-5-2-150x150.jpg\"},{\"@type\":\"BreadcrumbList\",\"@id\":\"https:\\\/\\\/manipogo.de\\\/?p=34603#breadcrumb\",\"itemListElement\":[{\"@type\":\"ListItem\",\"position\":1,\"name\":\"Startseite\",\"item\":\"https:\\\/\\\/manipogo.de\\\/\"},{\"@type\":\"ListItem\",\"position\":2,\"name\":\"Die Volva erz\u00e4hlt\"}]},{\"@type\":\"WebSite\",\"@id\":\"https:\\\/\\\/manipogo.de\\\/#website\",\"url\":\"https:\\\/\\\/manipogo.de\\\/\",\"name\":\"manipogo\",\"description\":\"Gott und die Welt\",\"potentialAction\":[{\"@type\":\"SearchAction\",\"target\":{\"@type\":\"EntryPoint\",\"urlTemplate\":\"https:\\\/\\\/manipogo.de\\\/?s={search_term_string}\"},\"query-input\":{\"@type\":\"PropertyValueSpecification\",\"valueRequired\":true,\"valueName\":\"search_term_string\"}}],\"inLanguage\":\"de\"},{\"@type\":\"Person\",\"@id\":\"https:\\\/\\\/manipogo.de\\\/#\\\/schema\\\/person\\\/991913de0e39267877f234553fd7f58d\",\"name\":\"web108\",\"url\":\"https:\\\/\\\/manipogo.de\\\/?author=1\"}]}<\/script>\n<!-- \/ Yoast SEO plugin. -->","yoast_head_json":{"title":"Die Volva erz\u00e4hlt - manipogo","description":"Die \"Edda\" ist eine ber\u00fchmte isl\u00e4ndische Dichtung aus dem zehnteb Jahrhundert und erz\u00e4hlt von Odin und seiner Familie, der Zerst\u00f6rung der welt im Krieg und ihre Neugeburt.","robots":{"index":"index","follow":"follow","max-snippet":"max-snippet:-1","max-image-preview":"max-image-preview:large","max-video-preview":"max-video-preview:-1"},"canonical":"https:\/\/manipogo.de\/?p=34603","og_locale":"de_DE","og_type":"article","og_title":"Die Volva erz\u00e4hlt - manipogo","og_description":"Die \"Edda\" ist eine ber\u00fchmte isl\u00e4ndische Dichtung aus dem zehnteb Jahrhundert und erz\u00e4hlt von Odin und seiner Familie, der Zerst\u00f6rung der welt im Krieg und ihre Neugeburt.","og_url":"https:\/\/manipogo.de\/?p=34603","og_site_name":"manipogo","article_published_time":"2024-04-02T00:46:21+00:00","article_modified_time":"2024-05-22T17:05:22+00:00","og_image":[{"url":"http:\/\/manipogo.de\/wp-content\/uploads\/024-5-2-150x150.jpg","type":"","width":"","height":""}],"author":"web108","twitter_card":"summary_large_image","twitter_misc":{"Verfasst von":"web108","Gesch\u00e4tzte Lesezeit":"5\u00a0Minuten"},"schema":{"@context":"https:\/\/schema.org","@graph":[{"@type":"Article","@id":"https:\/\/manipogo.de\/?p=34603#article","isPartOf":{"@id":"https:\/\/manipogo.de\/?p=34603"},"author":{"name":"web108","@id":"https:\/\/manipogo.de\/#\/schema\/person\/991913de0e39267877f234553fd7f58d"},"headline":"Die Volva erz\u00e4hlt","datePublished":"2024-04-02T00:46:21+00:00","dateModified":"2024-05-22T17:05:22+00:00","mainEntityOfPage":{"@id":"https:\/\/manipogo.de\/?p=34603"},"wordCount":728,"image":{"@id":"https:\/\/manipogo.de\/?p=34603#primaryimage"},"thumbnailUrl":"http:\/\/manipogo.de\/wp-content\/uploads\/024-5-2-150x150.jpg","keywords":["Edda","Mythos"],"articleSection":["Mystik"],"inLanguage":"de"},{"@type":"WebPage","@id":"https:\/\/manipogo.de\/?p=34603","url":"https:\/\/manipogo.de\/?p=34603","name":"Die Volva erz\u00e4hlt - manipogo","isPartOf":{"@id":"https:\/\/manipogo.de\/#website"},"primaryImageOfPage":{"@id":"https:\/\/manipogo.de\/?p=34603#primaryimage"},"image":{"@id":"https:\/\/manipogo.de\/?p=34603#primaryimage"},"thumbnailUrl":"http:\/\/manipogo.de\/wp-content\/uploads\/024-5-2-150x150.jpg","datePublished":"2024-04-02T00:46:21+00:00","dateModified":"2024-05-22T17:05:22+00:00","author":{"@id":"https:\/\/manipogo.de\/#\/schema\/person\/991913de0e39267877f234553fd7f58d"},"description":"Die \"Edda\" ist eine ber\u00fchmte isl\u00e4ndische Dichtung aus dem zehnteb Jahrhundert und erz\u00e4hlt von Odin und seiner Familie, der Zerst\u00f6rung der welt im Krieg und ihre Neugeburt.","breadcrumb":{"@id":"https:\/\/manipogo.de\/?p=34603#breadcrumb"},"inLanguage":"de","potentialAction":[{"@type":"ReadAction","target":["https:\/\/manipogo.de\/?p=34603"]}]},{"@type":"ImageObject","inLanguage":"de","@id":"https:\/\/manipogo.de\/?p=34603#primaryimage","url":"http:\/\/manipogo.de\/wp-content\/uploads\/024-5-2-150x150.jpg","contentUrl":"http:\/\/manipogo.de\/wp-content\/uploads\/024-5-2-150x150.jpg"},{"@type":"BreadcrumbList","@id":"https:\/\/manipogo.de\/?p=34603#breadcrumb","itemListElement":[{"@type":"ListItem","position":1,"name":"Startseite","item":"https:\/\/manipogo.de\/"},{"@type":"ListItem","position":2,"name":"Die Volva erz\u00e4hlt"}]},{"@type":"WebSite","@id":"https:\/\/manipogo.de\/#website","url":"https:\/\/manipogo.de\/","name":"manipogo","description":"Gott und die Welt","potentialAction":[{"@type":"SearchAction","target":{"@type":"EntryPoint","urlTemplate":"https:\/\/manipogo.de\/?s={search_term_string}"},"query-input":{"@type":"PropertyValueSpecification","valueRequired":true,"valueName":"search_term_string"}}],"inLanguage":"de"},{"@type":"Person","@id":"https:\/\/manipogo.de\/#\/schema\/person\/991913de0e39267877f234553fd7f58d","name":"web108","url":"https:\/\/manipogo.de\/?author=1"}]}},"_links":{"self":[{"href":"https:\/\/manipogo.de\/index.php?rest_route=\/wp\/v2\/posts\/34603","targetHints":{"allow":["GET"]}}],"collection":[{"href":"https:\/\/manipogo.de\/index.php?rest_route=\/wp\/v2\/posts"}],"about":[{"href":"https:\/\/manipogo.de\/index.php?rest_route=\/wp\/v2\/types\/post"}],"author":[{"embeddable":true,"href":"https:\/\/manipogo.de\/index.php?rest_route=\/wp\/v2\/users\/1"}],"replies":[{"embeddable":true,"href":"https:\/\/manipogo.de\/index.php?rest_route=%2Fwp%2Fv2%2Fcomments&post=34603"}],"version-history":[{"count":21,"href":"https:\/\/manipogo.de\/index.php?rest_route=\/wp\/v2\/posts\/34603\/revisions"}],"predecessor-version":[{"id":36624,"href":"https:\/\/manipogo.de\/index.php?rest_route=\/wp\/v2\/posts\/34603\/revisions\/36624"}],"wp:attachment":[{"href":"https:\/\/manipogo.de\/index.php?rest_route=%2Fwp%2Fv2%2Fmedia&parent=34603"}],"wp:term":[{"taxonomy":"category","embeddable":true,"href":"https:\/\/manipogo.de\/index.php?rest_route=%2Fwp%2Fv2%2Fcategories&post=34603"},{"taxonomy":"post_tag","embeddable":true,"href":"https:\/\/manipogo.de\/index.php?rest_route=%2Fwp%2Fv2%2Ftags&post=34603"}],"curies":[{"name":"wp","href":"https:\/\/api.w.org\/{rel}","templated":true}]}}