{"id":36627,"date":"2024-05-29T01:46:05","date_gmt":"2024-05-28T23:46:05","guid":{"rendered":"https:\/\/manipogo.de\/?p=36627"},"modified":"2024-05-25T23:05:57","modified_gmt":"2024-05-25T21:05:57","slug":"charon-auf-dem-styx","status":"publish","type":"post","link":"https:\/\/manipogo.de\/?p=36627","title":{"rendered":"Die Unterwelt und unsere Angst"},"content":{"rendered":"<p>Alle, die mal auf Mallorca waren, kennen die Drach-H\u00f6hlen. Ich war schon lange in keiner H\u00f6hle mehr gewesen, und es ist, als steige man in sich selbst hinein. Diese untere Welt gleicht keiner, die wir kennen, und dort treffen wir den F\u00e4hrmann Charon, der die toten Seelen \u00fcber den Styx rudert. <!--more--><\/p>\n<p>In den H\u00f6hlen werden als Schlussakkord Touristen in Booten zum Ausgang gerudert, und dann steigen sie aus wie die Toten in der griechischen Antike, denen vorher ein \u00bbObulos\u00ab in den Mund gelegt wurde als Fahrgeld. Ob sie dann im Hades landeten oder im Elysium, war nicht ganz klar, das hat die alten Griechen auch nicht sonderlich interessiert. Ob der Fluss der Styx war oder der Acheron, wei\u00df man auch nicht, doch ist dieser Mythos sch\u00f6n schauerlich.<\/p>\n<p><a href=\"https:\/\/manipogo.de\/wp-content\/uploads\/IMG-20240522-WA0002.jpg\"><img loading=\"lazy\" decoding=\"async\" class=\"aligncenter wp-image-36629\" src=\"https:\/\/manipogo.de\/wp-content\/uploads\/IMG-20240522-WA0002-1024x768.jpg\" alt=\"\" width=\"540\" height=\"405\" srcset=\"https:\/\/manipogo.de\/wp-content\/uploads\/IMG-20240522-WA0002-1024x768.jpg 1024w, https:\/\/manipogo.de\/wp-content\/uploads\/IMG-20240522-WA0002-300x225.jpg 300w, https:\/\/manipogo.de\/wp-content\/uploads\/IMG-20240522-WA0002-768x576.jpg 768w, https:\/\/manipogo.de\/wp-content\/uploads\/IMG-20240522-WA0002-1536x1152.jpg 1536w, https:\/\/manipogo.de\/wp-content\/uploads\/IMG-20240522-WA0002.jpg 1600w\" sizes=\"auto, (max-width: 540px) 100vw, 540px\" \/><\/a><\/p>\n<p><a href=\"https:\/\/manipogo.de\/wp-content\/uploads\/20240521_165743-scaled.jpg\"><img loading=\"lazy\" decoding=\"async\" class=\"aligncenter wp-image-36630\" src=\"https:\/\/manipogo.de\/wp-content\/uploads\/20240521_165743-1024x576.jpg\" alt=\"\" width=\"540\" height=\"304\" srcset=\"https:\/\/manipogo.de\/wp-content\/uploads\/20240521_165743-1024x576.jpg 1024w, https:\/\/manipogo.de\/wp-content\/uploads\/20240521_165743-300x169.jpg 300w, https:\/\/manipogo.de\/wp-content\/uploads\/20240521_165743-768x432.jpg 768w, https:\/\/manipogo.de\/wp-content\/uploads\/20240521_165743-1536x864.jpg 1536w, https:\/\/manipogo.de\/wp-content\/uploads\/20240521_165743-2048x1152.jpg 2048w\" sizes=\"auto, (max-width: 540px) 100vw, 540px\" \/><\/a><\/p>\n<p>Auch diese Welt unter der Erde ver\u00e4ndert sich stetig und lebt. Sie ist von einer eigenen Sch\u00f6nheit.<\/p>\n<p><a href=\"https:\/\/manipogo.de\/wp-content\/uploads\/IMG-20240522-WA0005.jpg\"><img loading=\"lazy\" decoding=\"async\" class=\"aligncenter wp-image-36632\" src=\"https:\/\/manipogo.de\/wp-content\/uploads\/IMG-20240522-WA0005-1024x768.jpg\" alt=\"\" width=\"540\" height=\"405\" srcset=\"https:\/\/manipogo.de\/wp-content\/uploads\/IMG-20240522-WA0005-1024x768.jpg 1024w, https:\/\/manipogo.de\/wp-content\/uploads\/IMG-20240522-WA0005-300x225.jpg 300w, https:\/\/manipogo.de\/wp-content\/uploads\/IMG-20240522-WA0005-768x576.jpg 768w, https:\/\/manipogo.de\/wp-content\/uploads\/IMG-20240522-WA0005-1536x1152.jpg 1536w, https:\/\/manipogo.de\/wp-content\/uploads\/IMG-20240522-WA0005.jpg 1600w\" sizes=\"auto, (max-width: 540px) 100vw, 540px\" \/><\/a><\/p>\n<p><a href=\"https:\/\/manipogo.de\/wp-content\/uploads\/IMG-20240522-WA0006.jpg\"><img loading=\"lazy\" decoding=\"async\" class=\"aligncenter wp-image-36633\" src=\"https:\/\/manipogo.de\/wp-content\/uploads\/IMG-20240522-WA0006-1024x768.jpg\" alt=\"\" width=\"540\" height=\"405\" srcset=\"https:\/\/manipogo.de\/wp-content\/uploads\/IMG-20240522-WA0006-1024x768.jpg 1024w, https:\/\/manipogo.de\/wp-content\/uploads\/IMG-20240522-WA0006-300x225.jpg 300w, https:\/\/manipogo.de\/wp-content\/uploads\/IMG-20240522-WA0006-768x576.jpg 768w, https:\/\/manipogo.de\/wp-content\/uploads\/IMG-20240522-WA0006-1536x1152.jpg 1536w, https:\/\/manipogo.de\/wp-content\/uploads\/IMG-20240522-WA0006.jpg 1600w\" sizes=\"auto, (max-width: 540px) 100vw, 540px\" \/><\/a><\/p>\n<p><a href=\"https:\/\/manipogo.de\/wp-content\/uploads\/IMG-20240522-WA0003.jpg\"><img loading=\"lazy\" decoding=\"async\" class=\"aligncenter wp-image-36634\" src=\"https:\/\/manipogo.de\/wp-content\/uploads\/IMG-20240522-WA0003-1024x768.jpg\" alt=\"\" width=\"540\" height=\"405\" srcset=\"https:\/\/manipogo.de\/wp-content\/uploads\/IMG-20240522-WA0003-1024x768.jpg 1024w, https:\/\/manipogo.de\/wp-content\/uploads\/IMG-20240522-WA0003-300x225.jpg 300w, https:\/\/manipogo.de\/wp-content\/uploads\/IMG-20240522-WA0003-768x576.jpg 768w, https:\/\/manipogo.de\/wp-content\/uploads\/IMG-20240522-WA0003-1536x1152.jpg 1536w, https:\/\/manipogo.de\/wp-content\/uploads\/IMG-20240522-WA0003.jpg 1600w\" sizes=\"auto, (max-width: 540px) 100vw, 540px\" \/><\/a><\/p>\n<p>Mir fielen dabei nur die Geschichten aus der Literatur ein, die unter der Erde spielen. Max Frisch lie\u00df Stiller in seinem gleichnamigen Roman von 1954 eine Episode in einer H\u00f6hle berichten; Albin Zollinger erz\u00e4hlte von zwei J\u00fcnglingen, die sich unrettbar in einer H\u00f6hle bei Rom verirren; und G\u00fcnter Eich schrieb einmal ein H\u00f6rspiel um eine Schulklasse, die es nicht mehr schafft, aus einer H\u00f6hle herauszukommen. Immer geht es um die Angst, drunten bleiben zu m\u00fcssen, weil wir das Licht brauchen und die Dunkelheit uns dem Tod \u00e4hnelt.<\/p>\n<p>Interessant, was man so denkt. Man hat sich in den Jahren ver\u00e4ndert, und pl\u00f6tzlich taucht j\u00e4h ein neuer Gedanke auf. In den Cuevas de Drach war es bei mir folgender: Wozu brauche ich eigene Erinnerungen? Mein Leben war nicht bedeutend, die sch\u00f6nsten Szenen stammen eigentlich aus B\u00fcchern und Filmen. Ist das nicht das Ged\u00e4chtnis der Menschheit? Ich bin der, der ich im Augenblick bin; was ich war, ist nicht von Belang. Die Kunstwerke der Welt geh\u00f6ren allen und sind mein Reservoir der Erinnerung.<\/p>\n<p><a href=\"https:\/\/manipogo.de\/wp-content\/uploads\/IMG-20240517-WA0019.jpg\"><img loading=\"lazy\" decoding=\"async\" class=\"aligncenter wp-image-36636\" src=\"https:\/\/manipogo.de\/wp-content\/uploads\/IMG-20240517-WA0019-768x1024.jpg\" alt=\"\" width=\"540\" height=\"720\" srcset=\"https:\/\/manipogo.de\/wp-content\/uploads\/IMG-20240517-WA0019-768x1024.jpg 768w, https:\/\/manipogo.de\/wp-content\/uploads\/IMG-20240517-WA0019-225x300.jpg 225w, https:\/\/manipogo.de\/wp-content\/uploads\/IMG-20240517-WA0019-1152x1536.jpg 1152w, https:\/\/manipogo.de\/wp-content\/uploads\/IMG-20240517-WA0019.jpg 1200w\" sizes=\"auto, (max-width: 540px) 100vw, 540px\" \/><\/a><\/p>\n","protected":false},"excerpt":{"rendered":"<p>Alle, die mal auf Mallorca waren, kennen die Drach-H\u00f6hlen. Ich war schon lange in keiner H\u00f6hle mehr gewesen, und es ist, als steige man in sich selbst hinein. Diese untere Welt gleicht keiner, die wir kennen, und dort treffen wir den F\u00e4hrmann Charon, der die toten Seelen \u00fcber den Styx rudert.<\/p>\n","protected":false},"author":1,"featured_media":0,"comment_status":"closed","ping_status":"closed","sticky":false,"template":"","format":"standard","meta":{"footnotes":""},"categories":[1347],"tags":[1543,2540],"class_list":["post-36627","post","type-post","status-publish","format-standard","hentry","category-mystik","tag-mallorca","tag-unterwelt"],"yoast_head":"<!-- This site is optimized with the Yoast SEO plugin v27.3 - https:\/\/yoast.com\/product\/yoast-seo-wordpress\/ -->\n<title>Die Unterwelt und unsere Angst - manipogo<\/title>\n<meta name=\"description\" content=\"Die Unterwelt, hier rep\u00e4sentiert durch die Cuevas dek Drach auf Mallorca, hat die Menschen immer ge\u00e4ngstigt. Sie f\u00fcrchteten, nie mehr herauszukommen. Bei den alten Griechen ruderte F\u00e4hrmann Charon die Seelen \u00fcber den Totenfluss Styx.\" \/>\n<meta name=\"robots\" content=\"index, follow, max-snippet:-1, max-image-preview:large, max-video-preview:-1\" \/>\n<link rel=\"canonical\" href=\"https:\/\/manipogo.de\/?p=36627\" \/>\n<meta property=\"og:locale\" content=\"de_DE\" \/>\n<meta property=\"og:type\" content=\"article\" \/>\n<meta property=\"og:title\" content=\"Die Unterwelt und unsere Angst - manipogo\" \/>\n<meta property=\"og:description\" content=\"Die Unterwelt, hier rep\u00e4sentiert durch die Cuevas dek Drach auf Mallorca, hat die Menschen immer ge\u00e4ngstigt. Sie f\u00fcrchteten, nie mehr herauszukommen. Bei den alten Griechen ruderte F\u00e4hrmann Charon die Seelen \u00fcber den Totenfluss Styx.\" \/>\n<meta property=\"og:url\" content=\"https:\/\/manipogo.de\/?p=36627\" \/>\n<meta property=\"og:site_name\" content=\"manipogo\" \/>\n<meta property=\"article:published_time\" content=\"2024-05-28T23:46:05+00:00\" \/>\n<meta property=\"og:image\" content=\"https:\/\/manipogo.de\/wp-content\/uploads\/IMG-20240522-WA0002-1024x768.jpg\" \/>\n<meta name=\"author\" content=\"web108\" \/>\n<meta name=\"twitter:card\" content=\"summary_large_image\" \/>\n<meta name=\"twitter:label1\" content=\"Verfasst von\" \/>\n\t<meta name=\"twitter:data1\" content=\"web108\" \/>\n\t<meta name=\"twitter:label2\" content=\"Gesch\u00e4tzte Lesezeit\" \/>\n\t<meta name=\"twitter:data2\" content=\"3\u00a0Minuten\" \/>\n<script type=\"application\/ld+json\" class=\"yoast-schema-graph\">{\"@context\":\"https:\\\/\\\/schema.org\",\"@graph\":[{\"@type\":\"Article\",\"@id\":\"https:\\\/\\\/manipogo.de\\\/?p=36627#article\",\"isPartOf\":{\"@id\":\"https:\\\/\\\/manipogo.de\\\/?p=36627\"},\"author\":{\"name\":\"web108\",\"@id\":\"https:\\\/\\\/manipogo.de\\\/#\\\/schema\\\/person\\\/991913de0e39267877f234553fd7f58d\"},\"headline\":\"Die Unterwelt und unsere Angst\",\"datePublished\":\"2024-05-28T23:46:05+00:00\",\"mainEntityOfPage\":{\"@id\":\"https:\\\/\\\/manipogo.de\\\/?p=36627\"},\"wordCount\":340,\"image\":{\"@id\":\"https:\\\/\\\/manipogo.de\\\/?p=36627#primaryimage\"},\"thumbnailUrl\":\"https:\\\/\\\/manipogo.de\\\/wp-content\\\/uploads\\\/IMG-20240522-WA0002-1024x768.jpg\",\"keywords\":[\"Mallorca\",\"Unterwelt\"],\"articleSection\":[\"Mystik\"],\"inLanguage\":\"de\"},{\"@type\":\"WebPage\",\"@id\":\"https:\\\/\\\/manipogo.de\\\/?p=36627\",\"url\":\"https:\\\/\\\/manipogo.de\\\/?p=36627\",\"name\":\"Die Unterwelt und unsere Angst - manipogo\",\"isPartOf\":{\"@id\":\"https:\\\/\\\/manipogo.de\\\/#website\"},\"primaryImageOfPage\":{\"@id\":\"https:\\\/\\\/manipogo.de\\\/?p=36627#primaryimage\"},\"image\":{\"@id\":\"https:\\\/\\\/manipogo.de\\\/?p=36627#primaryimage\"},\"thumbnailUrl\":\"https:\\\/\\\/manipogo.de\\\/wp-content\\\/uploads\\\/IMG-20240522-WA0002-1024x768.jpg\",\"datePublished\":\"2024-05-28T23:46:05+00:00\",\"author\":{\"@id\":\"https:\\\/\\\/manipogo.de\\\/#\\\/schema\\\/person\\\/991913de0e39267877f234553fd7f58d\"},\"description\":\"Die Unterwelt, hier rep\u00e4sentiert durch die Cuevas dek Drach auf Mallorca, hat die Menschen immer ge\u00e4ngstigt. Sie f\u00fcrchteten, nie mehr herauszukommen. Bei den alten Griechen ruderte F\u00e4hrmann Charon die Seelen \u00fcber den Totenfluss Styx.\",\"breadcrumb\":{\"@id\":\"https:\\\/\\\/manipogo.de\\\/?p=36627#breadcrumb\"},\"inLanguage\":\"de\",\"potentialAction\":[{\"@type\":\"ReadAction\",\"target\":[\"https:\\\/\\\/manipogo.de\\\/?p=36627\"]}]},{\"@type\":\"ImageObject\",\"inLanguage\":\"de\",\"@id\":\"https:\\\/\\\/manipogo.de\\\/?p=36627#primaryimage\",\"url\":\"https:\\\/\\\/manipogo.de\\\/wp-content\\\/uploads\\\/IMG-20240522-WA0002.jpg\",\"contentUrl\":\"https:\\\/\\\/manipogo.de\\\/wp-content\\\/uploads\\\/IMG-20240522-WA0002.jpg\",\"width\":1600,\"height\":1200},{\"@type\":\"BreadcrumbList\",\"@id\":\"https:\\\/\\\/manipogo.de\\\/?p=36627#breadcrumb\",\"itemListElement\":[{\"@type\":\"ListItem\",\"position\":1,\"name\":\"Startseite\",\"item\":\"https:\\\/\\\/manipogo.de\\\/\"},{\"@type\":\"ListItem\",\"position\":2,\"name\":\"Die Unterwelt und unsere Angst\"}]},{\"@type\":\"WebSite\",\"@id\":\"https:\\\/\\\/manipogo.de\\\/#website\",\"url\":\"https:\\\/\\\/manipogo.de\\\/\",\"name\":\"manipogo\",\"description\":\"Gott und die Welt\",\"potentialAction\":[{\"@type\":\"SearchAction\",\"target\":{\"@type\":\"EntryPoint\",\"urlTemplate\":\"https:\\\/\\\/manipogo.de\\\/?s={search_term_string}\"},\"query-input\":{\"@type\":\"PropertyValueSpecification\",\"valueRequired\":true,\"valueName\":\"search_term_string\"}}],\"inLanguage\":\"de\"},{\"@type\":\"Person\",\"@id\":\"https:\\\/\\\/manipogo.de\\\/#\\\/schema\\\/person\\\/991913de0e39267877f234553fd7f58d\",\"name\":\"web108\",\"url\":\"https:\\\/\\\/manipogo.de\\\/?author=1\"}]}<\/script>\n<!-- \/ Yoast SEO plugin. -->","yoast_head_json":{"title":"Die Unterwelt und unsere Angst - manipogo","description":"Die Unterwelt, hier rep\u00e4sentiert durch die Cuevas dek Drach auf Mallorca, hat die Menschen immer ge\u00e4ngstigt. Sie f\u00fcrchteten, nie mehr herauszukommen. Bei den alten Griechen ruderte F\u00e4hrmann Charon die Seelen \u00fcber den Totenfluss Styx.","robots":{"index":"index","follow":"follow","max-snippet":"max-snippet:-1","max-image-preview":"max-image-preview:large","max-video-preview":"max-video-preview:-1"},"canonical":"https:\/\/manipogo.de\/?p=36627","og_locale":"de_DE","og_type":"article","og_title":"Die Unterwelt und unsere Angst - manipogo","og_description":"Die Unterwelt, hier rep\u00e4sentiert durch die Cuevas dek Drach auf Mallorca, hat die Menschen immer ge\u00e4ngstigt. Sie f\u00fcrchteten, nie mehr herauszukommen. Bei den alten Griechen ruderte F\u00e4hrmann Charon die Seelen \u00fcber den Totenfluss Styx.","og_url":"https:\/\/manipogo.de\/?p=36627","og_site_name":"manipogo","article_published_time":"2024-05-28T23:46:05+00:00","og_image":[{"url":"https:\/\/manipogo.de\/wp-content\/uploads\/IMG-20240522-WA0002-1024x768.jpg","type":"","width":"","height":""}],"author":"web108","twitter_card":"summary_large_image","twitter_misc":{"Verfasst von":"web108","Gesch\u00e4tzte Lesezeit":"3\u00a0Minuten"},"schema":{"@context":"https:\/\/schema.org","@graph":[{"@type":"Article","@id":"https:\/\/manipogo.de\/?p=36627#article","isPartOf":{"@id":"https:\/\/manipogo.de\/?p=36627"},"author":{"name":"web108","@id":"https:\/\/manipogo.de\/#\/schema\/person\/991913de0e39267877f234553fd7f58d"},"headline":"Die Unterwelt und unsere Angst","datePublished":"2024-05-28T23:46:05+00:00","mainEntityOfPage":{"@id":"https:\/\/manipogo.de\/?p=36627"},"wordCount":340,"image":{"@id":"https:\/\/manipogo.de\/?p=36627#primaryimage"},"thumbnailUrl":"https:\/\/manipogo.de\/wp-content\/uploads\/IMG-20240522-WA0002-1024x768.jpg","keywords":["Mallorca","Unterwelt"],"articleSection":["Mystik"],"inLanguage":"de"},{"@type":"WebPage","@id":"https:\/\/manipogo.de\/?p=36627","url":"https:\/\/manipogo.de\/?p=36627","name":"Die Unterwelt und unsere Angst - manipogo","isPartOf":{"@id":"https:\/\/manipogo.de\/#website"},"primaryImageOfPage":{"@id":"https:\/\/manipogo.de\/?p=36627#primaryimage"},"image":{"@id":"https:\/\/manipogo.de\/?p=36627#primaryimage"},"thumbnailUrl":"https:\/\/manipogo.de\/wp-content\/uploads\/IMG-20240522-WA0002-1024x768.jpg","datePublished":"2024-05-28T23:46:05+00:00","author":{"@id":"https:\/\/manipogo.de\/#\/schema\/person\/991913de0e39267877f234553fd7f58d"},"description":"Die Unterwelt, hier rep\u00e4sentiert durch die Cuevas dek Drach auf Mallorca, hat die Menschen immer ge\u00e4ngstigt. Sie f\u00fcrchteten, nie mehr herauszukommen. Bei den alten Griechen ruderte F\u00e4hrmann Charon die Seelen \u00fcber den Totenfluss Styx.","breadcrumb":{"@id":"https:\/\/manipogo.de\/?p=36627#breadcrumb"},"inLanguage":"de","potentialAction":[{"@type":"ReadAction","target":["https:\/\/manipogo.de\/?p=36627"]}]},{"@type":"ImageObject","inLanguage":"de","@id":"https:\/\/manipogo.de\/?p=36627#primaryimage","url":"https:\/\/manipogo.de\/wp-content\/uploads\/IMG-20240522-WA0002.jpg","contentUrl":"https:\/\/manipogo.de\/wp-content\/uploads\/IMG-20240522-WA0002.jpg","width":1600,"height":1200},{"@type":"BreadcrumbList","@id":"https:\/\/manipogo.de\/?p=36627#breadcrumb","itemListElement":[{"@type":"ListItem","position":1,"name":"Startseite","item":"https:\/\/manipogo.de\/"},{"@type":"ListItem","position":2,"name":"Die Unterwelt und unsere Angst"}]},{"@type":"WebSite","@id":"https:\/\/manipogo.de\/#website","url":"https:\/\/manipogo.de\/","name":"manipogo","description":"Gott und die Welt","potentialAction":[{"@type":"SearchAction","target":{"@type":"EntryPoint","urlTemplate":"https:\/\/manipogo.de\/?s={search_term_string}"},"query-input":{"@type":"PropertyValueSpecification","valueRequired":true,"valueName":"search_term_string"}}],"inLanguage":"de"},{"@type":"Person","@id":"https:\/\/manipogo.de\/#\/schema\/person\/991913de0e39267877f234553fd7f58d","name":"web108","url":"https:\/\/manipogo.de\/?author=1"}]}},"_links":{"self":[{"href":"https:\/\/manipogo.de\/index.php?rest_route=\/wp\/v2\/posts\/36627","targetHints":{"allow":["GET"]}}],"collection":[{"href":"https:\/\/manipogo.de\/index.php?rest_route=\/wp\/v2\/posts"}],"about":[{"href":"https:\/\/manipogo.de\/index.php?rest_route=\/wp\/v2\/types\/post"}],"author":[{"embeddable":true,"href":"https:\/\/manipogo.de\/index.php?rest_route=\/wp\/v2\/users\/1"}],"replies":[{"embeddable":true,"href":"https:\/\/manipogo.de\/index.php?rest_route=%2Fwp%2Fv2%2Fcomments&post=36627"}],"version-history":[{"count":8,"href":"https:\/\/manipogo.de\/index.php?rest_route=\/wp\/v2\/posts\/36627\/revisions"}],"predecessor-version":[{"id":36685,"href":"https:\/\/manipogo.de\/index.php?rest_route=\/wp\/v2\/posts\/36627\/revisions\/36685"}],"wp:attachment":[{"href":"https:\/\/manipogo.de\/index.php?rest_route=%2Fwp%2Fv2%2Fmedia&parent=36627"}],"wp:term":[{"taxonomy":"category","embeddable":true,"href":"https:\/\/manipogo.de\/index.php?rest_route=%2Fwp%2Fv2%2Fcategories&post=36627"},{"taxonomy":"post_tag","embeddable":true,"href":"https:\/\/manipogo.de\/index.php?rest_route=%2Fwp%2Fv2%2Ftags&post=36627"}],"curies":[{"name":"wp","href":"https:\/\/api.w.org\/{rel}","templated":true}]}}