{"id":36718,"date":"2024-05-31T01:38:22","date_gmt":"2024-05-30T23:38:22","guid":{"rendered":"https:\/\/manipogo.de\/?p=36718"},"modified":"2024-05-30T23:40:16","modified_gmt":"2024-05-30T21:40:16","slug":"kathedrale-palma","status":"publish","type":"post","link":"https:\/\/manipogo.de\/?p=36718","title":{"rendered":"N\u00e4chtliche Vision"},"content":{"rendered":"<p>600 Jahre wurde an der Kathedrale Sa Seu von Palma de Mallorca gebaut. Mitte des 13. Jahrhunderts entstand das erste Bauwerk, und wenn man heute in der Nacht vorbeigeht, h\u00e4lt man das riesenhafte Geb\u00e4ude f\u00fcr eine Vision. \u00dcberirdisch kommt sie einem vor. <!--more--><\/p>\n<p>Das erste Bild entstand auf der Dachterrasse unseres Hotels. Links der Hafen. Die Fotos von 2 bis 5 hat Giovanna Braghetti gemacht.<\/p>\n<p><a href=\"https:\/\/manipogo.de\/wp-content\/uploads\/20240527_223720-scaled.jpg\"><img loading=\"lazy\" decoding=\"async\" class=\"aligncenter wp-image-36719\" src=\"https:\/\/manipogo.de\/wp-content\/uploads\/20240527_223720-1024x576.jpg\" alt=\"\" width=\"540\" height=\"304\" srcset=\"https:\/\/manipogo.de\/wp-content\/uploads\/20240527_223720-1024x576.jpg 1024w, https:\/\/manipogo.de\/wp-content\/uploads\/20240527_223720-300x169.jpg 300w, https:\/\/manipogo.de\/wp-content\/uploads\/20240527_223720-768x432.jpg 768w, https:\/\/manipogo.de\/wp-content\/uploads\/20240527_223720-1536x864.jpg 1536w, https:\/\/manipogo.de\/wp-content\/uploads\/20240527_223720-2048x1152.jpg 2048w\" sizes=\"auto, (max-width: 540px) 100vw, 540px\" \/><\/a><\/p>\n<p><a href=\"https:\/\/manipogo.de\/wp-content\/uploads\/IMG-20240529-WA0005.jpg\"><img loading=\"lazy\" decoding=\"async\" class=\"aligncenter wp-image-36720\" src=\"https:\/\/manipogo.de\/wp-content\/uploads\/IMG-20240529-WA0005-1024x768.jpg\" alt=\"\" width=\"540\" height=\"405\" srcset=\"https:\/\/manipogo.de\/wp-content\/uploads\/IMG-20240529-WA0005-1024x768.jpg 1024w, https:\/\/manipogo.de\/wp-content\/uploads\/IMG-20240529-WA0005-300x225.jpg 300w, https:\/\/manipogo.de\/wp-content\/uploads\/IMG-20240529-WA0005-768x576.jpg 768w, https:\/\/manipogo.de\/wp-content\/uploads\/IMG-20240529-WA0005-1536x1152.jpg 1536w, https:\/\/manipogo.de\/wp-content\/uploads\/IMG-20240529-WA0005.jpg 1600w\" sizes=\"auto, (max-width: 540px) 100vw, 540px\" \/><\/a><\/p>\n<p><a href=\"https:\/\/manipogo.de\/wp-content\/uploads\/IMG-20240529-WA0000.jpg\"><img loading=\"lazy\" decoding=\"async\" class=\"aligncenter wp-image-36721\" src=\"https:\/\/manipogo.de\/wp-content\/uploads\/IMG-20240529-WA0000-768x1024.jpg\" alt=\"\" width=\"540\" height=\"720\" srcset=\"https:\/\/manipogo.de\/wp-content\/uploads\/IMG-20240529-WA0000-768x1024.jpg 768w, https:\/\/manipogo.de\/wp-content\/uploads\/IMG-20240529-WA0000-225x300.jpg 225w, https:\/\/manipogo.de\/wp-content\/uploads\/IMG-20240529-WA0000-1152x1536.jpg 1152w, https:\/\/manipogo.de\/wp-content\/uploads\/IMG-20240529-WA0000.jpg 1200w\" sizes=\"auto, (max-width: 540px) 100vw, 540px\" \/><\/a>,<\/p>\n<p><a href=\"https:\/\/manipogo.de\/wp-content\/uploads\/IMG-20240529-WA0003.jpg\"><img loading=\"lazy\" decoding=\"async\" class=\"aligncenter wp-image-36722\" src=\"https:\/\/manipogo.de\/wp-content\/uploads\/IMG-20240529-WA0003-1024x768.jpg\" alt=\"\" width=\"540\" height=\"405\" srcset=\"https:\/\/manipogo.de\/wp-content\/uploads\/IMG-20240529-WA0003-1024x768.jpg 1024w, https:\/\/manipogo.de\/wp-content\/uploads\/IMG-20240529-WA0003-300x225.jpg 300w, https:\/\/manipogo.de\/wp-content\/uploads\/IMG-20240529-WA0003-768x576.jpg 768w, https:\/\/manipogo.de\/wp-content\/uploads\/IMG-20240529-WA0003-1536x1152.jpg 1536w, https:\/\/manipogo.de\/wp-content\/uploads\/IMG-20240529-WA0003.jpg 1600w\" sizes=\"auto, (max-width: 540px) 100vw, 540px\" \/><\/a><\/p>\n<p><a href=\"https:\/\/manipogo.de\/wp-content\/uploads\/IMG-20240529-WA0005-1.jpg\"><img loading=\"lazy\" decoding=\"async\" class=\"aligncenter wp-image-36723\" src=\"https:\/\/manipogo.de\/wp-content\/uploads\/IMG-20240529-WA0005-1-1024x768.jpg\" alt=\"\" width=\"540\" height=\"405\" srcset=\"https:\/\/manipogo.de\/wp-content\/uploads\/IMG-20240529-WA0005-1-1024x768.jpg 1024w, https:\/\/manipogo.de\/wp-content\/uploads\/IMG-20240529-WA0005-1-300x225.jpg 300w, https:\/\/manipogo.de\/wp-content\/uploads\/IMG-20240529-WA0005-1-768x576.jpg 768w, https:\/\/manipogo.de\/wp-content\/uploads\/IMG-20240529-WA0005-1-1536x1152.jpg 1536w, https:\/\/manipogo.de\/wp-content\/uploads\/IMG-20240529-WA0005-1.jpg 1600w\" sizes=\"auto, (max-width: 540px) 100vw, 540px\" \/><\/a><\/p>\n<p>Zum Ende des Marienmonats eine Plastik in der Kathedrale: Maria auf dem Totenbett. Darunter die beiden gro\u00dfen Glasfenster, die geradezu lebensfroh wirken. Seien wir mal etwas lebensfroh!<\/p>\n<p><a href=\"https:\/\/manipogo.de\/wp-content\/uploads\/20240528_170615-scaled.jpg\"><img loading=\"lazy\" decoding=\"async\" class=\"aligncenter wp-image-36724\" src=\"https:\/\/manipogo.de\/wp-content\/uploads\/20240528_170615-576x1024.jpg\" alt=\"\" width=\"540\" height=\"960\" srcset=\"https:\/\/manipogo.de\/wp-content\/uploads\/20240528_170615-576x1024.jpg 576w, https:\/\/manipogo.de\/wp-content\/uploads\/20240528_170615-169x300.jpg 169w, https:\/\/manipogo.de\/wp-content\/uploads\/20240528_170615-768x1365.jpg 768w, https:\/\/manipogo.de\/wp-content\/uploads\/20240528_170615-864x1536.jpg 864w, https:\/\/manipogo.de\/wp-content\/uploads\/20240528_170615-1152x2048.jpg 1152w, https:\/\/manipogo.de\/wp-content\/uploads\/20240528_170615-scaled.jpg 1440w\" sizes=\"auto, (max-width: 540px) 100vw, 540px\" \/><\/a><\/p>\n<p><a href=\"https:\/\/manipogo.de\/wp-content\/uploads\/20240528_170251-scaled.jpg\"><img loading=\"lazy\" decoding=\"async\" class=\"aligncenter wp-image-36725\" src=\"https:\/\/manipogo.de\/wp-content\/uploads\/20240528_170251-1024x576.jpg\" alt=\"\" width=\"540\" height=\"304\" srcset=\"https:\/\/manipogo.de\/wp-content\/uploads\/20240528_170251-1024x576.jpg 1024w, https:\/\/manipogo.de\/wp-content\/uploads\/20240528_170251-300x169.jpg 300w, https:\/\/manipogo.de\/wp-content\/uploads\/20240528_170251-768x432.jpg 768w, https:\/\/manipogo.de\/wp-content\/uploads\/20240528_170251-1536x864.jpg 1536w, https:\/\/manipogo.de\/wp-content\/uploads\/20240528_170251-2048x1152.jpg 2048w\" sizes=\"auto, (max-width: 540px) 100vw, 540px\" \/><\/a><\/p>\n<p><a href=\"https:\/\/manipogo.de\/wp-content\/uploads\/20240528_170430-scaled.jpg\"><img loading=\"lazy\" decoding=\"async\" class=\"aligncenter wp-image-36727\" src=\"https:\/\/manipogo.de\/wp-content\/uploads\/20240528_170430-1024x576.jpg\" alt=\"\" width=\"540\" height=\"304\" srcset=\"https:\/\/manipogo.de\/wp-content\/uploads\/20240528_170430-1024x576.jpg 1024w, https:\/\/manipogo.de\/wp-content\/uploads\/20240528_170430-300x169.jpg 300w, https:\/\/manipogo.de\/wp-content\/uploads\/20240528_170430-768x432.jpg 768w, https:\/\/manipogo.de\/wp-content\/uploads\/20240528_170430-1536x864.jpg 1536w, https:\/\/manipogo.de\/wp-content\/uploads\/20240528_170430-2048x1152.jpg 2048w\" sizes=\"auto, (max-width: 540px) 100vw, 540px\" \/><\/a><\/p>\n<p>&nbsp;<\/p>\n","protected":false},"excerpt":{"rendered":"<p>600 Jahre wurde an der Kathedrale Sa Seu von Palma de Mallorca gebaut. Mitte des 13. Jahrhunderts entstand das erste Bauwerk, und wenn man heute in der Nacht vorbeigeht, h\u00e4lt man das riesenhafte Geb\u00e4ude f\u00fcr eine Vision. \u00dcberirdisch kommt sie einem vor.<\/p>\n","protected":false},"author":1,"featured_media":0,"comment_status":"closed","ping_status":"closed","sticky":false,"template":"","format":"standard","meta":{"footnotes":""},"categories":[1227],"tags":[2629,2628],"class_list":["post-36718","post","type-post","status-publish","format-standard","hentry","category-reisen","tag-kathedrale","tag-palma"],"yoast_head":"<!-- This site is optimized with the Yoast SEO plugin v27.3 - https:\/\/yoast.com\/product\/yoast-seo-wordpress\/ -->\n<title>N\u00e4chtliche Vision - manipogo<\/title>\n<meta name=\"description\" content=\"Die Kathedrale Sa Seu in Palma de Mallorca \u00fcbt ihren Zauber am besten in der Nacht aus. Sie wirkt wie eine n\u00e4chtliche Vision.\" \/>\n<meta name=\"robots\" content=\"index, follow, max-snippet:-1, max-image-preview:large, max-video-preview:-1\" \/>\n<link rel=\"canonical\" href=\"https:\/\/manipogo.de\/?p=36718\" \/>\n<meta property=\"og:locale\" content=\"de_DE\" \/>\n<meta property=\"og:type\" content=\"article\" \/>\n<meta property=\"og:title\" content=\"N\u00e4chtliche Vision - manipogo\" \/>\n<meta property=\"og:description\" content=\"Die Kathedrale Sa Seu in Palma de Mallorca \u00fcbt ihren Zauber am besten in der Nacht aus. Sie wirkt wie eine n\u00e4chtliche Vision.\" \/>\n<meta property=\"og:url\" content=\"https:\/\/manipogo.de\/?p=36718\" \/>\n<meta property=\"og:site_name\" content=\"manipogo\" \/>\n<meta property=\"article:published_time\" content=\"2024-05-30T23:38:22+00:00\" \/>\n<meta property=\"og:image\" content=\"https:\/\/manipogo.de\/wp-content\/uploads\/20240527_223720-1024x576.jpg\" \/>\n<meta name=\"author\" content=\"web108\" \/>\n<meta name=\"twitter:card\" content=\"summary_large_image\" \/>\n<meta name=\"twitter:label1\" content=\"Verfasst von\" \/>\n\t<meta name=\"twitter:data1\" content=\"web108\" \/>\n\t<meta name=\"twitter:label2\" content=\"Gesch\u00e4tzte Lesezeit\" \/>\n\t<meta name=\"twitter:data2\" content=\"3\u00a0Minuten\" \/>\n<script type=\"application\/ld+json\" class=\"yoast-schema-graph\">{\"@context\":\"https:\\\/\\\/schema.org\",\"@graph\":[{\"@type\":\"Article\",\"@id\":\"https:\\\/\\\/manipogo.de\\\/?p=36718#article\",\"isPartOf\":{\"@id\":\"https:\\\/\\\/manipogo.de\\\/?p=36718\"},\"author\":{\"name\":\"web108\",\"@id\":\"https:\\\/\\\/manipogo.de\\\/#\\\/schema\\\/person\\\/991913de0e39267877f234553fd7f58d\"},\"headline\":\"N\u00e4chtliche Vision\",\"datePublished\":\"2024-05-30T23:38:22+00:00\",\"mainEntityOfPage\":{\"@id\":\"https:\\\/\\\/manipogo.de\\\/?p=36718\"},\"wordCount\":95,\"image\":{\"@id\":\"https:\\\/\\\/manipogo.de\\\/?p=36718#primaryimage\"},\"thumbnailUrl\":\"https:\\\/\\\/manipogo.de\\\/wp-content\\\/uploads\\\/20240527_223720-1024x576.jpg\",\"keywords\":[\"Kathedrale\",\"Palma\"],\"articleSection\":[\"Reisen\"],\"inLanguage\":\"de\"},{\"@type\":\"WebPage\",\"@id\":\"https:\\\/\\\/manipogo.de\\\/?p=36718\",\"url\":\"https:\\\/\\\/manipogo.de\\\/?p=36718\",\"name\":\"N\u00e4chtliche Vision - manipogo\",\"isPartOf\":{\"@id\":\"https:\\\/\\\/manipogo.de\\\/#website\"},\"primaryImageOfPage\":{\"@id\":\"https:\\\/\\\/manipogo.de\\\/?p=36718#primaryimage\"},\"image\":{\"@id\":\"https:\\\/\\\/manipogo.de\\\/?p=36718#primaryimage\"},\"thumbnailUrl\":\"https:\\\/\\\/manipogo.de\\\/wp-content\\\/uploads\\\/20240527_223720-1024x576.jpg\",\"datePublished\":\"2024-05-30T23:38:22+00:00\",\"author\":{\"@id\":\"https:\\\/\\\/manipogo.de\\\/#\\\/schema\\\/person\\\/991913de0e39267877f234553fd7f58d\"},\"description\":\"Die Kathedrale Sa Seu in Palma de Mallorca \u00fcbt ihren Zauber am besten in der Nacht aus. Sie wirkt wie eine n\u00e4chtliche Vision.\",\"breadcrumb\":{\"@id\":\"https:\\\/\\\/manipogo.de\\\/?p=36718#breadcrumb\"},\"inLanguage\":\"de\",\"potentialAction\":[{\"@type\":\"ReadAction\",\"target\":[\"https:\\\/\\\/manipogo.de\\\/?p=36718\"]}]},{\"@type\":\"ImageObject\",\"inLanguage\":\"de\",\"@id\":\"https:\\\/\\\/manipogo.de\\\/?p=36718#primaryimage\",\"url\":\"https:\\\/\\\/manipogo.de\\\/wp-content\\\/uploads\\\/20240527_223720-scaled.jpg\",\"contentUrl\":\"https:\\\/\\\/manipogo.de\\\/wp-content\\\/uploads\\\/20240527_223720-scaled.jpg\",\"width\":2560,\"height\":1440},{\"@type\":\"BreadcrumbList\",\"@id\":\"https:\\\/\\\/manipogo.de\\\/?p=36718#breadcrumb\",\"itemListElement\":[{\"@type\":\"ListItem\",\"position\":1,\"name\":\"Startseite\",\"item\":\"https:\\\/\\\/manipogo.de\\\/\"},{\"@type\":\"ListItem\",\"position\":2,\"name\":\"N\u00e4chtliche Vision\"}]},{\"@type\":\"WebSite\",\"@id\":\"https:\\\/\\\/manipogo.de\\\/#website\",\"url\":\"https:\\\/\\\/manipogo.de\\\/\",\"name\":\"manipogo\",\"description\":\"Gott und die Welt\",\"potentialAction\":[{\"@type\":\"SearchAction\",\"target\":{\"@type\":\"EntryPoint\",\"urlTemplate\":\"https:\\\/\\\/manipogo.de\\\/?s={search_term_string}\"},\"query-input\":{\"@type\":\"PropertyValueSpecification\",\"valueRequired\":true,\"valueName\":\"search_term_string\"}}],\"inLanguage\":\"de\"},{\"@type\":\"Person\",\"@id\":\"https:\\\/\\\/manipogo.de\\\/#\\\/schema\\\/person\\\/991913de0e39267877f234553fd7f58d\",\"name\":\"web108\",\"url\":\"https:\\\/\\\/manipogo.de\\\/?author=1\"}]}<\/script>\n<!-- \/ Yoast SEO plugin. -->","yoast_head_json":{"title":"N\u00e4chtliche Vision - manipogo","description":"Die Kathedrale Sa Seu in Palma de Mallorca \u00fcbt ihren Zauber am besten in der Nacht aus. Sie wirkt wie eine n\u00e4chtliche Vision.","robots":{"index":"index","follow":"follow","max-snippet":"max-snippet:-1","max-image-preview":"max-image-preview:large","max-video-preview":"max-video-preview:-1"},"canonical":"https:\/\/manipogo.de\/?p=36718","og_locale":"de_DE","og_type":"article","og_title":"N\u00e4chtliche Vision - manipogo","og_description":"Die Kathedrale Sa Seu in Palma de Mallorca \u00fcbt ihren Zauber am besten in der Nacht aus. Sie wirkt wie eine n\u00e4chtliche Vision.","og_url":"https:\/\/manipogo.de\/?p=36718","og_site_name":"manipogo","article_published_time":"2024-05-30T23:38:22+00:00","og_image":[{"url":"https:\/\/manipogo.de\/wp-content\/uploads\/20240527_223720-1024x576.jpg","type":"","width":"","height":""}],"author":"web108","twitter_card":"summary_large_image","twitter_misc":{"Verfasst von":"web108","Gesch\u00e4tzte Lesezeit":"3\u00a0Minuten"},"schema":{"@context":"https:\/\/schema.org","@graph":[{"@type":"Article","@id":"https:\/\/manipogo.de\/?p=36718#article","isPartOf":{"@id":"https:\/\/manipogo.de\/?p=36718"},"author":{"name":"web108","@id":"https:\/\/manipogo.de\/#\/schema\/person\/991913de0e39267877f234553fd7f58d"},"headline":"N\u00e4chtliche Vision","datePublished":"2024-05-30T23:38:22+00:00","mainEntityOfPage":{"@id":"https:\/\/manipogo.de\/?p=36718"},"wordCount":95,"image":{"@id":"https:\/\/manipogo.de\/?p=36718#primaryimage"},"thumbnailUrl":"https:\/\/manipogo.de\/wp-content\/uploads\/20240527_223720-1024x576.jpg","keywords":["Kathedrale","Palma"],"articleSection":["Reisen"],"inLanguage":"de"},{"@type":"WebPage","@id":"https:\/\/manipogo.de\/?p=36718","url":"https:\/\/manipogo.de\/?p=36718","name":"N\u00e4chtliche Vision - manipogo","isPartOf":{"@id":"https:\/\/manipogo.de\/#website"},"primaryImageOfPage":{"@id":"https:\/\/manipogo.de\/?p=36718#primaryimage"},"image":{"@id":"https:\/\/manipogo.de\/?p=36718#primaryimage"},"thumbnailUrl":"https:\/\/manipogo.de\/wp-content\/uploads\/20240527_223720-1024x576.jpg","datePublished":"2024-05-30T23:38:22+00:00","author":{"@id":"https:\/\/manipogo.de\/#\/schema\/person\/991913de0e39267877f234553fd7f58d"},"description":"Die Kathedrale Sa Seu in Palma de Mallorca \u00fcbt ihren Zauber am besten in der Nacht aus. Sie wirkt wie eine n\u00e4chtliche Vision.","breadcrumb":{"@id":"https:\/\/manipogo.de\/?p=36718#breadcrumb"},"inLanguage":"de","potentialAction":[{"@type":"ReadAction","target":["https:\/\/manipogo.de\/?p=36718"]}]},{"@type":"ImageObject","inLanguage":"de","@id":"https:\/\/manipogo.de\/?p=36718#primaryimage","url":"https:\/\/manipogo.de\/wp-content\/uploads\/20240527_223720-scaled.jpg","contentUrl":"https:\/\/manipogo.de\/wp-content\/uploads\/20240527_223720-scaled.jpg","width":2560,"height":1440},{"@type":"BreadcrumbList","@id":"https:\/\/manipogo.de\/?p=36718#breadcrumb","itemListElement":[{"@type":"ListItem","position":1,"name":"Startseite","item":"https:\/\/manipogo.de\/"},{"@type":"ListItem","position":2,"name":"N\u00e4chtliche Vision"}]},{"@type":"WebSite","@id":"https:\/\/manipogo.de\/#website","url":"https:\/\/manipogo.de\/","name":"manipogo","description":"Gott und die Welt","potentialAction":[{"@type":"SearchAction","target":{"@type":"EntryPoint","urlTemplate":"https:\/\/manipogo.de\/?s={search_term_string}"},"query-input":{"@type":"PropertyValueSpecification","valueRequired":true,"valueName":"search_term_string"}}],"inLanguage":"de"},{"@type":"Person","@id":"https:\/\/manipogo.de\/#\/schema\/person\/991913de0e39267877f234553fd7f58d","name":"web108","url":"https:\/\/manipogo.de\/?author=1"}]}},"_links":{"self":[{"href":"https:\/\/manipogo.de\/index.php?rest_route=\/wp\/v2\/posts\/36718","targetHints":{"allow":["GET"]}}],"collection":[{"href":"https:\/\/manipogo.de\/index.php?rest_route=\/wp\/v2\/posts"}],"about":[{"href":"https:\/\/manipogo.de\/index.php?rest_route=\/wp\/v2\/types\/post"}],"author":[{"embeddable":true,"href":"https:\/\/manipogo.de\/index.php?rest_route=\/wp\/v2\/users\/1"}],"replies":[{"embeddable":true,"href":"https:\/\/manipogo.de\/index.php?rest_route=%2Fwp%2Fv2%2Fcomments&post=36718"}],"version-history":[{"count":4,"href":"https:\/\/manipogo.de\/index.php?rest_route=\/wp\/v2\/posts\/36718\/revisions"}],"predecessor-version":[{"id":36749,"href":"https:\/\/manipogo.de\/index.php?rest_route=\/wp\/v2\/posts\/36718\/revisions\/36749"}],"wp:attachment":[{"href":"https:\/\/manipogo.de\/index.php?rest_route=%2Fwp%2Fv2%2Fmedia&parent=36718"}],"wp:term":[{"taxonomy":"category","embeddable":true,"href":"https:\/\/manipogo.de\/index.php?rest_route=%2Fwp%2Fv2%2Fcategories&post=36718"},{"taxonomy":"post_tag","embeddable":true,"href":"https:\/\/manipogo.de\/index.php?rest_route=%2Fwp%2Fv2%2Ftags&post=36718"}],"curies":[{"name":"wp","href":"https:\/\/api.w.org\/{rel}","templated":true}]}}