{"id":37188,"date":"2024-09-03T02:11:22","date_gmt":"2024-09-03T00:11:22","guid":{"rendered":"https:\/\/manipogo.de\/?p=37188"},"modified":"2024-09-03T00:05:14","modified_gmt":"2024-09-02T22:05:14","slug":"sebald-4","status":"publish","type":"post","link":"https:\/\/manipogo.de\/?p=37188","title":{"rendered":"Ged\u00e4chtnis und Erinnerung (Sebald\/3)"},"content":{"rendered":"<p>Hier f\u00e4ngt das Hauptkapitel an, <em>Ged\u00e4chtnis und Erinnerung<\/em>. Ohne Erinnerung sind wir nichts: Das sagt sich leicht. Sp\u00e4ter dachte ich mir: Solange ich wei\u00df, wer ich bin \u2014 wozu brauche ich Erinnerungen? Das wird sp\u00e4ter nur Ballast sein. Wir sollten wie Buddhisten unser Ich ausl\u00f6schen und nicht an fr\u00fcheren Tagen festkleben. Wir haben Erfahrungen gemacht, die unser Denken gepr\u00e4gt haben. So wie jetzt denken wir. Das soll uns gen\u00fcgen.<br \/>\n<!--more--><\/p>\n<p><strong>Ged\u00e4chtnis und Erinnerung<\/strong><\/p>\n<p>Die Literatur behandelt indessen \u2014 um an Brodsky anzukn\u00fcpfen \u2014h\u00e4ufiger als das Leben nach dem Tod dasjenige davor, das in der R\u00fcckschau \u00e4hnlich diffus und nebelverhangen wirken mag. Man ist von der eigenen Erinnerung oder von Dokumenten abh\u00e4ngig, und beide sind fragw\u00fcrdig. Es scheint nichts Objektives zu geben; alles ist der Interpretation unterworfen, und jede Epoche ver\u00e4ndert die Vergangenheit immerzu, erfindet sie neu.<\/p>\n<p>Sich erinnern hei\u00dft ja wohl, sich vergegenw\u00e4rtigen, was war; es hereinholen in die Gegenwart. Irgendwo hatte ich das sch\u00f6ne Wortspiel gelesen \u00bbHe re-membered it\u00ab. Die \u00bbmembers\u00ab sind in der englischen Sprache ja die Glieder, und wer sich erinnert, setzt ein Puzzle zusammen, einen K\u00f6rper, wie es in der \u00e4gyptischen Mythologie Isis vermochte, deren Gemahl Osiris von seinem Bruder Seth zerst\u00fcckelt wurde. Isis sammelte Osiris\u2018 Glieder und erweckte ihn zum Leben, und gemeinsam zeugten sie noch einen Sohn, Horus, bevor Osiris zum Herrn der Unterwelt wurde.<\/p>\n<p>Austerlitz sammelt Eindr\u00fccke und Informationen wie Puzzle-Steine, um das verlorene Paradies seiner Kindheit wiederzuerlangen, und er durchstreift dabei die St\u00e4dte Antwerpen, London, Paris und Prag, und auf seinen Wegen durchforstet er Flora und Fauna, Gebautes und Untergegangenes. Es sind Friedh\u00f6fe, Bahnh\u00f6fe, Museen, Andenkenl\u00e4den, Festungen und Pal\u00e4ste.<\/p>\n<p><a href=\"https:\/\/manipogo.de\/wp-content\/uploads\/Kr_18.jpg\"><img loading=\"lazy\" decoding=\"async\" class=\"alignright size-medium wp-image-37736\" src=\"https:\/\/manipogo.de\/wp-content\/uploads\/Kr_18-300x197.jpg\" alt=\"\" width=\"300\" height=\"197\" srcset=\"https:\/\/manipogo.de\/wp-content\/uploads\/Kr_18-300x197.jpg 300w, https:\/\/manipogo.de\/wp-content\/uploads\/Kr_18.jpg 540w\" sizes=\"auto, (max-width: 300px) 100vw, 300px\" \/><\/a>Die Museen, die er \u00fcberall aufsucht, wo sie sich ihm anbieten, sind die Ged\u00e4chtnisorte der Menschheit, und Objekte in Vitrinen sollen uns einen Aspekt der Vergangenheit nahebringen. Die Objekte sind, solcherma\u00dfen eingefroren, \u00a0zu Symbolen geworden. In den Museen ist Austerlitz (und auch Sebald in seinen Werken) meist allein wie auch auf den Friedh\u00f6fen, deren Grabsteine nur noch sagen: Diese Menschen haben einmal gelebt.<\/p>\n<p>Grabinschriften sind ebenso Andenken und plastische Erinnerungen wie die Relikte, die nach Drancy und nach Theresienstadt Deportierte zur\u00fcckzulassen gezwungen waren. Wie traurig die wenigen St\u00fccke wirken, die Heschel zur\u00fccklie\u00df! Um sie alle herrscht eine Leere: die fast greifbare Abwesenheit ihrer ehemaligen Besitzer, und Austerlitz fragt sich im \u201eAntikos Bazar\u201c, was sie bedeuteten? Sie haben ihren Sinn eingeb\u00fc\u00dft.<\/p>\n<p>Auch Festungen in ihrer durchplanten Gestalt sind oft ohne Sinn gewesen, da sie nicht angegriffen wurden; die Truppen zogen einfach vorbei und lie\u00dfen den, der drinnen blieb, seiner fruchtlosen Erinnerungsarbeit. Wer da noch lebt, lebt wie auf einer Insel, und Bruno Bettelheim hat einmal den Autismus mit einer \u00bbleeren Festung\u00ab verglichen.<\/p>\n<p>Manche Orte sind untergegangen und unsichtbar konserviert wie Museen \u2014 etwa das walisische Dorf Llanwddyn \u2014, und eine Stadt wie London wuchs auf Gr\u00e4berfeldern, wie alle Weltst\u00e4dte alle paar Jahrhunderte ihre Vergangenheit negieren und sie mit Geb\u00e4uden \u00bb\u00fcberbauen\u00ab.<\/p>\n<p>Genauso liegt etwas in Austerlitz begraben, das er ahnt, aber nicht zu deuten und auch nicht ins Bewusstsein einzulassen vermag. In Marienbad hat er sich mit der Familie einmal aufgehalten. Der Kurort kommt ihm zuweilen fremd, dann wieder vertraut vor, Geheimnisse sind um ihn, aber nichts wird offenbar, keine Erinnerung stellt sich ein, und diese Versteinerung macht seiner Begleiterin Marie de Verneuil Sorge.<\/p>\n<p>Dabei kommt einem der Film \u00bbLetztes Jahr in Marienbad\u00ab von Alain Resnais in den Sinn, in dem ein Mann eine Frau an ihr Versprechen aus dem vergangenen Jahr erinnert, sie werde dann mit ihm fortgehen. Sie jedoch will sich nicht erinnern, er dringt in sie \u2014 und erreicht es tats\u00e4chlich, dass sie nachgibt, indessen ohne rechte \u00dcberzeugung.<\/p>\n<p><a href=\"https:\/\/manipogo.de\/wp-content\/uploads\/Kr_100-1.jpg\"><img loading=\"lazy\" decoding=\"async\" class=\"alignleft size-medium wp-image-37737\" src=\"https:\/\/manipogo.de\/wp-content\/uploads\/Kr_100-1-300x200.jpg\" alt=\"\" width=\"300\" height=\"200\" srcset=\"https:\/\/manipogo.de\/wp-content\/uploads\/Kr_100-1-300x200.jpg 300w, https:\/\/manipogo.de\/wp-content\/uploads\/Kr_100-1.jpg 540w\" sizes=\"auto, (max-width: 300px) 100vw, 300px\" \/><\/a>Austerlitz erlebt Erinnerungen, die \u00bbauftauchen und wieder versinken\u00ab, aber kann man ihnen trauen? Henri Beyle alias Stendhal war verwundert, dass sich ein Erinnerungsbild als \u201eGravure\u201c entpuppte, die er gekauft hatte, und Hemingway meinte, das Lesen k\u00f6nne einen zu dem Gedanken verleiten, an einem Ort bereits gewesen zu sein.<\/p>\n<p>Bei Ohnmachtsanf\u00e4llen erlebte Austerlitz eine zeitweilige \u00bbAusl\u00f6schung s\u00e4mtlicher Ged\u00e4chtnisspuren\u00ab, und in anderen Situationen lie\u00df er eine Nachricht gar nicht an sich heran, als h\u00e4tte eine \u00fcbergeordnete Instanz eingegriffen. Und es gibt \u00bbschmerzhafte blinde Stellen\u00ab, an denen keine der eigentlich zu erwartenden Erinnerungen sind.<\/p>\n<p>Eines Tages ist er gezwungen, das H\u00f4pital Salpetri\u00e8re in Paris aufzusuchen, in dem viele Jahre Pierre Janet wirkte, der vom \u00bbUnterbewusstsein\u00ab sprach und damit Goethe-Freund Carl Gustav Carus folgte, der schon 1846 das \u00bbUn-Bewusstsein\u00ab eingef\u00fchrt hatte. 1889 schrieb Janet, traumatische Erfahrungen k\u00f6nnten das Ged\u00e4chtnis betreffen und zu einer Abspaltung von Erfahrungen f\u00fchren.<\/p>\n<p>1904 ver\u00f6ffentlichte er den einflussreichen Aufsatz \u00bbAmnesie und Dissoziation von Erinnerungen durch Emotionen\u00ab. Die Dissoziation oder Abspaltung, bei der Material zeitweilig nicht mehr zug\u00e4nglich ist, konnte sich jedoch gegen Freuds Begriff der Verdr\u00e4ngung nicht durchsetzen.\u00a0 Bei der Behandlung der post-traumatischen Belastungsst\u00f6rung erinnerte man sich jedoch wieder an Janet.<\/p>\n<p>Schlimme Erinnerungen kann man sich zur\u00fcckholen. Das Korsakow-Syndrom jedoch bedeutet v\u00f6llige Amnesie, und der Regisseur Luis Bu\u00f1uel sagte einmal: \u00bbOhne Ged\u00e4chtnis sind wir nichts.\u00ab Menschen wie Jimmie G. und William Thompson, die der Neurologe Oliver Sacks in einem Buch vorstellte, sind nur noch Phantome, die nichts mehr empfinden. Was sie erleben, ist gleich wieder vergessen; ihr Leben ist vor 30 Jahren stehengeblieben.<\/p>\n<p><a href=\"https:\/\/manipogo.de\/wp-content\/uploads\/Kr_45-1.jpg\"><img loading=\"lazy\" decoding=\"async\" class=\"alignright size-medium wp-image-37738\" src=\"https:\/\/manipogo.de\/wp-content\/uploads\/Kr_45-1-300x200.jpg\" alt=\"\" width=\"300\" height=\"200\" srcset=\"https:\/\/manipogo.de\/wp-content\/uploads\/Kr_45-1-300x200.jpg 300w, https:\/\/manipogo.de\/wp-content\/uploads\/Kr_45-1.jpg 540w\" sizes=\"auto, (max-width: 300px) 100vw, 300px\" \/><\/a>Dann wieder taucht Austerlitz in Labyrinthe ein und durchforstet Geb\u00e4ude. Die Villen und Pal\u00e4ste mit ihrem verwirrenden Aufriss, mit im Nirgendwo endenden Treppen, geheimen L\u00e4den und verschlossenen R\u00e4umen erinnern an das Seelenleben, an das verborgene Reich des Unbewussten. Wer hat nicht schon von Wohnungen getr\u00e4umt, in denen ein Zimmer nicht aufzuschlie\u00dfen war!<\/p>\n<p>Sollte es sich auftun, gliche das wom\u00f6glich einer pl\u00f6tzlich offenen B\u00fcchse der Pandora; ein Satz, ein Geruch, eine Impression k\u00f6nnte sie begleitende Erinnerungen zu Tage f\u00f6rdern. So erging es auch Austerlitz, als er im Antiquariat von Penelope Peacefull im Radio von den Kindertransporten h\u00f6rte und sogleich wusste, \u00bbdass diese Erinnerungsspuren auch in mein eigenes Leben geh\u00f6rten\u00ab.<\/p>\n<p>Bisweilen sprudeln sie und \u00fcberschwemmen den Menschen, so in Sebalds Erz\u00e4hlung \u00bbAll\u2019estero\u00ab. In einen Raum au\u00dferhalb fluten sie und flie\u00dfen in ihn hinein \u00bbwie Wasser auf einem Wehr\u00ab. Das bringt Gefahren mit sich. Es gibt ja die Ansicht, das Gehirn wirke wie ein Filter, um uns vor zu vielen Eindr\u00fccken zu sch\u00fctzen.<\/p>\n<p><em>Morgen folgt Teil 4.<\/em><\/p>\n<p>\u2205<\/p>\n<p><em>Mit einem alten Freund \u00fcber die Wahlen in Th\u00fcringen und Sachsen gesprochen. Er h\u00f6rt viel Radio, weil er blind ist und erz\u00e4hlte, wie stundenlang Leute erz\u00e4hlen durften, warum sie AfD w\u00e4hlen werden und gew\u00e4hlt haben. So war das auch vor den Wahlen. Die Medien haben ihre Furcht vor dieser \u00bbrechtsextremen Partei\u00ab (warum durfte sie \u00fcberhaupt an der Wahl teilnehmen, wenn sie so extrem ist?) zelebriert und sie damit auch hochgebracht; es war zum Teil eine \u00bbself-fulfilling prophecy\u00ab. \u2014 Sie haben auch damals andauernd \u00fcber Corona geschrieben und die Krankheit uns so richtig eingebrannt, und so blieb sie auch. \u00c4hnlich ist das mit den Attentaten. Da fuhren Menschen mit Auto in die Fu\u00dfg\u00e4ngerzone und fuhren Menschen tot. Ausf\u00fchrlich wurde dar\u00fcber berichtet. Das wiederholte sich gleich, irgendein Idiot ahmt das nach. Man schrieb von Messerattacken; und sie wiederholten sich. Die Medien sind eine Pest, sie verseuchen unsere Gehirne.<\/em><\/p>\n<p>\u00dcbrigens: NEU findet ihr Fotos mit witzigen Kommentaren auf meiner <a href=\"https:\/\/www.instagram.com\/poser261\/\">Instagram-Seite<\/a>.<\/p>\n<p>&nbsp;<\/p>\n","protected":false},"excerpt":{"rendered":"<p>Hier f\u00e4ngt das Hauptkapitel an, Ged\u00e4chtnis und Erinnerung. Ohne Erinnerung sind wir nichts: Das sagt sich leicht. Sp\u00e4ter dachte ich mir: Solange ich wei\u00df, wer ich bin \u2014 wozu brauche ich Erinnerungen? Das wird sp\u00e4ter nur Ballast sein. Wir sollten wie Buddhisten unser Ich ausl\u00f6schen und nicht an fr\u00fcheren Tagen festkleben. Wir haben Erfahrungen gemacht, [&hellip;]<\/p>\n","protected":false},"author":1,"featured_media":0,"comment_status":"closed","ping_status":"closed","sticky":false,"template":"","format":"standard","meta":{"footnotes":""},"categories":[1224],"tags":[172,222],"class_list":["post-37188","post","type-post","status-publish","format-standard","hentry","category-literatur","tag-erinnerung","tag-sebald"],"yoast_head":"<!-- This site is optimized with the Yoast SEO plugin v27.3 - https:\/\/yoast.com\/product\/yoast-seo-wordpress\/ -->\n<title>Ged\u00e4chtnis und Erinnerung (Sebald\/3) - manipogo<\/title>\n<meta name=\"description\" content=\"Teil 3 meines Beitrags \u00fcber Sebald.\" \/>\n<meta name=\"robots\" content=\"index, follow, max-snippet:-1, max-image-preview:large, max-video-preview:-1\" \/>\n<link rel=\"canonical\" href=\"https:\/\/manipogo.de\/?p=37188\" \/>\n<meta property=\"og:locale\" content=\"de_DE\" \/>\n<meta property=\"og:type\" content=\"article\" \/>\n<meta property=\"og:title\" content=\"Ged\u00e4chtnis und Erinnerung (Sebald\/3) - manipogo\" \/>\n<meta property=\"og:description\" content=\"Teil 3 meines Beitrags \u00fcber Sebald.\" \/>\n<meta property=\"og:url\" content=\"https:\/\/manipogo.de\/?p=37188\" \/>\n<meta property=\"og:site_name\" content=\"manipogo\" \/>\n<meta property=\"article:published_time\" content=\"2024-09-03T00:11:22+00:00\" \/>\n<meta property=\"og:image\" content=\"https:\/\/manipogo.de\/wp-content\/uploads\/Kr_18-300x197.jpg\" \/>\n<meta name=\"author\" content=\"web108\" \/>\n<meta name=\"twitter:card\" content=\"summary_large_image\" \/>\n<meta name=\"twitter:label1\" content=\"Verfasst von\" \/>\n\t<meta name=\"twitter:data1\" content=\"web108\" \/>\n\t<meta name=\"twitter:label2\" content=\"Gesch\u00e4tzte Lesezeit\" \/>\n\t<meta name=\"twitter:data2\" content=\"8\u00a0Minuten\" \/>\n<script type=\"application\/ld+json\" class=\"yoast-schema-graph\">{\"@context\":\"https:\\\/\\\/schema.org\",\"@graph\":[{\"@type\":\"Article\",\"@id\":\"https:\\\/\\\/manipogo.de\\\/?p=37188#article\",\"isPartOf\":{\"@id\":\"https:\\\/\\\/manipogo.de\\\/?p=37188\"},\"author\":{\"name\":\"web108\",\"@id\":\"https:\\\/\\\/manipogo.de\\\/#\\\/schema\\\/person\\\/991913de0e39267877f234553fd7f58d\"},\"headline\":\"Ged\u00e4chtnis und Erinnerung (Sebald\\\/3)\",\"datePublished\":\"2024-09-03T00:11:22+00:00\",\"mainEntityOfPage\":{\"@id\":\"https:\\\/\\\/manipogo.de\\\/?p=37188\"},\"wordCount\":1251,\"image\":{\"@id\":\"https:\\\/\\\/manipogo.de\\\/?p=37188#primaryimage\"},\"thumbnailUrl\":\"https:\\\/\\\/manipogo.de\\\/wp-content\\\/uploads\\\/Kr_18-300x197.jpg\",\"keywords\":[\"Erinnerung\",\"Sebald\"],\"articleSection\":[\"Literatur\"],\"inLanguage\":\"de\"},{\"@type\":\"WebPage\",\"@id\":\"https:\\\/\\\/manipogo.de\\\/?p=37188\",\"url\":\"https:\\\/\\\/manipogo.de\\\/?p=37188\",\"name\":\"Ged\u00e4chtnis und Erinnerung (Sebald\\\/3) - manipogo\",\"isPartOf\":{\"@id\":\"https:\\\/\\\/manipogo.de\\\/#website\"},\"primaryImageOfPage\":{\"@id\":\"https:\\\/\\\/manipogo.de\\\/?p=37188#primaryimage\"},\"image\":{\"@id\":\"https:\\\/\\\/manipogo.de\\\/?p=37188#primaryimage\"},\"thumbnailUrl\":\"https:\\\/\\\/manipogo.de\\\/wp-content\\\/uploads\\\/Kr_18-300x197.jpg\",\"datePublished\":\"2024-09-03T00:11:22+00:00\",\"author\":{\"@id\":\"https:\\\/\\\/manipogo.de\\\/#\\\/schema\\\/person\\\/991913de0e39267877f234553fd7f58d\"},\"description\":\"Teil 3 meines Beitrags \u00fcber Sebald.\",\"breadcrumb\":{\"@id\":\"https:\\\/\\\/manipogo.de\\\/?p=37188#breadcrumb\"},\"inLanguage\":\"de\",\"potentialAction\":[{\"@type\":\"ReadAction\",\"target\":[\"https:\\\/\\\/manipogo.de\\\/?p=37188\"]}]},{\"@type\":\"ImageObject\",\"inLanguage\":\"de\",\"@id\":\"https:\\\/\\\/manipogo.de\\\/?p=37188#primaryimage\",\"url\":\"https:\\\/\\\/manipogo.de\\\/wp-content\\\/uploads\\\/Kr_18.jpg\",\"contentUrl\":\"https:\\\/\\\/manipogo.de\\\/wp-content\\\/uploads\\\/Kr_18.jpg\",\"width\":540,\"height\":355},{\"@type\":\"BreadcrumbList\",\"@id\":\"https:\\\/\\\/manipogo.de\\\/?p=37188#breadcrumb\",\"itemListElement\":[{\"@type\":\"ListItem\",\"position\":1,\"name\":\"Startseite\",\"item\":\"https:\\\/\\\/manipogo.de\\\/\"},{\"@type\":\"ListItem\",\"position\":2,\"name\":\"Ged\u00e4chtnis und Erinnerung (Sebald\\\/3)\"}]},{\"@type\":\"WebSite\",\"@id\":\"https:\\\/\\\/manipogo.de\\\/#website\",\"url\":\"https:\\\/\\\/manipogo.de\\\/\",\"name\":\"manipogo\",\"description\":\"Gott und die Welt\",\"potentialAction\":[{\"@type\":\"SearchAction\",\"target\":{\"@type\":\"EntryPoint\",\"urlTemplate\":\"https:\\\/\\\/manipogo.de\\\/?s={search_term_string}\"},\"query-input\":{\"@type\":\"PropertyValueSpecification\",\"valueRequired\":true,\"valueName\":\"search_term_string\"}}],\"inLanguage\":\"de\"},{\"@type\":\"Person\",\"@id\":\"https:\\\/\\\/manipogo.de\\\/#\\\/schema\\\/person\\\/991913de0e39267877f234553fd7f58d\",\"name\":\"web108\",\"url\":\"https:\\\/\\\/manipogo.de\\\/?author=1\"}]}<\/script>\n<!-- \/ Yoast SEO plugin. -->","yoast_head_json":{"title":"Ged\u00e4chtnis und Erinnerung (Sebald\/3) - manipogo","description":"Teil 3 meines Beitrags \u00fcber Sebald.","robots":{"index":"index","follow":"follow","max-snippet":"max-snippet:-1","max-image-preview":"max-image-preview:large","max-video-preview":"max-video-preview:-1"},"canonical":"https:\/\/manipogo.de\/?p=37188","og_locale":"de_DE","og_type":"article","og_title":"Ged\u00e4chtnis und Erinnerung (Sebald\/3) - manipogo","og_description":"Teil 3 meines Beitrags \u00fcber Sebald.","og_url":"https:\/\/manipogo.de\/?p=37188","og_site_name":"manipogo","article_published_time":"2024-09-03T00:11:22+00:00","og_image":[{"url":"https:\/\/manipogo.de\/wp-content\/uploads\/Kr_18-300x197.jpg","type":"","width":"","height":""}],"author":"web108","twitter_card":"summary_large_image","twitter_misc":{"Verfasst von":"web108","Gesch\u00e4tzte Lesezeit":"8\u00a0Minuten"},"schema":{"@context":"https:\/\/schema.org","@graph":[{"@type":"Article","@id":"https:\/\/manipogo.de\/?p=37188#article","isPartOf":{"@id":"https:\/\/manipogo.de\/?p=37188"},"author":{"name":"web108","@id":"https:\/\/manipogo.de\/#\/schema\/person\/991913de0e39267877f234553fd7f58d"},"headline":"Ged\u00e4chtnis und Erinnerung (Sebald\/3)","datePublished":"2024-09-03T00:11:22+00:00","mainEntityOfPage":{"@id":"https:\/\/manipogo.de\/?p=37188"},"wordCount":1251,"image":{"@id":"https:\/\/manipogo.de\/?p=37188#primaryimage"},"thumbnailUrl":"https:\/\/manipogo.de\/wp-content\/uploads\/Kr_18-300x197.jpg","keywords":["Erinnerung","Sebald"],"articleSection":["Literatur"],"inLanguage":"de"},{"@type":"WebPage","@id":"https:\/\/manipogo.de\/?p=37188","url":"https:\/\/manipogo.de\/?p=37188","name":"Ged\u00e4chtnis und Erinnerung (Sebald\/3) - manipogo","isPartOf":{"@id":"https:\/\/manipogo.de\/#website"},"primaryImageOfPage":{"@id":"https:\/\/manipogo.de\/?p=37188#primaryimage"},"image":{"@id":"https:\/\/manipogo.de\/?p=37188#primaryimage"},"thumbnailUrl":"https:\/\/manipogo.de\/wp-content\/uploads\/Kr_18-300x197.jpg","datePublished":"2024-09-03T00:11:22+00:00","author":{"@id":"https:\/\/manipogo.de\/#\/schema\/person\/991913de0e39267877f234553fd7f58d"},"description":"Teil 3 meines Beitrags \u00fcber Sebald.","breadcrumb":{"@id":"https:\/\/manipogo.de\/?p=37188#breadcrumb"},"inLanguage":"de","potentialAction":[{"@type":"ReadAction","target":["https:\/\/manipogo.de\/?p=37188"]}]},{"@type":"ImageObject","inLanguage":"de","@id":"https:\/\/manipogo.de\/?p=37188#primaryimage","url":"https:\/\/manipogo.de\/wp-content\/uploads\/Kr_18.jpg","contentUrl":"https:\/\/manipogo.de\/wp-content\/uploads\/Kr_18.jpg","width":540,"height":355},{"@type":"BreadcrumbList","@id":"https:\/\/manipogo.de\/?p=37188#breadcrumb","itemListElement":[{"@type":"ListItem","position":1,"name":"Startseite","item":"https:\/\/manipogo.de\/"},{"@type":"ListItem","position":2,"name":"Ged\u00e4chtnis und Erinnerung (Sebald\/3)"}]},{"@type":"WebSite","@id":"https:\/\/manipogo.de\/#website","url":"https:\/\/manipogo.de\/","name":"manipogo","description":"Gott und die Welt","potentialAction":[{"@type":"SearchAction","target":{"@type":"EntryPoint","urlTemplate":"https:\/\/manipogo.de\/?s={search_term_string}"},"query-input":{"@type":"PropertyValueSpecification","valueRequired":true,"valueName":"search_term_string"}}],"inLanguage":"de"},{"@type":"Person","@id":"https:\/\/manipogo.de\/#\/schema\/person\/991913de0e39267877f234553fd7f58d","name":"web108","url":"https:\/\/manipogo.de\/?author=1"}]}},"_links":{"self":[{"href":"https:\/\/manipogo.de\/index.php?rest_route=\/wp\/v2\/posts\/37188","targetHints":{"allow":["GET"]}}],"collection":[{"href":"https:\/\/manipogo.de\/index.php?rest_route=\/wp\/v2\/posts"}],"about":[{"href":"https:\/\/manipogo.de\/index.php?rest_route=\/wp\/v2\/types\/post"}],"author":[{"embeddable":true,"href":"https:\/\/manipogo.de\/index.php?rest_route=\/wp\/v2\/users\/1"}],"replies":[{"embeddable":true,"href":"https:\/\/manipogo.de\/index.php?rest_route=%2Fwp%2Fv2%2Fcomments&post=37188"}],"version-history":[{"count":8,"href":"https:\/\/manipogo.de\/index.php?rest_route=\/wp\/v2\/posts\/37188\/revisions"}],"predecessor-version":[{"id":37750,"href":"https:\/\/manipogo.de\/index.php?rest_route=\/wp\/v2\/posts\/37188\/revisions\/37750"}],"wp:attachment":[{"href":"https:\/\/manipogo.de\/index.php?rest_route=%2Fwp%2Fv2%2Fmedia&parent=37188"}],"wp:term":[{"taxonomy":"category","embeddable":true,"href":"https:\/\/manipogo.de\/index.php?rest_route=%2Fwp%2Fv2%2Fcategories&post=37188"},{"taxonomy":"post_tag","embeddable":true,"href":"https:\/\/manipogo.de\/index.php?rest_route=%2Fwp%2Fv2%2Ftags&post=37188"}],"curies":[{"name":"wp","href":"https:\/\/api.w.org\/{rel}","templated":true}]}}